{"id":69501,"date":"2017-05-23T11:22:09","date_gmt":"2017-05-23T09:22:09","guid":{"rendered":"https:\/\/gastronomicament.cat\/els-pagesos-ecologics-indignats-per-les-declaracions-de-la-directora-general-de-salut"},"modified":"2017-05-23T11:22:09","modified_gmt":"2017-05-23T09:22:09","slug":"els-pagesos-ecologics-indignats-per-les-declaracions-de-la-directora-general-de-salut","status":"publish","type":"post","link":"https:\/\/gastronomicament.cat\/es\/els-pagesos-ecologics-indignats-per-les-declaracions-de-la-directora-general-de-salut","title":{"rendered":"Els pagesos ecol\u00f2gics indignats per les declaracions de la directora general de Salut"},"content":{"rendered":"<blockquote><p><em>Maria Ramos va expressar al programa 2Voltes d&#8217;IB3 que \u00abdavall el &#8216;t\u00edtol&#8217; d&#8217;ecol\u00f2gic hi ha molts d&#8217;aliments que no ho s\u00f3n\u00bb.<\/em><\/p><\/blockquote>\n<p>La Xarxa de Pagesos Ecol\u00f2gics de Balears ha fet un manifest per expressar el malestar per les declaracions que va fer la directora general de Salut balear sobre els productes ecol\u00f2gics.<\/p>\n<p>La intervenci\u00f3 de Maria J. Ramos Montserrat va tenir lloc dimarts dia 16 de maig, concretament al programa 2 Voltes, que va centrar un dels continguts en l&#8217;alimentaci\u00f3. La directora general de Salut va afirmar que \u00a0\u00e9s una hip\u00f2tesi que els aliments ecol\u00f2gics no tenguin pesticides, com tamb\u00e9 va dir que \u00abdavall el t\u00edtol d&#8217;ecol\u00f2gic hi ha molts aliments que no ho s\u00f3n [&#8230;] encara que no s&#8217;esquitxi la planta, la terra t\u00e9 pesticides i la planta les pot agafar\u00bb.<\/p>\n<p>Arran d&#8217;aquestes declaracions, la Xarxa de Pagesos Ecol\u00f2gics de Balears ha fet un manifet en qu\u00e8 reclama una rectificaci\u00f3 immeditata ja que diuen \u00abposen en dubte el rigor que envolta la producci\u00f3 agr\u00e0ria ecol\u00f2gica, el control i certificaci\u00f3 que realitza el Consell Balear de la Producci\u00f3 Agr\u00e0ria Ecol\u00f2gica (CBPAE), i de retruc la feina de prop de 800 productors i elaboradors inscrits en aquest segell de qualitat arreu de les Illes Balears\u00bb.<\/p>\n<p>Joan Simonet, gerent d&#8217;Asaja, tamb\u00e9 manifest\u00e0 al programa que \u00abpens que no \u00e9s vera que els products ecol\u00f2gics siguin m\u00e9s sans que els altres [&#8230;] si com a m\u00e0rketing, els pagesos que fan agricultura ecol\u00f2gica poden vendre m\u00e9s car, per a nosaltres encantats\u00bb i continu\u00e0 dient que \u00abno podem assegurar que siguin m\u00e9s sans o menys sans, no hi ha cap evid\u00e8ncia cient\u00edfica que ho demostri\u00bb.<\/p>\n<p><strong>\u00abAbs\u00e8ncia absoluta de residus de plaguicides\u00bb<\/strong><\/p>\n<p>Els pagesos ecol\u00f2gics destaquen \u00abels aliments ecol\u00f2gics, per definici\u00f3, i al contrari dels aliments convencionals, s\u00f3n els \u00fanics aliments que asseguren una abs\u00e8ncia absoluta de residus de plaguicides, un fet certificat per part d&#8217;una entitat independent. S\u00f3n aliments m\u00e9s respectuosos amb el medi ambient i la salut de les persones perqu\u00e8 durant la seva producci\u00f3 s&#8217;utilitzen fitosanitaris i fertilitzants d&#8217;origen natural. No s&#8217;empren en cap cas herbicides i, un dels seus objectius principals \u00e9s la millora de la fertilitat de la terra. El per\u00edode de reconversi\u00f3 pel que passa tota finca per arribar a tenir la certificaci\u00f3 ecol\u00f2gica \u00e9s de dos anys i, d&#8217;aquesta manera, es garanteix la no pres\u00e8ncia de qualsevol producte biocida que pugui ser-hi encara present. Lluny de ser productes exclusius, els ecol\u00f2gics s&#8217;estan convertint en uns aliments de consum general, habituals a moltes llars, i d&#8217;oferta diversificada\u00bb.<\/p>\n<p>Podeu veure les declaracions en aquest enlla\u00e7 (minut 30:37):\u00a0<a href=\"http:\/\/ib3tv.com\/carta?id=e2c8e196-049a-4e2f-9f13-891f905721f2\">http:\/\/ib3tv.com\/carta?id=e2c8e196-049a-4e2f-9f13-891f905721f2<\/a><\/p>\n","protected":false},"excerpt":{"rendered":"<p>Maria Ramos va expressar al programa 2Voltes d&#8217;IB3 que \u00abdavall el &#8216;t\u00edtol&#8217; d&#8217;ecol\u00f2gic hi ha molts&hellip;<\/p>\n","protected":false},"author":1,"featured_media":39956,"comment_status":"open","ping_status":"closed","sticky":false,"template":"","format":"standard","meta":{"_acf_changed":false,"_swt_meta_header_display":false,"_swt_meta_footer_display":false,"_swt_meta_site_title_display":false,"_swt_meta_sticky_header":false,"_swt_meta_transparent_header":false,"footnotes":""},"categories":[1003],"tags":[],"coauthors":[],"class_list":["post-69501","post","type-post","status-publish","format-standard","has-post-thumbnail","hentry","category-actualitat-es"],"acf":{"gallery":null,"home_date":{"home_begin_date":null,"home_end_date":null}},"yoast_head":"<!-- This site is optimized with the Yoast SEO plugin v27.4 - https:\/\/yoast.com\/product\/yoast-seo-wordpress\/ -->\n<title>Els pagesos ecol\u00f2gics indignats per les declaracions de la directora general de Salut - Gastron\u00f2micament<\/title>\n<meta name=\"description\" content=\"Els pagesos ecol\u00f2gics indignats per les declaracions de la directora general de Salut Actualitat Maria Ramos va expressar al programa 2Voltes d&#039;IB3 que &quot;davall el &#039;t\u00edtol&#039; d&#039;ecol\u00f2gic hi ha molts d&#039;aliments que no ho s\u00f3n&quot;.\" \/>\n<meta name=\"robots\" content=\"index, follow, max-snippet:-1, max-image-preview:large, max-video-preview:-1\" \/>\n<link rel=\"canonical\" href=\"https:\/\/gastronomicament.cat\/es\/els-pagesos-ecologics-indignats-per-les-declaracions-de-la-directora-general-de-salut\" \/>\n<meta property=\"og:locale\" content=\"es_ES\" \/>\n<meta property=\"og:type\" content=\"article\" \/>\n<meta property=\"og:title\" content=\"Els pagesos ecol\u00f2gics indignats per les declaracions de la directora general de Salut - Gastron\u00f2micament\" \/>\n<meta property=\"og:description\" content=\"Els pagesos ecol\u00f2gics indignats per les declaracions de la directora general de Salut Actualitat Maria Ramos va expressar al programa 2Voltes d&#039;IB3 que &quot;davall el &#039;t\u00edtol&#039; d&#039;ecol\u00f2gic hi ha molts d&#039;aliments que no ho s\u00f3n&quot;.\" \/>\n<meta property=\"og:url\" content=\"https:\/\/gastronomicament.cat\/es\/els-pagesos-ecologics-indignats-per-les-declaracions-de-la-directora-general-de-salut\" \/>\n<meta property=\"og:site_name\" content=\"Gastron\u00f2micament\" \/>\n<meta property=\"article:published_time\" content=\"2017-05-23T09:22:09+00:00\" \/>\n<meta property=\"og:image\" content=\"https:\/\/gastronomicament.cat\/wp-content\/uploads\/2017\/05\/Maria-Ramos-IB3-2-Voltes-declaracions-productes-ecologics.jpg\" \/>\n\t<meta property=\"og:image:width\" content=\"1024\" \/>\n\t<meta property=\"og:image:height\" content=\"586\" \/>\n\t<meta property=\"og:image:type\" content=\"image\/jpeg\" \/>\n<meta name=\"author\" content=\"Redacci\u00f3\" \/>\n<meta name=\"twitter:card\" content=\"summary_large_image\" \/>\n<meta name=\"twitter:creator\" content=\"@gastronomicamen\" \/>\n<meta name=\"twitter:site\" content=\"@gastronomicamen\" \/>\n<meta name=\"twitter:label1\" content=\"Escrito por\" \/>\n\t<meta name=\"twitter:data1\" content=\"Redacci\u00f3\" \/>\n\t<meta name=\"twitter:label2\" content=\"Tiempo de lectura\" \/>\n\t<meta name=\"twitter:data2\" content=\"2 minutos\" \/>\n\t<meta name=\"twitter:label3\" content=\"Written by\" \/>\n\t<meta name=\"twitter:data3\" content=\"Redacci\u00f3\" \/>\n<script type=\"application\/ld+json\" class=\"yoast-schema-graph\">{\"@context\":\"https:\\\/\\\/schema.org\",\"@graph\":[{\"@type\":\"Article\",\"@id\":\"https:\\\/\\\/gastronomicament.cat\\\/es\\\/els-pagesos-ecologics-indignats-per-les-declaracions-de-la-directora-general-de-salut#article\",\"isPartOf\":{\"@id\":\"https:\\\/\\\/gastronomicament.cat\\\/es\\\/els-pagesos-ecologics-indignats-per-les-declaracions-de-la-directora-general-de-salut\"},\"author\":{\"name\":\"Redacci\u00f3\",\"@id\":\"https:\\\/\\\/gastronomicament.cat\\\/es\\\/#\\\/schema\\\/person\\\/a7c85c537a1ed62799a5b8e0f686a37f\"},\"headline\":\"Els pagesos ecol\u00f2gics indignats per les declaracions de la directora general de Salut\",\"datePublished\":\"2017-05-23T09:22:09+00:00\",\"mainEntityOfPage\":{\"@id\":\"https:\\\/\\\/gastronomicament.cat\\\/es\\\/els-pagesos-ecologics-indignats-per-les-declaracions-de-la-directora-general-de-salut\"},\"wordCount\":485,\"commentCount\":0,\"publisher\":{\"@id\":\"https:\\\/\\\/gastronomicament.cat\\\/es\\\/#organization\"},\"image\":{\"@id\":\"https:\\\/\\\/gastronomicament.cat\\\/es\\\/els-pagesos-ecologics-indignats-per-les-declaracions-de-la-directora-general-de-salut#primaryimage\"},\"thumbnailUrl\":\"https:\\\/\\\/gastronomicament.cat\\\/wp-content\\\/uploads\\\/2017\\\/05\\\/Maria-Ramos-IB3-2-Voltes-declaracions-productes-ecologics.jpg\",\"articleSection\":[\"Actualitat\"],\"inLanguage\":\"es\",\"potentialAction\":[{\"@type\":\"CommentAction\",\"name\":\"Comment\",\"target\":[\"https:\\\/\\\/gastronomicament.cat\\\/es\\\/els-pagesos-ecologics-indignats-per-les-declaracions-de-la-directora-general-de-salut#respond\"]}]},{\"@type\":\"WebPage\",\"@id\":\"https:\\\/\\\/gastronomicament.cat\\\/es\\\/els-pagesos-ecologics-indignats-per-les-declaracions-de-la-directora-general-de-salut\",\"url\":\"https:\\\/\\\/gastronomicament.cat\\\/es\\\/els-pagesos-ecologics-indignats-per-les-declaracions-de-la-directora-general-de-salut\",\"name\":\"Els pagesos ecol\u00f2gics indignats per les declaracions de la directora general de Salut - Gastron\u00f2micament\",\"isPartOf\":{\"@id\":\"https:\\\/\\\/gastronomicament.cat\\\/es\\\/#website\"},\"primaryImageOfPage\":{\"@id\":\"https:\\\/\\\/gastronomicament.cat\\\/es\\\/els-pagesos-ecologics-indignats-per-les-declaracions-de-la-directora-general-de-salut#primaryimage\"},\"image\":{\"@id\":\"https:\\\/\\\/gastronomicament.cat\\\/es\\\/els-pagesos-ecologics-indignats-per-les-declaracions-de-la-directora-general-de-salut#primaryimage\"},\"thumbnailUrl\":\"https:\\\/\\\/gastronomicament.cat\\\/wp-content\\\/uploads\\\/2017\\\/05\\\/Maria-Ramos-IB3-2-Voltes-declaracions-productes-ecologics.jpg\",\"datePublished\":\"2017-05-23T09:22:09+00:00\",\"description\":\"Els pagesos ecol\u00f2gics indignats per les declaracions de la directora general de Salut Actualitat Maria Ramos va expressar al programa 2Voltes d'IB3 que \\\"davall el 't\u00edtol' d'ecol\u00f2gic hi ha molts d'aliments que no ho s\u00f3n\\\".\",\"inLanguage\":\"es\",\"potentialAction\":[{\"@type\":\"ReadAction\",\"target\":[\"https:\\\/\\\/gastronomicament.cat\\\/es\\\/els-pagesos-ecologics-indignats-per-les-declaracions-de-la-directora-general-de-salut\"]}]},{\"@type\":\"ImageObject\",\"inLanguage\":\"es\",\"@id\":\"https:\\\/\\\/gastronomicament.cat\\\/es\\\/els-pagesos-ecologics-indignats-per-les-declaracions-de-la-directora-general-de-salut#primaryimage\",\"url\":\"https:\\\/\\\/gastronomicament.cat\\\/wp-content\\\/uploads\\\/2017\\\/05\\\/Maria-Ramos-IB3-2-Voltes-declaracions-productes-ecologics.jpg\",\"contentUrl\":\"https:\\\/\\\/gastronomicament.cat\\\/wp-content\\\/uploads\\\/2017\\\/05\\\/Maria-Ramos-IB3-2-Voltes-declaracions-productes-ecologics.jpg\",\"width\":1024,\"height\":586},{\"@type\":\"WebSite\",\"@id\":\"https:\\\/\\\/gastronomicament.cat\\\/es\\\/#website\",\"url\":\"https:\\\/\\\/gastronomicament.cat\\\/es\\\/\",\"name\":\"Gastron\u00f2micament\",\"description\":\"Portal de restaurants, receptes i actualitat gastron\u00f2mica\",\"publisher\":{\"@id\":\"https:\\\/\\\/gastronomicament.cat\\\/es\\\/#organization\"},\"potentialAction\":[{\"@type\":\"SearchAction\",\"target\":{\"@type\":\"EntryPoint\",\"urlTemplate\":\"https:\\\/\\\/gastronomicament.cat\\\/es\\\/?s={search_term_string}\"},\"query-input\":{\"@type\":\"PropertyValueSpecification\",\"valueRequired\":true,\"valueName\":\"search_term_string\"}}],\"inLanguage\":\"es\"},{\"@type\":\"Organization\",\"@id\":\"https:\\\/\\\/gastronomicament.cat\\\/es\\\/#organization\",\"name\":\"Gastron\u00f2micament\",\"url\":\"https:\\\/\\\/gastronomicament.cat\\\/es\\\/\",\"logo\":{\"@type\":\"ImageObject\",\"inLanguage\":\"es\",\"@id\":\"https:\\\/\\\/gastronomicament.cat\\\/es\\\/#\\\/schema\\\/logo\\\/image\\\/\",\"url\":\"https:\\\/\\\/gastronomicament.cat\\\/wp-content\\\/uploads\\\/2016\\\/09\\\/header-logo.jpg\",\"contentUrl\":\"https:\\\/\\\/gastronomicament.cat\\\/wp-content\\\/uploads\\\/2016\\\/09\\\/header-logo.jpg\",\"width\":277,\"height\":39,\"caption\":\"Gastron\u00f2micament\"},\"image\":{\"@id\":\"https:\\\/\\\/gastronomicament.cat\\\/es\\\/#\\\/schema\\\/logo\\\/image\\\/\"},\"sameAs\":[\"https:\\\/\\\/x.com\\\/gastronomicamen\"]},{\"@type\":\"Person\",\"@id\":\"https:\\\/\\\/gastronomicament.cat\\\/es\\\/#\\\/schema\\\/person\\\/a7c85c537a1ed62799a5b8e0f686a37f\",\"name\":\"Redacci\u00f3\",\"image\":{\"@type\":\"ImageObject\",\"inLanguage\":\"es\",\"@id\":\"https:\\\/\\\/secure.gravatar.com\\\/avatar\\\/9489a485c464fd611d33825daae651d13db70c4e74c65c94937a15a9d4c3ee14?s=96&d=mm&r=g69fea3cce3645dfa2166e7293e22955e\",\"url\":\"https:\\\/\\\/secure.gravatar.com\\\/avatar\\\/9489a485c464fd611d33825daae651d13db70c4e74c65c94937a15a9d4c3ee14?s=96&d=mm&r=g\",\"contentUrl\":\"https:\\\/\\\/secure.gravatar.com\\\/avatar\\\/9489a485c464fd611d33825daae651d13db70c4e74c65c94937a15a9d4c3ee14?s=96&d=mm&r=g\",\"caption\":\"Redacci\u00f3\"},\"sameAs\":[\"http:\\\/\\\/gastronomicament.cat\"],\"url\":\"https:\\\/\\\/gastronomicament.cat\\\/es\\\/author\\\/admin\"}]}<\/script>\n<!-- \/ Yoast SEO plugin. -->","yoast_head_json":{"title":"Els pagesos ecol\u00f2gics indignats per les declaracions de la directora general de Salut - Gastron\u00f2micament","description":"Els pagesos ecol\u00f2gics indignats per les declaracions de la directora general de Salut Actualitat Maria Ramos va expressar al programa 2Voltes d'IB3 que \"davall el 't\u00edtol' d'ecol\u00f2gic hi ha molts d'aliments que no ho s\u00f3n\".","robots":{"index":"index","follow":"follow","max-snippet":"max-snippet:-1","max-image-preview":"max-image-preview:large","max-video-preview":"max-video-preview:-1"},"canonical":"https:\/\/gastronomicament.cat\/es\/els-pagesos-ecologics-indignats-per-les-declaracions-de-la-directora-general-de-salut","og_locale":"es_ES","og_type":"article","og_title":"Els pagesos ecol\u00f2gics indignats per les declaracions de la directora general de Salut - Gastron\u00f2micament","og_description":"Els pagesos ecol\u00f2gics indignats per les declaracions de la directora general de Salut Actualitat Maria Ramos va expressar al programa 2Voltes d'IB3 que \"davall el 't\u00edtol' d'ecol\u00f2gic hi ha molts d'aliments que no ho s\u00f3n\".","og_url":"https:\/\/gastronomicament.cat\/es\/els-pagesos-ecologics-indignats-per-les-declaracions-de-la-directora-general-de-salut","og_site_name":"Gastron\u00f2micament","article_published_time":"2017-05-23T09:22:09+00:00","og_image":[{"width":1024,"height":586,"url":"https:\/\/gastronomicament.cat\/wp-content\/uploads\/2017\/05\/Maria-Ramos-IB3-2-Voltes-declaracions-productes-ecologics.jpg","type":"image\/jpeg"}],"author":"Redacci\u00f3","twitter_card":"summary_large_image","twitter_creator":"@gastronomicamen","twitter_site":"@gastronomicamen","twitter_misc":{"Escrito por":"Redacci\u00f3","Tiempo de lectura":"2 minutos","Written by":"Redacci\u00f3"},"schema":{"@context":"https:\/\/schema.org","@graph":[{"@type":"Article","@id":"https:\/\/gastronomicament.cat\/es\/els-pagesos-ecologics-indignats-per-les-declaracions-de-la-directora-general-de-salut#article","isPartOf":{"@id":"https:\/\/gastronomicament.cat\/es\/els-pagesos-ecologics-indignats-per-les-declaracions-de-la-directora-general-de-salut"},"author":{"name":"Redacci\u00f3","@id":"https:\/\/gastronomicament.cat\/es\/#\/schema\/person\/a7c85c537a1ed62799a5b8e0f686a37f"},"headline":"Els pagesos ecol\u00f2gics indignats per les declaracions de la directora general de Salut","datePublished":"2017-05-23T09:22:09+00:00","mainEntityOfPage":{"@id":"https:\/\/gastronomicament.cat\/es\/els-pagesos-ecologics-indignats-per-les-declaracions-de-la-directora-general-de-salut"},"wordCount":485,"commentCount":0,"publisher":{"@id":"https:\/\/gastronomicament.cat\/es\/#organization"},"image":{"@id":"https:\/\/gastronomicament.cat\/es\/els-pagesos-ecologics-indignats-per-les-declaracions-de-la-directora-general-de-salut#primaryimage"},"thumbnailUrl":"https:\/\/gastronomicament.cat\/wp-content\/uploads\/2017\/05\/Maria-Ramos-IB3-2-Voltes-declaracions-productes-ecologics.jpg","articleSection":["Actualitat"],"inLanguage":"es","potentialAction":[{"@type":"CommentAction","name":"Comment","target":["https:\/\/gastronomicament.cat\/es\/els-pagesos-ecologics-indignats-per-les-declaracions-de-la-directora-general-de-salut#respond"]}]},{"@type":"WebPage","@id":"https:\/\/gastronomicament.cat\/es\/els-pagesos-ecologics-indignats-per-les-declaracions-de-la-directora-general-de-salut","url":"https:\/\/gastronomicament.cat\/es\/els-pagesos-ecologics-indignats-per-les-declaracions-de-la-directora-general-de-salut","name":"Els pagesos ecol\u00f2gics indignats per les declaracions de la directora general de Salut - Gastron\u00f2micament","isPartOf":{"@id":"https:\/\/gastronomicament.cat\/es\/#website"},"primaryImageOfPage":{"@id":"https:\/\/gastronomicament.cat\/es\/els-pagesos-ecologics-indignats-per-les-declaracions-de-la-directora-general-de-salut#primaryimage"},"image":{"@id":"https:\/\/gastronomicament.cat\/es\/els-pagesos-ecologics-indignats-per-les-declaracions-de-la-directora-general-de-salut#primaryimage"},"thumbnailUrl":"https:\/\/gastronomicament.cat\/wp-content\/uploads\/2017\/05\/Maria-Ramos-IB3-2-Voltes-declaracions-productes-ecologics.jpg","datePublished":"2017-05-23T09:22:09+00:00","description":"Els pagesos ecol\u00f2gics indignats per les declaracions de la directora general de Salut Actualitat Maria Ramos va expressar al programa 2Voltes d'IB3 que \"davall el 't\u00edtol' d'ecol\u00f2gic hi ha molts d'aliments que no ho s\u00f3n\".","inLanguage":"es","potentialAction":[{"@type":"ReadAction","target":["https:\/\/gastronomicament.cat\/es\/els-pagesos-ecologics-indignats-per-les-declaracions-de-la-directora-general-de-salut"]}]},{"@type":"ImageObject","inLanguage":"es","@id":"https:\/\/gastronomicament.cat\/es\/els-pagesos-ecologics-indignats-per-les-declaracions-de-la-directora-general-de-salut#primaryimage","url":"https:\/\/gastronomicament.cat\/wp-content\/uploads\/2017\/05\/Maria-Ramos-IB3-2-Voltes-declaracions-productes-ecologics.jpg","contentUrl":"https:\/\/gastronomicament.cat\/wp-content\/uploads\/2017\/05\/Maria-Ramos-IB3-2-Voltes-declaracions-productes-ecologics.jpg","width":1024,"height":586},{"@type":"WebSite","@id":"https:\/\/gastronomicament.cat\/es\/#website","url":"https:\/\/gastronomicament.cat\/es\/","name":"Gastron\u00f2micament","description":"Portal de restaurants, receptes i actualitat gastron\u00f2mica","publisher":{"@id":"https:\/\/gastronomicament.cat\/es\/#organization"},"potentialAction":[{"@type":"SearchAction","target":{"@type":"EntryPoint","urlTemplate":"https:\/\/gastronomicament.cat\/es\/?s={search_term_string}"},"query-input":{"@type":"PropertyValueSpecification","valueRequired":true,"valueName":"search_term_string"}}],"inLanguage":"es"},{"@type":"Organization","@id":"https:\/\/gastronomicament.cat\/es\/#organization","name":"Gastron\u00f2micament","url":"https:\/\/gastronomicament.cat\/es\/","logo":{"@type":"ImageObject","inLanguage":"es","@id":"https:\/\/gastronomicament.cat\/es\/#\/schema\/logo\/image\/","url":"https:\/\/gastronomicament.cat\/wp-content\/uploads\/2016\/09\/header-logo.jpg","contentUrl":"https:\/\/gastronomicament.cat\/wp-content\/uploads\/2016\/09\/header-logo.jpg","width":277,"height":39,"caption":"Gastron\u00f2micament"},"image":{"@id":"https:\/\/gastronomicament.cat\/es\/#\/schema\/logo\/image\/"},"sameAs":["https:\/\/x.com\/gastronomicamen"]},{"@type":"Person","@id":"https:\/\/gastronomicament.cat\/es\/#\/schema\/person\/a7c85c537a1ed62799a5b8e0f686a37f","name":"Redacci\u00f3","image":{"@type":"ImageObject","inLanguage":"es","@id":"https:\/\/secure.gravatar.com\/avatar\/9489a485c464fd611d33825daae651d13db70c4e74c65c94937a15a9d4c3ee14?s=96&d=mm&r=g69fea3cce3645dfa2166e7293e22955e","url":"https:\/\/secure.gravatar.com\/avatar\/9489a485c464fd611d33825daae651d13db70c4e74c65c94937a15a9d4c3ee14?s=96&d=mm&r=g","contentUrl":"https:\/\/secure.gravatar.com\/avatar\/9489a485c464fd611d33825daae651d13db70c4e74c65c94937a15a9d4c3ee14?s=96&d=mm&r=g","caption":"Redacci\u00f3"},"sameAs":["http:\/\/gastronomicament.cat"],"url":"https:\/\/gastronomicament.cat\/es\/author\/admin"}]}},"_links":{"self":[{"href":"https:\/\/gastronomicament.cat\/es\/wp-json\/wp\/v2\/posts\/69501","targetHints":{"allow":["GET"]}}],"collection":[{"href":"https:\/\/gastronomicament.cat\/es\/wp-json\/wp\/v2\/posts"}],"about":[{"href":"https:\/\/gastronomicament.cat\/es\/wp-json\/wp\/v2\/types\/post"}],"author":[{"embeddable":true,"href":"https:\/\/gastronomicament.cat\/es\/wp-json\/wp\/v2\/users\/1"}],"replies":[{"embeddable":true,"href":"https:\/\/gastronomicament.cat\/es\/wp-json\/wp\/v2\/comments?post=69501"}],"version-history":[{"count":0,"href":"https:\/\/gastronomicament.cat\/es\/wp-json\/wp\/v2\/posts\/69501\/revisions"}],"wp:featuredmedia":[{"embeddable":true,"href":"https:\/\/gastronomicament.cat\/es\/wp-json\/wp\/v2\/media\/39956"}],"wp:attachment":[{"href":"https:\/\/gastronomicament.cat\/es\/wp-json\/wp\/v2\/media?parent=69501"}],"wp:term":[{"taxonomy":"category","embeddable":true,"href":"https:\/\/gastronomicament.cat\/es\/wp-json\/wp\/v2\/categories?post=69501"},{"taxonomy":"post_tag","embeddable":true,"href":"https:\/\/gastronomicament.cat\/es\/wp-json\/wp\/v2\/tags?post=69501"},{"taxonomy":"author","embeddable":true,"href":"https:\/\/gastronomicament.cat\/es\/wp-json\/wp\/v2\/coauthors?post=69501"}],"curies":[{"name":"wp","href":"https:\/\/api.w.org\/{rel}","templated":true}]}}