{"id":69595,"date":"2017-04-11T13:16:50","date_gmt":"2017-04-11T11:16:50","guid":{"rendered":"https:\/\/gastronomicament.cat\/aina-roglan-al-llibre-hi-trobareu-receptes-de-casa-per-qui-comenca-cuinar-o-en-vol-saber-una-mica-mes"},"modified":"2022-04-09T10:38:41","modified_gmt":"2022-04-09T08:38:41","slug":"aina-roglan-al-llibre-hi-trobareu-receptes-de-casa-per-qui-comenca-cuinar-o-en-vol-saber-una-mica-mes","status":"publish","type":"post","link":"https:\/\/gastronomicament.cat\/es\/aina-roglan-al-llibre-hi-trobareu-receptes-de-casa-per-qui-comenca-cuinar-o-en-vol-saber-una-mica-mes","title":{"rendered":"Aina Roglan: \u00abAl llibre hi trobareu receptes de casa, per a qui comen\u00e7a a cuinar o en vol saber una mica m\u00e9s\u00bb"},"content":{"rendered":"<p>&nbsp;<\/p>\n<p><em>Aina Roglan, una de les finalistes de Masterchef Junior, acaba de presentar el seu primer llibre a Ma\u00f3:\u00a0Cocina con Aina y convi\u00e9rtete en un superchef. Un llibre per perdre la por als fogons que ha escrit aquesta al\u00b7lota decidida, amb les idees clares que demostra la seva passi\u00f3 per\u00a0la cuina amb nom\u00e9s 14 anys, que va compartir protagonisme amb la mallorquina Martina, durant la tercera edici\u00f3 del concurs.<\/em><\/p>\n<p><strong>Quan vares comen\u00e7ar a cuinar?<\/strong><\/p>\n<p>A partir dels 7 anys, per\u00f2 sempre m&#8217;ha agradat estar dins la cuina i ajudar. De fet, tenc una foto amb 3 anyets ajudant a fer pur\u00e9.<\/p>\n<p><strong>Com \u00e9s un dia de la teva vida?<\/strong><\/p>\n<p>Em despert a les 8.30 hores, vaig a l&#8217;escola, estic amb els amics i passo la tarda fent patinatge i estudiant.<\/p>\n<p><strong>Ja no cuines?<\/strong><\/p>\n<p>I tant, per\u00f2 ara, amb el patinatge i els estudis de 2n d&#8217;ESO tenc m\u00e9s poc temps; tot i que sempre mir de cuinar algun plat.<\/p>\n<p><strong>Ton pare ha estat clau per al teu vessant culinari, de fet, moltes de les fotos del llibre s\u00f3n seves?<\/strong><\/p>\n<p>S\u00ed, sempre li ha agradat menjar b\u00e9 i m&#8217;ha transm\u00e8s aquesta idea. Tot i que sense l&#8217;ajuda de ma mare tampoc no hagu\u00e9s pogut fer aquest llibre.<\/p>\n<p><strong>Qu\u00e8 trobarem en aquest llibre\u00a0<em>Cocina con Aina y convi\u00e9rtete en un superchef<\/em>?<\/strong><\/p>\n<p>\u00c9s un llibre per a tothom que vulgui aprender a cuinar i a saber-ne una mica m\u00e9s, no solament s&#8217;adre\u00e7a a persones de la meva edat. \u00c9s una obra senzilla, que inclou consells i que fa un rep\u00e0s a les receptes tradicionals catalanes, per\u00f2 tamb\u00e9 a plats d&#8217;altres indrets, perqu\u00e8 el pugui usar una persona de Madrid o del Pa\u00eds Basc.<\/p>\n<p>Hi ha receptes de casa, tradicionals i m\u00e9s modernes, totes bones de fer. No he volgut entrar a fer t\u00e8cniques sofisticades perqu\u00e8 no pots comen\u00e7ar a cuinar si no saps fer un arr\u00f2s, un cuinat o un sofregit.<\/p>\n<p><strong>Ens pots recomanar una recepta del llibre?<\/strong><\/p>\n<p>M&#8217;ho poses dif\u00edcil, per\u00f2 et recoman una que t\u00e9 verdures i peix tradicional de Catalunya: el bacall\u00e0 amb samfaina. Molts d&#8217;infants es pensen que les verdures nom\u00e9s s\u00f3n mongetes bullides i amb aquest plat, comprovaran que hi ha plats divertits i saludables tamb\u00e9 amb peix i verdures.<\/p>\n<p><strong>Qu\u00e8 \u00e9s el que m\u00e9s et va marcar del teu pas per Masterchef?<\/strong><\/p>\n<p>Els amics que hi fas, aprendre de grans cuiners i les cr\u00edtiques positives dels tres jutges. La part negativa \u00e9s que el concurs es va acabar.<\/p>\n<p><strong>Un d&#8217;ells, Jordi Cruz ha fet el pr\u00f2leg del llibre?<\/strong><\/p>\n<p>\u00c9s un favor que no s\u00e9 com li podr\u00e9 tornar.<\/p>\n<p><strong>En un futur no gaire lluny\u00e0, et dedicar\u00e0s a la cuina?<\/strong><\/p>\n<p>Cada vegada tenc m\u00e9s dubtes. Tot i que no descart dedicar-m&#8217;hi, no vull tancar portes a l&#8217;enologia, tan arrelada a la meva terra, el Pened\u00e9s, com tamb\u00e9 em crida molt l&#8217;atenci\u00f3 la comunicaci\u00f3.<\/p>\n","protected":false},"excerpt":{"rendered":"<p>Aina Roglan, una de les finalistes de Masterchef Junior, acaba de presentar el seu primer llibre&hellip;<\/p>\n","protected":false},"author":1,"featured_media":39830,"comment_status":"open","ping_status":"closed","sticky":false,"template":"","format":"gallery","meta":{"_acf_changed":false,"_swt_meta_header_display":false,"_swt_meta_footer_display":false,"_swt_meta_site_title_display":false,"_swt_meta_sticky_header":false,"_swt_meta_transparent_header":false,"footnotes":""},"categories":[1003],"tags":[],"coauthors":[],"class_list":["post-69595","post","type-post","status-publish","format-gallery","has-post-thumbnail","hentry","category-actualitat-es","post_format-post-format-gallery"],"acf":{"gallery":null,"home_date":{"home_begin_date":null,"home_end_date":null}},"yoast_head":"<!-- This site is optimized with the Yoast SEO plugin v27.4 - https:\/\/yoast.com\/product\/yoast-seo-wordpress\/ -->\n<title>Aina Roglan: &quot;Al llibre hi trobareu receptes de casa, per a qui comen\u00e7a a cuinar o en vol saber una mica m\u00e9s&quot; - Gastron\u00f2micament<\/title>\n<meta name=\"description\" content=\"Aina Roglan: &quot;Al llibre hi trobareu receptes de casa, per a qui comen\u00e7a a cuinar o en vol saber una mica m\u00e9s&quot; Actualitat Aina Roglan, una de les finalistes de Masterchef Junior, acaba de presentar el seu primer llibre a Ma\u00f3: Cocina con Aina y convi\u00e9rtete en un superchef\" \/>\n<meta name=\"robots\" content=\"index, follow, max-snippet:-1, max-image-preview:large, max-video-preview:-1\" \/>\n<link rel=\"canonical\" href=\"https:\/\/gastronomicament.cat\/es\/aina-roglan-al-llibre-hi-trobareu-receptes-de-casa-per-qui-comenca-cuinar-o-en-vol-saber-una-mica-mes\" \/>\n<meta property=\"og:locale\" content=\"es_ES\" \/>\n<meta property=\"og:type\" content=\"article\" \/>\n<meta property=\"og:title\" content=\"Aina Roglan: &quot;Al llibre hi trobareu receptes de casa, per a qui comen\u00e7a a cuinar o en vol saber una mica m\u00e9s&quot; - Gastron\u00f2micament\" \/>\n<meta property=\"og:description\" content=\"Aina Roglan: &quot;Al llibre hi trobareu receptes de casa, per a qui comen\u00e7a a cuinar o en vol saber una mica m\u00e9s&quot; Actualitat Aina Roglan, una de les finalistes de Masterchef Junior, acaba de presentar el seu primer llibre a Ma\u00f3: Cocina con Aina y convi\u00e9rtete en un superchef\" \/>\n<meta property=\"og:url\" content=\"https:\/\/gastronomicament.cat\/es\/aina-roglan-al-llibre-hi-trobareu-receptes-de-casa-per-qui-comenca-cuinar-o-en-vol-saber-una-mica-mes\" \/>\n<meta property=\"og:site_name\" content=\"Gastron\u00f2micament\" \/>\n<meta property=\"article:published_time\" content=\"2017-04-11T11:16:50+00:00\" \/>\n<meta property=\"article:modified_time\" content=\"2022-04-09T08:38:41+00:00\" \/>\n<meta property=\"og:image\" content=\"https:\/\/gastronomicament.cat\/wp-content\/uploads\/2017\/04\/Aina-Roglan-1024x683.jpg\" \/>\n\t<meta property=\"og:image:width\" content=\"1024\" \/>\n\t<meta property=\"og:image:height\" content=\"683\" \/>\n\t<meta property=\"og:image:type\" content=\"image\/jpeg\" \/>\n<meta name=\"author\" content=\"Redacci\u00f3\" \/>\n<meta name=\"twitter:card\" content=\"summary_large_image\" \/>\n<meta name=\"twitter:creator\" content=\"@gastronomicamen\" \/>\n<meta name=\"twitter:site\" content=\"@gastronomicamen\" \/>\n<meta name=\"twitter:label1\" content=\"Escrito por\" \/>\n\t<meta name=\"twitter:data1\" content=\"Redacci\u00f3\" \/>\n\t<meta name=\"twitter:label2\" content=\"Tiempo de lectura\" \/>\n\t<meta name=\"twitter:data2\" content=\"2 minutos\" \/>\n\t<meta name=\"twitter:label3\" content=\"Written by\" \/>\n\t<meta name=\"twitter:data3\" content=\"Redacci\u00f3\" \/>\n<script type=\"application\/ld+json\" class=\"yoast-schema-graph\">{\"@context\":\"https:\\\/\\\/schema.org\",\"@graph\":[{\"@type\":\"Article\",\"@id\":\"https:\\\/\\\/gastronomicament.cat\\\/es\\\/aina-roglan-al-llibre-hi-trobareu-receptes-de-casa-per-qui-comenca-cuinar-o-en-vol-saber-una-mica-mes#article\",\"isPartOf\":{\"@id\":\"https:\\\/\\\/gastronomicament.cat\\\/es\\\/aina-roglan-al-llibre-hi-trobareu-receptes-de-casa-per-qui-comenca-cuinar-o-en-vol-saber-una-mica-mes\"},\"author\":{\"name\":\"Redacci\u00f3\",\"@id\":\"https:\\\/\\\/gastronomicament.cat\\\/es\\\/#\\\/schema\\\/person\\\/a7c85c537a1ed62799a5b8e0f686a37f\"},\"headline\":\"Aina Roglan: \u00abAl llibre hi trobareu receptes de casa, per a qui comen\u00e7a a cuinar o en vol saber una mica m\u00e9s\u00bb\",\"datePublished\":\"2017-04-11T11:16:50+00:00\",\"dateModified\":\"2022-04-09T08:38:41+00:00\",\"mainEntityOfPage\":{\"@id\":\"https:\\\/\\\/gastronomicament.cat\\\/es\\\/aina-roglan-al-llibre-hi-trobareu-receptes-de-casa-per-qui-comenca-cuinar-o-en-vol-saber-una-mica-mes\"},\"wordCount\":523,\"commentCount\":0,\"publisher\":{\"@id\":\"https:\\\/\\\/gastronomicament.cat\\\/es\\\/#organization\"},\"image\":{\"@id\":\"https:\\\/\\\/gastronomicament.cat\\\/es\\\/aina-roglan-al-llibre-hi-trobareu-receptes-de-casa-per-qui-comenca-cuinar-o-en-vol-saber-una-mica-mes#primaryimage\"},\"thumbnailUrl\":\"https:\\\/\\\/gastronomicament.cat\\\/wp-content\\\/uploads\\\/2017\\\/04\\\/Aina-Roglan.jpg\",\"articleSection\":[\"Actualitat\"],\"inLanguage\":\"es\",\"potentialAction\":[{\"@type\":\"CommentAction\",\"name\":\"Comment\",\"target\":[\"https:\\\/\\\/gastronomicament.cat\\\/es\\\/aina-roglan-al-llibre-hi-trobareu-receptes-de-casa-per-qui-comenca-cuinar-o-en-vol-saber-una-mica-mes#respond\"]}]},{\"@type\":\"WebPage\",\"@id\":\"https:\\\/\\\/gastronomicament.cat\\\/es\\\/aina-roglan-al-llibre-hi-trobareu-receptes-de-casa-per-qui-comenca-cuinar-o-en-vol-saber-una-mica-mes\",\"url\":\"https:\\\/\\\/gastronomicament.cat\\\/es\\\/aina-roglan-al-llibre-hi-trobareu-receptes-de-casa-per-qui-comenca-cuinar-o-en-vol-saber-una-mica-mes\",\"name\":\"Aina Roglan: \\\"Al llibre hi trobareu receptes de casa, per a qui comen\u00e7a a cuinar o en vol saber una mica m\u00e9s\\\" - Gastron\u00f2micament\",\"isPartOf\":{\"@id\":\"https:\\\/\\\/gastronomicament.cat\\\/es\\\/#website\"},\"primaryImageOfPage\":{\"@id\":\"https:\\\/\\\/gastronomicament.cat\\\/es\\\/aina-roglan-al-llibre-hi-trobareu-receptes-de-casa-per-qui-comenca-cuinar-o-en-vol-saber-una-mica-mes#primaryimage\"},\"image\":{\"@id\":\"https:\\\/\\\/gastronomicament.cat\\\/es\\\/aina-roglan-al-llibre-hi-trobareu-receptes-de-casa-per-qui-comenca-cuinar-o-en-vol-saber-una-mica-mes#primaryimage\"},\"thumbnailUrl\":\"https:\\\/\\\/gastronomicament.cat\\\/wp-content\\\/uploads\\\/2017\\\/04\\\/Aina-Roglan.jpg\",\"datePublished\":\"2017-04-11T11:16:50+00:00\",\"dateModified\":\"2022-04-09T08:38:41+00:00\",\"description\":\"Aina Roglan: \\\"Al llibre hi trobareu receptes de casa, per a qui comen\u00e7a a cuinar o en vol saber una mica m\u00e9s\\\" Actualitat Aina Roglan, una de les finalistes de Masterchef Junior, acaba de presentar el seu primer llibre a Ma\u00f3: Cocina con Aina y convi\u00e9rtete en un superchef\",\"inLanguage\":\"es\",\"potentialAction\":[{\"@type\":\"ReadAction\",\"target\":[\"https:\\\/\\\/gastronomicament.cat\\\/es\\\/aina-roglan-al-llibre-hi-trobareu-receptes-de-casa-per-qui-comenca-cuinar-o-en-vol-saber-una-mica-mes\"]}]},{\"@type\":\"ImageObject\",\"inLanguage\":\"es\",\"@id\":\"https:\\\/\\\/gastronomicament.cat\\\/es\\\/aina-roglan-al-llibre-hi-trobareu-receptes-de-casa-per-qui-comenca-cuinar-o-en-vol-saber-una-mica-mes#primaryimage\",\"url\":\"https:\\\/\\\/gastronomicament.cat\\\/wp-content\\\/uploads\\\/2017\\\/04\\\/Aina-Roglan.jpg\",\"contentUrl\":\"https:\\\/\\\/gastronomicament.cat\\\/wp-content\\\/uploads\\\/2017\\\/04\\\/Aina-Roglan.jpg\",\"width\":5760,\"height\":3840},{\"@type\":\"WebSite\",\"@id\":\"https:\\\/\\\/gastronomicament.cat\\\/es\\\/#website\",\"url\":\"https:\\\/\\\/gastronomicament.cat\\\/es\\\/\",\"name\":\"Gastron\u00f2micament\",\"description\":\"Portal de restaurants, receptes i actualitat gastron\u00f2mica\",\"publisher\":{\"@id\":\"https:\\\/\\\/gastronomicament.cat\\\/es\\\/#organization\"},\"potentialAction\":[{\"@type\":\"SearchAction\",\"target\":{\"@type\":\"EntryPoint\",\"urlTemplate\":\"https:\\\/\\\/gastronomicament.cat\\\/es\\\/?s={search_term_string}\"},\"query-input\":{\"@type\":\"PropertyValueSpecification\",\"valueRequired\":true,\"valueName\":\"search_term_string\"}}],\"inLanguage\":\"es\"},{\"@type\":\"Organization\",\"@id\":\"https:\\\/\\\/gastronomicament.cat\\\/es\\\/#organization\",\"name\":\"Gastron\u00f2micament\",\"url\":\"https:\\\/\\\/gastronomicament.cat\\\/es\\\/\",\"logo\":{\"@type\":\"ImageObject\",\"inLanguage\":\"es\",\"@id\":\"https:\\\/\\\/gastronomicament.cat\\\/es\\\/#\\\/schema\\\/logo\\\/image\\\/\",\"url\":\"https:\\\/\\\/gastronomicament.cat\\\/wp-content\\\/uploads\\\/2016\\\/09\\\/header-logo.jpg\",\"contentUrl\":\"https:\\\/\\\/gastronomicament.cat\\\/wp-content\\\/uploads\\\/2016\\\/09\\\/header-logo.jpg\",\"width\":277,\"height\":39,\"caption\":\"Gastron\u00f2micament\"},\"image\":{\"@id\":\"https:\\\/\\\/gastronomicament.cat\\\/es\\\/#\\\/schema\\\/logo\\\/image\\\/\"},\"sameAs\":[\"https:\\\/\\\/x.com\\\/gastronomicamen\"]},{\"@type\":\"Person\",\"@id\":\"https:\\\/\\\/gastronomicament.cat\\\/es\\\/#\\\/schema\\\/person\\\/a7c85c537a1ed62799a5b8e0f686a37f\",\"name\":\"Redacci\u00f3\",\"image\":{\"@type\":\"ImageObject\",\"inLanguage\":\"es\",\"@id\":\"https:\\\/\\\/secure.gravatar.com\\\/avatar\\\/9489a485c464fd611d33825daae651d13db70c4e74c65c94937a15a9d4c3ee14?s=96&d=mm&r=g69fea3cce3645dfa2166e7293e22955e\",\"url\":\"https:\\\/\\\/secure.gravatar.com\\\/avatar\\\/9489a485c464fd611d33825daae651d13db70c4e74c65c94937a15a9d4c3ee14?s=96&d=mm&r=g\",\"contentUrl\":\"https:\\\/\\\/secure.gravatar.com\\\/avatar\\\/9489a485c464fd611d33825daae651d13db70c4e74c65c94937a15a9d4c3ee14?s=96&d=mm&r=g\",\"caption\":\"Redacci\u00f3\"},\"sameAs\":[\"http:\\\/\\\/gastronomicament.cat\"],\"url\":\"https:\\\/\\\/gastronomicament.cat\\\/es\\\/author\\\/admin\"}]}<\/script>\n<!-- \/ Yoast SEO plugin. -->","yoast_head_json":{"title":"Aina Roglan: \"Al llibre hi trobareu receptes de casa, per a qui comen\u00e7a a cuinar o en vol saber una mica m\u00e9s\" - Gastron\u00f2micament","description":"Aina Roglan: \"Al llibre hi trobareu receptes de casa, per a qui comen\u00e7a a cuinar o en vol saber una mica m\u00e9s\" Actualitat Aina Roglan, una de les finalistes de Masterchef Junior, acaba de presentar el seu primer llibre a Ma\u00f3: Cocina con Aina y convi\u00e9rtete en un superchef","robots":{"index":"index","follow":"follow","max-snippet":"max-snippet:-1","max-image-preview":"max-image-preview:large","max-video-preview":"max-video-preview:-1"},"canonical":"https:\/\/gastronomicament.cat\/es\/aina-roglan-al-llibre-hi-trobareu-receptes-de-casa-per-qui-comenca-cuinar-o-en-vol-saber-una-mica-mes","og_locale":"es_ES","og_type":"article","og_title":"Aina Roglan: \"Al llibre hi trobareu receptes de casa, per a qui comen\u00e7a a cuinar o en vol saber una mica m\u00e9s\" - Gastron\u00f2micament","og_description":"Aina Roglan: \"Al llibre hi trobareu receptes de casa, per a qui comen\u00e7a a cuinar o en vol saber una mica m\u00e9s\" Actualitat Aina Roglan, una de les finalistes de Masterchef Junior, acaba de presentar el seu primer llibre a Ma\u00f3: Cocina con Aina y convi\u00e9rtete en un superchef","og_url":"https:\/\/gastronomicament.cat\/es\/aina-roglan-al-llibre-hi-trobareu-receptes-de-casa-per-qui-comenca-cuinar-o-en-vol-saber-una-mica-mes","og_site_name":"Gastron\u00f2micament","article_published_time":"2017-04-11T11:16:50+00:00","article_modified_time":"2022-04-09T08:38:41+00:00","og_image":[{"width":1024,"height":683,"url":"https:\/\/gastronomicament.cat\/wp-content\/uploads\/2017\/04\/Aina-Roglan-1024x683.jpg","type":"image\/jpeg"}],"author":"Redacci\u00f3","twitter_card":"summary_large_image","twitter_creator":"@gastronomicamen","twitter_site":"@gastronomicamen","twitter_misc":{"Escrito por":"Redacci\u00f3","Tiempo de lectura":"2 minutos","Written by":"Redacci\u00f3"},"schema":{"@context":"https:\/\/schema.org","@graph":[{"@type":"Article","@id":"https:\/\/gastronomicament.cat\/es\/aina-roglan-al-llibre-hi-trobareu-receptes-de-casa-per-qui-comenca-cuinar-o-en-vol-saber-una-mica-mes#article","isPartOf":{"@id":"https:\/\/gastronomicament.cat\/es\/aina-roglan-al-llibre-hi-trobareu-receptes-de-casa-per-qui-comenca-cuinar-o-en-vol-saber-una-mica-mes"},"author":{"name":"Redacci\u00f3","@id":"https:\/\/gastronomicament.cat\/es\/#\/schema\/person\/a7c85c537a1ed62799a5b8e0f686a37f"},"headline":"Aina Roglan: \u00abAl llibre hi trobareu receptes de casa, per a qui comen\u00e7a a cuinar o en vol saber una mica m\u00e9s\u00bb","datePublished":"2017-04-11T11:16:50+00:00","dateModified":"2022-04-09T08:38:41+00:00","mainEntityOfPage":{"@id":"https:\/\/gastronomicament.cat\/es\/aina-roglan-al-llibre-hi-trobareu-receptes-de-casa-per-qui-comenca-cuinar-o-en-vol-saber-una-mica-mes"},"wordCount":523,"commentCount":0,"publisher":{"@id":"https:\/\/gastronomicament.cat\/es\/#organization"},"image":{"@id":"https:\/\/gastronomicament.cat\/es\/aina-roglan-al-llibre-hi-trobareu-receptes-de-casa-per-qui-comenca-cuinar-o-en-vol-saber-una-mica-mes#primaryimage"},"thumbnailUrl":"https:\/\/gastronomicament.cat\/wp-content\/uploads\/2017\/04\/Aina-Roglan.jpg","articleSection":["Actualitat"],"inLanguage":"es","potentialAction":[{"@type":"CommentAction","name":"Comment","target":["https:\/\/gastronomicament.cat\/es\/aina-roglan-al-llibre-hi-trobareu-receptes-de-casa-per-qui-comenca-cuinar-o-en-vol-saber-una-mica-mes#respond"]}]},{"@type":"WebPage","@id":"https:\/\/gastronomicament.cat\/es\/aina-roglan-al-llibre-hi-trobareu-receptes-de-casa-per-qui-comenca-cuinar-o-en-vol-saber-una-mica-mes","url":"https:\/\/gastronomicament.cat\/es\/aina-roglan-al-llibre-hi-trobareu-receptes-de-casa-per-qui-comenca-cuinar-o-en-vol-saber-una-mica-mes","name":"Aina Roglan: \"Al llibre hi trobareu receptes de casa, per a qui comen\u00e7a a cuinar o en vol saber una mica m\u00e9s\" - Gastron\u00f2micament","isPartOf":{"@id":"https:\/\/gastronomicament.cat\/es\/#website"},"primaryImageOfPage":{"@id":"https:\/\/gastronomicament.cat\/es\/aina-roglan-al-llibre-hi-trobareu-receptes-de-casa-per-qui-comenca-cuinar-o-en-vol-saber-una-mica-mes#primaryimage"},"image":{"@id":"https:\/\/gastronomicament.cat\/es\/aina-roglan-al-llibre-hi-trobareu-receptes-de-casa-per-qui-comenca-cuinar-o-en-vol-saber-una-mica-mes#primaryimage"},"thumbnailUrl":"https:\/\/gastronomicament.cat\/wp-content\/uploads\/2017\/04\/Aina-Roglan.jpg","datePublished":"2017-04-11T11:16:50+00:00","dateModified":"2022-04-09T08:38:41+00:00","description":"Aina Roglan: \"Al llibre hi trobareu receptes de casa, per a qui comen\u00e7a a cuinar o en vol saber una mica m\u00e9s\" Actualitat Aina Roglan, una de les finalistes de Masterchef Junior, acaba de presentar el seu primer llibre a Ma\u00f3: Cocina con Aina y convi\u00e9rtete en un superchef","inLanguage":"es","potentialAction":[{"@type":"ReadAction","target":["https:\/\/gastronomicament.cat\/es\/aina-roglan-al-llibre-hi-trobareu-receptes-de-casa-per-qui-comenca-cuinar-o-en-vol-saber-una-mica-mes"]}]},{"@type":"ImageObject","inLanguage":"es","@id":"https:\/\/gastronomicament.cat\/es\/aina-roglan-al-llibre-hi-trobareu-receptes-de-casa-per-qui-comenca-cuinar-o-en-vol-saber-una-mica-mes#primaryimage","url":"https:\/\/gastronomicament.cat\/wp-content\/uploads\/2017\/04\/Aina-Roglan.jpg","contentUrl":"https:\/\/gastronomicament.cat\/wp-content\/uploads\/2017\/04\/Aina-Roglan.jpg","width":5760,"height":3840},{"@type":"WebSite","@id":"https:\/\/gastronomicament.cat\/es\/#website","url":"https:\/\/gastronomicament.cat\/es\/","name":"Gastron\u00f2micament","description":"Portal de restaurants, receptes i actualitat gastron\u00f2mica","publisher":{"@id":"https:\/\/gastronomicament.cat\/es\/#organization"},"potentialAction":[{"@type":"SearchAction","target":{"@type":"EntryPoint","urlTemplate":"https:\/\/gastronomicament.cat\/es\/?s={search_term_string}"},"query-input":{"@type":"PropertyValueSpecification","valueRequired":true,"valueName":"search_term_string"}}],"inLanguage":"es"},{"@type":"Organization","@id":"https:\/\/gastronomicament.cat\/es\/#organization","name":"Gastron\u00f2micament","url":"https:\/\/gastronomicament.cat\/es\/","logo":{"@type":"ImageObject","inLanguage":"es","@id":"https:\/\/gastronomicament.cat\/es\/#\/schema\/logo\/image\/","url":"https:\/\/gastronomicament.cat\/wp-content\/uploads\/2016\/09\/header-logo.jpg","contentUrl":"https:\/\/gastronomicament.cat\/wp-content\/uploads\/2016\/09\/header-logo.jpg","width":277,"height":39,"caption":"Gastron\u00f2micament"},"image":{"@id":"https:\/\/gastronomicament.cat\/es\/#\/schema\/logo\/image\/"},"sameAs":["https:\/\/x.com\/gastronomicamen"]},{"@type":"Person","@id":"https:\/\/gastronomicament.cat\/es\/#\/schema\/person\/a7c85c537a1ed62799a5b8e0f686a37f","name":"Redacci\u00f3","image":{"@type":"ImageObject","inLanguage":"es","@id":"https:\/\/secure.gravatar.com\/avatar\/9489a485c464fd611d33825daae651d13db70c4e74c65c94937a15a9d4c3ee14?s=96&d=mm&r=g69fea3cce3645dfa2166e7293e22955e","url":"https:\/\/secure.gravatar.com\/avatar\/9489a485c464fd611d33825daae651d13db70c4e74c65c94937a15a9d4c3ee14?s=96&d=mm&r=g","contentUrl":"https:\/\/secure.gravatar.com\/avatar\/9489a485c464fd611d33825daae651d13db70c4e74c65c94937a15a9d4c3ee14?s=96&d=mm&r=g","caption":"Redacci\u00f3"},"sameAs":["http:\/\/gastronomicament.cat"],"url":"https:\/\/gastronomicament.cat\/es\/author\/admin"}]}},"_links":{"self":[{"href":"https:\/\/gastronomicament.cat\/es\/wp-json\/wp\/v2\/posts\/69595","targetHints":{"allow":["GET"]}}],"collection":[{"href":"https:\/\/gastronomicament.cat\/es\/wp-json\/wp\/v2\/posts"}],"about":[{"href":"https:\/\/gastronomicament.cat\/es\/wp-json\/wp\/v2\/types\/post"}],"author":[{"embeddable":true,"href":"https:\/\/gastronomicament.cat\/es\/wp-json\/wp\/v2\/users\/1"}],"replies":[{"embeddable":true,"href":"https:\/\/gastronomicament.cat\/es\/wp-json\/wp\/v2\/comments?post=69595"}],"version-history":[{"count":0,"href":"https:\/\/gastronomicament.cat\/es\/wp-json\/wp\/v2\/posts\/69595\/revisions"}],"wp:featuredmedia":[{"embeddable":true,"href":"https:\/\/gastronomicament.cat\/es\/wp-json\/wp\/v2\/media\/39830"}],"wp:attachment":[{"href":"https:\/\/gastronomicament.cat\/es\/wp-json\/wp\/v2\/media?parent=69595"}],"wp:term":[{"taxonomy":"category","embeddable":true,"href":"https:\/\/gastronomicament.cat\/es\/wp-json\/wp\/v2\/categories?post=69595"},{"taxonomy":"post_tag","embeddable":true,"href":"https:\/\/gastronomicament.cat\/es\/wp-json\/wp\/v2\/tags?post=69595"},{"taxonomy":"author","embeddable":true,"href":"https:\/\/gastronomicament.cat\/es\/wp-json\/wp\/v2\/coauthors?post=69595"}],"curies":[{"name":"wp","href":"https:\/\/api.w.org\/{rel}","templated":true}]}}