{"id":69921,"date":"2016-11-10T10:50:48","date_gmt":"2016-11-10T09:50:48","guid":{"rendered":"https:\/\/gastronomicament.cat\/marbu-dorada-contra-la-fira-del-llonguet"},"modified":"2016-11-10T10:50:48","modified_gmt":"2016-11-10T09:50:48","slug":"marbu-dorada-contra-la-fira-del-llonguet","status":"publish","type":"post","link":"https:\/\/gastronomicament.cat\/es\/marbu-dorada-contra-la-fira-del-llonguet","title":{"rendered":"Marb\u00fa Dorada contra la Fira del Llonguet"},"content":{"rendered":"<div>Grans empreses tornen a atacar iniciatives mallorquines. Despr\u00e9s de la demanda de Pepsi pel nom de Pep Cola; Adam Foods, propiet\u00e0ria de Cu\u00e9tara, La Piara\u00a0i Panrico, s&#8217;oposa que la\u00a0<span class=\"m_2092262871131103539gmail-il\">Fira<\/span>\u00a0<span class=\"m_2092262871131103539gmail-il\">del<\/span>\u00a0<span class=\"m_2092262871131103539gmail-il\">Llonguet<\/span><span class=\"m_2092262871131103539gmail-il\">del<\/span>\u00a0Pil\u00b7<wbr \/>lar\u00ed registri la seva marca.<\/div>\n<div><\/div>\n<div>\n<div>La\u00a0<span class=\"m_2092262871131103539gmail-il\">Fira<\/span>\u00a0de\u00a0<span class=\"m_2092262871131103539gmail-il\">Llonguet<\/span>\u00a0\u00e9s una iniciativa sense \u00e0nim de lucre creada per l&#8217;Associaci\u00f3 de Ve\u00efns d&#8217;es Pil\u00b7lar\u00ed per recuperar el\u00a0<span class=\"m_2092262871131103539gmail-il\">llonguet<\/span>, un panet t\u00edpic de Palma, en els h\u00e0bits alimentaris. Aquest petit barri rural de Palma, que no s&#8217;esperava l&#8217;\u00e8xit de les dues fires (2015 i 2016), mant\u00e9 el seu afany per recuperar i\u00a0<b>promocionar el producte local de Palma, una tasca gens f\u00e0cil per la forta compet\u00e8ncia de la ind\u00fastria\u00a0<span class=\"m_2092262871131103539gmail-il\">del<\/span>\u00a0pa congelat.<\/b><\/div>\n<div><\/div>\n<div>Recentment, l&#8217;Associaci\u00f3 de Ve\u00efns d&#8217;Es Pil\u00b7lar\u00ed, per protegir la seva identitat enfront d&#8217;altres possibles esdeveniments que es puguin organitzar i vist l&#8217;augment\u00a0<span class=\"m_2092262871131103539gmail-il\">del<\/span>\u00a0consum\u00a0<span class=\"m_2092262871131103539gmail-il\">del<\/span>\u00a0<span class=\"m_2092262871131103539gmail-il\">llong<wbr \/>uet<\/span>, va decidir presentar sol\u00b7licitud de marca davant l&#8217;Oficina Espanyola de Patents i Marques. La sorpresa va arribar en saber que\u00a0<b>qui s&#8217;havia oposat al registre de la marca era Galletas Artiach, propietat d&#8217;Adam Foods, empresa d&#8217;alimentaci\u00f3 i propiet\u00e0ria de marques com La Piara, Cu\u00e9tara o Panrico<\/b>. Amb aquesta oposici\u00f3 neix el conflicte, i \u00e9s que resulta que la gran empresa creu que la caracteritzaci\u00f3\u00a0<span class=\"m_2092262871131103539gmail-il\">del<\/span>\u00a0<span class=\"m_2092262871131103539gmail-il\">llonguet<\/span>de la\u00a0<span class=\"m_2092262871131103539gmail-il\">Fira<\/span>\u00a0<span class=\"m_2092262871131103539gmail-il\">del<\/span>\u00a0<span class=\"m_2092262871131103539gmail-il\">Llonguet<\/span>\u00a0\u00e9s id\u00e8ntic a l&#8217;element gr\u00e0fic de les galetes maria\u00a0<span class=\"m_2092262871131103539gmail-il\">Marb\u00fa<\/span>\u00a0<span class=\"m_2092262871131103539gmail-il\">Dorada<\/span>.<\/div>\n<div><\/div>\n<div>L&#8217;advocat de l&#8217;Associaci\u00f3 de Ve\u00efns d&#8217;es Pil\u00b7lar\u00ed va presentar dimecres passat l&#8217;escrit d&#8217;al\u00b7legacions davant l&#8217;Oficina Espanyola de Patents i Marques, amb seu a Madrid, que s&#8217;encarrega de dirimir aquest tipus de conflictes. Els examinadors d&#8217;aquest organisme seran els encarregats de dictar una resoluci\u00f3 per la qual es decideixi denegar la marca\u00a0<span class=\"m_2092262871131103539gmail-il\">Fira<\/span>\u00a0des\u00a0<span class=\"m_2092262871131103539gmail-il\">Llonguet<\/span>\u00a0i estimar l&#8217;oposici\u00f3 d&#8217;<span class=\"m_2092262871131103539gmail-il\">Marb\u00fa<\/span>\u00a0<span class=\"m_2092262871131103539gmail-il\">Dorada<\/span>\u00a0o, d&#8217;altra banda, concedir la marca a l&#8217;associaci\u00f3 de ve\u00efns.<\/div>\n<\/div>\n<p><!--more--><\/p>\n","protected":false},"excerpt":{"rendered":"<p>Las grandes empresas vuelven a atacar iniciativas mallorquinas. Tras la demanda de Pepsi por el nombre&hellip;<\/p>\n","protected":false},"author":1,"featured_media":39452,"comment_status":"open","ping_status":"closed","sticky":false,"template":"","format":"standard","meta":{"_acf_changed":false,"_swt_meta_header_display":false,"_swt_meta_footer_display":false,"_swt_meta_site_title_display":false,"_swt_meta_sticky_header":false,"_swt_meta_transparent_header":false,"footnotes":""},"categories":[1003],"tags":[],"coauthors":[],"class_list":["post-69921","post","type-post","status-publish","format-standard","has-post-thumbnail","hentry","category-actualitat-es"],"acf":{"gallery":null,"home_date":{"home_begin_date":null,"home_end_date":null}},"yoast_head":"<!-- This site is optimized with the Yoast SEO plugin v27.4 - https:\/\/yoast.com\/product\/yoast-seo-wordpress\/ -->\n<title>Marb\u00fa Dorada contra la Fira del Llonguet - Gastron\u00f2micament<\/title>\n<meta name=\"description\" content=\"Marb\u00fa Dorada contra la Fira del Llonguet Actualitat Las grandes empresas vuelven a atacar iniciativas mallorquinas. Tras la demanda de Pepsi por el nombre de Pep Cola; Adam Foods, propietaria de Cu\u00e9tara, La Piara y Panrico, se opone a que la Fira del Llonguet del Pil\u00b7lar\u00ed registre su marca.\" \/>\n<meta name=\"robots\" content=\"index, follow, max-snippet:-1, max-image-preview:large, max-video-preview:-1\" \/>\n<link rel=\"canonical\" href=\"https:\/\/gastronomicament.cat\/es\/marbu-dorada-contra-la-fira-del-llonguet\" \/>\n<meta property=\"og:locale\" content=\"es_ES\" \/>\n<meta property=\"og:type\" content=\"article\" \/>\n<meta property=\"og:title\" content=\"Marb\u00fa Dorada contra la Fira del Llonguet - Gastron\u00f2micament\" \/>\n<meta property=\"og:description\" content=\"Marb\u00fa Dorada contra la Fira del Llonguet Actualitat Las grandes empresas vuelven a atacar iniciativas mallorquinas. Tras la demanda de Pepsi por el nombre de Pep Cola; Adam Foods, propietaria de Cu\u00e9tara, La Piara y Panrico, se opone a que la Fira del Llonguet del Pil\u00b7lar\u00ed registre su marca.\" \/>\n<meta property=\"og:url\" content=\"https:\/\/gastronomicament.cat\/es\/marbu-dorada-contra-la-fira-del-llonguet\" \/>\n<meta property=\"og:site_name\" content=\"Gastron\u00f2micament\" \/>\n<meta property=\"article:published_time\" content=\"2016-11-10T09:50:48+00:00\" \/>\n<meta property=\"og:image\" content=\"https:\/\/gastronomicament.cat\/wp-content\/uploads\/2016\/11\/cuetara-denuncia-fira-llonguet.jpg\" \/>\n\t<meta property=\"og:image:width\" content=\"950\" \/>\n\t<meta property=\"og:image:height\" content=\"455\" \/>\n\t<meta property=\"og:image:type\" content=\"image\/jpeg\" \/>\n<meta name=\"author\" content=\"Redacci\u00f3\" \/>\n<meta name=\"twitter:card\" content=\"summary_large_image\" \/>\n<meta name=\"twitter:creator\" content=\"@gastronomicamen\" \/>\n<meta name=\"twitter:site\" content=\"@gastronomicamen\" \/>\n<meta name=\"twitter:label1\" content=\"Escrito por\" \/>\n\t<meta name=\"twitter:data1\" content=\"Redacci\u00f3\" \/>\n\t<meta name=\"twitter:label2\" content=\"Tiempo de lectura\" \/>\n\t<meta name=\"twitter:data2\" content=\"2 minutos\" \/>\n\t<meta name=\"twitter:label3\" content=\"Written by\" \/>\n\t<meta name=\"twitter:data3\" content=\"Redacci\u00f3\" \/>\n<script type=\"application\/ld+json\" class=\"yoast-schema-graph\">{\"@context\":\"https:\\\/\\\/schema.org\",\"@graph\":[{\"@type\":\"Article\",\"@id\":\"https:\\\/\\\/gastronomicament.cat\\\/es\\\/marbu-dorada-contra-la-fira-del-llonguet#article\",\"isPartOf\":{\"@id\":\"https:\\\/\\\/gastronomicament.cat\\\/es\\\/marbu-dorada-contra-la-fira-del-llonguet\"},\"author\":{\"name\":\"Redacci\u00f3\",\"@id\":\"https:\\\/\\\/gastronomicament.cat\\\/es\\\/#\\\/schema\\\/person\\\/a7c85c537a1ed62799a5b8e0f686a37f\"},\"headline\":\"Marb\u00fa Dorada contra la Fira del Llonguet\",\"datePublished\":\"2016-11-10T09:50:48+00:00\",\"mainEntityOfPage\":{\"@id\":\"https:\\\/\\\/gastronomicament.cat\\\/es\\\/marbu-dorada-contra-la-fira-del-llonguet\"},\"wordCount\":318,\"commentCount\":0,\"publisher\":{\"@id\":\"https:\\\/\\\/gastronomicament.cat\\\/es\\\/#organization\"},\"image\":{\"@id\":\"https:\\\/\\\/gastronomicament.cat\\\/es\\\/marbu-dorada-contra-la-fira-del-llonguet#primaryimage\"},\"thumbnailUrl\":\"https:\\\/\\\/gastronomicament.cat\\\/wp-content\\\/uploads\\\/2016\\\/11\\\/cuetara-denuncia-fira-llonguet.jpg\",\"articleSection\":[\"Actualitat\"],\"inLanguage\":\"es\",\"potentialAction\":[{\"@type\":\"CommentAction\",\"name\":\"Comment\",\"target\":[\"https:\\\/\\\/gastronomicament.cat\\\/es\\\/marbu-dorada-contra-la-fira-del-llonguet#respond\"]}]},{\"@type\":\"WebPage\",\"@id\":\"https:\\\/\\\/gastronomicament.cat\\\/es\\\/marbu-dorada-contra-la-fira-del-llonguet\",\"url\":\"https:\\\/\\\/gastronomicament.cat\\\/es\\\/marbu-dorada-contra-la-fira-del-llonguet\",\"name\":\"Marb\u00fa Dorada contra la Fira del Llonguet - Gastron\u00f2micament\",\"isPartOf\":{\"@id\":\"https:\\\/\\\/gastronomicament.cat\\\/es\\\/#website\"},\"primaryImageOfPage\":{\"@id\":\"https:\\\/\\\/gastronomicament.cat\\\/es\\\/marbu-dorada-contra-la-fira-del-llonguet#primaryimage\"},\"image\":{\"@id\":\"https:\\\/\\\/gastronomicament.cat\\\/es\\\/marbu-dorada-contra-la-fira-del-llonguet#primaryimage\"},\"thumbnailUrl\":\"https:\\\/\\\/gastronomicament.cat\\\/wp-content\\\/uploads\\\/2016\\\/11\\\/cuetara-denuncia-fira-llonguet.jpg\",\"datePublished\":\"2016-11-10T09:50:48+00:00\",\"description\":\"Marb\u00fa Dorada contra la Fira del Llonguet Actualitat Las grandes empresas vuelven a atacar iniciativas mallorquinas. Tras la demanda de Pepsi por el nombre de Pep Cola; Adam Foods, propietaria de Cu\u00e9tara, La Piara y Panrico, se opone a que la Fira del Llonguet del Pil\u00b7lar\u00ed registre su marca.\",\"inLanguage\":\"es\",\"potentialAction\":[{\"@type\":\"ReadAction\",\"target\":[\"https:\\\/\\\/gastronomicament.cat\\\/es\\\/marbu-dorada-contra-la-fira-del-llonguet\"]}]},{\"@type\":\"ImageObject\",\"inLanguage\":\"es\",\"@id\":\"https:\\\/\\\/gastronomicament.cat\\\/es\\\/marbu-dorada-contra-la-fira-del-llonguet#primaryimage\",\"url\":\"https:\\\/\\\/gastronomicament.cat\\\/wp-content\\\/uploads\\\/2016\\\/11\\\/cuetara-denuncia-fira-llonguet.jpg\",\"contentUrl\":\"https:\\\/\\\/gastronomicament.cat\\\/wp-content\\\/uploads\\\/2016\\\/11\\\/cuetara-denuncia-fira-llonguet.jpg\",\"width\":950,\"height\":455},{\"@type\":\"WebSite\",\"@id\":\"https:\\\/\\\/gastronomicament.cat\\\/es\\\/#website\",\"url\":\"https:\\\/\\\/gastronomicament.cat\\\/es\\\/\",\"name\":\"Gastron\u00f2micament\",\"description\":\"Portal de restaurants, receptes i actualitat gastron\u00f2mica\",\"publisher\":{\"@id\":\"https:\\\/\\\/gastronomicament.cat\\\/es\\\/#organization\"},\"potentialAction\":[{\"@type\":\"SearchAction\",\"target\":{\"@type\":\"EntryPoint\",\"urlTemplate\":\"https:\\\/\\\/gastronomicament.cat\\\/es\\\/?s={search_term_string}\"},\"query-input\":{\"@type\":\"PropertyValueSpecification\",\"valueRequired\":true,\"valueName\":\"search_term_string\"}}],\"inLanguage\":\"es\"},{\"@type\":\"Organization\",\"@id\":\"https:\\\/\\\/gastronomicament.cat\\\/es\\\/#organization\",\"name\":\"Gastron\u00f2micament\",\"url\":\"https:\\\/\\\/gastronomicament.cat\\\/es\\\/\",\"logo\":{\"@type\":\"ImageObject\",\"inLanguage\":\"es\",\"@id\":\"https:\\\/\\\/gastronomicament.cat\\\/es\\\/#\\\/schema\\\/logo\\\/image\\\/\",\"url\":\"https:\\\/\\\/gastronomicament.cat\\\/wp-content\\\/uploads\\\/2016\\\/09\\\/header-logo.jpg\",\"contentUrl\":\"https:\\\/\\\/gastronomicament.cat\\\/wp-content\\\/uploads\\\/2016\\\/09\\\/header-logo.jpg\",\"width\":277,\"height\":39,\"caption\":\"Gastron\u00f2micament\"},\"image\":{\"@id\":\"https:\\\/\\\/gastronomicament.cat\\\/es\\\/#\\\/schema\\\/logo\\\/image\\\/\"},\"sameAs\":[\"https:\\\/\\\/x.com\\\/gastronomicamen\"]},{\"@type\":\"Person\",\"@id\":\"https:\\\/\\\/gastronomicament.cat\\\/es\\\/#\\\/schema\\\/person\\\/a7c85c537a1ed62799a5b8e0f686a37f\",\"name\":\"Redacci\u00f3\",\"image\":{\"@type\":\"ImageObject\",\"inLanguage\":\"es\",\"@id\":\"https:\\\/\\\/secure.gravatar.com\\\/avatar\\\/9489a485c464fd611d33825daae651d13db70c4e74c65c94937a15a9d4c3ee14?s=96&d=mm&r=g69fea3cce3645dfa2166e7293e22955e\",\"url\":\"https:\\\/\\\/secure.gravatar.com\\\/avatar\\\/9489a485c464fd611d33825daae651d13db70c4e74c65c94937a15a9d4c3ee14?s=96&d=mm&r=g\",\"contentUrl\":\"https:\\\/\\\/secure.gravatar.com\\\/avatar\\\/9489a485c464fd611d33825daae651d13db70c4e74c65c94937a15a9d4c3ee14?s=96&d=mm&r=g\",\"caption\":\"Redacci\u00f3\"},\"sameAs\":[\"http:\\\/\\\/gastronomicament.cat\"],\"url\":\"https:\\\/\\\/gastronomicament.cat\\\/es\\\/author\\\/admin\"}]}<\/script>\n<!-- \/ Yoast SEO plugin. -->","yoast_head_json":{"title":"Marb\u00fa Dorada contra la Fira del Llonguet - Gastron\u00f2micament","description":"Marb\u00fa Dorada contra la Fira del Llonguet Actualitat Las grandes empresas vuelven a atacar iniciativas mallorquinas. Tras la demanda de Pepsi por el nombre de Pep Cola; Adam Foods, propietaria de Cu\u00e9tara, La Piara y Panrico, se opone a que la Fira del Llonguet del Pil\u00b7lar\u00ed registre su marca.","robots":{"index":"index","follow":"follow","max-snippet":"max-snippet:-1","max-image-preview":"max-image-preview:large","max-video-preview":"max-video-preview:-1"},"canonical":"https:\/\/gastronomicament.cat\/es\/marbu-dorada-contra-la-fira-del-llonguet","og_locale":"es_ES","og_type":"article","og_title":"Marb\u00fa Dorada contra la Fira del Llonguet - Gastron\u00f2micament","og_description":"Marb\u00fa Dorada contra la Fira del Llonguet Actualitat Las grandes empresas vuelven a atacar iniciativas mallorquinas. Tras la demanda de Pepsi por el nombre de Pep Cola; Adam Foods, propietaria de Cu\u00e9tara, La Piara y Panrico, se opone a que la Fira del Llonguet del Pil\u00b7lar\u00ed registre su marca.","og_url":"https:\/\/gastronomicament.cat\/es\/marbu-dorada-contra-la-fira-del-llonguet","og_site_name":"Gastron\u00f2micament","article_published_time":"2016-11-10T09:50:48+00:00","og_image":[{"width":950,"height":455,"url":"https:\/\/gastronomicament.cat\/wp-content\/uploads\/2016\/11\/cuetara-denuncia-fira-llonguet.jpg","type":"image\/jpeg"}],"author":"Redacci\u00f3","twitter_card":"summary_large_image","twitter_creator":"@gastronomicamen","twitter_site":"@gastronomicamen","twitter_misc":{"Escrito por":"Redacci\u00f3","Tiempo de lectura":"2 minutos","Written by":"Redacci\u00f3"},"schema":{"@context":"https:\/\/schema.org","@graph":[{"@type":"Article","@id":"https:\/\/gastronomicament.cat\/es\/marbu-dorada-contra-la-fira-del-llonguet#article","isPartOf":{"@id":"https:\/\/gastronomicament.cat\/es\/marbu-dorada-contra-la-fira-del-llonguet"},"author":{"name":"Redacci\u00f3","@id":"https:\/\/gastronomicament.cat\/es\/#\/schema\/person\/a7c85c537a1ed62799a5b8e0f686a37f"},"headline":"Marb\u00fa Dorada contra la Fira del Llonguet","datePublished":"2016-11-10T09:50:48+00:00","mainEntityOfPage":{"@id":"https:\/\/gastronomicament.cat\/es\/marbu-dorada-contra-la-fira-del-llonguet"},"wordCount":318,"commentCount":0,"publisher":{"@id":"https:\/\/gastronomicament.cat\/es\/#organization"},"image":{"@id":"https:\/\/gastronomicament.cat\/es\/marbu-dorada-contra-la-fira-del-llonguet#primaryimage"},"thumbnailUrl":"https:\/\/gastronomicament.cat\/wp-content\/uploads\/2016\/11\/cuetara-denuncia-fira-llonguet.jpg","articleSection":["Actualitat"],"inLanguage":"es","potentialAction":[{"@type":"CommentAction","name":"Comment","target":["https:\/\/gastronomicament.cat\/es\/marbu-dorada-contra-la-fira-del-llonguet#respond"]}]},{"@type":"WebPage","@id":"https:\/\/gastronomicament.cat\/es\/marbu-dorada-contra-la-fira-del-llonguet","url":"https:\/\/gastronomicament.cat\/es\/marbu-dorada-contra-la-fira-del-llonguet","name":"Marb\u00fa Dorada contra la Fira del Llonguet - Gastron\u00f2micament","isPartOf":{"@id":"https:\/\/gastronomicament.cat\/es\/#website"},"primaryImageOfPage":{"@id":"https:\/\/gastronomicament.cat\/es\/marbu-dorada-contra-la-fira-del-llonguet#primaryimage"},"image":{"@id":"https:\/\/gastronomicament.cat\/es\/marbu-dorada-contra-la-fira-del-llonguet#primaryimage"},"thumbnailUrl":"https:\/\/gastronomicament.cat\/wp-content\/uploads\/2016\/11\/cuetara-denuncia-fira-llonguet.jpg","datePublished":"2016-11-10T09:50:48+00:00","description":"Marb\u00fa Dorada contra la Fira del Llonguet Actualitat Las grandes empresas vuelven a atacar iniciativas mallorquinas. Tras la demanda de Pepsi por el nombre de Pep Cola; Adam Foods, propietaria de Cu\u00e9tara, La Piara y Panrico, se opone a que la Fira del Llonguet del Pil\u00b7lar\u00ed registre su marca.","inLanguage":"es","potentialAction":[{"@type":"ReadAction","target":["https:\/\/gastronomicament.cat\/es\/marbu-dorada-contra-la-fira-del-llonguet"]}]},{"@type":"ImageObject","inLanguage":"es","@id":"https:\/\/gastronomicament.cat\/es\/marbu-dorada-contra-la-fira-del-llonguet#primaryimage","url":"https:\/\/gastronomicament.cat\/wp-content\/uploads\/2016\/11\/cuetara-denuncia-fira-llonguet.jpg","contentUrl":"https:\/\/gastronomicament.cat\/wp-content\/uploads\/2016\/11\/cuetara-denuncia-fira-llonguet.jpg","width":950,"height":455},{"@type":"WebSite","@id":"https:\/\/gastronomicament.cat\/es\/#website","url":"https:\/\/gastronomicament.cat\/es\/","name":"Gastron\u00f2micament","description":"Portal de restaurants, receptes i actualitat gastron\u00f2mica","publisher":{"@id":"https:\/\/gastronomicament.cat\/es\/#organization"},"potentialAction":[{"@type":"SearchAction","target":{"@type":"EntryPoint","urlTemplate":"https:\/\/gastronomicament.cat\/es\/?s={search_term_string}"},"query-input":{"@type":"PropertyValueSpecification","valueRequired":true,"valueName":"search_term_string"}}],"inLanguage":"es"},{"@type":"Organization","@id":"https:\/\/gastronomicament.cat\/es\/#organization","name":"Gastron\u00f2micament","url":"https:\/\/gastronomicament.cat\/es\/","logo":{"@type":"ImageObject","inLanguage":"es","@id":"https:\/\/gastronomicament.cat\/es\/#\/schema\/logo\/image\/","url":"https:\/\/gastronomicament.cat\/wp-content\/uploads\/2016\/09\/header-logo.jpg","contentUrl":"https:\/\/gastronomicament.cat\/wp-content\/uploads\/2016\/09\/header-logo.jpg","width":277,"height":39,"caption":"Gastron\u00f2micament"},"image":{"@id":"https:\/\/gastronomicament.cat\/es\/#\/schema\/logo\/image\/"},"sameAs":["https:\/\/x.com\/gastronomicamen"]},{"@type":"Person","@id":"https:\/\/gastronomicament.cat\/es\/#\/schema\/person\/a7c85c537a1ed62799a5b8e0f686a37f","name":"Redacci\u00f3","image":{"@type":"ImageObject","inLanguage":"es","@id":"https:\/\/secure.gravatar.com\/avatar\/9489a485c464fd611d33825daae651d13db70c4e74c65c94937a15a9d4c3ee14?s=96&d=mm&r=g69fea3cce3645dfa2166e7293e22955e","url":"https:\/\/secure.gravatar.com\/avatar\/9489a485c464fd611d33825daae651d13db70c4e74c65c94937a15a9d4c3ee14?s=96&d=mm&r=g","contentUrl":"https:\/\/secure.gravatar.com\/avatar\/9489a485c464fd611d33825daae651d13db70c4e74c65c94937a15a9d4c3ee14?s=96&d=mm&r=g","caption":"Redacci\u00f3"},"sameAs":["http:\/\/gastronomicament.cat"],"url":"https:\/\/gastronomicament.cat\/es\/author\/admin"}]}},"_links":{"self":[{"href":"https:\/\/gastronomicament.cat\/es\/wp-json\/wp\/v2\/posts\/69921","targetHints":{"allow":["GET"]}}],"collection":[{"href":"https:\/\/gastronomicament.cat\/es\/wp-json\/wp\/v2\/posts"}],"about":[{"href":"https:\/\/gastronomicament.cat\/es\/wp-json\/wp\/v2\/types\/post"}],"author":[{"embeddable":true,"href":"https:\/\/gastronomicament.cat\/es\/wp-json\/wp\/v2\/users\/1"}],"replies":[{"embeddable":true,"href":"https:\/\/gastronomicament.cat\/es\/wp-json\/wp\/v2\/comments?post=69921"}],"version-history":[{"count":0,"href":"https:\/\/gastronomicament.cat\/es\/wp-json\/wp\/v2\/posts\/69921\/revisions"}],"wp:featuredmedia":[{"embeddable":true,"href":"https:\/\/gastronomicament.cat\/es\/wp-json\/wp\/v2\/media\/39452"}],"wp:attachment":[{"href":"https:\/\/gastronomicament.cat\/es\/wp-json\/wp\/v2\/media?parent=69921"}],"wp:term":[{"taxonomy":"category","embeddable":true,"href":"https:\/\/gastronomicament.cat\/es\/wp-json\/wp\/v2\/categories?post=69921"},{"taxonomy":"post_tag","embeddable":true,"href":"https:\/\/gastronomicament.cat\/es\/wp-json\/wp\/v2\/tags?post=69921"},{"taxonomy":"author","embeddable":true,"href":"https:\/\/gastronomicament.cat\/es\/wp-json\/wp\/v2\/coauthors?post=69921"}],"curies":[{"name":"wp","href":"https:\/\/api.w.org\/{rel}","templated":true}]}}