{"id":70428,"date":"2016-01-27T01:17:51","date_gmt":"2016-01-27T00:17:51","guid":{"rendered":"https:\/\/gastronomicament.cat\/exit-de-les-propostes-de-perez-arellano-a-madrid-fusion"},"modified":"2022-04-09T10:56:41","modified_gmt":"2022-04-09T08:56:41","slug":"exit-de-les-propostes-de-perez-arellano-a-madrid-fusion","status":"publish","type":"post","link":"https:\/\/gastronomicament.cat\/es\/exit-de-les-propostes-de-perez-arellano-a-madrid-fusion","title":{"rendered":"\u00c8xit de les propostes de P\u00e9rez Arellano a Madrid Fusion"},"content":{"rendered":"<p>Amanida de card arrissat amb eri\u00e7\u00f3, ametlla tendra i emulsi\u00f3 de poma i Oli de Mallorca; t\u00e0rtar de sardina fumada amb vinagreta de confitura de llimona de S\u00f3ller i Oli de Mallorca; i un pamboli amb varia i t\u00f2fona negra marinada a Oli de Mallorca, han estat les tres propostes que el xef Fernando P\u00e9rez Arellano, amb dues estrelles Michelin, ha servit a l&#8217;espai de la DO Oli de Mallorca a l&#8217;estand de les Illes Balears a Madrid Fusion.<\/p>\n<p>Els olis del consell regulador han comptat per al primer dia d&#8217;aquesta edici\u00f3 del congr\u00e9s gastron\u00f2mic amb un ambaixador d&#8217;excepci\u00f3 com Arellano, que ha sabut transmetre en forma d&#8217;una degustaci\u00f3 de tapes l&#8217;ess\u00e8ncia de l&#8217;oli d&#8217;oliva verge extra de Mallorca.<\/p>\n<p>La qualitat i matisos dels olis de la DO Oli de Mallorca, de les varietats arbequina, piqual i mallorquina, no van passar desapercebudes, sorprenent visitants de llocs tan diversos com Taiwan o Argentina, per\u00f2 tamb\u00e9 entre els visitants estatals.<\/p>\n<p>La DO Oli de Mallorca ha estat present a Madrird Fusion fins a la finalitzaci\u00f3 del congr\u00e9s, el dimecres dia 27 de gener.<!--more--><\/p>\n","protected":false},"excerpt":{"rendered":"<p>Ha cuinat i servit a l&#8217;espai de la DO Oli de Mallorca a l&#8217;estand de les&hellip;<\/p>\n","protected":false},"author":1,"featured_media":38918,"comment_status":"open","ping_status":"closed","sticky":false,"template":"","format":"gallery","meta":{"_acf_changed":false,"_swt_meta_header_display":false,"_swt_meta_footer_display":false,"_swt_meta_site_title_display":false,"_swt_meta_sticky_header":false,"_swt_meta_transparent_header":false,"footnotes":""},"categories":[1003],"tags":[],"coauthors":[],"class_list":["post-70428","post","type-post","status-publish","format-gallery","has-post-thumbnail","hentry","category-actualitat-es","post_format-post-format-gallery"],"acf":{"gallery":null,"home_date":{"home_begin_date":null,"home_end_date":null}},"yoast_head":"<!-- This site is optimized with the Yoast SEO plugin v27.4 - https:\/\/yoast.com\/product\/yoast-seo-wordpress\/ -->\n<title>\u00c8xit de les propostes de P\u00e9rez Arellano a Madrid Fusion<\/title>\n<meta name=\"description\" content=\"\u00c8xit de les propostes de P\u00e9rez Arellano a Madrid Fusion - \u00c9xito de las propuestas de P\u00e9rez Arellano en Madrid Fusion\" \/>\n<meta name=\"robots\" content=\"index, follow, max-snippet:-1, max-image-preview:large, max-video-preview:-1\" \/>\n<link rel=\"canonical\" href=\"https:\/\/gastronomicament.cat\/es\/exit-de-les-propostes-de-perez-arellano-a-madrid-fusion\" \/>\n<meta property=\"og:locale\" content=\"es_ES\" \/>\n<meta property=\"og:type\" content=\"article\" \/>\n<meta property=\"og:title\" content=\"\u00c8xit de les propostes de P\u00e9rez Arellano a Madrid Fusion\" \/>\n<meta property=\"og:description\" content=\"\u00c8xit de les propostes de P\u00e9rez Arellano a Madrid Fusion - \u00c9xito de las propuestas de P\u00e9rez Arellano en Madrid Fusion\" \/>\n<meta property=\"og:url\" content=\"https:\/\/gastronomicament.cat\/es\/exit-de-les-propostes-de-perez-arellano-a-madrid-fusion\" \/>\n<meta property=\"og:site_name\" content=\"Gastron\u00f2micament\" \/>\n<meta property=\"article:published_time\" content=\"2016-01-27T00:17:51+00:00\" \/>\n<meta property=\"article:modified_time\" content=\"2022-04-09T08:56:41+00:00\" \/>\n<meta property=\"og:image\" content=\"https:\/\/gastronomicament.cat\/wp-content\/uploads\/2016\/01\/fernando-perez-arellano-2-estrellas-michelin-1024x576.jpg\" \/>\n\t<meta property=\"og:image:width\" content=\"1024\" \/>\n\t<meta property=\"og:image:height\" content=\"576\" \/>\n\t<meta property=\"og:image:type\" content=\"image\/jpeg\" \/>\n<meta name=\"author\" content=\"Redacci\u00f3\" \/>\n<meta name=\"twitter:card\" content=\"summary_large_image\" \/>\n<meta name=\"twitter:creator\" content=\"@gastronomicamen\" \/>\n<meta name=\"twitter:site\" content=\"@gastronomicamen\" \/>\n<meta name=\"twitter:label1\" content=\"Escrito por\" \/>\n\t<meta name=\"twitter:data1\" content=\"Redacci\u00f3\" \/>\n\t<meta name=\"twitter:label2\" content=\"Tiempo de lectura\" \/>\n\t<meta name=\"twitter:data2\" content=\"1 minuto\" \/>\n\t<meta name=\"twitter:label3\" content=\"Written by\" \/>\n\t<meta name=\"twitter:data3\" content=\"Redacci\u00f3\" \/>\n<script type=\"application\/ld+json\" class=\"yoast-schema-graph\">{\"@context\":\"https:\\\/\\\/schema.org\",\"@graph\":[{\"@type\":\"Article\",\"@id\":\"https:\\\/\\\/gastronomicament.cat\\\/es\\\/exit-de-les-propostes-de-perez-arellano-a-madrid-fusion#article\",\"isPartOf\":{\"@id\":\"https:\\\/\\\/gastronomicament.cat\\\/es\\\/exit-de-les-propostes-de-perez-arellano-a-madrid-fusion\"},\"author\":{\"name\":\"Redacci\u00f3\",\"@id\":\"https:\\\/\\\/gastronomicament.cat\\\/es\\\/#\\\/schema\\\/person\\\/a7c85c537a1ed62799a5b8e0f686a37f\"},\"headline\":\"\u00c8xit de les propostes de P\u00e9rez Arellano a Madrid Fusion\",\"datePublished\":\"2016-01-27T00:17:51+00:00\",\"dateModified\":\"2022-04-09T08:56:41+00:00\",\"mainEntityOfPage\":{\"@id\":\"https:\\\/\\\/gastronomicament.cat\\\/es\\\/exit-de-les-propostes-de-perez-arellano-a-madrid-fusion\"},\"wordCount\":199,\"commentCount\":0,\"publisher\":{\"@id\":\"https:\\\/\\\/gastronomicament.cat\\\/es\\\/#organization\"},\"image\":{\"@id\":\"https:\\\/\\\/gastronomicament.cat\\\/es\\\/exit-de-les-propostes-de-perez-arellano-a-madrid-fusion#primaryimage\"},\"thumbnailUrl\":\"https:\\\/\\\/gastronomicament.cat\\\/wp-content\\\/uploads\\\/2016\\\/01\\\/fernando-perez-arellano-2-estrellas-michelin.jpg\",\"articleSection\":[\"Actualitat\"],\"inLanguage\":\"es\",\"potentialAction\":[{\"@type\":\"CommentAction\",\"name\":\"Comment\",\"target\":[\"https:\\\/\\\/gastronomicament.cat\\\/es\\\/exit-de-les-propostes-de-perez-arellano-a-madrid-fusion#respond\"]}]},{\"@type\":\"WebPage\",\"@id\":\"https:\\\/\\\/gastronomicament.cat\\\/es\\\/exit-de-les-propostes-de-perez-arellano-a-madrid-fusion\",\"url\":\"https:\\\/\\\/gastronomicament.cat\\\/es\\\/exit-de-les-propostes-de-perez-arellano-a-madrid-fusion\",\"name\":\"\u00c8xit de les propostes de P\u00e9rez Arellano a Madrid Fusion\",\"isPartOf\":{\"@id\":\"https:\\\/\\\/gastronomicament.cat\\\/es\\\/#website\"},\"primaryImageOfPage\":{\"@id\":\"https:\\\/\\\/gastronomicament.cat\\\/es\\\/exit-de-les-propostes-de-perez-arellano-a-madrid-fusion#primaryimage\"},\"image\":{\"@id\":\"https:\\\/\\\/gastronomicament.cat\\\/es\\\/exit-de-les-propostes-de-perez-arellano-a-madrid-fusion#primaryimage\"},\"thumbnailUrl\":\"https:\\\/\\\/gastronomicament.cat\\\/wp-content\\\/uploads\\\/2016\\\/01\\\/fernando-perez-arellano-2-estrellas-michelin.jpg\",\"datePublished\":\"2016-01-27T00:17:51+00:00\",\"dateModified\":\"2022-04-09T08:56:41+00:00\",\"description\":\"\u00c8xit de les propostes de P\u00e9rez Arellano a Madrid Fusion - \u00c9xito de las propuestas de P\u00e9rez Arellano en Madrid Fusion\",\"inLanguage\":\"es\",\"potentialAction\":[{\"@type\":\"ReadAction\",\"target\":[\"https:\\\/\\\/gastronomicament.cat\\\/es\\\/exit-de-les-propostes-de-perez-arellano-a-madrid-fusion\"]}]},{\"@type\":\"ImageObject\",\"inLanguage\":\"es\",\"@id\":\"https:\\\/\\\/gastronomicament.cat\\\/es\\\/exit-de-les-propostes-de-perez-arellano-a-madrid-fusion#primaryimage\",\"url\":\"https:\\\/\\\/gastronomicament.cat\\\/wp-content\\\/uploads\\\/2016\\\/01\\\/fernando-perez-arellano-2-estrellas-michelin.jpg\",\"contentUrl\":\"https:\\\/\\\/gastronomicament.cat\\\/wp-content\\\/uploads\\\/2016\\\/01\\\/fernando-perez-arellano-2-estrellas-michelin.jpg\",\"width\":5312,\"height\":2988},{\"@type\":\"WebSite\",\"@id\":\"https:\\\/\\\/gastronomicament.cat\\\/es\\\/#website\",\"url\":\"https:\\\/\\\/gastronomicament.cat\\\/es\\\/\",\"name\":\"Gastron\u00f2micament\",\"description\":\"Portal de restaurants, receptes i actualitat gastron\u00f2mica\",\"publisher\":{\"@id\":\"https:\\\/\\\/gastronomicament.cat\\\/es\\\/#organization\"},\"potentialAction\":[{\"@type\":\"SearchAction\",\"target\":{\"@type\":\"EntryPoint\",\"urlTemplate\":\"https:\\\/\\\/gastronomicament.cat\\\/es\\\/?s={search_term_string}\"},\"query-input\":{\"@type\":\"PropertyValueSpecification\",\"valueRequired\":true,\"valueName\":\"search_term_string\"}}],\"inLanguage\":\"es\"},{\"@type\":\"Organization\",\"@id\":\"https:\\\/\\\/gastronomicament.cat\\\/es\\\/#organization\",\"name\":\"Gastron\u00f2micament\",\"url\":\"https:\\\/\\\/gastronomicament.cat\\\/es\\\/\",\"logo\":{\"@type\":\"ImageObject\",\"inLanguage\":\"es\",\"@id\":\"https:\\\/\\\/gastronomicament.cat\\\/es\\\/#\\\/schema\\\/logo\\\/image\\\/\",\"url\":\"https:\\\/\\\/gastronomicament.cat\\\/wp-content\\\/uploads\\\/2016\\\/09\\\/header-logo.jpg\",\"contentUrl\":\"https:\\\/\\\/gastronomicament.cat\\\/wp-content\\\/uploads\\\/2016\\\/09\\\/header-logo.jpg\",\"width\":277,\"height\":39,\"caption\":\"Gastron\u00f2micament\"},\"image\":{\"@id\":\"https:\\\/\\\/gastronomicament.cat\\\/es\\\/#\\\/schema\\\/logo\\\/image\\\/\"},\"sameAs\":[\"https:\\\/\\\/x.com\\\/gastronomicamen\"]},{\"@type\":\"Person\",\"@id\":\"https:\\\/\\\/gastronomicament.cat\\\/es\\\/#\\\/schema\\\/person\\\/a7c85c537a1ed62799a5b8e0f686a37f\",\"name\":\"Redacci\u00f3\",\"image\":{\"@type\":\"ImageObject\",\"inLanguage\":\"es\",\"@id\":\"https:\\\/\\\/secure.gravatar.com\\\/avatar\\\/9489a485c464fd611d33825daae651d13db70c4e74c65c94937a15a9d4c3ee14?s=96&d=mm&r=g69fea3cce3645dfa2166e7293e22955e\",\"url\":\"https:\\\/\\\/secure.gravatar.com\\\/avatar\\\/9489a485c464fd611d33825daae651d13db70c4e74c65c94937a15a9d4c3ee14?s=96&d=mm&r=g\",\"contentUrl\":\"https:\\\/\\\/secure.gravatar.com\\\/avatar\\\/9489a485c464fd611d33825daae651d13db70c4e74c65c94937a15a9d4c3ee14?s=96&d=mm&r=g\",\"caption\":\"Redacci\u00f3\"},\"sameAs\":[\"http:\\\/\\\/gastronomicament.cat\"],\"url\":\"https:\\\/\\\/gastronomicament.cat\\\/es\\\/author\\\/admin\"}]}<\/script>\n<!-- \/ Yoast SEO plugin. -->","yoast_head_json":{"title":"\u00c8xit de les propostes de P\u00e9rez Arellano a Madrid Fusion","description":"\u00c8xit de les propostes de P\u00e9rez Arellano a Madrid Fusion - \u00c9xito de las propuestas de P\u00e9rez Arellano en Madrid Fusion","robots":{"index":"index","follow":"follow","max-snippet":"max-snippet:-1","max-image-preview":"max-image-preview:large","max-video-preview":"max-video-preview:-1"},"canonical":"https:\/\/gastronomicament.cat\/es\/exit-de-les-propostes-de-perez-arellano-a-madrid-fusion","og_locale":"es_ES","og_type":"article","og_title":"\u00c8xit de les propostes de P\u00e9rez Arellano a Madrid Fusion","og_description":"\u00c8xit de les propostes de P\u00e9rez Arellano a Madrid Fusion - \u00c9xito de las propuestas de P\u00e9rez Arellano en Madrid Fusion","og_url":"https:\/\/gastronomicament.cat\/es\/exit-de-les-propostes-de-perez-arellano-a-madrid-fusion","og_site_name":"Gastron\u00f2micament","article_published_time":"2016-01-27T00:17:51+00:00","article_modified_time":"2022-04-09T08:56:41+00:00","og_image":[{"width":1024,"height":576,"url":"https:\/\/gastronomicament.cat\/wp-content\/uploads\/2016\/01\/fernando-perez-arellano-2-estrellas-michelin-1024x576.jpg","type":"image\/jpeg"}],"author":"Redacci\u00f3","twitter_card":"summary_large_image","twitter_creator":"@gastronomicamen","twitter_site":"@gastronomicamen","twitter_misc":{"Escrito por":"Redacci\u00f3","Tiempo de lectura":"1 minuto","Written by":"Redacci\u00f3"},"schema":{"@context":"https:\/\/schema.org","@graph":[{"@type":"Article","@id":"https:\/\/gastronomicament.cat\/es\/exit-de-les-propostes-de-perez-arellano-a-madrid-fusion#article","isPartOf":{"@id":"https:\/\/gastronomicament.cat\/es\/exit-de-les-propostes-de-perez-arellano-a-madrid-fusion"},"author":{"name":"Redacci\u00f3","@id":"https:\/\/gastronomicament.cat\/es\/#\/schema\/person\/a7c85c537a1ed62799a5b8e0f686a37f"},"headline":"\u00c8xit de les propostes de P\u00e9rez Arellano a Madrid Fusion","datePublished":"2016-01-27T00:17:51+00:00","dateModified":"2022-04-09T08:56:41+00:00","mainEntityOfPage":{"@id":"https:\/\/gastronomicament.cat\/es\/exit-de-les-propostes-de-perez-arellano-a-madrid-fusion"},"wordCount":199,"commentCount":0,"publisher":{"@id":"https:\/\/gastronomicament.cat\/es\/#organization"},"image":{"@id":"https:\/\/gastronomicament.cat\/es\/exit-de-les-propostes-de-perez-arellano-a-madrid-fusion#primaryimage"},"thumbnailUrl":"https:\/\/gastronomicament.cat\/wp-content\/uploads\/2016\/01\/fernando-perez-arellano-2-estrellas-michelin.jpg","articleSection":["Actualitat"],"inLanguage":"es","potentialAction":[{"@type":"CommentAction","name":"Comment","target":["https:\/\/gastronomicament.cat\/es\/exit-de-les-propostes-de-perez-arellano-a-madrid-fusion#respond"]}]},{"@type":"WebPage","@id":"https:\/\/gastronomicament.cat\/es\/exit-de-les-propostes-de-perez-arellano-a-madrid-fusion","url":"https:\/\/gastronomicament.cat\/es\/exit-de-les-propostes-de-perez-arellano-a-madrid-fusion","name":"\u00c8xit de les propostes de P\u00e9rez Arellano a Madrid Fusion","isPartOf":{"@id":"https:\/\/gastronomicament.cat\/es\/#website"},"primaryImageOfPage":{"@id":"https:\/\/gastronomicament.cat\/es\/exit-de-les-propostes-de-perez-arellano-a-madrid-fusion#primaryimage"},"image":{"@id":"https:\/\/gastronomicament.cat\/es\/exit-de-les-propostes-de-perez-arellano-a-madrid-fusion#primaryimage"},"thumbnailUrl":"https:\/\/gastronomicament.cat\/wp-content\/uploads\/2016\/01\/fernando-perez-arellano-2-estrellas-michelin.jpg","datePublished":"2016-01-27T00:17:51+00:00","dateModified":"2022-04-09T08:56:41+00:00","description":"\u00c8xit de les propostes de P\u00e9rez Arellano a Madrid Fusion - \u00c9xito de las propuestas de P\u00e9rez Arellano en Madrid Fusion","inLanguage":"es","potentialAction":[{"@type":"ReadAction","target":["https:\/\/gastronomicament.cat\/es\/exit-de-les-propostes-de-perez-arellano-a-madrid-fusion"]}]},{"@type":"ImageObject","inLanguage":"es","@id":"https:\/\/gastronomicament.cat\/es\/exit-de-les-propostes-de-perez-arellano-a-madrid-fusion#primaryimage","url":"https:\/\/gastronomicament.cat\/wp-content\/uploads\/2016\/01\/fernando-perez-arellano-2-estrellas-michelin.jpg","contentUrl":"https:\/\/gastronomicament.cat\/wp-content\/uploads\/2016\/01\/fernando-perez-arellano-2-estrellas-michelin.jpg","width":5312,"height":2988},{"@type":"WebSite","@id":"https:\/\/gastronomicament.cat\/es\/#website","url":"https:\/\/gastronomicament.cat\/es\/","name":"Gastron\u00f2micament","description":"Portal de restaurants, receptes i actualitat gastron\u00f2mica","publisher":{"@id":"https:\/\/gastronomicament.cat\/es\/#organization"},"potentialAction":[{"@type":"SearchAction","target":{"@type":"EntryPoint","urlTemplate":"https:\/\/gastronomicament.cat\/es\/?s={search_term_string}"},"query-input":{"@type":"PropertyValueSpecification","valueRequired":true,"valueName":"search_term_string"}}],"inLanguage":"es"},{"@type":"Organization","@id":"https:\/\/gastronomicament.cat\/es\/#organization","name":"Gastron\u00f2micament","url":"https:\/\/gastronomicament.cat\/es\/","logo":{"@type":"ImageObject","inLanguage":"es","@id":"https:\/\/gastronomicament.cat\/es\/#\/schema\/logo\/image\/","url":"https:\/\/gastronomicament.cat\/wp-content\/uploads\/2016\/09\/header-logo.jpg","contentUrl":"https:\/\/gastronomicament.cat\/wp-content\/uploads\/2016\/09\/header-logo.jpg","width":277,"height":39,"caption":"Gastron\u00f2micament"},"image":{"@id":"https:\/\/gastronomicament.cat\/es\/#\/schema\/logo\/image\/"},"sameAs":["https:\/\/x.com\/gastronomicamen"]},{"@type":"Person","@id":"https:\/\/gastronomicament.cat\/es\/#\/schema\/person\/a7c85c537a1ed62799a5b8e0f686a37f","name":"Redacci\u00f3","image":{"@type":"ImageObject","inLanguage":"es","@id":"https:\/\/secure.gravatar.com\/avatar\/9489a485c464fd611d33825daae651d13db70c4e74c65c94937a15a9d4c3ee14?s=96&d=mm&r=g69fea3cce3645dfa2166e7293e22955e","url":"https:\/\/secure.gravatar.com\/avatar\/9489a485c464fd611d33825daae651d13db70c4e74c65c94937a15a9d4c3ee14?s=96&d=mm&r=g","contentUrl":"https:\/\/secure.gravatar.com\/avatar\/9489a485c464fd611d33825daae651d13db70c4e74c65c94937a15a9d4c3ee14?s=96&d=mm&r=g","caption":"Redacci\u00f3"},"sameAs":["http:\/\/gastronomicament.cat"],"url":"https:\/\/gastronomicament.cat\/es\/author\/admin"}]}},"_links":{"self":[{"href":"https:\/\/gastronomicament.cat\/es\/wp-json\/wp\/v2\/posts\/70428","targetHints":{"allow":["GET"]}}],"collection":[{"href":"https:\/\/gastronomicament.cat\/es\/wp-json\/wp\/v2\/posts"}],"about":[{"href":"https:\/\/gastronomicament.cat\/es\/wp-json\/wp\/v2\/types\/post"}],"author":[{"embeddable":true,"href":"https:\/\/gastronomicament.cat\/es\/wp-json\/wp\/v2\/users\/1"}],"replies":[{"embeddable":true,"href":"https:\/\/gastronomicament.cat\/es\/wp-json\/wp\/v2\/comments?post=70428"}],"version-history":[{"count":0,"href":"https:\/\/gastronomicament.cat\/es\/wp-json\/wp\/v2\/posts\/70428\/revisions"}],"wp:featuredmedia":[{"embeddable":true,"href":"https:\/\/gastronomicament.cat\/es\/wp-json\/wp\/v2\/media\/38918"}],"wp:attachment":[{"href":"https:\/\/gastronomicament.cat\/es\/wp-json\/wp\/v2\/media?parent=70428"}],"wp:term":[{"taxonomy":"category","embeddable":true,"href":"https:\/\/gastronomicament.cat\/es\/wp-json\/wp\/v2\/categories?post=70428"},{"taxonomy":"post_tag","embeddable":true,"href":"https:\/\/gastronomicament.cat\/es\/wp-json\/wp\/v2\/tags?post=70428"},{"taxonomy":"author","embeddable":true,"href":"https:\/\/gastronomicament.cat\/es\/wp-json\/wp\/v2\/coauthors?post=70428"}],"curies":[{"name":"wp","href":"https:\/\/api.w.org\/{rel}","templated":true}]}}