{"id":70463,"date":"2015-12-15T13:00:33","date_gmt":"2015-12-15T12:00:33","guid":{"rendered":"https:\/\/gastronomicament.cat\/santiago-martorell-de-lies-juniper-serra-guanyador-del-iv-concurs-de-cuina-rapida-amb-oli-de-mallorca"},"modified":"2015-12-15T13:00:33","modified_gmt":"2015-12-15T12:00:33","slug":"santiago-martorell-de-lies-juniper-serra-guanyador-del-iv-concurs-de-cuina-rapida-amb-oli-de-mallorca","status":"publish","type":"post","link":"https:\/\/gastronomicament.cat\/es\/santiago-martorell-de-lies-juniper-serra-guanyador-del-iv-concurs-de-cuina-rapida-amb-oli-de-mallorca","title":{"rendered":"Santiago Martorell, de l\u2019IES Jun\u00edper Serra, guanyador del IV Concurs de Cuina R\u00e0pida  amb Oli de Mallorca"},"content":{"rendered":"<p>Santiago Martorell, alumne de segon curs de Cuina de l\u2019IES Jun\u00edper Serra, ha resultat guanyador del IV Concurs de Cuina R\u00e0pida amb Oli de Mallorca amb un \u2018Magret amb crema d\u2019Oli de Mallorca i agredol\u00e7 de magrana\u2019.<\/p>\n<p>Ignacio Javier G\u00f3mez i Llu\u00eds Cardell, de la EHIB, quedaren ena segona i tercera posici\u00f3 respectivament amb un \u2018Bacall\u00e0 confitat amb tallarins i merengue d\u2019Oli de Mallorca\u2019 i un \u2018Bacall\u00e0 confitat amb Oli de Mallorca, glacejat de maionesa picant crem\u00f3s de remolatxa i ametlles\u2019.<\/p>\n<p>Un total de 6 finalistes dels centres IES Jun\u00edper Serra i l\u2019Escola d\u2019Hoteleria de les Illes Balears presentaren ahir a l\u2019Escola d\u2019Hoteleria de les Illes Balears els seus plats a un jurat format per en Sebasti\u00e0 Solivellas, del Consell Regulador de la DO Oli de Mallorca; Antoni Aguil\u00f3, vicerrector de Campus, Cooperaci\u00f3 i Universitat Saludable; Bep Al\u00b7l\u00e8s, president de l\u2019Associaci\u00f3 de Periodistes i Escriptors Gastron\u00f2mics; Miquel \u00c0ngel Frau, cap de l\u2019Institut de Qualitat Aliment\u00e0ria i Margalida Alemany, cuinera.<\/p>\n<p>Aquest concurs dirigit a alumnes de cuina de centres de Mallorca pret\u00e9n divulgar l\u2019\u00fas de l\u2019oli d\u2019oliva verge extra com a ingredient d\u2019una cuina saludable, equilibrada i gustosa, aspectes que no tenen perqu\u00e8 ser incompatibles amb el que tenen poc temps per dedicar a la cuina.<!--more--><\/p>\n","protected":false},"excerpt":{"rendered":"<p>Ha elaborat la recepta de Magret amb crema d\u2019Oli de Mallorca i agredol\u00e7 de magrana.<\/p>\n","protected":false},"author":1,"featured_media":38887,"comment_status":"open","ping_status":"closed","sticky":false,"template":"","format":"standard","meta":{"_acf_changed":false,"_swt_meta_header_display":false,"_swt_meta_footer_display":false,"_swt_meta_site_title_display":false,"_swt_meta_sticky_header":false,"_swt_meta_transparent_header":false,"footnotes":""},"categories":[1003],"tags":[],"coauthors":[],"class_list":["post-70463","post","type-post","status-publish","format-standard","has-post-thumbnail","hentry","category-actualitat-es"],"acf":{"gallery":null,"home_date":{"home_begin_date":null,"home_end_date":null}},"yoast_head":"<!-- This site is optimized with the Yoast SEO plugin v27.4 - https:\/\/yoast.com\/product\/yoast-seo-wordpress\/ -->\n<title>Santiago Martorell guanyador IV Concurs Cuina R\u00e0pida Oli de Mallorca<\/title>\n<meta name=\"description\" content=\"Santiago Martorell, de l\u2019IES Jun\u00edper Serra, guanyador del IV Concurs de Cuina R\u00e0pida amb Oli de Mallorca\" \/>\n<meta name=\"robots\" content=\"index, follow, max-snippet:-1, max-image-preview:large, max-video-preview:-1\" \/>\n<link rel=\"canonical\" href=\"https:\/\/gastronomicament.cat\/es\/santiago-martorell-de-lies-juniper-serra-guanyador-del-iv-concurs-de-cuina-rapida-amb-oli-de-mallorca\" \/>\n<meta property=\"og:locale\" content=\"es_ES\" \/>\n<meta property=\"og:type\" content=\"article\" \/>\n<meta property=\"og:title\" content=\"Santiago Martorell guanyador IV Concurs Cuina R\u00e0pida Oli de Mallorca\" \/>\n<meta property=\"og:description\" content=\"Santiago Martorell, de l\u2019IES Jun\u00edper Serra, guanyador del IV Concurs de Cuina R\u00e0pida amb Oli de Mallorca\" \/>\n<meta property=\"og:url\" content=\"https:\/\/gastronomicament.cat\/es\/santiago-martorell-de-lies-juniper-serra-guanyador-del-iv-concurs-de-cuina-rapida-amb-oli-de-mallorca\" \/>\n<meta property=\"og:site_name\" content=\"Gastron\u00f2micament\" \/>\n<meta property=\"article:published_time\" content=\"2015-12-15T12:00:33+00:00\" \/>\n<meta property=\"og:image\" content=\"https:\/\/gastronomicament.cat\/wp-content\/uploads\/2015\/12\/santiago-martorell-oli-de-mallorca-1024x683.jpg\" \/>\n\t<meta property=\"og:image:width\" content=\"1024\" \/>\n\t<meta property=\"og:image:height\" content=\"683\" \/>\n\t<meta property=\"og:image:type\" content=\"image\/jpeg\" \/>\n<meta name=\"author\" content=\"Redacci\u00f3\" \/>\n<meta name=\"twitter:card\" content=\"summary_large_image\" \/>\n<meta name=\"twitter:creator\" content=\"@gastronomicamen\" \/>\n<meta name=\"twitter:site\" content=\"@gastronomicamen\" \/>\n<meta name=\"twitter:label1\" content=\"Escrito por\" \/>\n\t<meta name=\"twitter:data1\" content=\"Redacci\u00f3\" \/>\n\t<meta name=\"twitter:label2\" content=\"Tiempo de lectura\" \/>\n\t<meta name=\"twitter:data2\" content=\"1 minuto\" \/>\n\t<meta name=\"twitter:label3\" content=\"Written by\" \/>\n\t<meta name=\"twitter:data3\" content=\"Redacci\u00f3\" \/>\n<script type=\"application\/ld+json\" class=\"yoast-schema-graph\">{\"@context\":\"https:\\\/\\\/schema.org\",\"@graph\":[{\"@type\":\"Article\",\"@id\":\"https:\\\/\\\/gastronomicament.cat\\\/es\\\/santiago-martorell-de-lies-juniper-serra-guanyador-del-iv-concurs-de-cuina-rapida-amb-oli-de-mallorca#article\",\"isPartOf\":{\"@id\":\"https:\\\/\\\/gastronomicament.cat\\\/es\\\/santiago-martorell-de-lies-juniper-serra-guanyador-del-iv-concurs-de-cuina-rapida-amb-oli-de-mallorca\"},\"author\":{\"name\":\"Redacci\u00f3\",\"@id\":\"https:\\\/\\\/gastronomicament.cat\\\/es\\\/#\\\/schema\\\/person\\\/a7c85c537a1ed62799a5b8e0f686a37f\"},\"headline\":\"Santiago Martorell, de l\u2019IES Jun\u00edper Serra, guanyador del IV Concurs de Cuina R\u00e0pida amb Oli de Mallorca\",\"datePublished\":\"2015-12-15T12:00:33+00:00\",\"mainEntityOfPage\":{\"@id\":\"https:\\\/\\\/gastronomicament.cat\\\/es\\\/santiago-martorell-de-lies-juniper-serra-guanyador-del-iv-concurs-de-cuina-rapida-amb-oli-de-mallorca\"},\"wordCount\":248,\"commentCount\":0,\"publisher\":{\"@id\":\"https:\\\/\\\/gastronomicament.cat\\\/es\\\/#organization\"},\"image\":{\"@id\":\"https:\\\/\\\/gastronomicament.cat\\\/es\\\/santiago-martorell-de-lies-juniper-serra-guanyador-del-iv-concurs-de-cuina-rapida-amb-oli-de-mallorca#primaryimage\"},\"thumbnailUrl\":\"https:\\\/\\\/gastronomicament.cat\\\/wp-content\\\/uploads\\\/2015\\\/12\\\/santiago-martorell-oli-de-mallorca.jpg\",\"articleSection\":[\"Actualitat\"],\"inLanguage\":\"es\",\"potentialAction\":[{\"@type\":\"CommentAction\",\"name\":\"Comment\",\"target\":[\"https:\\\/\\\/gastronomicament.cat\\\/es\\\/santiago-martorell-de-lies-juniper-serra-guanyador-del-iv-concurs-de-cuina-rapida-amb-oli-de-mallorca#respond\"]}]},{\"@type\":\"WebPage\",\"@id\":\"https:\\\/\\\/gastronomicament.cat\\\/es\\\/santiago-martorell-de-lies-juniper-serra-guanyador-del-iv-concurs-de-cuina-rapida-amb-oli-de-mallorca\",\"url\":\"https:\\\/\\\/gastronomicament.cat\\\/es\\\/santiago-martorell-de-lies-juniper-serra-guanyador-del-iv-concurs-de-cuina-rapida-amb-oli-de-mallorca\",\"name\":\"Santiago Martorell guanyador IV Concurs Cuina R\u00e0pida Oli de Mallorca\",\"isPartOf\":{\"@id\":\"https:\\\/\\\/gastronomicament.cat\\\/es\\\/#website\"},\"primaryImageOfPage\":{\"@id\":\"https:\\\/\\\/gastronomicament.cat\\\/es\\\/santiago-martorell-de-lies-juniper-serra-guanyador-del-iv-concurs-de-cuina-rapida-amb-oli-de-mallorca#primaryimage\"},\"image\":{\"@id\":\"https:\\\/\\\/gastronomicament.cat\\\/es\\\/santiago-martorell-de-lies-juniper-serra-guanyador-del-iv-concurs-de-cuina-rapida-amb-oli-de-mallorca#primaryimage\"},\"thumbnailUrl\":\"https:\\\/\\\/gastronomicament.cat\\\/wp-content\\\/uploads\\\/2015\\\/12\\\/santiago-martorell-oli-de-mallorca.jpg\",\"datePublished\":\"2015-12-15T12:00:33+00:00\",\"description\":\"Santiago Martorell, de l\u2019IES Jun\u00edper Serra, guanyador del IV Concurs de Cuina R\u00e0pida amb Oli de Mallorca\",\"inLanguage\":\"es\",\"potentialAction\":[{\"@type\":\"ReadAction\",\"target\":[\"https:\\\/\\\/gastronomicament.cat\\\/es\\\/santiago-martorell-de-lies-juniper-serra-guanyador-del-iv-concurs-de-cuina-rapida-amb-oli-de-mallorca\"]}]},{\"@type\":\"ImageObject\",\"inLanguage\":\"es\",\"@id\":\"https:\\\/\\\/gastronomicament.cat\\\/es\\\/santiago-martorell-de-lies-juniper-serra-guanyador-del-iv-concurs-de-cuina-rapida-amb-oli-de-mallorca#primaryimage\",\"url\":\"https:\\\/\\\/gastronomicament.cat\\\/wp-content\\\/uploads\\\/2015\\\/12\\\/santiago-martorell-oli-de-mallorca.jpg\",\"contentUrl\":\"https:\\\/\\\/gastronomicament.cat\\\/wp-content\\\/uploads\\\/2015\\\/12\\\/santiago-martorell-oli-de-mallorca.jpg\",\"width\":4272,\"height\":2848},{\"@type\":\"WebSite\",\"@id\":\"https:\\\/\\\/gastronomicament.cat\\\/es\\\/#website\",\"url\":\"https:\\\/\\\/gastronomicament.cat\\\/es\\\/\",\"name\":\"Gastron\u00f2micament\",\"description\":\"Portal de restaurants, receptes i actualitat gastron\u00f2mica\",\"publisher\":{\"@id\":\"https:\\\/\\\/gastronomicament.cat\\\/es\\\/#organization\"},\"potentialAction\":[{\"@type\":\"SearchAction\",\"target\":{\"@type\":\"EntryPoint\",\"urlTemplate\":\"https:\\\/\\\/gastronomicament.cat\\\/es\\\/?s={search_term_string}\"},\"query-input\":{\"@type\":\"PropertyValueSpecification\",\"valueRequired\":true,\"valueName\":\"search_term_string\"}}],\"inLanguage\":\"es\"},{\"@type\":\"Organization\",\"@id\":\"https:\\\/\\\/gastronomicament.cat\\\/es\\\/#organization\",\"name\":\"Gastron\u00f2micament\",\"url\":\"https:\\\/\\\/gastronomicament.cat\\\/es\\\/\",\"logo\":{\"@type\":\"ImageObject\",\"inLanguage\":\"es\",\"@id\":\"https:\\\/\\\/gastronomicament.cat\\\/es\\\/#\\\/schema\\\/logo\\\/image\\\/\",\"url\":\"https:\\\/\\\/gastronomicament.cat\\\/wp-content\\\/uploads\\\/2016\\\/09\\\/header-logo.jpg\",\"contentUrl\":\"https:\\\/\\\/gastronomicament.cat\\\/wp-content\\\/uploads\\\/2016\\\/09\\\/header-logo.jpg\",\"width\":277,\"height\":39,\"caption\":\"Gastron\u00f2micament\"},\"image\":{\"@id\":\"https:\\\/\\\/gastronomicament.cat\\\/es\\\/#\\\/schema\\\/logo\\\/image\\\/\"},\"sameAs\":[\"https:\\\/\\\/x.com\\\/gastronomicamen\"]},{\"@type\":\"Person\",\"@id\":\"https:\\\/\\\/gastronomicament.cat\\\/es\\\/#\\\/schema\\\/person\\\/a7c85c537a1ed62799a5b8e0f686a37f\",\"name\":\"Redacci\u00f3\",\"image\":{\"@type\":\"ImageObject\",\"inLanguage\":\"es\",\"@id\":\"https:\\\/\\\/secure.gravatar.com\\\/avatar\\\/9489a485c464fd611d33825daae651d13db70c4e74c65c94937a15a9d4c3ee14?s=96&d=mm&r=g69fea3cce3645dfa2166e7293e22955e\",\"url\":\"https:\\\/\\\/secure.gravatar.com\\\/avatar\\\/9489a485c464fd611d33825daae651d13db70c4e74c65c94937a15a9d4c3ee14?s=96&d=mm&r=g\",\"contentUrl\":\"https:\\\/\\\/secure.gravatar.com\\\/avatar\\\/9489a485c464fd611d33825daae651d13db70c4e74c65c94937a15a9d4c3ee14?s=96&d=mm&r=g\",\"caption\":\"Redacci\u00f3\"},\"sameAs\":[\"http:\\\/\\\/gastronomicament.cat\"],\"url\":\"https:\\\/\\\/gastronomicament.cat\\\/es\\\/author\\\/admin\"}]}<\/script>\n<!-- \/ Yoast SEO plugin. -->","yoast_head_json":{"title":"Santiago Martorell guanyador IV Concurs Cuina R\u00e0pida Oli de Mallorca","description":"Santiago Martorell, de l\u2019IES Jun\u00edper Serra, guanyador del IV Concurs de Cuina R\u00e0pida amb Oli de Mallorca","robots":{"index":"index","follow":"follow","max-snippet":"max-snippet:-1","max-image-preview":"max-image-preview:large","max-video-preview":"max-video-preview:-1"},"canonical":"https:\/\/gastronomicament.cat\/es\/santiago-martorell-de-lies-juniper-serra-guanyador-del-iv-concurs-de-cuina-rapida-amb-oli-de-mallorca","og_locale":"es_ES","og_type":"article","og_title":"Santiago Martorell guanyador IV Concurs Cuina R\u00e0pida Oli de Mallorca","og_description":"Santiago Martorell, de l\u2019IES Jun\u00edper Serra, guanyador del IV Concurs de Cuina R\u00e0pida amb Oli de Mallorca","og_url":"https:\/\/gastronomicament.cat\/es\/santiago-martorell-de-lies-juniper-serra-guanyador-del-iv-concurs-de-cuina-rapida-amb-oli-de-mallorca","og_site_name":"Gastron\u00f2micament","article_published_time":"2015-12-15T12:00:33+00:00","og_image":[{"width":1024,"height":683,"url":"https:\/\/gastronomicament.cat\/wp-content\/uploads\/2015\/12\/santiago-martorell-oli-de-mallorca-1024x683.jpg","type":"image\/jpeg"}],"author":"Redacci\u00f3","twitter_card":"summary_large_image","twitter_creator":"@gastronomicamen","twitter_site":"@gastronomicamen","twitter_misc":{"Escrito por":"Redacci\u00f3","Tiempo de lectura":"1 minuto","Written by":"Redacci\u00f3"},"schema":{"@context":"https:\/\/schema.org","@graph":[{"@type":"Article","@id":"https:\/\/gastronomicament.cat\/es\/santiago-martorell-de-lies-juniper-serra-guanyador-del-iv-concurs-de-cuina-rapida-amb-oli-de-mallorca#article","isPartOf":{"@id":"https:\/\/gastronomicament.cat\/es\/santiago-martorell-de-lies-juniper-serra-guanyador-del-iv-concurs-de-cuina-rapida-amb-oli-de-mallorca"},"author":{"name":"Redacci\u00f3","@id":"https:\/\/gastronomicament.cat\/es\/#\/schema\/person\/a7c85c537a1ed62799a5b8e0f686a37f"},"headline":"Santiago Martorell, de l\u2019IES Jun\u00edper Serra, guanyador del IV Concurs de Cuina R\u00e0pida amb Oli de Mallorca","datePublished":"2015-12-15T12:00:33+00:00","mainEntityOfPage":{"@id":"https:\/\/gastronomicament.cat\/es\/santiago-martorell-de-lies-juniper-serra-guanyador-del-iv-concurs-de-cuina-rapida-amb-oli-de-mallorca"},"wordCount":248,"commentCount":0,"publisher":{"@id":"https:\/\/gastronomicament.cat\/es\/#organization"},"image":{"@id":"https:\/\/gastronomicament.cat\/es\/santiago-martorell-de-lies-juniper-serra-guanyador-del-iv-concurs-de-cuina-rapida-amb-oli-de-mallorca#primaryimage"},"thumbnailUrl":"https:\/\/gastronomicament.cat\/wp-content\/uploads\/2015\/12\/santiago-martorell-oli-de-mallorca.jpg","articleSection":["Actualitat"],"inLanguage":"es","potentialAction":[{"@type":"CommentAction","name":"Comment","target":["https:\/\/gastronomicament.cat\/es\/santiago-martorell-de-lies-juniper-serra-guanyador-del-iv-concurs-de-cuina-rapida-amb-oli-de-mallorca#respond"]}]},{"@type":"WebPage","@id":"https:\/\/gastronomicament.cat\/es\/santiago-martorell-de-lies-juniper-serra-guanyador-del-iv-concurs-de-cuina-rapida-amb-oli-de-mallorca","url":"https:\/\/gastronomicament.cat\/es\/santiago-martorell-de-lies-juniper-serra-guanyador-del-iv-concurs-de-cuina-rapida-amb-oli-de-mallorca","name":"Santiago Martorell guanyador IV Concurs Cuina R\u00e0pida Oli de Mallorca","isPartOf":{"@id":"https:\/\/gastronomicament.cat\/es\/#website"},"primaryImageOfPage":{"@id":"https:\/\/gastronomicament.cat\/es\/santiago-martorell-de-lies-juniper-serra-guanyador-del-iv-concurs-de-cuina-rapida-amb-oli-de-mallorca#primaryimage"},"image":{"@id":"https:\/\/gastronomicament.cat\/es\/santiago-martorell-de-lies-juniper-serra-guanyador-del-iv-concurs-de-cuina-rapida-amb-oli-de-mallorca#primaryimage"},"thumbnailUrl":"https:\/\/gastronomicament.cat\/wp-content\/uploads\/2015\/12\/santiago-martorell-oli-de-mallorca.jpg","datePublished":"2015-12-15T12:00:33+00:00","description":"Santiago Martorell, de l\u2019IES Jun\u00edper Serra, guanyador del IV Concurs de Cuina R\u00e0pida amb Oli de Mallorca","inLanguage":"es","potentialAction":[{"@type":"ReadAction","target":["https:\/\/gastronomicament.cat\/es\/santiago-martorell-de-lies-juniper-serra-guanyador-del-iv-concurs-de-cuina-rapida-amb-oli-de-mallorca"]}]},{"@type":"ImageObject","inLanguage":"es","@id":"https:\/\/gastronomicament.cat\/es\/santiago-martorell-de-lies-juniper-serra-guanyador-del-iv-concurs-de-cuina-rapida-amb-oli-de-mallorca#primaryimage","url":"https:\/\/gastronomicament.cat\/wp-content\/uploads\/2015\/12\/santiago-martorell-oli-de-mallorca.jpg","contentUrl":"https:\/\/gastronomicament.cat\/wp-content\/uploads\/2015\/12\/santiago-martorell-oli-de-mallorca.jpg","width":4272,"height":2848},{"@type":"WebSite","@id":"https:\/\/gastronomicament.cat\/es\/#website","url":"https:\/\/gastronomicament.cat\/es\/","name":"Gastron\u00f2micament","description":"Portal de restaurants, receptes i actualitat gastron\u00f2mica","publisher":{"@id":"https:\/\/gastronomicament.cat\/es\/#organization"},"potentialAction":[{"@type":"SearchAction","target":{"@type":"EntryPoint","urlTemplate":"https:\/\/gastronomicament.cat\/es\/?s={search_term_string}"},"query-input":{"@type":"PropertyValueSpecification","valueRequired":true,"valueName":"search_term_string"}}],"inLanguage":"es"},{"@type":"Organization","@id":"https:\/\/gastronomicament.cat\/es\/#organization","name":"Gastron\u00f2micament","url":"https:\/\/gastronomicament.cat\/es\/","logo":{"@type":"ImageObject","inLanguage":"es","@id":"https:\/\/gastronomicament.cat\/es\/#\/schema\/logo\/image\/","url":"https:\/\/gastronomicament.cat\/wp-content\/uploads\/2016\/09\/header-logo.jpg","contentUrl":"https:\/\/gastronomicament.cat\/wp-content\/uploads\/2016\/09\/header-logo.jpg","width":277,"height":39,"caption":"Gastron\u00f2micament"},"image":{"@id":"https:\/\/gastronomicament.cat\/es\/#\/schema\/logo\/image\/"},"sameAs":["https:\/\/x.com\/gastronomicamen"]},{"@type":"Person","@id":"https:\/\/gastronomicament.cat\/es\/#\/schema\/person\/a7c85c537a1ed62799a5b8e0f686a37f","name":"Redacci\u00f3","image":{"@type":"ImageObject","inLanguage":"es","@id":"https:\/\/secure.gravatar.com\/avatar\/9489a485c464fd611d33825daae651d13db70c4e74c65c94937a15a9d4c3ee14?s=96&d=mm&r=g69fea3cce3645dfa2166e7293e22955e","url":"https:\/\/secure.gravatar.com\/avatar\/9489a485c464fd611d33825daae651d13db70c4e74c65c94937a15a9d4c3ee14?s=96&d=mm&r=g","contentUrl":"https:\/\/secure.gravatar.com\/avatar\/9489a485c464fd611d33825daae651d13db70c4e74c65c94937a15a9d4c3ee14?s=96&d=mm&r=g","caption":"Redacci\u00f3"},"sameAs":["http:\/\/gastronomicament.cat"],"url":"https:\/\/gastronomicament.cat\/es\/author\/admin"}]}},"_links":{"self":[{"href":"https:\/\/gastronomicament.cat\/es\/wp-json\/wp\/v2\/posts\/70463","targetHints":{"allow":["GET"]}}],"collection":[{"href":"https:\/\/gastronomicament.cat\/es\/wp-json\/wp\/v2\/posts"}],"about":[{"href":"https:\/\/gastronomicament.cat\/es\/wp-json\/wp\/v2\/types\/post"}],"author":[{"embeddable":true,"href":"https:\/\/gastronomicament.cat\/es\/wp-json\/wp\/v2\/users\/1"}],"replies":[{"embeddable":true,"href":"https:\/\/gastronomicament.cat\/es\/wp-json\/wp\/v2\/comments?post=70463"}],"version-history":[{"count":0,"href":"https:\/\/gastronomicament.cat\/es\/wp-json\/wp\/v2\/posts\/70463\/revisions"}],"wp:featuredmedia":[{"embeddable":true,"href":"https:\/\/gastronomicament.cat\/es\/wp-json\/wp\/v2\/media\/38887"}],"wp:attachment":[{"href":"https:\/\/gastronomicament.cat\/es\/wp-json\/wp\/v2\/media?parent=70463"}],"wp:term":[{"taxonomy":"category","embeddable":true,"href":"https:\/\/gastronomicament.cat\/es\/wp-json\/wp\/v2\/categories?post=70463"},{"taxonomy":"post_tag","embeddable":true,"href":"https:\/\/gastronomicament.cat\/es\/wp-json\/wp\/v2\/tags?post=70463"},{"taxonomy":"author","embeddable":true,"href":"https:\/\/gastronomicament.cat\/es\/wp-json\/wp\/v2\/coauthors?post=70463"}],"curies":[{"name":"wp","href":"https:\/\/api.w.org\/{rel}","templated":true}]}}