{"id":70470,"date":"2015-12-03T22:02:07","date_gmt":"2015-12-03T21:02:07","guid":{"rendered":"https:\/\/gastronomicament.cat\/video-som-pastor-una-petita-meravella"},"modified":"2022-04-09T10:57:04","modified_gmt":"2022-04-09T08:57:04","slug":"video-som-pastor-una-petita-meravella","status":"publish","type":"post","link":"https:\/\/gastronomicament.cat\/es\/video-som-pastor-una-petita-meravella","title":{"rendered":"V\u00eddeo: Som pastor, una petita meravella"},"content":{"rendered":"<p>V\u00eddeo: Som pastor, una petita meravella<\/p>\n<p>En Miquel t\u00e9 11 anys i viu als afores del petit poble de Santa Eug\u00e8nia, al centre de l&#8217;illa mediterr\u00e0nia de Mallorca.<\/p>\n<p>S&#8217;aixeca cada mat\u00ed i t\u00e9 cura dels seus animals, abans d&#8217;anar a l&#8217;escola. Aix\u00f2 \u00e9s el pitjor que tenen, diu, \u00abcal donar-los de menjar cada dia, tots els dies\u00bb.<\/p>\n<p>Ell els mata per alimentar la seva fam\u00edlia, i mostra una consci\u00e8ncia clara i conscient de la mort, parlant de la import\u00e0ncia de saber el que menjamm i com arriba a la nostra cuina.<\/p>\n<p>Gaudint conscientment la seva inf\u00e0ncia, ell ent\u00e9n que \u00e9s un pas molt important per convertir-se en l&#8217;adult comprom\u00e8s somia ser. Un guanyador contemporani. Un heroi senzill local. Aquesta \u00e9s la hist\u00f2ria d&#8217;un jove que pensa com un home savi i experimentat.<\/p>\n<p><iframe src=\"https:\/\/player.vimeo.com\/video\/138120818\" width=\"640\" height=\"300\" frameborder=\"0\" webkitallowfullscreen mozallowfullscreen allowfullscreen><\/iframe> <\/p>\n<p><a href=\"https:\/\/vimeo.com\/138120818\">Som Pastor (I am a shepherd)<\/a> from <a href=\"https:\/\/vimeo.com\/borjazausen\">Borja Zausen<\/a> on <a href=\"https:\/\/vimeo.com\">Vimeo<\/a>.<\/p>\n<p><!--more--><\/p>\n","protected":false},"excerpt":{"rendered":"<p>La import\u00e0ncia de saber qu\u00e8 menjam a trav\u00e9s d&#8217;un pastor mallorqu\u00ed d&#8217;11 anys.<\/p>\n","protected":false},"author":1,"featured_media":38880,"comment_status":"open","ping_status":"closed","sticky":false,"template":"","format":"standard","meta":{"_acf_changed":false,"_swt_meta_header_display":false,"_swt_meta_footer_display":false,"_swt_meta_site_title_display":false,"_swt_meta_sticky_header":false,"_swt_meta_transparent_header":false,"footnotes":""},"categories":[1003],"tags":[],"coauthors":[],"class_list":["post-70470","post","type-post","status-publish","format-standard","has-post-thumbnail","hentry","category-actualitat-es"],"acf":{"gallery":null,"home_date":{"home_begin_date":null,"home_end_date":null}},"yoast_head":"<!-- This site is optimized with the Yoast SEO plugin v27.4 - https:\/\/yoast.com\/product\/yoast-seo-wordpress\/ -->\n<title>V\u00eddeo: Som pastor, una petita meravella<\/title>\n<meta name=\"description\" content=\"V\u00eddeo: Som pastor, una petita meravella\" \/>\n<meta name=\"robots\" content=\"index, follow, max-snippet:-1, max-image-preview:large, max-video-preview:-1\" \/>\n<link rel=\"canonical\" href=\"https:\/\/gastronomicament.cat\/es\/video-som-pastor-una-petita-meravella\" \/>\n<meta property=\"og:locale\" content=\"es_ES\" \/>\n<meta property=\"og:type\" content=\"article\" \/>\n<meta property=\"og:title\" content=\"V\u00eddeo: Som pastor, una petita meravella\" \/>\n<meta property=\"og:description\" content=\"V\u00eddeo: Som pastor, una petita meravella\" \/>\n<meta property=\"og:url\" content=\"https:\/\/gastronomicament.cat\/es\/video-som-pastor-una-petita-meravella\" \/>\n<meta property=\"og:site_name\" content=\"Gastron\u00f2micament\" \/>\n<meta property=\"article:published_time\" content=\"2015-12-03T21:02:07+00:00\" \/>\n<meta property=\"article:modified_time\" content=\"2022-04-09T08:57:04+00:00\" \/>\n<meta property=\"og:image\" content=\"https:\/\/gastronomicament.cat\/wp-content\/uploads\/2015\/12\/som-pastor-miquel-santa-eugenia.jpg\" \/>\n\t<meta property=\"og:image:width\" content=\"810\" \/>\n\t<meta property=\"og:image:height\" content=\"447\" \/>\n\t<meta property=\"og:image:type\" content=\"image\/jpeg\" \/>\n<meta name=\"author\" content=\"Redacci\u00f3\" \/>\n<meta name=\"twitter:card\" content=\"summary_large_image\" \/>\n<meta name=\"twitter:creator\" content=\"@gastronomicamen\" \/>\n<meta name=\"twitter:site\" content=\"@gastronomicamen\" \/>\n<meta name=\"twitter:label1\" content=\"Escrito por\" \/>\n\t<meta name=\"twitter:data1\" content=\"Redacci\u00f3\" \/>\n\t<meta name=\"twitter:label2\" content=\"Tiempo de lectura\" \/>\n\t<meta name=\"twitter:data2\" content=\"1 minuto\" \/>\n\t<meta name=\"twitter:label3\" content=\"Written by\" \/>\n\t<meta name=\"twitter:data3\" content=\"Redacci\u00f3\" \/>\n<script type=\"application\/ld+json\" class=\"yoast-schema-graph\">{\"@context\":\"https:\\\/\\\/schema.org\",\"@graph\":[{\"@type\":\"Article\",\"@id\":\"https:\\\/\\\/gastronomicament.cat\\\/es\\\/video-som-pastor-una-petita-meravella#article\",\"isPartOf\":{\"@id\":\"https:\\\/\\\/gastronomicament.cat\\\/es\\\/video-som-pastor-una-petita-meravella\"},\"author\":{\"name\":\"Redacci\u00f3\",\"@id\":\"https:\\\/\\\/gastronomicament.cat\\\/es\\\/#\\\/schema\\\/person\\\/a7c85c537a1ed62799a5b8e0f686a37f\"},\"headline\":\"V\u00eddeo: Som pastor, una petita meravella\",\"datePublished\":\"2015-12-03T21:02:07+00:00\",\"dateModified\":\"2022-04-09T08:57:04+00:00\",\"mainEntityOfPage\":{\"@id\":\"https:\\\/\\\/gastronomicament.cat\\\/es\\\/video-som-pastor-una-petita-meravella\"},\"wordCount\":159,\"commentCount\":0,\"publisher\":{\"@id\":\"https:\\\/\\\/gastronomicament.cat\\\/es\\\/#organization\"},\"image\":{\"@id\":\"https:\\\/\\\/gastronomicament.cat\\\/es\\\/video-som-pastor-una-petita-meravella#primaryimage\"},\"thumbnailUrl\":\"https:\\\/\\\/gastronomicament.cat\\\/wp-content\\\/uploads\\\/2015\\\/12\\\/som-pastor-miquel-santa-eugenia.jpg\",\"articleSection\":[\"Actualitat\"],\"inLanguage\":\"es\",\"potentialAction\":[{\"@type\":\"CommentAction\",\"name\":\"Comment\",\"target\":[\"https:\\\/\\\/gastronomicament.cat\\\/es\\\/video-som-pastor-una-petita-meravella#respond\"]}]},{\"@type\":\"WebPage\",\"@id\":\"https:\\\/\\\/gastronomicament.cat\\\/es\\\/video-som-pastor-una-petita-meravella\",\"url\":\"https:\\\/\\\/gastronomicament.cat\\\/es\\\/video-som-pastor-una-petita-meravella\",\"name\":\"V\u00eddeo: Som pastor, una petita meravella\",\"isPartOf\":{\"@id\":\"https:\\\/\\\/gastronomicament.cat\\\/es\\\/#website\"},\"primaryImageOfPage\":{\"@id\":\"https:\\\/\\\/gastronomicament.cat\\\/es\\\/video-som-pastor-una-petita-meravella#primaryimage\"},\"image\":{\"@id\":\"https:\\\/\\\/gastronomicament.cat\\\/es\\\/video-som-pastor-una-petita-meravella#primaryimage\"},\"thumbnailUrl\":\"https:\\\/\\\/gastronomicament.cat\\\/wp-content\\\/uploads\\\/2015\\\/12\\\/som-pastor-miquel-santa-eugenia.jpg\",\"datePublished\":\"2015-12-03T21:02:07+00:00\",\"dateModified\":\"2022-04-09T08:57:04+00:00\",\"description\":\"V\u00eddeo: Som pastor, una petita meravella\",\"inLanguage\":\"es\",\"potentialAction\":[{\"@type\":\"ReadAction\",\"target\":[\"https:\\\/\\\/gastronomicament.cat\\\/es\\\/video-som-pastor-una-petita-meravella\"]}]},{\"@type\":\"ImageObject\",\"inLanguage\":\"es\",\"@id\":\"https:\\\/\\\/gastronomicament.cat\\\/es\\\/video-som-pastor-una-petita-meravella#primaryimage\",\"url\":\"https:\\\/\\\/gastronomicament.cat\\\/wp-content\\\/uploads\\\/2015\\\/12\\\/som-pastor-miquel-santa-eugenia.jpg\",\"contentUrl\":\"https:\\\/\\\/gastronomicament.cat\\\/wp-content\\\/uploads\\\/2015\\\/12\\\/som-pastor-miquel-santa-eugenia.jpg\",\"width\":810,\"height\":447},{\"@type\":\"WebSite\",\"@id\":\"https:\\\/\\\/gastronomicament.cat\\\/es\\\/#website\",\"url\":\"https:\\\/\\\/gastronomicament.cat\\\/es\\\/\",\"name\":\"Gastron\u00f2micament\",\"description\":\"Portal de restaurants, receptes i actualitat gastron\u00f2mica\",\"publisher\":{\"@id\":\"https:\\\/\\\/gastronomicament.cat\\\/es\\\/#organization\"},\"potentialAction\":[{\"@type\":\"SearchAction\",\"target\":{\"@type\":\"EntryPoint\",\"urlTemplate\":\"https:\\\/\\\/gastronomicament.cat\\\/es\\\/?s={search_term_string}\"},\"query-input\":{\"@type\":\"PropertyValueSpecification\",\"valueRequired\":true,\"valueName\":\"search_term_string\"}}],\"inLanguage\":\"es\"},{\"@type\":\"Organization\",\"@id\":\"https:\\\/\\\/gastronomicament.cat\\\/es\\\/#organization\",\"name\":\"Gastron\u00f2micament\",\"url\":\"https:\\\/\\\/gastronomicament.cat\\\/es\\\/\",\"logo\":{\"@type\":\"ImageObject\",\"inLanguage\":\"es\",\"@id\":\"https:\\\/\\\/gastronomicament.cat\\\/es\\\/#\\\/schema\\\/logo\\\/image\\\/\",\"url\":\"https:\\\/\\\/gastronomicament.cat\\\/wp-content\\\/uploads\\\/2016\\\/09\\\/header-logo.jpg\",\"contentUrl\":\"https:\\\/\\\/gastronomicament.cat\\\/wp-content\\\/uploads\\\/2016\\\/09\\\/header-logo.jpg\",\"width\":277,\"height\":39,\"caption\":\"Gastron\u00f2micament\"},\"image\":{\"@id\":\"https:\\\/\\\/gastronomicament.cat\\\/es\\\/#\\\/schema\\\/logo\\\/image\\\/\"},\"sameAs\":[\"https:\\\/\\\/x.com\\\/gastronomicamen\"]},{\"@type\":\"Person\",\"@id\":\"https:\\\/\\\/gastronomicament.cat\\\/es\\\/#\\\/schema\\\/person\\\/a7c85c537a1ed62799a5b8e0f686a37f\",\"name\":\"Redacci\u00f3\",\"image\":{\"@type\":\"ImageObject\",\"inLanguage\":\"es\",\"@id\":\"https:\\\/\\\/secure.gravatar.com\\\/avatar\\\/9489a485c464fd611d33825daae651d13db70c4e74c65c94937a15a9d4c3ee14?s=96&d=mm&r=g69fea3cce3645dfa2166e7293e22955e\",\"url\":\"https:\\\/\\\/secure.gravatar.com\\\/avatar\\\/9489a485c464fd611d33825daae651d13db70c4e74c65c94937a15a9d4c3ee14?s=96&d=mm&r=g\",\"contentUrl\":\"https:\\\/\\\/secure.gravatar.com\\\/avatar\\\/9489a485c464fd611d33825daae651d13db70c4e74c65c94937a15a9d4c3ee14?s=96&d=mm&r=g\",\"caption\":\"Redacci\u00f3\"},\"sameAs\":[\"http:\\\/\\\/gastronomicament.cat\"],\"url\":\"https:\\\/\\\/gastronomicament.cat\\\/es\\\/author\\\/admin\"}]}<\/script>\n<!-- \/ Yoast SEO plugin. -->","yoast_head_json":{"title":"V\u00eddeo: Som pastor, una petita meravella","description":"V\u00eddeo: Som pastor, una petita meravella","robots":{"index":"index","follow":"follow","max-snippet":"max-snippet:-1","max-image-preview":"max-image-preview:large","max-video-preview":"max-video-preview:-1"},"canonical":"https:\/\/gastronomicament.cat\/es\/video-som-pastor-una-petita-meravella","og_locale":"es_ES","og_type":"article","og_title":"V\u00eddeo: Som pastor, una petita meravella","og_description":"V\u00eddeo: Som pastor, una petita meravella","og_url":"https:\/\/gastronomicament.cat\/es\/video-som-pastor-una-petita-meravella","og_site_name":"Gastron\u00f2micament","article_published_time":"2015-12-03T21:02:07+00:00","article_modified_time":"2022-04-09T08:57:04+00:00","og_image":[{"width":810,"height":447,"url":"https:\/\/gastronomicament.cat\/wp-content\/uploads\/2015\/12\/som-pastor-miquel-santa-eugenia.jpg","type":"image\/jpeg"}],"author":"Redacci\u00f3","twitter_card":"summary_large_image","twitter_creator":"@gastronomicamen","twitter_site":"@gastronomicamen","twitter_misc":{"Escrito por":"Redacci\u00f3","Tiempo de lectura":"1 minuto","Written by":"Redacci\u00f3"},"schema":{"@context":"https:\/\/schema.org","@graph":[{"@type":"Article","@id":"https:\/\/gastronomicament.cat\/es\/video-som-pastor-una-petita-meravella#article","isPartOf":{"@id":"https:\/\/gastronomicament.cat\/es\/video-som-pastor-una-petita-meravella"},"author":{"name":"Redacci\u00f3","@id":"https:\/\/gastronomicament.cat\/es\/#\/schema\/person\/a7c85c537a1ed62799a5b8e0f686a37f"},"headline":"V\u00eddeo: Som pastor, una petita meravella","datePublished":"2015-12-03T21:02:07+00:00","dateModified":"2022-04-09T08:57:04+00:00","mainEntityOfPage":{"@id":"https:\/\/gastronomicament.cat\/es\/video-som-pastor-una-petita-meravella"},"wordCount":159,"commentCount":0,"publisher":{"@id":"https:\/\/gastronomicament.cat\/es\/#organization"},"image":{"@id":"https:\/\/gastronomicament.cat\/es\/video-som-pastor-una-petita-meravella#primaryimage"},"thumbnailUrl":"https:\/\/gastronomicament.cat\/wp-content\/uploads\/2015\/12\/som-pastor-miquel-santa-eugenia.jpg","articleSection":["Actualitat"],"inLanguage":"es","potentialAction":[{"@type":"CommentAction","name":"Comment","target":["https:\/\/gastronomicament.cat\/es\/video-som-pastor-una-petita-meravella#respond"]}]},{"@type":"WebPage","@id":"https:\/\/gastronomicament.cat\/es\/video-som-pastor-una-petita-meravella","url":"https:\/\/gastronomicament.cat\/es\/video-som-pastor-una-petita-meravella","name":"V\u00eddeo: Som pastor, una petita meravella","isPartOf":{"@id":"https:\/\/gastronomicament.cat\/es\/#website"},"primaryImageOfPage":{"@id":"https:\/\/gastronomicament.cat\/es\/video-som-pastor-una-petita-meravella#primaryimage"},"image":{"@id":"https:\/\/gastronomicament.cat\/es\/video-som-pastor-una-petita-meravella#primaryimage"},"thumbnailUrl":"https:\/\/gastronomicament.cat\/wp-content\/uploads\/2015\/12\/som-pastor-miquel-santa-eugenia.jpg","datePublished":"2015-12-03T21:02:07+00:00","dateModified":"2022-04-09T08:57:04+00:00","description":"V\u00eddeo: Som pastor, una petita meravella","inLanguage":"es","potentialAction":[{"@type":"ReadAction","target":["https:\/\/gastronomicament.cat\/es\/video-som-pastor-una-petita-meravella"]}]},{"@type":"ImageObject","inLanguage":"es","@id":"https:\/\/gastronomicament.cat\/es\/video-som-pastor-una-petita-meravella#primaryimage","url":"https:\/\/gastronomicament.cat\/wp-content\/uploads\/2015\/12\/som-pastor-miquel-santa-eugenia.jpg","contentUrl":"https:\/\/gastronomicament.cat\/wp-content\/uploads\/2015\/12\/som-pastor-miquel-santa-eugenia.jpg","width":810,"height":447},{"@type":"WebSite","@id":"https:\/\/gastronomicament.cat\/es\/#website","url":"https:\/\/gastronomicament.cat\/es\/","name":"Gastron\u00f2micament","description":"Portal de restaurants, receptes i actualitat gastron\u00f2mica","publisher":{"@id":"https:\/\/gastronomicament.cat\/es\/#organization"},"potentialAction":[{"@type":"SearchAction","target":{"@type":"EntryPoint","urlTemplate":"https:\/\/gastronomicament.cat\/es\/?s={search_term_string}"},"query-input":{"@type":"PropertyValueSpecification","valueRequired":true,"valueName":"search_term_string"}}],"inLanguage":"es"},{"@type":"Organization","@id":"https:\/\/gastronomicament.cat\/es\/#organization","name":"Gastron\u00f2micament","url":"https:\/\/gastronomicament.cat\/es\/","logo":{"@type":"ImageObject","inLanguage":"es","@id":"https:\/\/gastronomicament.cat\/es\/#\/schema\/logo\/image\/","url":"https:\/\/gastronomicament.cat\/wp-content\/uploads\/2016\/09\/header-logo.jpg","contentUrl":"https:\/\/gastronomicament.cat\/wp-content\/uploads\/2016\/09\/header-logo.jpg","width":277,"height":39,"caption":"Gastron\u00f2micament"},"image":{"@id":"https:\/\/gastronomicament.cat\/es\/#\/schema\/logo\/image\/"},"sameAs":["https:\/\/x.com\/gastronomicamen"]},{"@type":"Person","@id":"https:\/\/gastronomicament.cat\/es\/#\/schema\/person\/a7c85c537a1ed62799a5b8e0f686a37f","name":"Redacci\u00f3","image":{"@type":"ImageObject","inLanguage":"es","@id":"https:\/\/secure.gravatar.com\/avatar\/9489a485c464fd611d33825daae651d13db70c4e74c65c94937a15a9d4c3ee14?s=96&d=mm&r=g69fea3cce3645dfa2166e7293e22955e","url":"https:\/\/secure.gravatar.com\/avatar\/9489a485c464fd611d33825daae651d13db70c4e74c65c94937a15a9d4c3ee14?s=96&d=mm&r=g","contentUrl":"https:\/\/secure.gravatar.com\/avatar\/9489a485c464fd611d33825daae651d13db70c4e74c65c94937a15a9d4c3ee14?s=96&d=mm&r=g","caption":"Redacci\u00f3"},"sameAs":["http:\/\/gastronomicament.cat"],"url":"https:\/\/gastronomicament.cat\/es\/author\/admin"}]}},"_links":{"self":[{"href":"https:\/\/gastronomicament.cat\/es\/wp-json\/wp\/v2\/posts\/70470","targetHints":{"allow":["GET"]}}],"collection":[{"href":"https:\/\/gastronomicament.cat\/es\/wp-json\/wp\/v2\/posts"}],"about":[{"href":"https:\/\/gastronomicament.cat\/es\/wp-json\/wp\/v2\/types\/post"}],"author":[{"embeddable":true,"href":"https:\/\/gastronomicament.cat\/es\/wp-json\/wp\/v2\/users\/1"}],"replies":[{"embeddable":true,"href":"https:\/\/gastronomicament.cat\/es\/wp-json\/wp\/v2\/comments?post=70470"}],"version-history":[{"count":0,"href":"https:\/\/gastronomicament.cat\/es\/wp-json\/wp\/v2\/posts\/70470\/revisions"}],"wp:featuredmedia":[{"embeddable":true,"href":"https:\/\/gastronomicament.cat\/es\/wp-json\/wp\/v2\/media\/38880"}],"wp:attachment":[{"href":"https:\/\/gastronomicament.cat\/es\/wp-json\/wp\/v2\/media?parent=70470"}],"wp:term":[{"taxonomy":"category","embeddable":true,"href":"https:\/\/gastronomicament.cat\/es\/wp-json\/wp\/v2\/categories?post=70470"},{"taxonomy":"post_tag","embeddable":true,"href":"https:\/\/gastronomicament.cat\/es\/wp-json\/wp\/v2\/tags?post=70470"},{"taxonomy":"author","embeddable":true,"href":"https:\/\/gastronomicament.cat\/es\/wp-json\/wp\/v2\/coauthors?post=70470"}],"curies":[{"name":"wp","href":"https:\/\/api.w.org\/{rel}","templated":true}]}}