{"id":70604,"date":"2015-08-27T11:41:24","date_gmt":"2015-08-27T09:41:24","guid":{"rendered":"https:\/\/gastronomicament.cat\/festes-de-galilea-2015"},"modified":"2022-04-09T11:00:43","modified_gmt":"2022-04-09T09:00:43","slug":"festes-de-galilea-2015","status":"publish","type":"post","link":"https:\/\/gastronomicament.cat\/es\/festes-de-galilea-2015","title":{"rendered":"Festes de Galilea 2015"},"content":{"rendered":"<p>El bell poble de Galilea celebra les festes amb molt de trull.<\/p>\n<p>No hi faltar\u00e0 el tradicional joc de l&#8217;embutar, un vespre d&#8217;havaneres, la revetla amb els grups m\u00e9s actuals com la Loca Motora a m\u00e9s d&#8217;altres activitats per a grans i petits. Tamb\u00e9 podeu con\u00e8ixer de prop com fan la cervesa natural de Galilea de Cas Cerveser.<\/p>\n<p>&nbsp;<\/p>\n<p>Aqu\u00ed teniu el programa de les <strong>Festes de Galil<\/strong><strong>ea 2015<\/strong><\/p>\n<p><strong>Dissabte, 29 d&#8217;agost<\/strong><br \/>\n09:00 h Endomassada. Recuperarem un bella tradici\u00f3 de les nostres festes. Tothom est\u00e0 convidat a endomassar el portal de benvinguda a les festes patronals de Galilea.Duis murta, mata i\/o flors i ajudau-nos adeixar ben encisadora aquesta entrada.<\/p>\n<p>10:00 h Estendards. Posarem a la disposici\u00f3dels galileus l\u2019estendard per engalanar lescases a un preu col\u00b7laboratiu de 3 \u20ac. \u00c9s unaedici\u00f3 limitada! No faceu tard.11:00 h Marat\u00f3 fotogr\u00e0fica. Inscripcions,sorteig dels temes i entrega d\u2019instruccions. Individual o grup (m\u00e0xim 4 persones).<\/p>\n<p>16:30 h Restaurant Ca n\u2019Andreu patrocina una etapa de la XI Challenge de tardor: Primera etapa &#8211; Trofeu Galilea: Restaurant Ca n\u2019Andreu. M\u00e9s informaci\u00f3 al seu Facebook.<\/p>\n<p>22:30 h Cinema homenatge. 30 anys d\u2019una m\u00edtica pel\u00b7l\u00edcula: \u201cRegreso al futuro\u201d.<\/p>\n<p>00:00 h Cinema de terror! Projecci\u00f3 terror\u00edfica per als m\u00e9s valents. Si alg\u00fa pateix del cor, recomanam que no vengueu<\/p>\n<p><strong>Diumenge, 30 de setembre<\/strong><\/p>\n<p>11:00 h Castells aqu\u00e0tics al Poliesportiu. Com cada any trobareu un castell per als m\u00e9s petits i una llan\u00e7adora per als m\u00e9s grans.<\/p>\n<p>18:00 h Repicada de campanes, pluja de llepolies i hissada de banderes a la pla\u00e7a de l&#8217;esgl\u00e9sia. Tot seguit: Pintada al Carrer\u00f3.<\/p>\n<p>20:00 h Preg\u00f3 de festes a c\u00e0rrec de Jaume Pujol: \u201cGalilea i ses seves festes\u201d. A continuaci\u00f3: Combat de batucades! Puigpunyent amb la Batucada Pum Pum Puig i Son Sardina amb la Batucada<\/p>\n<p>19:30 h Concert de jazz a Son Falc\u00f3 amb el grup Max Sunyer Trio que presentaran en prim\u00edcia a Galilea el seu darrer treball inspirat a l\u2019illa de Mallorca: \u201cIlla Imaginada\u201d.<\/p>\n<p><strong>Divendres, 4 de setembre<\/strong><\/p>\n<p>18:00 h Gimcana. Ens trobarem a l&#8217;edifici Polivalent per comen\u00e7ar la diversi\u00f3! Heu de dur esportives i roba per embrutar.<\/p>\n<p>23:00 h Gran revetla apote\u00f2sica: Per encetar, Aquarius i despr\u00e9s DJ Vandeshow. I torna amb tots nosaltres, el grup m\u00e9s marx\u00f3s, el grup que m\u00e9s vegades ha vengut, el grup de m\u00e9s \u00e8xit aquest estiu&#8230; La Loca Motora i pels que encara aguantin: DJ Turbi<\/p>\n<p><strong>Dissabte 5 de setembre<\/strong><\/p>\n<p>10:00 h Tir al plat. Trobada de ca\u00e7adors a sa Mola per lluir punteria.<\/p>\n<p>18:30 h Futbol. Doble partit d\u2019alta competici\u00f3: Puigpunyent vs Galilea.Categories: Femen\u00ed i mascul\u00ed.<\/p>\n<p>21:00 h <strong>Pa amb oli amb formatge<\/strong>, pebre verd, rem i sangria (Preu 3 \u20ac). I de postres, coques dolces (Preu 1 \u20ac).<\/p>\n<p>22:30 h <strong>Embutar<\/strong> petit: tots els infants que vulguin podran embutar.<\/p>\n<p>23:30 h <strong>Embutar<\/strong> gran: tots els grans amb coratge per intentar-ho tendran la seva oportunitat.<\/p>\n<p>00:00 h Homenatge a Tina Turner: Acabarem la vetllada ballant els \u00e8xits de na Tina Turner.<\/p>\n<p><strong>Diumenge, 6 de setembre<\/strong><\/p>\n<p>11:00 h Torneig de Futbol\u00ed:<\/p>\n<p>Inscripcions a la pla\u00e7a. Sorteig tant bon punt finalitzin les inscripcions.<\/p>\n<p>12:00 h Torneig de Futbol\u00ed: Comen\u00e7am!<\/p>\n<p>18:00 h Torneig de Futbol\u00ed: Gran Final.<\/p>\n<p>18:30 h Cursa o passejada solid\u00e0ria a favor de C\u00e0ritas: Inscripci\u00f3 (3 \u20ac) i concentraci\u00f3. I els que vulgueu hi podreu col\u00b7laborar amb el dorsal zero (donatius an\u00f2nims i voluntaris).<\/p>\n<p>19:00 h Cursa solid\u00e0ria: Partim!<\/p>\n<p>21:30 h Projecci\u00f3 de les Fotos de la Marat\u00f3 i entrega de premis.<\/p>\n<p>22:00 h Ball de bot amb el grup \u201cArreu\u201d.<\/p>\n<p><strong>Dilluns, 7 de setembre<\/strong><\/p>\n<p>10:00 h Taller d\u2019estels. A l\u2019edifici polivalent.<\/p>\n<p>18:00 h Volada d\u2019estels i portes obertes a sa Mola: veniu a con\u00e8ixer una mica m\u00e9s algunes curiositats del projecte de la<strong> cervesa Galilea de Cas Cerveser<\/strong> mentre els estels volaran per veure qui arriba m\u00e9s alt.<\/p>\n<p>21:00 h <strong>Nit d\u2019havaneres<\/strong> amb el grup Llampuga amb pebres patrocinada pels bars de la pla\u00e7a. Sardinada i rom cremat a la venda als bars.<\/p>\n<p><strong>Dimarts 8 de setembre. Dia de la Patrona<\/strong><\/p>\n<p>10:00 h Cercavila amb els xeremiers de Son Roca.<\/p>\n<p>11:00 h Missa solemne amb el ball de l&#8217;oferta a c\u00e0rrec de l&#8217;escola de Ball de Bot de Galilea.<\/p>\n<p>12:00 h Homenatge a la nostra gent amb seny. Hi haur\u00e0 un petit aperitiu per a tots els assistents.<\/p>\n<p>18:00 h Animaci\u00f3 infantil amb els Astronautes estrellats.<\/p>\n<p>21:30 h Mon\u00f2leg a c\u00e0rrec de Salvador Oliva: <em>Vaig somiar que mon pare era D\u00e9u<\/em>.<\/p>\n<p>23:30 h Traca al carrer\u00f3: llamps i trons!<\/p>\n<p><strong>Dissabte, 12 de setembre<\/strong><\/p>\n<p>09:30 h Excursi\u00f3: sa Mola &#8211; Escaleta d&#8217;en Barraix &#8211; sa Boal &#8211; Galatz\u00f3 &#8211; sa Roteta. Ens trobarem tots a la pla\u00e7a. Heu de dur pa a taleca. Dificultat: mitjana-f\u00e0cil.<\/p>\n<p>21:00 h Fest\u00f3: Cada ve\u00efnat ha de dur la seva especialitat culin\u00e0ria per compartir. Pensau a dur beguda, plat, tass\u00f3 i coberts.<!--more--><\/p>\n","protected":false},"excerpt":{"rendered":"<p>No hi faltar\u00e0 el tradicional joc de l&#8217;embutar, un vespre d&#8217;havaneres, la revetla amb els grups&hellip;<\/p>\n","protected":false},"author":1,"featured_media":38761,"comment_status":"open","ping_status":"closed","sticky":false,"template":"","format":"standard","meta":{"_acf_changed":false,"_swt_meta_header_display":false,"_swt_meta_footer_display":false,"_swt_meta_site_title_display":false,"_swt_meta_sticky_header":false,"_swt_meta_transparent_header":false,"footnotes":""},"categories":[1003],"tags":[],"coauthors":[],"class_list":["post-70604","post","type-post","status-publish","format-standard","has-post-thumbnail","hentry","category-actualitat-es"],"acf":{"gallery":null,"home_date":{"home_begin_date":null,"home_end_date":null}},"yoast_head":"<!-- This site is optimized with the Yoast SEO plugin v27.4 - https:\/\/yoast.com\/product\/yoast-seo-wordpress\/ -->\n<title>Festes de Galilea 2015<\/title>\n<meta name=\"description\" content=\"Festes de Galilea 2015\" \/>\n<meta name=\"robots\" content=\"index, follow, max-snippet:-1, max-image-preview:large, max-video-preview:-1\" \/>\n<link rel=\"canonical\" href=\"https:\/\/gastronomicament.cat\/es\/festes-de-galilea-2015\" \/>\n<meta property=\"og:locale\" content=\"es_ES\" \/>\n<meta property=\"og:type\" content=\"article\" \/>\n<meta property=\"og:title\" content=\"Festes de Galilea 2015\" \/>\n<meta property=\"og:description\" content=\"Festes de Galilea 2015\" \/>\n<meta property=\"og:url\" content=\"https:\/\/gastronomicament.cat\/es\/festes-de-galilea-2015\" \/>\n<meta property=\"og:site_name\" content=\"Gastron\u00f2micament\" \/>\n<meta property=\"article:published_time\" content=\"2015-08-27T09:41:24+00:00\" \/>\n<meta property=\"article:modified_time\" content=\"2022-04-09T09:00:43+00:00\" \/>\n<meta property=\"og:image\" content=\"https:\/\/gastronomicament.cat\/wp-content\/uploads\/2015\/08\/festes-de-galilea-2015.jpg\" \/>\n\t<meta property=\"og:image:width\" content=\"640\" \/>\n\t<meta property=\"og:image:height\" content=\"300\" \/>\n\t<meta property=\"og:image:type\" content=\"image\/jpeg\" \/>\n<meta name=\"author\" content=\"Redacci\u00f3\" \/>\n<meta name=\"twitter:card\" content=\"summary_large_image\" \/>\n<meta name=\"twitter:creator\" content=\"@gastronomicamen\" \/>\n<meta name=\"twitter:site\" content=\"@gastronomicamen\" \/>\n<meta name=\"twitter:label1\" content=\"Escrito por\" \/>\n\t<meta name=\"twitter:data1\" content=\"Redacci\u00f3\" \/>\n\t<meta name=\"twitter:label2\" content=\"Tiempo de lectura\" \/>\n\t<meta name=\"twitter:data2\" content=\"4 minutos\" \/>\n\t<meta name=\"twitter:label3\" content=\"Written by\" \/>\n\t<meta name=\"twitter:data3\" content=\"Redacci\u00f3\" \/>\n<script type=\"application\/ld+json\" class=\"yoast-schema-graph\">{\"@context\":\"https:\\\/\\\/schema.org\",\"@graph\":[{\"@type\":\"Article\",\"@id\":\"https:\\\/\\\/gastronomicament.cat\\\/es\\\/festes-de-galilea-2015#article\",\"isPartOf\":{\"@id\":\"https:\\\/\\\/gastronomicament.cat\\\/es\\\/festes-de-galilea-2015\"},\"author\":{\"name\":\"Redacci\u00f3\",\"@id\":\"https:\\\/\\\/gastronomicament.cat\\\/es\\\/#\\\/schema\\\/person\\\/a7c85c537a1ed62799a5b8e0f686a37f\"},\"headline\":\"Festes de Galilea 2015\",\"datePublished\":\"2015-08-27T09:41:24+00:00\",\"dateModified\":\"2022-04-09T09:00:43+00:00\",\"mainEntityOfPage\":{\"@id\":\"https:\\\/\\\/gastronomicament.cat\\\/es\\\/festes-de-galilea-2015\"},\"wordCount\":805,\"commentCount\":0,\"publisher\":{\"@id\":\"https:\\\/\\\/gastronomicament.cat\\\/es\\\/#organization\"},\"image\":{\"@id\":\"https:\\\/\\\/gastronomicament.cat\\\/es\\\/festes-de-galilea-2015#primaryimage\"},\"thumbnailUrl\":\"https:\\\/\\\/gastronomicament.cat\\\/wp-content\\\/uploads\\\/2015\\\/08\\\/festes-de-galilea-2015.jpg\",\"articleSection\":[\"Actualitat\"],\"inLanguage\":\"es\",\"potentialAction\":[{\"@type\":\"CommentAction\",\"name\":\"Comment\",\"target\":[\"https:\\\/\\\/gastronomicament.cat\\\/es\\\/festes-de-galilea-2015#respond\"]}]},{\"@type\":\"WebPage\",\"@id\":\"https:\\\/\\\/gastronomicament.cat\\\/es\\\/festes-de-galilea-2015\",\"url\":\"https:\\\/\\\/gastronomicament.cat\\\/es\\\/festes-de-galilea-2015\",\"name\":\"Festes de Galilea 2015\",\"isPartOf\":{\"@id\":\"https:\\\/\\\/gastronomicament.cat\\\/es\\\/#website\"},\"primaryImageOfPage\":{\"@id\":\"https:\\\/\\\/gastronomicament.cat\\\/es\\\/festes-de-galilea-2015#primaryimage\"},\"image\":{\"@id\":\"https:\\\/\\\/gastronomicament.cat\\\/es\\\/festes-de-galilea-2015#primaryimage\"},\"thumbnailUrl\":\"https:\\\/\\\/gastronomicament.cat\\\/wp-content\\\/uploads\\\/2015\\\/08\\\/festes-de-galilea-2015.jpg\",\"datePublished\":\"2015-08-27T09:41:24+00:00\",\"dateModified\":\"2022-04-09T09:00:43+00:00\",\"description\":\"Festes de Galilea 2015\",\"inLanguage\":\"es\",\"potentialAction\":[{\"@type\":\"ReadAction\",\"target\":[\"https:\\\/\\\/gastronomicament.cat\\\/es\\\/festes-de-galilea-2015\"]}]},{\"@type\":\"ImageObject\",\"inLanguage\":\"es\",\"@id\":\"https:\\\/\\\/gastronomicament.cat\\\/es\\\/festes-de-galilea-2015#primaryimage\",\"url\":\"https:\\\/\\\/gastronomicament.cat\\\/wp-content\\\/uploads\\\/2015\\\/08\\\/festes-de-galilea-2015.jpg\",\"contentUrl\":\"https:\\\/\\\/gastronomicament.cat\\\/wp-content\\\/uploads\\\/2015\\\/08\\\/festes-de-galilea-2015.jpg\",\"width\":640,\"height\":300},{\"@type\":\"WebSite\",\"@id\":\"https:\\\/\\\/gastronomicament.cat\\\/es\\\/#website\",\"url\":\"https:\\\/\\\/gastronomicament.cat\\\/es\\\/\",\"name\":\"Gastron\u00f2micament\",\"description\":\"Portal de restaurants, receptes i actualitat gastron\u00f2mica\",\"publisher\":{\"@id\":\"https:\\\/\\\/gastronomicament.cat\\\/es\\\/#organization\"},\"potentialAction\":[{\"@type\":\"SearchAction\",\"target\":{\"@type\":\"EntryPoint\",\"urlTemplate\":\"https:\\\/\\\/gastronomicament.cat\\\/es\\\/?s={search_term_string}\"},\"query-input\":{\"@type\":\"PropertyValueSpecification\",\"valueRequired\":true,\"valueName\":\"search_term_string\"}}],\"inLanguage\":\"es\"},{\"@type\":\"Organization\",\"@id\":\"https:\\\/\\\/gastronomicament.cat\\\/es\\\/#organization\",\"name\":\"Gastron\u00f2micament\",\"url\":\"https:\\\/\\\/gastronomicament.cat\\\/es\\\/\",\"logo\":{\"@type\":\"ImageObject\",\"inLanguage\":\"es\",\"@id\":\"https:\\\/\\\/gastronomicament.cat\\\/es\\\/#\\\/schema\\\/logo\\\/image\\\/\",\"url\":\"https:\\\/\\\/gastronomicament.cat\\\/wp-content\\\/uploads\\\/2016\\\/09\\\/header-logo.jpg\",\"contentUrl\":\"https:\\\/\\\/gastronomicament.cat\\\/wp-content\\\/uploads\\\/2016\\\/09\\\/header-logo.jpg\",\"width\":277,\"height\":39,\"caption\":\"Gastron\u00f2micament\"},\"image\":{\"@id\":\"https:\\\/\\\/gastronomicament.cat\\\/es\\\/#\\\/schema\\\/logo\\\/image\\\/\"},\"sameAs\":[\"https:\\\/\\\/x.com\\\/gastronomicamen\"]},{\"@type\":\"Person\",\"@id\":\"https:\\\/\\\/gastronomicament.cat\\\/es\\\/#\\\/schema\\\/person\\\/a7c85c537a1ed62799a5b8e0f686a37f\",\"name\":\"Redacci\u00f3\",\"image\":{\"@type\":\"ImageObject\",\"inLanguage\":\"es\",\"@id\":\"https:\\\/\\\/secure.gravatar.com\\\/avatar\\\/9489a485c464fd611d33825daae651d13db70c4e74c65c94937a15a9d4c3ee14?s=96&d=mm&r=g69fea3cce3645dfa2166e7293e22955e\",\"url\":\"https:\\\/\\\/secure.gravatar.com\\\/avatar\\\/9489a485c464fd611d33825daae651d13db70c4e74c65c94937a15a9d4c3ee14?s=96&d=mm&r=g\",\"contentUrl\":\"https:\\\/\\\/secure.gravatar.com\\\/avatar\\\/9489a485c464fd611d33825daae651d13db70c4e74c65c94937a15a9d4c3ee14?s=96&d=mm&r=g\",\"caption\":\"Redacci\u00f3\"},\"sameAs\":[\"http:\\\/\\\/gastronomicament.cat\"],\"url\":\"https:\\\/\\\/gastronomicament.cat\\\/es\\\/author\\\/admin\"}]}<\/script>\n<!-- \/ Yoast SEO plugin. -->","yoast_head_json":{"title":"Festes de Galilea 2015","description":"Festes de Galilea 2015","robots":{"index":"index","follow":"follow","max-snippet":"max-snippet:-1","max-image-preview":"max-image-preview:large","max-video-preview":"max-video-preview:-1"},"canonical":"https:\/\/gastronomicament.cat\/es\/festes-de-galilea-2015","og_locale":"es_ES","og_type":"article","og_title":"Festes de Galilea 2015","og_description":"Festes de Galilea 2015","og_url":"https:\/\/gastronomicament.cat\/es\/festes-de-galilea-2015","og_site_name":"Gastron\u00f2micament","article_published_time":"2015-08-27T09:41:24+00:00","article_modified_time":"2022-04-09T09:00:43+00:00","og_image":[{"width":640,"height":300,"url":"https:\/\/gastronomicament.cat\/wp-content\/uploads\/2015\/08\/festes-de-galilea-2015.jpg","type":"image\/jpeg"}],"author":"Redacci\u00f3","twitter_card":"summary_large_image","twitter_creator":"@gastronomicamen","twitter_site":"@gastronomicamen","twitter_misc":{"Escrito por":"Redacci\u00f3","Tiempo de lectura":"4 minutos","Written by":"Redacci\u00f3"},"schema":{"@context":"https:\/\/schema.org","@graph":[{"@type":"Article","@id":"https:\/\/gastronomicament.cat\/es\/festes-de-galilea-2015#article","isPartOf":{"@id":"https:\/\/gastronomicament.cat\/es\/festes-de-galilea-2015"},"author":{"name":"Redacci\u00f3","@id":"https:\/\/gastronomicament.cat\/es\/#\/schema\/person\/a7c85c537a1ed62799a5b8e0f686a37f"},"headline":"Festes de Galilea 2015","datePublished":"2015-08-27T09:41:24+00:00","dateModified":"2022-04-09T09:00:43+00:00","mainEntityOfPage":{"@id":"https:\/\/gastronomicament.cat\/es\/festes-de-galilea-2015"},"wordCount":805,"commentCount":0,"publisher":{"@id":"https:\/\/gastronomicament.cat\/es\/#organization"},"image":{"@id":"https:\/\/gastronomicament.cat\/es\/festes-de-galilea-2015#primaryimage"},"thumbnailUrl":"https:\/\/gastronomicament.cat\/wp-content\/uploads\/2015\/08\/festes-de-galilea-2015.jpg","articleSection":["Actualitat"],"inLanguage":"es","potentialAction":[{"@type":"CommentAction","name":"Comment","target":["https:\/\/gastronomicament.cat\/es\/festes-de-galilea-2015#respond"]}]},{"@type":"WebPage","@id":"https:\/\/gastronomicament.cat\/es\/festes-de-galilea-2015","url":"https:\/\/gastronomicament.cat\/es\/festes-de-galilea-2015","name":"Festes de Galilea 2015","isPartOf":{"@id":"https:\/\/gastronomicament.cat\/es\/#website"},"primaryImageOfPage":{"@id":"https:\/\/gastronomicament.cat\/es\/festes-de-galilea-2015#primaryimage"},"image":{"@id":"https:\/\/gastronomicament.cat\/es\/festes-de-galilea-2015#primaryimage"},"thumbnailUrl":"https:\/\/gastronomicament.cat\/wp-content\/uploads\/2015\/08\/festes-de-galilea-2015.jpg","datePublished":"2015-08-27T09:41:24+00:00","dateModified":"2022-04-09T09:00:43+00:00","description":"Festes de Galilea 2015","inLanguage":"es","potentialAction":[{"@type":"ReadAction","target":["https:\/\/gastronomicament.cat\/es\/festes-de-galilea-2015"]}]},{"@type":"ImageObject","inLanguage":"es","@id":"https:\/\/gastronomicament.cat\/es\/festes-de-galilea-2015#primaryimage","url":"https:\/\/gastronomicament.cat\/wp-content\/uploads\/2015\/08\/festes-de-galilea-2015.jpg","contentUrl":"https:\/\/gastronomicament.cat\/wp-content\/uploads\/2015\/08\/festes-de-galilea-2015.jpg","width":640,"height":300},{"@type":"WebSite","@id":"https:\/\/gastronomicament.cat\/es\/#website","url":"https:\/\/gastronomicament.cat\/es\/","name":"Gastron\u00f2micament","description":"Portal de restaurants, receptes i actualitat gastron\u00f2mica","publisher":{"@id":"https:\/\/gastronomicament.cat\/es\/#organization"},"potentialAction":[{"@type":"SearchAction","target":{"@type":"EntryPoint","urlTemplate":"https:\/\/gastronomicament.cat\/es\/?s={search_term_string}"},"query-input":{"@type":"PropertyValueSpecification","valueRequired":true,"valueName":"search_term_string"}}],"inLanguage":"es"},{"@type":"Organization","@id":"https:\/\/gastronomicament.cat\/es\/#organization","name":"Gastron\u00f2micament","url":"https:\/\/gastronomicament.cat\/es\/","logo":{"@type":"ImageObject","inLanguage":"es","@id":"https:\/\/gastronomicament.cat\/es\/#\/schema\/logo\/image\/","url":"https:\/\/gastronomicament.cat\/wp-content\/uploads\/2016\/09\/header-logo.jpg","contentUrl":"https:\/\/gastronomicament.cat\/wp-content\/uploads\/2016\/09\/header-logo.jpg","width":277,"height":39,"caption":"Gastron\u00f2micament"},"image":{"@id":"https:\/\/gastronomicament.cat\/es\/#\/schema\/logo\/image\/"},"sameAs":["https:\/\/x.com\/gastronomicamen"]},{"@type":"Person","@id":"https:\/\/gastronomicament.cat\/es\/#\/schema\/person\/a7c85c537a1ed62799a5b8e0f686a37f","name":"Redacci\u00f3","image":{"@type":"ImageObject","inLanguage":"es","@id":"https:\/\/secure.gravatar.com\/avatar\/9489a485c464fd611d33825daae651d13db70c4e74c65c94937a15a9d4c3ee14?s=96&d=mm&r=g69fea3cce3645dfa2166e7293e22955e","url":"https:\/\/secure.gravatar.com\/avatar\/9489a485c464fd611d33825daae651d13db70c4e74c65c94937a15a9d4c3ee14?s=96&d=mm&r=g","contentUrl":"https:\/\/secure.gravatar.com\/avatar\/9489a485c464fd611d33825daae651d13db70c4e74c65c94937a15a9d4c3ee14?s=96&d=mm&r=g","caption":"Redacci\u00f3"},"sameAs":["http:\/\/gastronomicament.cat"],"url":"https:\/\/gastronomicament.cat\/es\/author\/admin"}]}},"_links":{"self":[{"href":"https:\/\/gastronomicament.cat\/es\/wp-json\/wp\/v2\/posts\/70604","targetHints":{"allow":["GET"]}}],"collection":[{"href":"https:\/\/gastronomicament.cat\/es\/wp-json\/wp\/v2\/posts"}],"about":[{"href":"https:\/\/gastronomicament.cat\/es\/wp-json\/wp\/v2\/types\/post"}],"author":[{"embeddable":true,"href":"https:\/\/gastronomicament.cat\/es\/wp-json\/wp\/v2\/users\/1"}],"replies":[{"embeddable":true,"href":"https:\/\/gastronomicament.cat\/es\/wp-json\/wp\/v2\/comments?post=70604"}],"version-history":[{"count":0,"href":"https:\/\/gastronomicament.cat\/es\/wp-json\/wp\/v2\/posts\/70604\/revisions"}],"wp:featuredmedia":[{"embeddable":true,"href":"https:\/\/gastronomicament.cat\/es\/wp-json\/wp\/v2\/media\/38761"}],"wp:attachment":[{"href":"https:\/\/gastronomicament.cat\/es\/wp-json\/wp\/v2\/media?parent=70604"}],"wp:term":[{"taxonomy":"category","embeddable":true,"href":"https:\/\/gastronomicament.cat\/es\/wp-json\/wp\/v2\/categories?post=70604"},{"taxonomy":"post_tag","embeddable":true,"href":"https:\/\/gastronomicament.cat\/es\/wp-json\/wp\/v2\/tags?post=70604"},{"taxonomy":"author","embeddable":true,"href":"https:\/\/gastronomicament.cat\/es\/wp-json\/wp\/v2\/coauthors?post=70604"}],"curies":[{"name":"wp","href":"https:\/\/api.w.org\/{rel}","templated":true}]}}