{"id":70643,"date":"2015-08-07T17:33:29","date_gmt":"2015-08-07T15:33:29","guid":{"rendered":"https:\/\/gastronomicament.cat\/festes-gastronomia-puigpunyent-2015"},"modified":"2015-08-07T17:33:29","modified_gmt":"2015-08-07T15:33:29","slug":"festes-gastronomia-puigpunyent-2015","status":"publish","type":"post","link":"https:\/\/gastronomicament.cat\/es\/festes-gastronomia-puigpunyent-2015","title":{"rendered":"Festes i gastronomia a Puigpunyent 2015"},"content":{"rendered":"<p>El bell municipi de Puigpunyent celebra les festes dels seus patrons, la Mare de D\u00e9u i Sant Roc amb un programa carregat de gastronomia i m\u00fasica:<\/p>\n<p><strong>Festes i gastronomia a Puigpunyent 2015<\/strong><\/p>\n<p><strong>DISSABTE 8<\/strong><br \/>\n23.30 h. al carrer sa Travessia:<br \/>\n<strong>CARNABARS<\/strong> (fins a les 06.00h) Nit de bars,<br \/>\nm\u00fasica i disfresses.<br \/>\nCan Jordi: Tom Trovador<br \/>\nCan Blau: DJ Chamo the Wolf<br \/>\nEs Pont: Juanjo Montserrat, veu i guitarra<br \/>\n<strong>DIUMENGE 9<\/strong><br \/>\n18-24 h. a la pla\u00e7a de l\u2019Ajuntament<br \/>\n<strong>ART EN VIU<\/strong>. Dues categories: menors de 13 (no cal inscripci\u00f3) i majors de 13 anys<br \/>\nM\u00e9s informaci\u00f3 al facebook Artenviu Puigpunyent.<br \/>\n19 h. als voltants de la pla\u00e7a de l\u2019Ajuntament<br \/>\n<strong>MERCADET NOCTURN<\/strong>.<br \/>\nMercadet de segona m\u00e0 i artesania.<\/p>\n<p><strong>DIMARTS 11<\/strong><br \/>\n19.30 h. a la pla\u00e7a de l\u2019Ajuntament<br \/>\n<strong>PREG\u00d3<\/strong> de les festes amb Antoni Torrens i Gost. Farmac\u00e8utic, music i promotor cultural.<br \/>\n20.30 h. a la pla\u00e7a de l\u2019Ajuntament<br \/>\nConcert amb VEUS DE LA TARDOR.<\/p>\n<p>21.30 h. al carrer sa Travessia<br \/>\n<strong>SOPAR A LA FRESCA<\/strong><br \/>\nMen\u00fas<br \/>\nEs Pont: llom a la sal amb salsa<br \/>\nd\u2019ametlles i guarnici\u00f3; past\u00eds de<br \/>\nllimona<br \/>\nCan Blau: pastissets russos especiats<br \/>\nd\u2019arr\u00f2s amb vegetals o carn\u00a0 i<br \/>\namanida; coca de xocolata amb fruita<br \/>\nCan Jordi: llom amb tumbet; past\u00eds de<br \/>\ncrema i ametlla<br \/>\nS\u2019ha de dur plat, tass\u00f3 i coberts reutilitzables i cada bar-restaurant servir\u00e0 el menu al seu local.<br \/>\nPreu del sopar: 8\u20ac. Els tiquets de tots els men\u00fas es poden comprar a l\u2019ajuntament fins dia 7 d\u2019agost.<\/p>\n<p>23.00 h. a la pla\u00e7a de l\u2019Ajuntament<br \/>\n<strong>NIT<\/strong> <strong>VIRTUAL<\/strong>: Just dance, FIFA i Trivial<\/p>\n<p><strong>DIMECRES 12<\/strong><br \/>\n22 h. a la pla\u00e7a de l\u2019Ajuntament <strong>XIV NIT DE PLAYBACK<\/strong> Una nova edici\u00f3 amb categor\u00eda infantil,<br \/>\njuvenil i adulta.<\/p>\n<p><strong>DIJOUS 13<\/strong><br \/>\n20.00 h. al poliesportiu<br \/>\n<strong>CONCURS DE COQUES DOLCES I SALADES<\/strong><br \/>\nBases: Cada concursant podr\u00e0 presentar una coca a cada categoria (dol\u00e7a i salada) i tots els participants tendran un obsequi. Les coques s\u2019han de presentar entre les 20 i 21 h..<br \/>\nEl jurat triar\u00e0 les coques premiades i a continuaci\u00f3 quedaran exposades. Abans del sopar es lliuraran els premis i cada participant podr\u00e0 recollir la seva.<\/p>\n<p>21.00 h. al poliesportiu<br \/>\n<strong>BICICLETADA NOCTURNA I TREMPONADA<\/strong><br \/>\nEl Club Ciclista de Puigpunyent i Galilea encap\u00e7alar\u00e0 i ens guiar\u00e0 a la volta<br \/>\ndel cam\u00ed de Son Puig. Heu de dur plat, tass\u00f3 i coberts reutilitzables. La piscina romandr\u00e0 oberta fins a les 23.00 h.<\/p>\n<p>23.00 h. al bar del poliesportiu<br \/>\nM\u00fasica en viu amb <strong>ACOUSTIC ANGELS<\/strong>.<br \/>\n<strong>DIVENDRES 14<\/strong><br \/>\n18.00 h. a la pla\u00e7a de son Bru<br \/>\nLa Cia. Circ <strong>DES-EQUILIBRATS<\/strong> Teatre presenta el seu espectacle IN-COMPATIBLES. Seguidament taller de circ per a tots i totes.<br \/>\n23.00 h. a la pla\u00e7a de l\u2019ajuntament<br \/>\n<strong>GRAN REVETLLA<\/strong> amb els grups:<br \/>\nTRIO NIGHT FLIGHT<br \/>\nLA RUMBA NOSTRA<br \/>\nSES BUBOTES<br \/>\nDJ TONI CUENCA Jr.<\/p>\n<p>&nbsp;<\/p>\n<p>Consultau tot el programa a: <a title=\"Festes de Puigpunyent 2015\" href=\"http:\/\/www.puigpunyent.cat\/wms\/ofo\/imgdb\/\/archivo_adj294685.pdf\" target=\"_blank\" rel=\"noopener\">http:\/\/www.puigpunyent.cat\/wms\/ofo\/imgdb\/\/archivo_adj294685.pdf<\/a><!--more--><\/p>\n","protected":false},"excerpt":{"rendered":"<p>El bell municipi de Puigpunyent celebra les festes dels seus patrons, la Mare de D\u00e9u i Sant Roc amb un programa carregat de gastronomia i m\u00fasica: Festes i gastronomia a Puigpunyent 2015 DISSABTE 8 23.30 h. al carrer sa Travessia: CARNABARS (fins a les 06.00h) Nit de bars, m\u00fasica i disfresses. Can Jordi: Tom Trovador [&hellip;]<\/p>\n","protected":false},"author":1,"featured_media":38722,"comment_status":"open","ping_status":"closed","sticky":false,"template":"","format":"standard","meta":{"_acf_changed":false,"_swt_meta_header_display":false,"_swt_meta_footer_display":false,"_swt_meta_site_title_display":false,"_swt_meta_sticky_header":false,"_swt_meta_transparent_header":false,"footnotes":""},"categories":[1003],"tags":[],"coauthors":[],"class_list":["post-70643","post","type-post","status-publish","format-standard","has-post-thumbnail","hentry","category-actualitat-es"],"acf":{"gallery":null,"home_date":{"home_begin_date":null,"home_end_date":null}},"yoast_head":"<!-- This site is optimized with the Yoast SEO plugin v27.4 - https:\/\/yoast.com\/product\/yoast-seo-wordpress\/ -->\n<title>Festes i gastronomia a Puigpunyent 2015<\/title>\n<meta name=\"description\" content=\"Festes i gastronomia a Puigpunyent 2015\" \/>\n<meta name=\"robots\" content=\"index, follow, max-snippet:-1, max-image-preview:large, max-video-preview:-1\" \/>\n<link rel=\"canonical\" href=\"https:\/\/gastronomicament.cat\/es\/festes-gastronomia-puigpunyent-2015\" \/>\n<meta property=\"og:locale\" content=\"es_ES\" \/>\n<meta property=\"og:type\" content=\"article\" \/>\n<meta property=\"og:title\" content=\"Festes i gastronomia a Puigpunyent 2015\" \/>\n<meta property=\"og:description\" content=\"Festes i gastronomia a Puigpunyent 2015\" \/>\n<meta property=\"og:url\" content=\"https:\/\/gastronomicament.cat\/es\/festes-gastronomia-puigpunyent-2015\" \/>\n<meta property=\"og:site_name\" content=\"Gastron\u00f2micament\" \/>\n<meta property=\"article:published_time\" content=\"2015-08-07T15:33:29+00:00\" \/>\n<meta property=\"og:image\" content=\"https:\/\/gastronomicament.cat\/wp-content\/uploads\/2015\/08\/festes-puigpunyent-2015.jpg\" \/>\n\t<meta property=\"og:image:width\" content=\"640\" \/>\n\t<meta property=\"og:image:height\" content=\"361\" \/>\n\t<meta property=\"og:image:type\" content=\"image\/jpeg\" \/>\n<meta name=\"author\" content=\"Redacci\u00f3\" \/>\n<meta name=\"twitter:card\" content=\"summary_large_image\" \/>\n<meta name=\"twitter:creator\" content=\"@gastronomicamen\" \/>\n<meta name=\"twitter:site\" content=\"@gastronomicamen\" \/>\n<meta name=\"twitter:label1\" content=\"Escrito por\" \/>\n\t<meta name=\"twitter:data1\" content=\"Redacci\u00f3\" \/>\n\t<meta name=\"twitter:label2\" content=\"Tiempo de lectura\" \/>\n\t<meta name=\"twitter:data2\" content=\"2 minutos\" \/>\n\t<meta name=\"twitter:label3\" content=\"Written by\" \/>\n\t<meta name=\"twitter:data3\" content=\"Redacci\u00f3\" \/>\n<script type=\"application\/ld+json\" class=\"yoast-schema-graph\">{\"@context\":\"https:\\\/\\\/schema.org\",\"@graph\":[{\"@type\":\"Article\",\"@id\":\"https:\\\/\\\/gastronomicament.cat\\\/es\\\/festes-gastronomia-puigpunyent-2015#article\",\"isPartOf\":{\"@id\":\"https:\\\/\\\/gastronomicament.cat\\\/es\\\/festes-gastronomia-puigpunyent-2015\"},\"author\":{\"name\":\"Redacci\u00f3\",\"@id\":\"https:\\\/\\\/gastronomicament.cat\\\/es\\\/#\\\/schema\\\/person\\\/a7c85c537a1ed62799a5b8e0f686a37f\"},\"headline\":\"Festes i gastronomia a Puigpunyent 2015\",\"datePublished\":\"2015-08-07T15:33:29+00:00\",\"mainEntityOfPage\":{\"@id\":\"https:\\\/\\\/gastronomicament.cat\\\/es\\\/festes-gastronomia-puigpunyent-2015\"},\"wordCount\":483,\"commentCount\":0,\"publisher\":{\"@id\":\"https:\\\/\\\/gastronomicament.cat\\\/es\\\/#organization\"},\"image\":{\"@id\":\"https:\\\/\\\/gastronomicament.cat\\\/es\\\/festes-gastronomia-puigpunyent-2015#primaryimage\"},\"thumbnailUrl\":\"https:\\\/\\\/gastronomicament.cat\\\/wp-content\\\/uploads\\\/2015\\\/08\\\/festes-puigpunyent-2015.jpg\",\"articleSection\":[\"Actualitat\"],\"inLanguage\":\"es\",\"potentialAction\":[{\"@type\":\"CommentAction\",\"name\":\"Comment\",\"target\":[\"https:\\\/\\\/gastronomicament.cat\\\/es\\\/festes-gastronomia-puigpunyent-2015#respond\"]}]},{\"@type\":\"WebPage\",\"@id\":\"https:\\\/\\\/gastronomicament.cat\\\/es\\\/festes-gastronomia-puigpunyent-2015\",\"url\":\"https:\\\/\\\/gastronomicament.cat\\\/es\\\/festes-gastronomia-puigpunyent-2015\",\"name\":\"Festes i gastronomia a Puigpunyent 2015\",\"isPartOf\":{\"@id\":\"https:\\\/\\\/gastronomicament.cat\\\/es\\\/#website\"},\"primaryImageOfPage\":{\"@id\":\"https:\\\/\\\/gastronomicament.cat\\\/es\\\/festes-gastronomia-puigpunyent-2015#primaryimage\"},\"image\":{\"@id\":\"https:\\\/\\\/gastronomicament.cat\\\/es\\\/festes-gastronomia-puigpunyent-2015#primaryimage\"},\"thumbnailUrl\":\"https:\\\/\\\/gastronomicament.cat\\\/wp-content\\\/uploads\\\/2015\\\/08\\\/festes-puigpunyent-2015.jpg\",\"datePublished\":\"2015-08-07T15:33:29+00:00\",\"description\":\"Festes i gastronomia a Puigpunyent 2015\",\"inLanguage\":\"es\",\"potentialAction\":[{\"@type\":\"ReadAction\",\"target\":[\"https:\\\/\\\/gastronomicament.cat\\\/es\\\/festes-gastronomia-puigpunyent-2015\"]}]},{\"@type\":\"ImageObject\",\"inLanguage\":\"es\",\"@id\":\"https:\\\/\\\/gastronomicament.cat\\\/es\\\/festes-gastronomia-puigpunyent-2015#primaryimage\",\"url\":\"https:\\\/\\\/gastronomicament.cat\\\/wp-content\\\/uploads\\\/2015\\\/08\\\/festes-puigpunyent-2015.jpg\",\"contentUrl\":\"https:\\\/\\\/gastronomicament.cat\\\/wp-content\\\/uploads\\\/2015\\\/08\\\/festes-puigpunyent-2015.jpg\",\"width\":640,\"height\":361},{\"@type\":\"WebSite\",\"@id\":\"https:\\\/\\\/gastronomicament.cat\\\/es\\\/#website\",\"url\":\"https:\\\/\\\/gastronomicament.cat\\\/es\\\/\",\"name\":\"Gastron\u00f2micament\",\"description\":\"Portal de restaurants, receptes i actualitat gastron\u00f2mica\",\"publisher\":{\"@id\":\"https:\\\/\\\/gastronomicament.cat\\\/es\\\/#organization\"},\"potentialAction\":[{\"@type\":\"SearchAction\",\"target\":{\"@type\":\"EntryPoint\",\"urlTemplate\":\"https:\\\/\\\/gastronomicament.cat\\\/es\\\/?s={search_term_string}\"},\"query-input\":{\"@type\":\"PropertyValueSpecification\",\"valueRequired\":true,\"valueName\":\"search_term_string\"}}],\"inLanguage\":\"es\"},{\"@type\":\"Organization\",\"@id\":\"https:\\\/\\\/gastronomicament.cat\\\/es\\\/#organization\",\"name\":\"Gastron\u00f2micament\",\"url\":\"https:\\\/\\\/gastronomicament.cat\\\/es\\\/\",\"logo\":{\"@type\":\"ImageObject\",\"inLanguage\":\"es\",\"@id\":\"https:\\\/\\\/gastronomicament.cat\\\/es\\\/#\\\/schema\\\/logo\\\/image\\\/\",\"url\":\"https:\\\/\\\/gastronomicament.cat\\\/wp-content\\\/uploads\\\/2016\\\/09\\\/header-logo.jpg\",\"contentUrl\":\"https:\\\/\\\/gastronomicament.cat\\\/wp-content\\\/uploads\\\/2016\\\/09\\\/header-logo.jpg\",\"width\":277,\"height\":39,\"caption\":\"Gastron\u00f2micament\"},\"image\":{\"@id\":\"https:\\\/\\\/gastronomicament.cat\\\/es\\\/#\\\/schema\\\/logo\\\/image\\\/\"},\"sameAs\":[\"https:\\\/\\\/x.com\\\/gastronomicamen\"]},{\"@type\":\"Person\",\"@id\":\"https:\\\/\\\/gastronomicament.cat\\\/es\\\/#\\\/schema\\\/person\\\/a7c85c537a1ed62799a5b8e0f686a37f\",\"name\":\"Redacci\u00f3\",\"image\":{\"@type\":\"ImageObject\",\"inLanguage\":\"es\",\"@id\":\"https:\\\/\\\/secure.gravatar.com\\\/avatar\\\/9489a485c464fd611d33825daae651d13db70c4e74c65c94937a15a9d4c3ee14?s=96&d=mm&r=g69fea3cce3645dfa2166e7293e22955e\",\"url\":\"https:\\\/\\\/secure.gravatar.com\\\/avatar\\\/9489a485c464fd611d33825daae651d13db70c4e74c65c94937a15a9d4c3ee14?s=96&d=mm&r=g\",\"contentUrl\":\"https:\\\/\\\/secure.gravatar.com\\\/avatar\\\/9489a485c464fd611d33825daae651d13db70c4e74c65c94937a15a9d4c3ee14?s=96&d=mm&r=g\",\"caption\":\"Redacci\u00f3\"},\"sameAs\":[\"http:\\\/\\\/gastronomicament.cat\"],\"url\":\"https:\\\/\\\/gastronomicament.cat\\\/es\\\/author\\\/admin\"}]}<\/script>\n<!-- \/ Yoast SEO plugin. -->","yoast_head_json":{"title":"Festes i gastronomia a Puigpunyent 2015","description":"Festes i gastronomia a Puigpunyent 2015","robots":{"index":"index","follow":"follow","max-snippet":"max-snippet:-1","max-image-preview":"max-image-preview:large","max-video-preview":"max-video-preview:-1"},"canonical":"https:\/\/gastronomicament.cat\/es\/festes-gastronomia-puigpunyent-2015","og_locale":"es_ES","og_type":"article","og_title":"Festes i gastronomia a Puigpunyent 2015","og_description":"Festes i gastronomia a Puigpunyent 2015","og_url":"https:\/\/gastronomicament.cat\/es\/festes-gastronomia-puigpunyent-2015","og_site_name":"Gastron\u00f2micament","article_published_time":"2015-08-07T15:33:29+00:00","og_image":[{"width":640,"height":361,"url":"https:\/\/gastronomicament.cat\/wp-content\/uploads\/2015\/08\/festes-puigpunyent-2015.jpg","type":"image\/jpeg"}],"author":"Redacci\u00f3","twitter_card":"summary_large_image","twitter_creator":"@gastronomicamen","twitter_site":"@gastronomicamen","twitter_misc":{"Escrito por":"Redacci\u00f3","Tiempo de lectura":"2 minutos","Written by":"Redacci\u00f3"},"schema":{"@context":"https:\/\/schema.org","@graph":[{"@type":"Article","@id":"https:\/\/gastronomicament.cat\/es\/festes-gastronomia-puigpunyent-2015#article","isPartOf":{"@id":"https:\/\/gastronomicament.cat\/es\/festes-gastronomia-puigpunyent-2015"},"author":{"name":"Redacci\u00f3","@id":"https:\/\/gastronomicament.cat\/es\/#\/schema\/person\/a7c85c537a1ed62799a5b8e0f686a37f"},"headline":"Festes i gastronomia a Puigpunyent 2015","datePublished":"2015-08-07T15:33:29+00:00","mainEntityOfPage":{"@id":"https:\/\/gastronomicament.cat\/es\/festes-gastronomia-puigpunyent-2015"},"wordCount":483,"commentCount":0,"publisher":{"@id":"https:\/\/gastronomicament.cat\/es\/#organization"},"image":{"@id":"https:\/\/gastronomicament.cat\/es\/festes-gastronomia-puigpunyent-2015#primaryimage"},"thumbnailUrl":"https:\/\/gastronomicament.cat\/wp-content\/uploads\/2015\/08\/festes-puigpunyent-2015.jpg","articleSection":["Actualitat"],"inLanguage":"es","potentialAction":[{"@type":"CommentAction","name":"Comment","target":["https:\/\/gastronomicament.cat\/es\/festes-gastronomia-puigpunyent-2015#respond"]}]},{"@type":"WebPage","@id":"https:\/\/gastronomicament.cat\/es\/festes-gastronomia-puigpunyent-2015","url":"https:\/\/gastronomicament.cat\/es\/festes-gastronomia-puigpunyent-2015","name":"Festes i gastronomia a Puigpunyent 2015","isPartOf":{"@id":"https:\/\/gastronomicament.cat\/es\/#website"},"primaryImageOfPage":{"@id":"https:\/\/gastronomicament.cat\/es\/festes-gastronomia-puigpunyent-2015#primaryimage"},"image":{"@id":"https:\/\/gastronomicament.cat\/es\/festes-gastronomia-puigpunyent-2015#primaryimage"},"thumbnailUrl":"https:\/\/gastronomicament.cat\/wp-content\/uploads\/2015\/08\/festes-puigpunyent-2015.jpg","datePublished":"2015-08-07T15:33:29+00:00","description":"Festes i gastronomia a Puigpunyent 2015","inLanguage":"es","potentialAction":[{"@type":"ReadAction","target":["https:\/\/gastronomicament.cat\/es\/festes-gastronomia-puigpunyent-2015"]}]},{"@type":"ImageObject","inLanguage":"es","@id":"https:\/\/gastronomicament.cat\/es\/festes-gastronomia-puigpunyent-2015#primaryimage","url":"https:\/\/gastronomicament.cat\/wp-content\/uploads\/2015\/08\/festes-puigpunyent-2015.jpg","contentUrl":"https:\/\/gastronomicament.cat\/wp-content\/uploads\/2015\/08\/festes-puigpunyent-2015.jpg","width":640,"height":361},{"@type":"WebSite","@id":"https:\/\/gastronomicament.cat\/es\/#website","url":"https:\/\/gastronomicament.cat\/es\/","name":"Gastron\u00f2micament","description":"Portal de restaurants, receptes i actualitat gastron\u00f2mica","publisher":{"@id":"https:\/\/gastronomicament.cat\/es\/#organization"},"potentialAction":[{"@type":"SearchAction","target":{"@type":"EntryPoint","urlTemplate":"https:\/\/gastronomicament.cat\/es\/?s={search_term_string}"},"query-input":{"@type":"PropertyValueSpecification","valueRequired":true,"valueName":"search_term_string"}}],"inLanguage":"es"},{"@type":"Organization","@id":"https:\/\/gastronomicament.cat\/es\/#organization","name":"Gastron\u00f2micament","url":"https:\/\/gastronomicament.cat\/es\/","logo":{"@type":"ImageObject","inLanguage":"es","@id":"https:\/\/gastronomicament.cat\/es\/#\/schema\/logo\/image\/","url":"https:\/\/gastronomicament.cat\/wp-content\/uploads\/2016\/09\/header-logo.jpg","contentUrl":"https:\/\/gastronomicament.cat\/wp-content\/uploads\/2016\/09\/header-logo.jpg","width":277,"height":39,"caption":"Gastron\u00f2micament"},"image":{"@id":"https:\/\/gastronomicament.cat\/es\/#\/schema\/logo\/image\/"},"sameAs":["https:\/\/x.com\/gastronomicamen"]},{"@type":"Person","@id":"https:\/\/gastronomicament.cat\/es\/#\/schema\/person\/a7c85c537a1ed62799a5b8e0f686a37f","name":"Redacci\u00f3","image":{"@type":"ImageObject","inLanguage":"es","@id":"https:\/\/secure.gravatar.com\/avatar\/9489a485c464fd611d33825daae651d13db70c4e74c65c94937a15a9d4c3ee14?s=96&d=mm&r=g69fea3cce3645dfa2166e7293e22955e","url":"https:\/\/secure.gravatar.com\/avatar\/9489a485c464fd611d33825daae651d13db70c4e74c65c94937a15a9d4c3ee14?s=96&d=mm&r=g","contentUrl":"https:\/\/secure.gravatar.com\/avatar\/9489a485c464fd611d33825daae651d13db70c4e74c65c94937a15a9d4c3ee14?s=96&d=mm&r=g","caption":"Redacci\u00f3"},"sameAs":["http:\/\/gastronomicament.cat"],"url":"https:\/\/gastronomicament.cat\/es\/author\/admin"}]}},"_links":{"self":[{"href":"https:\/\/gastronomicament.cat\/es\/wp-json\/wp\/v2\/posts\/70643","targetHints":{"allow":["GET"]}}],"collection":[{"href":"https:\/\/gastronomicament.cat\/es\/wp-json\/wp\/v2\/posts"}],"about":[{"href":"https:\/\/gastronomicament.cat\/es\/wp-json\/wp\/v2\/types\/post"}],"author":[{"embeddable":true,"href":"https:\/\/gastronomicament.cat\/es\/wp-json\/wp\/v2\/users\/1"}],"replies":[{"embeddable":true,"href":"https:\/\/gastronomicament.cat\/es\/wp-json\/wp\/v2\/comments?post=70643"}],"version-history":[{"count":0,"href":"https:\/\/gastronomicament.cat\/es\/wp-json\/wp\/v2\/posts\/70643\/revisions"}],"wp:featuredmedia":[{"embeddable":true,"href":"https:\/\/gastronomicament.cat\/es\/wp-json\/wp\/v2\/media\/38722"}],"wp:attachment":[{"href":"https:\/\/gastronomicament.cat\/es\/wp-json\/wp\/v2\/media?parent=70643"}],"wp:term":[{"taxonomy":"category","embeddable":true,"href":"https:\/\/gastronomicament.cat\/es\/wp-json\/wp\/v2\/categories?post=70643"},{"taxonomy":"post_tag","embeddable":true,"href":"https:\/\/gastronomicament.cat\/es\/wp-json\/wp\/v2\/tags?post=70643"},{"taxonomy":"author","embeddable":true,"href":"https:\/\/gastronomicament.cat\/es\/wp-json\/wp\/v2\/coauthors?post=70643"}],"curies":[{"name":"wp","href":"https:\/\/api.w.org\/{rel}","templated":true}]}}