{"id":70745,"date":"2015-05-12T18:11:25","date_gmt":"2015-05-12T16:11:25","guid":{"rendered":"https:\/\/gastronomicament.cat\/la-dieta-mediterrania-demostra-els-seus-beneficis-en-la-prevencio-del-deteriorament-cognitiu"},"modified":"2022-04-09T11:02:26","modified_gmt":"2022-04-09T09:02:26","slug":"la-dieta-mediterrania-demostra-els-seus-beneficis-en-la-prevencio-del-deteriorament-cognitiu","status":"publish","type":"post","link":"https:\/\/gastronomicament.cat\/es\/la-dieta-mediterrania-demostra-els-seus-beneficis-en-la-prevencio-del-deteriorament-cognitiu","title":{"rendered":"La dieta mediterr\u00e0nia demostra els seus beneficis en la prevenci\u00f3 del deteriorament cognitiu"},"content":{"rendered":"<p>En un article que publica la revista <a href=\"http:\/\/archinte.jamanetwork.com\/journal.aspx\"><em>JAMA Internal Medicine<\/em><\/a> es demostren els beneficis de la dieta mediterr\u00e0nia per prevenir o endarrerir el deteriorament cognitiu associat a l\u2019envelliment que eventualment acaba en dem\u00e8ncia o l\u2019Alzheimer. L\u2019estudi, derivat de l\u2019assaig PREDIMED (Prevenci\u00f3 amb Dieta Mediterr\u00e0nia), revela que les persones que segueixen aquesta dieta, complementada amb oli d\u2019oliva verge extra o fruits secs, tenen una millor funci\u00f3 cognitiva despr\u00e9s de 4 anys de seguiment que les persones assignades a la dieta control. El Dr. <strong>Emili Ros<\/strong>, membre del servei d\u2019Endocrinologia i Nutrici\u00f3 de l\u2019Hospital Cl\u00ednic i cap de l\u2019equip IDIBAPS <em>Hipertensi\u00f3, l\u00edpids i risc cardiovascular<\/em>, ha coordinat aquest treball del que la Dra. <strong>Cinta Valls-Pedret<\/strong>, especialista en Neuropsicologia de la Unitat de L\u00edpids del Cl\u00ednic, n\u2019\u00e9s la primera signant.<\/p>\n<p>L\u2019augment en la freq\u00fc\u00e8ncia de les malalties com l\u2019Alzheimer o altres tipus de dem\u00e8ncia, associades a l\u2019avan\u00e7ada edat de la poblaci\u00f3, fa que trobar estrat\u00e8gies senzilles que puguin prevenir-les o b\u00e9 retardar-ne l\u2019aparici\u00f3 s\u2019hagi convertit en una prioritat de salut p\u00fablica. Diversos estudis suggereixen que hi ha una relaci\u00f3 entre els h\u00e0bits alimentaris i la funci\u00f3 cognitiva i que l\u2019estr\u00e8s oxidatiu (la incapacitat del cos per eliminar les toxines) juga un paper clau en l\u2019aparici\u00f3 de malalties neurodegeneratives. Aix\u00ed, una dieta que contingui aliments anti-oxidants podria proporcionar protecci\u00f3 envers aquestes malalties.<\/p>\n<p>En l\u2019estudi hi va participar 447 voluntaris sans a nivell cognitiu per\u00f2 amb alt risc cardiovascular, dels dos sexes i amb una edat mitjana de 67 anys al inici, que formaven part de l\u2019estudi PREDIMED, un assaig cl\u00ednic multic\u00e8ntric d\u2019intervenci\u00f3 nutricional amb dieta Mediterr\u00e0nia en 7447 participants. <strong>Als participants se\u2019ls va indicar seguir una dieta mediterr\u00e0nia suplementada amb oli d\u2019oliva verge extra, una dieta mediterr\u00e0nia amb un extra de fruits secs o b\u00e9 una dieta control baixa en greix<\/strong>. En aquest sub-estudi es va dur a terme una avaluaci\u00f3 de la funci\u00f3 cognitiva mitjan\u00e7ant diversos test neuropsicol\u00f2gics a l\u2019inici i al final de la pauta aliment\u00e0ria marcada.<\/p>\n<blockquote><p>Segons l&#8217;estudi, l&#8217;oli d\u2019oliva verge extra va influenciar de manera favorable la cognici\u00f3 frontal<\/p><\/blockquote>\n<p>Amb un seguiment de m\u00e9s de 4 anys els investigadors van comprovar que hi havia una millora de la funci\u00f3 cognitiva en els participants que van seguir la dieta mediterr\u00e0nia suplementada envers la dieta control, en la que es va constatar un deteriorament cognitiu, i que aquesta millora era independent de variables com l\u2019edat o el sexe. La dieta amb fruits secs va ser m\u00e9s efica\u00e7 per millorar la mem\u00f2ria, mentre que la d\u2019oli d\u2019oliva va influenciar de manera favorable la cognici\u00f3 frontal (funci\u00f3 executiva). \u201c<em>Aquests efectes beneficiosos de la dieta mediterr\u00e0nia s\u00f3n probablement deguts a la gran quantitat d\u2019agents antiinflamatoris i antioxidants que proporciona<\/em>\u201d, assenyala el Dr. <strong>Emili Ros<\/strong>, coordinador de l\u2019estudi.<\/p>\n<p>\u00c9s la primera vegada que en un assaig cl\u00ednic d\u2019aquestes caracter\u00edstiques s\u2019han relacionat els canvis en el deteriorament cognitiu amb els h\u00e0bits alimentaris. Aquest estudi proporciona una evid\u00e8ncia ferma sobre el potencial de la Dieta Mediterr\u00e0nia per ajudar a mantenir un bon rendiment cognitiu, tot i el desgast natural causat per l\u2019envelliment, i per reduir eventualment la incid\u00e8ncia de malalties neurodegeneratives com l\u2019Alzheimer.<\/p>\n<p><strong>Refer\u00e8ncia de l\u2019article:<\/strong><\/p>\n<p><a href=\"http:\/\/archinte.jamanetwork.com\/article.aspx?articleid=2293082\">Mediterranean Diet and Age-Related Cognitive Decline: A Randomized Clinical Trial<\/a><\/p>\n<p>Cinta Valls-Pedret, Aleix Sala-Vila, Merc\u00e8 Serra-Mir, Dolores Corella, Rafael de la Torre, Miguel \u00c1ngel Mart\u00ednez-Gonz\u00e1lez, Elena H. Mart\u00ednez-Lapiscina, Montserrat Fit\u00f3, Ana P\u00e9rez-Heras, Jordi Salas-Salvad\u00f3, Ramon Estruch, Emilio Ros.<\/p>\n<p>JAMA Intern Med. Published online May 11, 2015. doi:10.1001\/jamainternmed.2015.1668<\/p>\n<pre>Font: <a title=\"Hospital Cl\u00ednic de Barcelona\" href=\"http:\/\/hospitalclinic.org\" target=\"_blank\" rel=\"noopener\">hospitalclinic.org<\/a><\/pre>\n<pre>Foto: <a href=\"https:\/\/www.flickr.com\/photos\/aigle_dore\/\" target=\"_blank\" rel=\"noopener\">Moyan Brenn<\/a><\/pre>\n<p><!--more--><\/p>\n","protected":false},"excerpt":{"rendered":"<p>Es tracta d&#8217;un estudi que han duit a terme els investigadors de l&#8217;Hospital Cl\u00ednic de Barcelona.<\/p>\n","protected":false},"author":1,"featured_media":38610,"comment_status":"open","ping_status":"closed","sticky":false,"template":"","format":"standard","meta":{"_acf_changed":false,"_swt_meta_header_display":false,"_swt_meta_footer_display":false,"_swt_meta_site_title_display":false,"_swt_meta_sticky_header":false,"_swt_meta_transparent_header":false,"footnotes":""},"categories":[1003],"tags":[],"coauthors":[],"class_list":["post-70745","post","type-post","status-publish","format-standard","has-post-thumbnail","hentry","category-actualitat-es"],"acf":{"gallery":null,"home_date":{"home_begin_date":null,"home_end_date":null}},"yoast_head":"<!-- This site is optimized with the Yoast SEO plugin v27.4 - https:\/\/yoast.com\/product\/yoast-seo-wordpress\/ -->\n<title>Dieta mediterr\u00e0nia demostra beneficis prevenci\u00f3 deteriorament cognitiu<\/title>\n<meta name=\"description\" content=\"La dieta mediterr\u00e0nia demostra els beneficis prevenci\u00f3 deteriorament cognitiu - La dieta mediterr\u00e1nea demuestra beneficios prevenci\u00f3n deterioro cognitivo\" \/>\n<meta name=\"robots\" content=\"index, follow, max-snippet:-1, max-image-preview:large, max-video-preview:-1\" \/>\n<link rel=\"canonical\" href=\"https:\/\/gastronomicament.cat\/es\/la-dieta-mediterrania-demostra-els-seus-beneficis-en-la-prevencio-del-deteriorament-cognitiu\" \/>\n<meta property=\"og:locale\" content=\"es_ES\" \/>\n<meta property=\"og:type\" content=\"article\" \/>\n<meta property=\"og:title\" content=\"Dieta mediterr\u00e0nia demostra beneficis prevenci\u00f3 deteriorament cognitiu\" \/>\n<meta property=\"og:description\" content=\"La dieta mediterr\u00e0nia demostra els beneficis prevenci\u00f3 deteriorament cognitiu - La dieta mediterr\u00e1nea demuestra beneficios prevenci\u00f3n deterioro cognitivo\" \/>\n<meta property=\"og:url\" content=\"https:\/\/gastronomicament.cat\/es\/la-dieta-mediterrania-demostra-els-seus-beneficis-en-la-prevencio-del-deteriorament-cognitiu\" \/>\n<meta property=\"og:site_name\" content=\"Gastron\u00f2micament\" \/>\n<meta property=\"article:published_time\" content=\"2015-05-12T16:11:25+00:00\" \/>\n<meta property=\"article:modified_time\" content=\"2022-04-09T09:02:26+00:00\" \/>\n<meta property=\"og:image\" content=\"https:\/\/gastronomicament.cat\/wp-content\/uploads\/2015\/05\/moyan-brenn-cc-diet-mediterranean.jpg\" \/>\n\t<meta property=\"og:image:width\" content=\"640\" \/>\n\t<meta property=\"og:image:height\" content=\"389\" \/>\n\t<meta property=\"og:image:type\" content=\"image\/jpeg\" \/>\n<meta name=\"author\" content=\"Redacci\u00f3\" \/>\n<meta name=\"twitter:card\" content=\"summary_large_image\" \/>\n<meta name=\"twitter:creator\" content=\"@gastronomicamen\" \/>\n<meta name=\"twitter:site\" content=\"@gastronomicamen\" \/>\n<meta name=\"twitter:label1\" content=\"Escrito por\" \/>\n\t<meta name=\"twitter:data1\" content=\"Redacci\u00f3\" \/>\n\t<meta name=\"twitter:label2\" content=\"Tiempo de lectura\" \/>\n\t<meta name=\"twitter:data2\" content=\"3 minutos\" \/>\n\t<meta name=\"twitter:label3\" content=\"Written by\" \/>\n\t<meta name=\"twitter:data3\" content=\"Redacci\u00f3\" \/>\n<script type=\"application\/ld+json\" class=\"yoast-schema-graph\">{\"@context\":\"https:\\\/\\\/schema.org\",\"@graph\":[{\"@type\":\"Article\",\"@id\":\"https:\\\/\\\/gastronomicament.cat\\\/es\\\/la-dieta-mediterrania-demostra-els-seus-beneficis-en-la-prevencio-del-deteriorament-cognitiu#article\",\"isPartOf\":{\"@id\":\"https:\\\/\\\/gastronomicament.cat\\\/es\\\/la-dieta-mediterrania-demostra-els-seus-beneficis-en-la-prevencio-del-deteriorament-cognitiu\"},\"author\":{\"name\":\"Redacci\u00f3\",\"@id\":\"https:\\\/\\\/gastronomicament.cat\\\/es\\\/#\\\/schema\\\/person\\\/a7c85c537a1ed62799a5b8e0f686a37f\"},\"headline\":\"La dieta mediterr\u00e0nia demostra els seus beneficis en la prevenci\u00f3 del deteriorament cognitiu\",\"datePublished\":\"2015-05-12T16:11:25+00:00\",\"dateModified\":\"2022-04-09T09:02:26+00:00\",\"mainEntityOfPage\":{\"@id\":\"https:\\\/\\\/gastronomicament.cat\\\/es\\\/la-dieta-mediterrania-demostra-els-seus-beneficis-en-la-prevencio-del-deteriorament-cognitiu\"},\"wordCount\":646,\"commentCount\":0,\"publisher\":{\"@id\":\"https:\\\/\\\/gastronomicament.cat\\\/es\\\/#organization\"},\"image\":{\"@id\":\"https:\\\/\\\/gastronomicament.cat\\\/es\\\/la-dieta-mediterrania-demostra-els-seus-beneficis-en-la-prevencio-del-deteriorament-cognitiu#primaryimage\"},\"thumbnailUrl\":\"https:\\\/\\\/gastronomicament.cat\\\/wp-content\\\/uploads\\\/2015\\\/05\\\/moyan-brenn-cc-diet-mediterranean.jpg\",\"articleSection\":[\"Actualitat\"],\"inLanguage\":\"es\",\"potentialAction\":[{\"@type\":\"CommentAction\",\"name\":\"Comment\",\"target\":[\"https:\\\/\\\/gastronomicament.cat\\\/es\\\/la-dieta-mediterrania-demostra-els-seus-beneficis-en-la-prevencio-del-deteriorament-cognitiu#respond\"]}]},{\"@type\":\"WebPage\",\"@id\":\"https:\\\/\\\/gastronomicament.cat\\\/es\\\/la-dieta-mediterrania-demostra-els-seus-beneficis-en-la-prevencio-del-deteriorament-cognitiu\",\"url\":\"https:\\\/\\\/gastronomicament.cat\\\/es\\\/la-dieta-mediterrania-demostra-els-seus-beneficis-en-la-prevencio-del-deteriorament-cognitiu\",\"name\":\"Dieta mediterr\u00e0nia demostra beneficis prevenci\u00f3 deteriorament cognitiu\",\"isPartOf\":{\"@id\":\"https:\\\/\\\/gastronomicament.cat\\\/es\\\/#website\"},\"primaryImageOfPage\":{\"@id\":\"https:\\\/\\\/gastronomicament.cat\\\/es\\\/la-dieta-mediterrania-demostra-els-seus-beneficis-en-la-prevencio-del-deteriorament-cognitiu#primaryimage\"},\"image\":{\"@id\":\"https:\\\/\\\/gastronomicament.cat\\\/es\\\/la-dieta-mediterrania-demostra-els-seus-beneficis-en-la-prevencio-del-deteriorament-cognitiu#primaryimage\"},\"thumbnailUrl\":\"https:\\\/\\\/gastronomicament.cat\\\/wp-content\\\/uploads\\\/2015\\\/05\\\/moyan-brenn-cc-diet-mediterranean.jpg\",\"datePublished\":\"2015-05-12T16:11:25+00:00\",\"dateModified\":\"2022-04-09T09:02:26+00:00\",\"description\":\"La dieta mediterr\u00e0nia demostra els beneficis prevenci\u00f3 deteriorament cognitiu - La dieta mediterr\u00e1nea demuestra beneficios prevenci\u00f3n deterioro cognitivo\",\"inLanguage\":\"es\",\"potentialAction\":[{\"@type\":\"ReadAction\",\"target\":[\"https:\\\/\\\/gastronomicament.cat\\\/es\\\/la-dieta-mediterrania-demostra-els-seus-beneficis-en-la-prevencio-del-deteriorament-cognitiu\"]}]},{\"@type\":\"ImageObject\",\"inLanguage\":\"es\",\"@id\":\"https:\\\/\\\/gastronomicament.cat\\\/es\\\/la-dieta-mediterrania-demostra-els-seus-beneficis-en-la-prevencio-del-deteriorament-cognitiu#primaryimage\",\"url\":\"https:\\\/\\\/gastronomicament.cat\\\/wp-content\\\/uploads\\\/2015\\\/05\\\/moyan-brenn-cc-diet-mediterranean.jpg\",\"contentUrl\":\"https:\\\/\\\/gastronomicament.cat\\\/wp-content\\\/uploads\\\/2015\\\/05\\\/moyan-brenn-cc-diet-mediterranean.jpg\",\"width\":640,\"height\":389},{\"@type\":\"WebSite\",\"@id\":\"https:\\\/\\\/gastronomicament.cat\\\/es\\\/#website\",\"url\":\"https:\\\/\\\/gastronomicament.cat\\\/es\\\/\",\"name\":\"Gastron\u00f2micament\",\"description\":\"Portal de restaurants, receptes i actualitat gastron\u00f2mica\",\"publisher\":{\"@id\":\"https:\\\/\\\/gastronomicament.cat\\\/es\\\/#organization\"},\"potentialAction\":[{\"@type\":\"SearchAction\",\"target\":{\"@type\":\"EntryPoint\",\"urlTemplate\":\"https:\\\/\\\/gastronomicament.cat\\\/es\\\/?s={search_term_string}\"},\"query-input\":{\"@type\":\"PropertyValueSpecification\",\"valueRequired\":true,\"valueName\":\"search_term_string\"}}],\"inLanguage\":\"es\"},{\"@type\":\"Organization\",\"@id\":\"https:\\\/\\\/gastronomicament.cat\\\/es\\\/#organization\",\"name\":\"Gastron\u00f2micament\",\"url\":\"https:\\\/\\\/gastronomicament.cat\\\/es\\\/\",\"logo\":{\"@type\":\"ImageObject\",\"inLanguage\":\"es\",\"@id\":\"https:\\\/\\\/gastronomicament.cat\\\/es\\\/#\\\/schema\\\/logo\\\/image\\\/\",\"url\":\"https:\\\/\\\/gastronomicament.cat\\\/wp-content\\\/uploads\\\/2016\\\/09\\\/header-logo.jpg\",\"contentUrl\":\"https:\\\/\\\/gastronomicament.cat\\\/wp-content\\\/uploads\\\/2016\\\/09\\\/header-logo.jpg\",\"width\":277,\"height\":39,\"caption\":\"Gastron\u00f2micament\"},\"image\":{\"@id\":\"https:\\\/\\\/gastronomicament.cat\\\/es\\\/#\\\/schema\\\/logo\\\/image\\\/\"},\"sameAs\":[\"https:\\\/\\\/x.com\\\/gastronomicamen\"]},{\"@type\":\"Person\",\"@id\":\"https:\\\/\\\/gastronomicament.cat\\\/es\\\/#\\\/schema\\\/person\\\/a7c85c537a1ed62799a5b8e0f686a37f\",\"name\":\"Redacci\u00f3\",\"image\":{\"@type\":\"ImageObject\",\"inLanguage\":\"es\",\"@id\":\"https:\\\/\\\/secure.gravatar.com\\\/avatar\\\/9489a485c464fd611d33825daae651d13db70c4e74c65c94937a15a9d4c3ee14?s=96&d=mm&r=g69fea3cce3645dfa2166e7293e22955e\",\"url\":\"https:\\\/\\\/secure.gravatar.com\\\/avatar\\\/9489a485c464fd611d33825daae651d13db70c4e74c65c94937a15a9d4c3ee14?s=96&d=mm&r=g\",\"contentUrl\":\"https:\\\/\\\/secure.gravatar.com\\\/avatar\\\/9489a485c464fd611d33825daae651d13db70c4e74c65c94937a15a9d4c3ee14?s=96&d=mm&r=g\",\"caption\":\"Redacci\u00f3\"},\"sameAs\":[\"http:\\\/\\\/gastronomicament.cat\"],\"url\":\"https:\\\/\\\/gastronomicament.cat\\\/es\\\/author\\\/admin\"}]}<\/script>\n<!-- \/ Yoast SEO plugin. -->","yoast_head_json":{"title":"Dieta mediterr\u00e0nia demostra beneficis prevenci\u00f3 deteriorament cognitiu","description":"La dieta mediterr\u00e0nia demostra els beneficis prevenci\u00f3 deteriorament cognitiu - La dieta mediterr\u00e1nea demuestra beneficios prevenci\u00f3n deterioro cognitivo","robots":{"index":"index","follow":"follow","max-snippet":"max-snippet:-1","max-image-preview":"max-image-preview:large","max-video-preview":"max-video-preview:-1"},"canonical":"https:\/\/gastronomicament.cat\/es\/la-dieta-mediterrania-demostra-els-seus-beneficis-en-la-prevencio-del-deteriorament-cognitiu","og_locale":"es_ES","og_type":"article","og_title":"Dieta mediterr\u00e0nia demostra beneficis prevenci\u00f3 deteriorament cognitiu","og_description":"La dieta mediterr\u00e0nia demostra els beneficis prevenci\u00f3 deteriorament cognitiu - La dieta mediterr\u00e1nea demuestra beneficios prevenci\u00f3n deterioro cognitivo","og_url":"https:\/\/gastronomicament.cat\/es\/la-dieta-mediterrania-demostra-els-seus-beneficis-en-la-prevencio-del-deteriorament-cognitiu","og_site_name":"Gastron\u00f2micament","article_published_time":"2015-05-12T16:11:25+00:00","article_modified_time":"2022-04-09T09:02:26+00:00","og_image":[{"width":640,"height":389,"url":"https:\/\/gastronomicament.cat\/wp-content\/uploads\/2015\/05\/moyan-brenn-cc-diet-mediterranean.jpg","type":"image\/jpeg"}],"author":"Redacci\u00f3","twitter_card":"summary_large_image","twitter_creator":"@gastronomicamen","twitter_site":"@gastronomicamen","twitter_misc":{"Escrito por":"Redacci\u00f3","Tiempo de lectura":"3 minutos","Written by":"Redacci\u00f3"},"schema":{"@context":"https:\/\/schema.org","@graph":[{"@type":"Article","@id":"https:\/\/gastronomicament.cat\/es\/la-dieta-mediterrania-demostra-els-seus-beneficis-en-la-prevencio-del-deteriorament-cognitiu#article","isPartOf":{"@id":"https:\/\/gastronomicament.cat\/es\/la-dieta-mediterrania-demostra-els-seus-beneficis-en-la-prevencio-del-deteriorament-cognitiu"},"author":{"name":"Redacci\u00f3","@id":"https:\/\/gastronomicament.cat\/es\/#\/schema\/person\/a7c85c537a1ed62799a5b8e0f686a37f"},"headline":"La dieta mediterr\u00e0nia demostra els seus beneficis en la prevenci\u00f3 del deteriorament cognitiu","datePublished":"2015-05-12T16:11:25+00:00","dateModified":"2022-04-09T09:02:26+00:00","mainEntityOfPage":{"@id":"https:\/\/gastronomicament.cat\/es\/la-dieta-mediterrania-demostra-els-seus-beneficis-en-la-prevencio-del-deteriorament-cognitiu"},"wordCount":646,"commentCount":0,"publisher":{"@id":"https:\/\/gastronomicament.cat\/es\/#organization"},"image":{"@id":"https:\/\/gastronomicament.cat\/es\/la-dieta-mediterrania-demostra-els-seus-beneficis-en-la-prevencio-del-deteriorament-cognitiu#primaryimage"},"thumbnailUrl":"https:\/\/gastronomicament.cat\/wp-content\/uploads\/2015\/05\/moyan-brenn-cc-diet-mediterranean.jpg","articleSection":["Actualitat"],"inLanguage":"es","potentialAction":[{"@type":"CommentAction","name":"Comment","target":["https:\/\/gastronomicament.cat\/es\/la-dieta-mediterrania-demostra-els-seus-beneficis-en-la-prevencio-del-deteriorament-cognitiu#respond"]}]},{"@type":"WebPage","@id":"https:\/\/gastronomicament.cat\/es\/la-dieta-mediterrania-demostra-els-seus-beneficis-en-la-prevencio-del-deteriorament-cognitiu","url":"https:\/\/gastronomicament.cat\/es\/la-dieta-mediterrania-demostra-els-seus-beneficis-en-la-prevencio-del-deteriorament-cognitiu","name":"Dieta mediterr\u00e0nia demostra beneficis prevenci\u00f3 deteriorament cognitiu","isPartOf":{"@id":"https:\/\/gastronomicament.cat\/es\/#website"},"primaryImageOfPage":{"@id":"https:\/\/gastronomicament.cat\/es\/la-dieta-mediterrania-demostra-els-seus-beneficis-en-la-prevencio-del-deteriorament-cognitiu#primaryimage"},"image":{"@id":"https:\/\/gastronomicament.cat\/es\/la-dieta-mediterrania-demostra-els-seus-beneficis-en-la-prevencio-del-deteriorament-cognitiu#primaryimage"},"thumbnailUrl":"https:\/\/gastronomicament.cat\/wp-content\/uploads\/2015\/05\/moyan-brenn-cc-diet-mediterranean.jpg","datePublished":"2015-05-12T16:11:25+00:00","dateModified":"2022-04-09T09:02:26+00:00","description":"La dieta mediterr\u00e0nia demostra els beneficis prevenci\u00f3 deteriorament cognitiu - La dieta mediterr\u00e1nea demuestra beneficios prevenci\u00f3n deterioro cognitivo","inLanguage":"es","potentialAction":[{"@type":"ReadAction","target":["https:\/\/gastronomicament.cat\/es\/la-dieta-mediterrania-demostra-els-seus-beneficis-en-la-prevencio-del-deteriorament-cognitiu"]}]},{"@type":"ImageObject","inLanguage":"es","@id":"https:\/\/gastronomicament.cat\/es\/la-dieta-mediterrania-demostra-els-seus-beneficis-en-la-prevencio-del-deteriorament-cognitiu#primaryimage","url":"https:\/\/gastronomicament.cat\/wp-content\/uploads\/2015\/05\/moyan-brenn-cc-diet-mediterranean.jpg","contentUrl":"https:\/\/gastronomicament.cat\/wp-content\/uploads\/2015\/05\/moyan-brenn-cc-diet-mediterranean.jpg","width":640,"height":389},{"@type":"WebSite","@id":"https:\/\/gastronomicament.cat\/es\/#website","url":"https:\/\/gastronomicament.cat\/es\/","name":"Gastron\u00f2micament","description":"Portal de restaurants, receptes i actualitat gastron\u00f2mica","publisher":{"@id":"https:\/\/gastronomicament.cat\/es\/#organization"},"potentialAction":[{"@type":"SearchAction","target":{"@type":"EntryPoint","urlTemplate":"https:\/\/gastronomicament.cat\/es\/?s={search_term_string}"},"query-input":{"@type":"PropertyValueSpecification","valueRequired":true,"valueName":"search_term_string"}}],"inLanguage":"es"},{"@type":"Organization","@id":"https:\/\/gastronomicament.cat\/es\/#organization","name":"Gastron\u00f2micament","url":"https:\/\/gastronomicament.cat\/es\/","logo":{"@type":"ImageObject","inLanguage":"es","@id":"https:\/\/gastronomicament.cat\/es\/#\/schema\/logo\/image\/","url":"https:\/\/gastronomicament.cat\/wp-content\/uploads\/2016\/09\/header-logo.jpg","contentUrl":"https:\/\/gastronomicament.cat\/wp-content\/uploads\/2016\/09\/header-logo.jpg","width":277,"height":39,"caption":"Gastron\u00f2micament"},"image":{"@id":"https:\/\/gastronomicament.cat\/es\/#\/schema\/logo\/image\/"},"sameAs":["https:\/\/x.com\/gastronomicamen"]},{"@type":"Person","@id":"https:\/\/gastronomicament.cat\/es\/#\/schema\/person\/a7c85c537a1ed62799a5b8e0f686a37f","name":"Redacci\u00f3","image":{"@type":"ImageObject","inLanguage":"es","@id":"https:\/\/secure.gravatar.com\/avatar\/9489a485c464fd611d33825daae651d13db70c4e74c65c94937a15a9d4c3ee14?s=96&d=mm&r=g69fea3cce3645dfa2166e7293e22955e","url":"https:\/\/secure.gravatar.com\/avatar\/9489a485c464fd611d33825daae651d13db70c4e74c65c94937a15a9d4c3ee14?s=96&d=mm&r=g","contentUrl":"https:\/\/secure.gravatar.com\/avatar\/9489a485c464fd611d33825daae651d13db70c4e74c65c94937a15a9d4c3ee14?s=96&d=mm&r=g","caption":"Redacci\u00f3"},"sameAs":["http:\/\/gastronomicament.cat"],"url":"https:\/\/gastronomicament.cat\/es\/author\/admin"}]}},"_links":{"self":[{"href":"https:\/\/gastronomicament.cat\/es\/wp-json\/wp\/v2\/posts\/70745","targetHints":{"allow":["GET"]}}],"collection":[{"href":"https:\/\/gastronomicament.cat\/es\/wp-json\/wp\/v2\/posts"}],"about":[{"href":"https:\/\/gastronomicament.cat\/es\/wp-json\/wp\/v2\/types\/post"}],"author":[{"embeddable":true,"href":"https:\/\/gastronomicament.cat\/es\/wp-json\/wp\/v2\/users\/1"}],"replies":[{"embeddable":true,"href":"https:\/\/gastronomicament.cat\/es\/wp-json\/wp\/v2\/comments?post=70745"}],"version-history":[{"count":0,"href":"https:\/\/gastronomicament.cat\/es\/wp-json\/wp\/v2\/posts\/70745\/revisions"}],"wp:featuredmedia":[{"embeddable":true,"href":"https:\/\/gastronomicament.cat\/es\/wp-json\/wp\/v2\/media\/38610"}],"wp:attachment":[{"href":"https:\/\/gastronomicament.cat\/es\/wp-json\/wp\/v2\/media?parent=70745"}],"wp:term":[{"taxonomy":"category","embeddable":true,"href":"https:\/\/gastronomicament.cat\/es\/wp-json\/wp\/v2\/categories?post=70745"},{"taxonomy":"post_tag","embeddable":true,"href":"https:\/\/gastronomicament.cat\/es\/wp-json\/wp\/v2\/tags?post=70745"},{"taxonomy":"author","embeddable":true,"href":"https:\/\/gastronomicament.cat\/es\/wp-json\/wp\/v2\/coauthors?post=70745"}],"curies":[{"name":"wp","href":"https:\/\/api.w.org\/{rel}","templated":true}]}}