{"id":70749,"date":"2015-05-07T23:28:45","date_gmt":"2015-05-07T21:28:45","guid":{"rendered":"https:\/\/gastronomicament.cat\/ruta-gastronomica-mostra-de-pa-tapes-la-fira-de-maig-de-campos"},"modified":"2015-05-07T23:28:45","modified_gmt":"2015-05-07T21:28:45","slug":"ruta-gastronomica-mostra-de-pa-tapes-la-fira-de-maig-de-campos","status":"publish","type":"post","link":"https:\/\/gastronomicament.cat\/es\/ruta-gastronomica-mostra-de-pa-tapes-la-fira-de-maig-de-campos","title":{"rendered":"Ruta gastron\u00f2mica, mostra de pa i tapes a la Fira de Maig de Campos"},"content":{"rendered":"<p>La <strong>Fira de Maig de Campos<\/strong> \u00e9s una de les m\u00e9s esperades. Les <strong>vaques i els ramaders<\/strong> s\u00f3n el centre d&#8217;atenci\u00f3 i el motiu principal de la fira. De fet, enguany hi haur\u00e0 18 vaqueries tant de Mallorca com de Menorca amb la XXXVII edici\u00f3 del <strong>concurs morfol\u00f2gic de vaca frison<\/strong>a com a eix central.<\/p>\n<p>Com hem dit, els ramaders hi juguen un paper molt destacat, per\u00f2 tamb\u00e9 hi \u00e9s ben present la <strong>gastronomia<\/strong>, amb ruta gastron\u00f2mica, mostra de pa i tapes, un programa ben gust\u00f3s de la Fira de Maig de Campos<\/p>\n<blockquote><p>PASTURA TAPES, LA MOSTRA DE PA I LA RUTA GASTRON\u00d2MICA S\u00d3N ELS ACTES M\u00c9S SABOROSOS DE LA FIRA DE CAMPOS<\/p><\/blockquote>\n<p>De fet, els <strong>dies 9 i 10<\/strong>, 18 <strong>restaurants de Campos<\/strong> ofereixen<strong> men\u00fas especials<\/strong> que podeu consultar a continuaci\u00f3.<\/p>\n<p>A m\u00e9s, cal destacar el <strong>Pastura de tapes<\/strong> de dissabte a partir de les 19 hores, un recorregut amb bicicleta per tastar les tapes m\u00e9s gustoses de 15 establiments de Campos.<\/p>\n<p>A m\u00e9s\u00a0 hi ha la <strong>Mostra PA, PA, PA<\/strong> a trav\u00e9s de la qual descobrireu <strong>el pa i l&#8217;ensa\u00efmada<\/strong> feta per tots els <strong>forns i pastisseries de Campos<\/strong>. Tendr\u00e0 lloc dissabte dia 9 i diumenge dia 10, al recinte firal, Recinte Firal, de 10.30 a 14 hores.<\/p>\n<p>Consultau tot el <a title=\"Programa actes Fira de Maig a Campos 2015\" href=\"http:\/\/gastronomicament.cat\/wp-content\/uploads\/2014\/05\/2015firademaig.pdf\" target=\"_blank\" rel=\"noopener\">programa de la Fira de Maig de Campos 2015<\/a>.<\/p>\n<h4>Ruta gastron\u00f2mica Fira de Campos<\/h4>\n<p style=\"text-align: center;\"><em>Clica-hi damunt per veure-ho m\u00e9s gros<\/em><\/p>\n<p style=\"text-align: center;\"><img decoding=\"async\" class=\"aligncenter\" src=\"http:\/\/gastronomicament.cat\/wp-content\/uploads\/2014\/05\/ruta-gastronomica-campos-fira-de-maig-2015.jpg\" alt=\"\" width=\"640\" \/><\/p>\n<p style=\"text-align: center;\"><em>Clica-hi damunt per veure-ho m\u00e9s gros<\/em><\/p>\n<p><!--more--><\/p>\n","protected":false},"excerpt":{"rendered":"<p>Les vaques i els ramaders s\u00f3n el centre d&#8217;atenci\u00f3 i el motiu principal de la Fira&hellip;<\/p>\n","protected":false},"author":1,"featured_media":38607,"comment_status":"open","ping_status":"closed","sticky":false,"template":"","format":"standard","meta":{"_acf_changed":false,"_swt_meta_header_display":false,"_swt_meta_footer_display":false,"_swt_meta_site_title_display":false,"_swt_meta_sticky_header":false,"_swt_meta_transparent_header":false,"footnotes":""},"categories":[1003],"tags":[],"coauthors":[],"class_list":["post-70749","post","type-post","status-publish","format-standard","has-post-thumbnail","hentry","category-actualitat-es"],"acf":{"gallery":null,"home_date":{"home_begin_date":null,"home_end_date":null}},"yoast_head":"<!-- This site is optimized with the Yoast SEO plugin v27.4 - https:\/\/yoast.com\/product\/yoast-seo-wordpress\/ -->\n<title>Ruta gastron\u00f2mica, mostra de pa i tapes a la Fira de Maig de Campos<\/title>\n<meta name=\"description\" content=\"Ruta gastron\u00f2mica, mostra de pa i tapes a la Fira de Maig de Campos\" \/>\n<meta name=\"robots\" content=\"index, follow, max-snippet:-1, max-image-preview:large, max-video-preview:-1\" \/>\n<link rel=\"canonical\" href=\"https:\/\/gastronomicament.cat\/es\/ruta-gastronomica-mostra-de-pa-tapes-la-fira-de-maig-de-campos\" \/>\n<meta property=\"og:locale\" content=\"es_ES\" \/>\n<meta property=\"og:type\" content=\"article\" \/>\n<meta property=\"og:title\" content=\"Ruta gastron\u00f2mica, mostra de pa i tapes a la Fira de Maig de Campos\" \/>\n<meta property=\"og:description\" content=\"Ruta gastron\u00f2mica, mostra de pa i tapes a la Fira de Maig de Campos\" \/>\n<meta property=\"og:url\" content=\"https:\/\/gastronomicament.cat\/es\/ruta-gastronomica-mostra-de-pa-tapes-la-fira-de-maig-de-campos\" \/>\n<meta property=\"og:site_name\" content=\"Gastron\u00f2micament\" \/>\n<meta property=\"article:published_time\" content=\"2015-05-07T21:28:45+00:00\" \/>\n<meta property=\"og:image\" content=\"https:\/\/gastronomicament.cat\/wp-content\/uploads\/2015\/05\/fira-ramadera-de-campos-mallorca-2015.jpg\" \/>\n\t<meta property=\"og:image:width\" content=\"640\" \/>\n\t<meta property=\"og:image:height\" content=\"300\" \/>\n\t<meta property=\"og:image:type\" content=\"image\/jpeg\" \/>\n<meta name=\"author\" content=\"Redacci\u00f3\" \/>\n<meta name=\"twitter:card\" content=\"summary_large_image\" \/>\n<meta name=\"twitter:creator\" content=\"@gastronomicamen\" \/>\n<meta name=\"twitter:site\" content=\"@gastronomicamen\" \/>\n<meta name=\"twitter:label1\" content=\"Escrito por\" \/>\n\t<meta name=\"twitter:data1\" content=\"Redacci\u00f3\" \/>\n\t<meta name=\"twitter:label2\" content=\"Tiempo de lectura\" \/>\n\t<meta name=\"twitter:data2\" content=\"1 minuto\" \/>\n\t<meta name=\"twitter:label3\" content=\"Written by\" \/>\n\t<meta name=\"twitter:data3\" content=\"Redacci\u00f3\" \/>\n<script type=\"application\/ld+json\" class=\"yoast-schema-graph\">{\"@context\":\"https:\\\/\\\/schema.org\",\"@graph\":[{\"@type\":\"Article\",\"@id\":\"https:\\\/\\\/gastronomicament.cat\\\/es\\\/ruta-gastronomica-mostra-de-pa-tapes-la-fira-de-maig-de-campos#article\",\"isPartOf\":{\"@id\":\"https:\\\/\\\/gastronomicament.cat\\\/es\\\/ruta-gastronomica-mostra-de-pa-tapes-la-fira-de-maig-de-campos\"},\"author\":{\"name\":\"Redacci\u00f3\",\"@id\":\"https:\\\/\\\/gastronomicament.cat\\\/es\\\/#\\\/schema\\\/person\\\/a7c85c537a1ed62799a5b8e0f686a37f\"},\"headline\":\"Ruta gastron\u00f2mica, mostra de pa i tapes a la Fira de Maig de Campos\",\"datePublished\":\"2015-05-07T21:28:45+00:00\",\"mainEntityOfPage\":{\"@id\":\"https:\\\/\\\/gastronomicament.cat\\\/es\\\/ruta-gastronomica-mostra-de-pa-tapes-la-fira-de-maig-de-campos\"},\"wordCount\":260,\"commentCount\":0,\"publisher\":{\"@id\":\"https:\\\/\\\/gastronomicament.cat\\\/es\\\/#organization\"},\"image\":{\"@id\":\"https:\\\/\\\/gastronomicament.cat\\\/es\\\/ruta-gastronomica-mostra-de-pa-tapes-la-fira-de-maig-de-campos#primaryimage\"},\"thumbnailUrl\":\"https:\\\/\\\/gastronomicament.cat\\\/wp-content\\\/uploads\\\/2015\\\/05\\\/fira-ramadera-de-campos-mallorca-2015.jpg\",\"articleSection\":[\"Actualitat\"],\"inLanguage\":\"es\",\"potentialAction\":[{\"@type\":\"CommentAction\",\"name\":\"Comment\",\"target\":[\"https:\\\/\\\/gastronomicament.cat\\\/es\\\/ruta-gastronomica-mostra-de-pa-tapes-la-fira-de-maig-de-campos#respond\"]}]},{\"@type\":\"WebPage\",\"@id\":\"https:\\\/\\\/gastronomicament.cat\\\/es\\\/ruta-gastronomica-mostra-de-pa-tapes-la-fira-de-maig-de-campos\",\"url\":\"https:\\\/\\\/gastronomicament.cat\\\/es\\\/ruta-gastronomica-mostra-de-pa-tapes-la-fira-de-maig-de-campos\",\"name\":\"Ruta gastron\u00f2mica, mostra de pa i tapes a la Fira de Maig de Campos\",\"isPartOf\":{\"@id\":\"https:\\\/\\\/gastronomicament.cat\\\/es\\\/#website\"},\"primaryImageOfPage\":{\"@id\":\"https:\\\/\\\/gastronomicament.cat\\\/es\\\/ruta-gastronomica-mostra-de-pa-tapes-la-fira-de-maig-de-campos#primaryimage\"},\"image\":{\"@id\":\"https:\\\/\\\/gastronomicament.cat\\\/es\\\/ruta-gastronomica-mostra-de-pa-tapes-la-fira-de-maig-de-campos#primaryimage\"},\"thumbnailUrl\":\"https:\\\/\\\/gastronomicament.cat\\\/wp-content\\\/uploads\\\/2015\\\/05\\\/fira-ramadera-de-campos-mallorca-2015.jpg\",\"datePublished\":\"2015-05-07T21:28:45+00:00\",\"description\":\"Ruta gastron\u00f2mica, mostra de pa i tapes a la Fira de Maig de Campos\",\"inLanguage\":\"es\",\"potentialAction\":[{\"@type\":\"ReadAction\",\"target\":[\"https:\\\/\\\/gastronomicament.cat\\\/es\\\/ruta-gastronomica-mostra-de-pa-tapes-la-fira-de-maig-de-campos\"]}]},{\"@type\":\"ImageObject\",\"inLanguage\":\"es\",\"@id\":\"https:\\\/\\\/gastronomicament.cat\\\/es\\\/ruta-gastronomica-mostra-de-pa-tapes-la-fira-de-maig-de-campos#primaryimage\",\"url\":\"https:\\\/\\\/gastronomicament.cat\\\/wp-content\\\/uploads\\\/2015\\\/05\\\/fira-ramadera-de-campos-mallorca-2015.jpg\",\"contentUrl\":\"https:\\\/\\\/gastronomicament.cat\\\/wp-content\\\/uploads\\\/2015\\\/05\\\/fira-ramadera-de-campos-mallorca-2015.jpg\",\"width\":640,\"height\":300},{\"@type\":\"WebSite\",\"@id\":\"https:\\\/\\\/gastronomicament.cat\\\/es\\\/#website\",\"url\":\"https:\\\/\\\/gastronomicament.cat\\\/es\\\/\",\"name\":\"Gastron\u00f2micament\",\"description\":\"Portal de restaurants, receptes i actualitat gastron\u00f2mica\",\"publisher\":{\"@id\":\"https:\\\/\\\/gastronomicament.cat\\\/es\\\/#organization\"},\"potentialAction\":[{\"@type\":\"SearchAction\",\"target\":{\"@type\":\"EntryPoint\",\"urlTemplate\":\"https:\\\/\\\/gastronomicament.cat\\\/es\\\/?s={search_term_string}\"},\"query-input\":{\"@type\":\"PropertyValueSpecification\",\"valueRequired\":true,\"valueName\":\"search_term_string\"}}],\"inLanguage\":\"es\"},{\"@type\":\"Organization\",\"@id\":\"https:\\\/\\\/gastronomicament.cat\\\/es\\\/#organization\",\"name\":\"Gastron\u00f2micament\",\"url\":\"https:\\\/\\\/gastronomicament.cat\\\/es\\\/\",\"logo\":{\"@type\":\"ImageObject\",\"inLanguage\":\"es\",\"@id\":\"https:\\\/\\\/gastronomicament.cat\\\/es\\\/#\\\/schema\\\/logo\\\/image\\\/\",\"url\":\"https:\\\/\\\/gastronomicament.cat\\\/wp-content\\\/uploads\\\/2016\\\/09\\\/header-logo.jpg\",\"contentUrl\":\"https:\\\/\\\/gastronomicament.cat\\\/wp-content\\\/uploads\\\/2016\\\/09\\\/header-logo.jpg\",\"width\":277,\"height\":39,\"caption\":\"Gastron\u00f2micament\"},\"image\":{\"@id\":\"https:\\\/\\\/gastronomicament.cat\\\/es\\\/#\\\/schema\\\/logo\\\/image\\\/\"},\"sameAs\":[\"https:\\\/\\\/x.com\\\/gastronomicamen\"]},{\"@type\":\"Person\",\"@id\":\"https:\\\/\\\/gastronomicament.cat\\\/es\\\/#\\\/schema\\\/person\\\/a7c85c537a1ed62799a5b8e0f686a37f\",\"name\":\"Redacci\u00f3\",\"image\":{\"@type\":\"ImageObject\",\"inLanguage\":\"es\",\"@id\":\"https:\\\/\\\/secure.gravatar.com\\\/avatar\\\/9489a485c464fd611d33825daae651d13db70c4e74c65c94937a15a9d4c3ee14?s=96&d=mm&r=g69fea3cce3645dfa2166e7293e22955e\",\"url\":\"https:\\\/\\\/secure.gravatar.com\\\/avatar\\\/9489a485c464fd611d33825daae651d13db70c4e74c65c94937a15a9d4c3ee14?s=96&d=mm&r=g\",\"contentUrl\":\"https:\\\/\\\/secure.gravatar.com\\\/avatar\\\/9489a485c464fd611d33825daae651d13db70c4e74c65c94937a15a9d4c3ee14?s=96&d=mm&r=g\",\"caption\":\"Redacci\u00f3\"},\"sameAs\":[\"http:\\\/\\\/gastronomicament.cat\"],\"url\":\"https:\\\/\\\/gastronomicament.cat\\\/es\\\/author\\\/admin\"}]}<\/script>\n<!-- \/ Yoast SEO plugin. -->","yoast_head_json":{"title":"Ruta gastron\u00f2mica, mostra de pa i tapes a la Fira de Maig de Campos","description":"Ruta gastron\u00f2mica, mostra de pa i tapes a la Fira de Maig de Campos","robots":{"index":"index","follow":"follow","max-snippet":"max-snippet:-1","max-image-preview":"max-image-preview:large","max-video-preview":"max-video-preview:-1"},"canonical":"https:\/\/gastronomicament.cat\/es\/ruta-gastronomica-mostra-de-pa-tapes-la-fira-de-maig-de-campos","og_locale":"es_ES","og_type":"article","og_title":"Ruta gastron\u00f2mica, mostra de pa i tapes a la Fira de Maig de Campos","og_description":"Ruta gastron\u00f2mica, mostra de pa i tapes a la Fira de Maig de Campos","og_url":"https:\/\/gastronomicament.cat\/es\/ruta-gastronomica-mostra-de-pa-tapes-la-fira-de-maig-de-campos","og_site_name":"Gastron\u00f2micament","article_published_time":"2015-05-07T21:28:45+00:00","og_image":[{"width":640,"height":300,"url":"https:\/\/gastronomicament.cat\/wp-content\/uploads\/2015\/05\/fira-ramadera-de-campos-mallorca-2015.jpg","type":"image\/jpeg"}],"author":"Redacci\u00f3","twitter_card":"summary_large_image","twitter_creator":"@gastronomicamen","twitter_site":"@gastronomicamen","twitter_misc":{"Escrito por":"Redacci\u00f3","Tiempo de lectura":"1 minuto","Written by":"Redacci\u00f3"},"schema":{"@context":"https:\/\/schema.org","@graph":[{"@type":"Article","@id":"https:\/\/gastronomicament.cat\/es\/ruta-gastronomica-mostra-de-pa-tapes-la-fira-de-maig-de-campos#article","isPartOf":{"@id":"https:\/\/gastronomicament.cat\/es\/ruta-gastronomica-mostra-de-pa-tapes-la-fira-de-maig-de-campos"},"author":{"name":"Redacci\u00f3","@id":"https:\/\/gastronomicament.cat\/es\/#\/schema\/person\/a7c85c537a1ed62799a5b8e0f686a37f"},"headline":"Ruta gastron\u00f2mica, mostra de pa i tapes a la Fira de Maig de Campos","datePublished":"2015-05-07T21:28:45+00:00","mainEntityOfPage":{"@id":"https:\/\/gastronomicament.cat\/es\/ruta-gastronomica-mostra-de-pa-tapes-la-fira-de-maig-de-campos"},"wordCount":260,"commentCount":0,"publisher":{"@id":"https:\/\/gastronomicament.cat\/es\/#organization"},"image":{"@id":"https:\/\/gastronomicament.cat\/es\/ruta-gastronomica-mostra-de-pa-tapes-la-fira-de-maig-de-campos#primaryimage"},"thumbnailUrl":"https:\/\/gastronomicament.cat\/wp-content\/uploads\/2015\/05\/fira-ramadera-de-campos-mallorca-2015.jpg","articleSection":["Actualitat"],"inLanguage":"es","potentialAction":[{"@type":"CommentAction","name":"Comment","target":["https:\/\/gastronomicament.cat\/es\/ruta-gastronomica-mostra-de-pa-tapes-la-fira-de-maig-de-campos#respond"]}]},{"@type":"WebPage","@id":"https:\/\/gastronomicament.cat\/es\/ruta-gastronomica-mostra-de-pa-tapes-la-fira-de-maig-de-campos","url":"https:\/\/gastronomicament.cat\/es\/ruta-gastronomica-mostra-de-pa-tapes-la-fira-de-maig-de-campos","name":"Ruta gastron\u00f2mica, mostra de pa i tapes a la Fira de Maig de Campos","isPartOf":{"@id":"https:\/\/gastronomicament.cat\/es\/#website"},"primaryImageOfPage":{"@id":"https:\/\/gastronomicament.cat\/es\/ruta-gastronomica-mostra-de-pa-tapes-la-fira-de-maig-de-campos#primaryimage"},"image":{"@id":"https:\/\/gastronomicament.cat\/es\/ruta-gastronomica-mostra-de-pa-tapes-la-fira-de-maig-de-campos#primaryimage"},"thumbnailUrl":"https:\/\/gastronomicament.cat\/wp-content\/uploads\/2015\/05\/fira-ramadera-de-campos-mallorca-2015.jpg","datePublished":"2015-05-07T21:28:45+00:00","description":"Ruta gastron\u00f2mica, mostra de pa i tapes a la Fira de Maig de Campos","inLanguage":"es","potentialAction":[{"@type":"ReadAction","target":["https:\/\/gastronomicament.cat\/es\/ruta-gastronomica-mostra-de-pa-tapes-la-fira-de-maig-de-campos"]}]},{"@type":"ImageObject","inLanguage":"es","@id":"https:\/\/gastronomicament.cat\/es\/ruta-gastronomica-mostra-de-pa-tapes-la-fira-de-maig-de-campos#primaryimage","url":"https:\/\/gastronomicament.cat\/wp-content\/uploads\/2015\/05\/fira-ramadera-de-campos-mallorca-2015.jpg","contentUrl":"https:\/\/gastronomicament.cat\/wp-content\/uploads\/2015\/05\/fira-ramadera-de-campos-mallorca-2015.jpg","width":640,"height":300},{"@type":"WebSite","@id":"https:\/\/gastronomicament.cat\/es\/#website","url":"https:\/\/gastronomicament.cat\/es\/","name":"Gastron\u00f2micament","description":"Portal de restaurants, receptes i actualitat gastron\u00f2mica","publisher":{"@id":"https:\/\/gastronomicament.cat\/es\/#organization"},"potentialAction":[{"@type":"SearchAction","target":{"@type":"EntryPoint","urlTemplate":"https:\/\/gastronomicament.cat\/es\/?s={search_term_string}"},"query-input":{"@type":"PropertyValueSpecification","valueRequired":true,"valueName":"search_term_string"}}],"inLanguage":"es"},{"@type":"Organization","@id":"https:\/\/gastronomicament.cat\/es\/#organization","name":"Gastron\u00f2micament","url":"https:\/\/gastronomicament.cat\/es\/","logo":{"@type":"ImageObject","inLanguage":"es","@id":"https:\/\/gastronomicament.cat\/es\/#\/schema\/logo\/image\/","url":"https:\/\/gastronomicament.cat\/wp-content\/uploads\/2016\/09\/header-logo.jpg","contentUrl":"https:\/\/gastronomicament.cat\/wp-content\/uploads\/2016\/09\/header-logo.jpg","width":277,"height":39,"caption":"Gastron\u00f2micament"},"image":{"@id":"https:\/\/gastronomicament.cat\/es\/#\/schema\/logo\/image\/"},"sameAs":["https:\/\/x.com\/gastronomicamen"]},{"@type":"Person","@id":"https:\/\/gastronomicament.cat\/es\/#\/schema\/person\/a7c85c537a1ed62799a5b8e0f686a37f","name":"Redacci\u00f3","image":{"@type":"ImageObject","inLanguage":"es","@id":"https:\/\/secure.gravatar.com\/avatar\/9489a485c464fd611d33825daae651d13db70c4e74c65c94937a15a9d4c3ee14?s=96&d=mm&r=g69fea3cce3645dfa2166e7293e22955e","url":"https:\/\/secure.gravatar.com\/avatar\/9489a485c464fd611d33825daae651d13db70c4e74c65c94937a15a9d4c3ee14?s=96&d=mm&r=g","contentUrl":"https:\/\/secure.gravatar.com\/avatar\/9489a485c464fd611d33825daae651d13db70c4e74c65c94937a15a9d4c3ee14?s=96&d=mm&r=g","caption":"Redacci\u00f3"},"sameAs":["http:\/\/gastronomicament.cat"],"url":"https:\/\/gastronomicament.cat\/es\/author\/admin"}]}},"_links":{"self":[{"href":"https:\/\/gastronomicament.cat\/es\/wp-json\/wp\/v2\/posts\/70749","targetHints":{"allow":["GET"]}}],"collection":[{"href":"https:\/\/gastronomicament.cat\/es\/wp-json\/wp\/v2\/posts"}],"about":[{"href":"https:\/\/gastronomicament.cat\/es\/wp-json\/wp\/v2\/types\/post"}],"author":[{"embeddable":true,"href":"https:\/\/gastronomicament.cat\/es\/wp-json\/wp\/v2\/users\/1"}],"replies":[{"embeddable":true,"href":"https:\/\/gastronomicament.cat\/es\/wp-json\/wp\/v2\/comments?post=70749"}],"version-history":[{"count":0,"href":"https:\/\/gastronomicament.cat\/es\/wp-json\/wp\/v2\/posts\/70749\/revisions"}],"wp:featuredmedia":[{"embeddable":true,"href":"https:\/\/gastronomicament.cat\/es\/wp-json\/wp\/v2\/media\/38607"}],"wp:attachment":[{"href":"https:\/\/gastronomicament.cat\/es\/wp-json\/wp\/v2\/media?parent=70749"}],"wp:term":[{"taxonomy":"category","embeddable":true,"href":"https:\/\/gastronomicament.cat\/es\/wp-json\/wp\/v2\/categories?post=70749"},{"taxonomy":"post_tag","embeddable":true,"href":"https:\/\/gastronomicament.cat\/es\/wp-json\/wp\/v2\/tags?post=70749"},{"taxonomy":"author","embeddable":true,"href":"https:\/\/gastronomicament.cat\/es\/wp-json\/wp\/v2\/coauthors?post=70749"}],"curies":[{"name":"wp","href":"https:\/\/api.w.org\/{rel}","templated":true}]}}