{"id":70780,"date":"2015-04-23T01:00:26","date_gmt":"2015-04-22T23:00:26","guid":{"rendered":"https:\/\/gastronomicament.cat\/la-nit-de-lart-la-vetlada-de-frit-i-lexposicio-de-tela-de-llengues-de-can-bujosa-precedeixen-la-fira-de-santa-maria"},"modified":"2015-04-23T01:00:26","modified_gmt":"2015-04-22T23:00:26","slug":"la-nit-de-lart-la-vetlada-de-frit-i-lexposicio-de-tela-de-llengues-de-can-bujosa-precedeixen-la-fira-de-santa-maria","status":"publish","type":"post","link":"https:\/\/gastronomicament.cat\/es\/la-nit-de-lart-la-vetlada-de-frit-i-lexposicio-de-tela-de-llengues-de-can-bujosa-precedeixen-la-fira-de-santa-maria","title":{"rendered":"La Nit de l&#8217;Art, la vetlada de frit i l&#8217;exposici\u00f3 de tela de lleng\u00fces de Can Bujosa precedeixen la Fira de Santa Maria"},"content":{"rendered":"<p><em>Marilena Borr\u00e0s, regidora de Festes de Santa Maria del Cam\u00ed ens explica qu\u00e8 trobarem aquests dies al municipi. S&#8217;hi ha preparat un interessant programa amb motiu de la Fira de Santa Maria.<\/em><\/p>\n<p><strong>Com es presenta la Fira de Santa Maria del Cam\u00ed 2015?<\/strong><br \/>\nCada any hi ha novetats a la Fira. Enguany \u00e9s l&#8217;exposici\u00f3 a Ca s&#8217;Apotecari sobre les teles de lleng\u00fces a Santa Maria, que s&#8217;inaugura dissabte, a les 20 hores. Hi veureu les meravelles que fa artesanalment la f\u00e1brica Can Bujosa, una de les m\u00e9s antigues de Mallorca, sobre aquest tipus de tela tan pr\u00f2pia de l&#8217;illa: la tela de lleng\u00fces.<\/p>\n<p><strong>Qu\u00e8 m\u00e9s hi trobarem?<\/strong><br \/>\nDijous, a partir de les 20 hores hi haur\u00e0 <strong>Nit de l&#8217;Ar<\/strong>t a Ca ses Cases des Mestres, i s&#8217;inaugurar\u00e0 de la Mostra d&#8217;Escultura.<\/p>\n<p><strong>I divendres 24 d&#8217;abril?<\/strong><br \/>\nId\u00f2 hi trobareu bon menjar i festa. A les 21 hores comen\u00e7ar\u00e0 la <strong>vetllada de frit<\/strong> amb col\u00b7laboraci\u00f3 de les entitats i associacions del poble, a l&#8217;Avinguda Josep Verd Sastre.<\/p>\n<blockquote><p>\u00abELS BENEFICIS DE LA VETLADA DE FRIT ES DESTINEN ALS SERVEIS SOCIALS DEL MUNICIPI\u00bb<\/p><\/blockquote>\n<p><strong>Hi pot assistir tothom a la vetllada de frit?<\/strong><br \/>\nS\u00ed, per\u00f2 que facin via a comprar els tiquets. Es poden adquirir divendres 24 de 9 a 13 hores a l\u2019Ajuntament i de les 17.30 a les 20 hores al mateix recinte del frit. \u00c9s un acte solidari en qu\u00e8 altruisticament hi fan part persones i entitats de Santa Maria. El preu \u00e9s d&#8217;1 euro que es destina als serveis socials del municipi.<\/p>\n<p><strong>I despr\u00e9s de la vetlada de frit, qu\u00e8 hi haur\u00e0?<\/strong><br \/>\nComen\u00e7ar\u00e0 el correfoc amb els Dimonis Petits de Santa Maria del Cam\u00ed i els Dimonis de Factoria de So, els Endimoniats de Palma i els Dragomonis d\u2019Andratx.<\/p>\n<p><strong>Diumenge ser\u00e0 la Fira, qu\u00e8 hi trobarem?<\/strong><br \/>\nA partir de les 9 comen\u00e7ar\u00e0. Hi haur\u00e0 de tot, des de tamborada gengantera a exposici\u00f3 d&#8217;aviram i ovelles, mostra de races aut\u00f2ctones, fira sostenible, batukada i molt m\u00e9s!<\/p>\n<p><strong>Tamb\u00e9 hi trobarem bona gastronomia?<\/strong><br \/>\nAix\u00ed \u00e9s. Els restaurants del municipi, fent honor a la bona fama que tenen, tendran les portes obertes a tothom, unes propostes culinaries que podran acompanyar de vi de Santa Maria.<\/p>\n<p><strong>Parlant de vi,\u00a0 falta poc perqu\u00e8 Santa Maria aculli la propera edici\u00f3 de Wine Days&#8230;<\/strong><br \/>\nAix\u00ed \u00e9s. Ser\u00e0 del 2 al 10 de maig. Una cita imprescindible per tastar el vi de Santa Maria i de la Denominaci\u00f3 d&#8217;Origen Binissalem. A m\u00e9s, els restaurants prepararan un men\u00fa especial amb vi de Mallorca.<\/p>\n<p><strong>Tornan a la Fira, voleu fer una convidada?<\/strong><br \/>\nI tant, us anim a gaudir de Santa Maria, de la seva gent, comer\u00e7os i restaurants. Molts d&#8217;anys!<\/p>\n<p><a title=\"Programa-fira-santa-maria-wine-days-mallorca-2015\" href=\"http:\/\/gastronomicament.cat\/wp-content\/uploads\/2014\/05\/programa-fira-santa-maria-wine-days-mallorca-2015.pdf\">Consultau tot el programa de la Fira de Santa Maria.<\/a><!--more--><\/p>\n","protected":false},"excerpt":{"rendered":"<p>Marilena Borr\u00e0s, regidora de Festes de Santa Maria del Cam\u00ed ens explica qu\u00e8 trobarem aquests dies al municipi. S&#8217;hi ha preparat un interessant programa amb motiu de la Fira de Santa Maria. Com es presenta la Fira de Santa Maria del Cam\u00ed 2015? Cada any hi ha novetats a la Fira. Enguany \u00e9s l&#8217;exposici\u00f3 a [&hellip;]<\/p>\n","protected":false},"author":1,"featured_media":38580,"comment_status":"open","ping_status":"closed","sticky":false,"template":"","format":"standard","meta":{"_acf_changed":false,"_swt_meta_header_display":false,"_swt_meta_footer_display":false,"_swt_meta_site_title_display":false,"_swt_meta_sticky_header":false,"_swt_meta_transparent_header":false,"footnotes":""},"categories":[1003],"tags":[],"coauthors":[],"class_list":["post-70780","post","type-post","status-publish","format-standard","has-post-thumbnail","hentry","category-actualitat-es"],"acf":{"gallery":null,"home_date":{"home_begin_date":null,"home_end_date":null}},"yoast_head":"<!-- This site is optimized with the Yoast SEO plugin v27.4 - https:\/\/yoast.com\/product\/yoast-seo-wordpress\/ -->\n<title>La Nit de l&#039;Art, la vetlada de frit i l&#039;exposici\u00f3 de tela de lleng\u00fces de Can Bujosa precedeixen la Fira de Santa Maria<\/title>\n<meta name=\"description\" content=\"La Nit de l&#039;Art, la vetlada de frit i l&#039;exposici\u00f3 de tela de lleng\u00fces de Can Bujosa precedeixen la Fira de Santa Maria\" \/>\n<meta name=\"robots\" content=\"index, follow, max-snippet:-1, max-image-preview:large, max-video-preview:-1\" \/>\n<link rel=\"canonical\" href=\"https:\/\/gastronomicament.cat\/es\/la-nit-de-lart-la-vetlada-de-frit-i-lexposicio-de-tela-de-llengues-de-can-bujosa-precedeixen-la-fira-de-santa-maria\" \/>\n<meta property=\"og:locale\" content=\"es_ES\" \/>\n<meta property=\"og:type\" content=\"article\" \/>\n<meta property=\"og:title\" content=\"La Nit de l&#039;Art, la vetlada de frit i l&#039;exposici\u00f3 de tela de lleng\u00fces de Can Bujosa precedeixen la Fira de Santa Maria\" \/>\n<meta property=\"og:description\" content=\"La Nit de l&#039;Art, la vetlada de frit i l&#039;exposici\u00f3 de tela de lleng\u00fces de Can Bujosa precedeixen la Fira de Santa Maria\" \/>\n<meta property=\"og:url\" content=\"https:\/\/gastronomicament.cat\/es\/la-nit-de-lart-la-vetlada-de-frit-i-lexposicio-de-tela-de-llengues-de-can-bujosa-precedeixen-la-fira-de-santa-maria\" \/>\n<meta property=\"og:site_name\" content=\"Gastron\u00f2micament\" \/>\n<meta property=\"article:published_time\" content=\"2015-04-22T23:00:26+00:00\" \/>\n<meta property=\"og:image\" content=\"https:\/\/gastronomicament.cat\/wp-content\/uploads\/2015\/04\/fira-de-santa-maria-20151.jpg\" \/>\n\t<meta property=\"og:image:width\" content=\"640\" \/>\n\t<meta property=\"og:image:height\" content=\"300\" \/>\n\t<meta property=\"og:image:type\" content=\"image\/jpeg\" \/>\n<meta name=\"author\" content=\"Redacci\u00f3\" \/>\n<meta name=\"twitter:card\" content=\"summary_large_image\" \/>\n<meta name=\"twitter:creator\" content=\"@gastronomicamen\" \/>\n<meta name=\"twitter:site\" content=\"@gastronomicamen\" \/>\n<meta name=\"twitter:label1\" content=\"Escrito por\" \/>\n\t<meta name=\"twitter:data1\" content=\"Redacci\u00f3\" \/>\n\t<meta name=\"twitter:label2\" content=\"Tiempo de lectura\" \/>\n\t<meta name=\"twitter:data2\" content=\"2 minutos\" \/>\n\t<meta name=\"twitter:label3\" content=\"Written by\" \/>\n\t<meta name=\"twitter:data3\" content=\"Redacci\u00f3\" \/>\n<script type=\"application\/ld+json\" class=\"yoast-schema-graph\">{\"@context\":\"https:\\\/\\\/schema.org\",\"@graph\":[{\"@type\":\"Article\",\"@id\":\"https:\\\/\\\/gastronomicament.cat\\\/es\\\/la-nit-de-lart-la-vetlada-de-frit-i-lexposicio-de-tela-de-llengues-de-can-bujosa-precedeixen-la-fira-de-santa-maria#article\",\"isPartOf\":{\"@id\":\"https:\\\/\\\/gastronomicament.cat\\\/es\\\/la-nit-de-lart-la-vetlada-de-frit-i-lexposicio-de-tela-de-llengues-de-can-bujosa-precedeixen-la-fira-de-santa-maria\"},\"author\":{\"name\":\"Redacci\u00f3\",\"@id\":\"https:\\\/\\\/gastronomicament.cat\\\/es\\\/#\\\/schema\\\/person\\\/a7c85c537a1ed62799a5b8e0f686a37f\"},\"headline\":\"La Nit de l&#8217;Art, la vetlada de frit i l&#8217;exposici\u00f3 de tela de lleng\u00fces de Can Bujosa precedeixen la Fira de Santa Maria\",\"datePublished\":\"2015-04-22T23:00:26+00:00\",\"mainEntityOfPage\":{\"@id\":\"https:\\\/\\\/gastronomicament.cat\\\/es\\\/la-nit-de-lart-la-vetlada-de-frit-i-lexposicio-de-tela-de-llengues-de-can-bujosa-precedeixen-la-fira-de-santa-maria\"},\"wordCount\":477,\"commentCount\":0,\"publisher\":{\"@id\":\"https:\\\/\\\/gastronomicament.cat\\\/es\\\/#organization\"},\"image\":{\"@id\":\"https:\\\/\\\/gastronomicament.cat\\\/es\\\/la-nit-de-lart-la-vetlada-de-frit-i-lexposicio-de-tela-de-llengues-de-can-bujosa-precedeixen-la-fira-de-santa-maria#primaryimage\"},\"thumbnailUrl\":\"https:\\\/\\\/gastronomicament.cat\\\/wp-content\\\/uploads\\\/2015\\\/04\\\/fira-de-santa-maria-20151.jpg\",\"articleSection\":[\"Actualitat\"],\"inLanguage\":\"es\",\"potentialAction\":[{\"@type\":\"CommentAction\",\"name\":\"Comment\",\"target\":[\"https:\\\/\\\/gastronomicament.cat\\\/es\\\/la-nit-de-lart-la-vetlada-de-frit-i-lexposicio-de-tela-de-llengues-de-can-bujosa-precedeixen-la-fira-de-santa-maria#respond\"]}]},{\"@type\":\"WebPage\",\"@id\":\"https:\\\/\\\/gastronomicament.cat\\\/es\\\/la-nit-de-lart-la-vetlada-de-frit-i-lexposicio-de-tela-de-llengues-de-can-bujosa-precedeixen-la-fira-de-santa-maria\",\"url\":\"https:\\\/\\\/gastronomicament.cat\\\/es\\\/la-nit-de-lart-la-vetlada-de-frit-i-lexposicio-de-tela-de-llengues-de-can-bujosa-precedeixen-la-fira-de-santa-maria\",\"name\":\"La Nit de l'Art, la vetlada de frit i l'exposici\u00f3 de tela de lleng\u00fces de Can Bujosa precedeixen la Fira de Santa Maria\",\"isPartOf\":{\"@id\":\"https:\\\/\\\/gastronomicament.cat\\\/es\\\/#website\"},\"primaryImageOfPage\":{\"@id\":\"https:\\\/\\\/gastronomicament.cat\\\/es\\\/la-nit-de-lart-la-vetlada-de-frit-i-lexposicio-de-tela-de-llengues-de-can-bujosa-precedeixen-la-fira-de-santa-maria#primaryimage\"},\"image\":{\"@id\":\"https:\\\/\\\/gastronomicament.cat\\\/es\\\/la-nit-de-lart-la-vetlada-de-frit-i-lexposicio-de-tela-de-llengues-de-can-bujosa-precedeixen-la-fira-de-santa-maria#primaryimage\"},\"thumbnailUrl\":\"https:\\\/\\\/gastronomicament.cat\\\/wp-content\\\/uploads\\\/2015\\\/04\\\/fira-de-santa-maria-20151.jpg\",\"datePublished\":\"2015-04-22T23:00:26+00:00\",\"description\":\"La Nit de l'Art, la vetlada de frit i l'exposici\u00f3 de tela de lleng\u00fces de Can Bujosa precedeixen la Fira de Santa Maria\",\"inLanguage\":\"es\",\"potentialAction\":[{\"@type\":\"ReadAction\",\"target\":[\"https:\\\/\\\/gastronomicament.cat\\\/es\\\/la-nit-de-lart-la-vetlada-de-frit-i-lexposicio-de-tela-de-llengues-de-can-bujosa-precedeixen-la-fira-de-santa-maria\"]}]},{\"@type\":\"ImageObject\",\"inLanguage\":\"es\",\"@id\":\"https:\\\/\\\/gastronomicament.cat\\\/es\\\/la-nit-de-lart-la-vetlada-de-frit-i-lexposicio-de-tela-de-llengues-de-can-bujosa-precedeixen-la-fira-de-santa-maria#primaryimage\",\"url\":\"https:\\\/\\\/gastronomicament.cat\\\/wp-content\\\/uploads\\\/2015\\\/04\\\/fira-de-santa-maria-20151.jpg\",\"contentUrl\":\"https:\\\/\\\/gastronomicament.cat\\\/wp-content\\\/uploads\\\/2015\\\/04\\\/fira-de-santa-maria-20151.jpg\",\"width\":640,\"height\":300},{\"@type\":\"WebSite\",\"@id\":\"https:\\\/\\\/gastronomicament.cat\\\/es\\\/#website\",\"url\":\"https:\\\/\\\/gastronomicament.cat\\\/es\\\/\",\"name\":\"Gastron\u00f2micament\",\"description\":\"Portal de restaurants, receptes i actualitat gastron\u00f2mica\",\"publisher\":{\"@id\":\"https:\\\/\\\/gastronomicament.cat\\\/es\\\/#organization\"},\"potentialAction\":[{\"@type\":\"SearchAction\",\"target\":{\"@type\":\"EntryPoint\",\"urlTemplate\":\"https:\\\/\\\/gastronomicament.cat\\\/es\\\/?s={search_term_string}\"},\"query-input\":{\"@type\":\"PropertyValueSpecification\",\"valueRequired\":true,\"valueName\":\"search_term_string\"}}],\"inLanguage\":\"es\"},{\"@type\":\"Organization\",\"@id\":\"https:\\\/\\\/gastronomicament.cat\\\/es\\\/#organization\",\"name\":\"Gastron\u00f2micament\",\"url\":\"https:\\\/\\\/gastronomicament.cat\\\/es\\\/\",\"logo\":{\"@type\":\"ImageObject\",\"inLanguage\":\"es\",\"@id\":\"https:\\\/\\\/gastronomicament.cat\\\/es\\\/#\\\/schema\\\/logo\\\/image\\\/\",\"url\":\"https:\\\/\\\/gastronomicament.cat\\\/wp-content\\\/uploads\\\/2016\\\/09\\\/header-logo.jpg\",\"contentUrl\":\"https:\\\/\\\/gastronomicament.cat\\\/wp-content\\\/uploads\\\/2016\\\/09\\\/header-logo.jpg\",\"width\":277,\"height\":39,\"caption\":\"Gastron\u00f2micament\"},\"image\":{\"@id\":\"https:\\\/\\\/gastronomicament.cat\\\/es\\\/#\\\/schema\\\/logo\\\/image\\\/\"},\"sameAs\":[\"https:\\\/\\\/x.com\\\/gastronomicamen\"]},{\"@type\":\"Person\",\"@id\":\"https:\\\/\\\/gastronomicament.cat\\\/es\\\/#\\\/schema\\\/person\\\/a7c85c537a1ed62799a5b8e0f686a37f\",\"name\":\"Redacci\u00f3\",\"image\":{\"@type\":\"ImageObject\",\"inLanguage\":\"es\",\"@id\":\"https:\\\/\\\/secure.gravatar.com\\\/avatar\\\/9489a485c464fd611d33825daae651d13db70c4e74c65c94937a15a9d4c3ee14?s=96&d=mm&r=g69fea3cce3645dfa2166e7293e22955e\",\"url\":\"https:\\\/\\\/secure.gravatar.com\\\/avatar\\\/9489a485c464fd611d33825daae651d13db70c4e74c65c94937a15a9d4c3ee14?s=96&d=mm&r=g\",\"contentUrl\":\"https:\\\/\\\/secure.gravatar.com\\\/avatar\\\/9489a485c464fd611d33825daae651d13db70c4e74c65c94937a15a9d4c3ee14?s=96&d=mm&r=g\",\"caption\":\"Redacci\u00f3\"},\"sameAs\":[\"http:\\\/\\\/gastronomicament.cat\"],\"url\":\"https:\\\/\\\/gastronomicament.cat\\\/es\\\/author\\\/admin\"}]}<\/script>\n<!-- \/ Yoast SEO plugin. -->","yoast_head_json":{"title":"La Nit de l'Art, la vetlada de frit i l'exposici\u00f3 de tela de lleng\u00fces de Can Bujosa precedeixen la Fira de Santa Maria","description":"La Nit de l'Art, la vetlada de frit i l'exposici\u00f3 de tela de lleng\u00fces de Can Bujosa precedeixen la Fira de Santa Maria","robots":{"index":"index","follow":"follow","max-snippet":"max-snippet:-1","max-image-preview":"max-image-preview:large","max-video-preview":"max-video-preview:-1"},"canonical":"https:\/\/gastronomicament.cat\/es\/la-nit-de-lart-la-vetlada-de-frit-i-lexposicio-de-tela-de-llengues-de-can-bujosa-precedeixen-la-fira-de-santa-maria","og_locale":"es_ES","og_type":"article","og_title":"La Nit de l'Art, la vetlada de frit i l'exposici\u00f3 de tela de lleng\u00fces de Can Bujosa precedeixen la Fira de Santa Maria","og_description":"La Nit de l'Art, la vetlada de frit i l'exposici\u00f3 de tela de lleng\u00fces de Can Bujosa precedeixen la Fira de Santa Maria","og_url":"https:\/\/gastronomicament.cat\/es\/la-nit-de-lart-la-vetlada-de-frit-i-lexposicio-de-tela-de-llengues-de-can-bujosa-precedeixen-la-fira-de-santa-maria","og_site_name":"Gastron\u00f2micament","article_published_time":"2015-04-22T23:00:26+00:00","og_image":[{"width":640,"height":300,"url":"https:\/\/gastronomicament.cat\/wp-content\/uploads\/2015\/04\/fira-de-santa-maria-20151.jpg","type":"image\/jpeg"}],"author":"Redacci\u00f3","twitter_card":"summary_large_image","twitter_creator":"@gastronomicamen","twitter_site":"@gastronomicamen","twitter_misc":{"Escrito por":"Redacci\u00f3","Tiempo de lectura":"2 minutos","Written by":"Redacci\u00f3"},"schema":{"@context":"https:\/\/schema.org","@graph":[{"@type":"Article","@id":"https:\/\/gastronomicament.cat\/es\/la-nit-de-lart-la-vetlada-de-frit-i-lexposicio-de-tela-de-llengues-de-can-bujosa-precedeixen-la-fira-de-santa-maria#article","isPartOf":{"@id":"https:\/\/gastronomicament.cat\/es\/la-nit-de-lart-la-vetlada-de-frit-i-lexposicio-de-tela-de-llengues-de-can-bujosa-precedeixen-la-fira-de-santa-maria"},"author":{"name":"Redacci\u00f3","@id":"https:\/\/gastronomicament.cat\/es\/#\/schema\/person\/a7c85c537a1ed62799a5b8e0f686a37f"},"headline":"La Nit de l&#8217;Art, la vetlada de frit i l&#8217;exposici\u00f3 de tela de lleng\u00fces de Can Bujosa precedeixen la Fira de Santa Maria","datePublished":"2015-04-22T23:00:26+00:00","mainEntityOfPage":{"@id":"https:\/\/gastronomicament.cat\/es\/la-nit-de-lart-la-vetlada-de-frit-i-lexposicio-de-tela-de-llengues-de-can-bujosa-precedeixen-la-fira-de-santa-maria"},"wordCount":477,"commentCount":0,"publisher":{"@id":"https:\/\/gastronomicament.cat\/es\/#organization"},"image":{"@id":"https:\/\/gastronomicament.cat\/es\/la-nit-de-lart-la-vetlada-de-frit-i-lexposicio-de-tela-de-llengues-de-can-bujosa-precedeixen-la-fira-de-santa-maria#primaryimage"},"thumbnailUrl":"https:\/\/gastronomicament.cat\/wp-content\/uploads\/2015\/04\/fira-de-santa-maria-20151.jpg","articleSection":["Actualitat"],"inLanguage":"es","potentialAction":[{"@type":"CommentAction","name":"Comment","target":["https:\/\/gastronomicament.cat\/es\/la-nit-de-lart-la-vetlada-de-frit-i-lexposicio-de-tela-de-llengues-de-can-bujosa-precedeixen-la-fira-de-santa-maria#respond"]}]},{"@type":"WebPage","@id":"https:\/\/gastronomicament.cat\/es\/la-nit-de-lart-la-vetlada-de-frit-i-lexposicio-de-tela-de-llengues-de-can-bujosa-precedeixen-la-fira-de-santa-maria","url":"https:\/\/gastronomicament.cat\/es\/la-nit-de-lart-la-vetlada-de-frit-i-lexposicio-de-tela-de-llengues-de-can-bujosa-precedeixen-la-fira-de-santa-maria","name":"La Nit de l'Art, la vetlada de frit i l'exposici\u00f3 de tela de lleng\u00fces de Can Bujosa precedeixen la Fira de Santa Maria","isPartOf":{"@id":"https:\/\/gastronomicament.cat\/es\/#website"},"primaryImageOfPage":{"@id":"https:\/\/gastronomicament.cat\/es\/la-nit-de-lart-la-vetlada-de-frit-i-lexposicio-de-tela-de-llengues-de-can-bujosa-precedeixen-la-fira-de-santa-maria#primaryimage"},"image":{"@id":"https:\/\/gastronomicament.cat\/es\/la-nit-de-lart-la-vetlada-de-frit-i-lexposicio-de-tela-de-llengues-de-can-bujosa-precedeixen-la-fira-de-santa-maria#primaryimage"},"thumbnailUrl":"https:\/\/gastronomicament.cat\/wp-content\/uploads\/2015\/04\/fira-de-santa-maria-20151.jpg","datePublished":"2015-04-22T23:00:26+00:00","description":"La Nit de l'Art, la vetlada de frit i l'exposici\u00f3 de tela de lleng\u00fces de Can Bujosa precedeixen la Fira de Santa Maria","inLanguage":"es","potentialAction":[{"@type":"ReadAction","target":["https:\/\/gastronomicament.cat\/es\/la-nit-de-lart-la-vetlada-de-frit-i-lexposicio-de-tela-de-llengues-de-can-bujosa-precedeixen-la-fira-de-santa-maria"]}]},{"@type":"ImageObject","inLanguage":"es","@id":"https:\/\/gastronomicament.cat\/es\/la-nit-de-lart-la-vetlada-de-frit-i-lexposicio-de-tela-de-llengues-de-can-bujosa-precedeixen-la-fira-de-santa-maria#primaryimage","url":"https:\/\/gastronomicament.cat\/wp-content\/uploads\/2015\/04\/fira-de-santa-maria-20151.jpg","contentUrl":"https:\/\/gastronomicament.cat\/wp-content\/uploads\/2015\/04\/fira-de-santa-maria-20151.jpg","width":640,"height":300},{"@type":"WebSite","@id":"https:\/\/gastronomicament.cat\/es\/#website","url":"https:\/\/gastronomicament.cat\/es\/","name":"Gastron\u00f2micament","description":"Portal de restaurants, receptes i actualitat gastron\u00f2mica","publisher":{"@id":"https:\/\/gastronomicament.cat\/es\/#organization"},"potentialAction":[{"@type":"SearchAction","target":{"@type":"EntryPoint","urlTemplate":"https:\/\/gastronomicament.cat\/es\/?s={search_term_string}"},"query-input":{"@type":"PropertyValueSpecification","valueRequired":true,"valueName":"search_term_string"}}],"inLanguage":"es"},{"@type":"Organization","@id":"https:\/\/gastronomicament.cat\/es\/#organization","name":"Gastron\u00f2micament","url":"https:\/\/gastronomicament.cat\/es\/","logo":{"@type":"ImageObject","inLanguage":"es","@id":"https:\/\/gastronomicament.cat\/es\/#\/schema\/logo\/image\/","url":"https:\/\/gastronomicament.cat\/wp-content\/uploads\/2016\/09\/header-logo.jpg","contentUrl":"https:\/\/gastronomicament.cat\/wp-content\/uploads\/2016\/09\/header-logo.jpg","width":277,"height":39,"caption":"Gastron\u00f2micament"},"image":{"@id":"https:\/\/gastronomicament.cat\/es\/#\/schema\/logo\/image\/"},"sameAs":["https:\/\/x.com\/gastronomicamen"]},{"@type":"Person","@id":"https:\/\/gastronomicament.cat\/es\/#\/schema\/person\/a7c85c537a1ed62799a5b8e0f686a37f","name":"Redacci\u00f3","image":{"@type":"ImageObject","inLanguage":"es","@id":"https:\/\/secure.gravatar.com\/avatar\/9489a485c464fd611d33825daae651d13db70c4e74c65c94937a15a9d4c3ee14?s=96&d=mm&r=g69fea3cce3645dfa2166e7293e22955e","url":"https:\/\/secure.gravatar.com\/avatar\/9489a485c464fd611d33825daae651d13db70c4e74c65c94937a15a9d4c3ee14?s=96&d=mm&r=g","contentUrl":"https:\/\/secure.gravatar.com\/avatar\/9489a485c464fd611d33825daae651d13db70c4e74c65c94937a15a9d4c3ee14?s=96&d=mm&r=g","caption":"Redacci\u00f3"},"sameAs":["http:\/\/gastronomicament.cat"],"url":"https:\/\/gastronomicament.cat\/es\/author\/admin"}]}},"_links":{"self":[{"href":"https:\/\/gastronomicament.cat\/es\/wp-json\/wp\/v2\/posts\/70780","targetHints":{"allow":["GET"]}}],"collection":[{"href":"https:\/\/gastronomicament.cat\/es\/wp-json\/wp\/v2\/posts"}],"about":[{"href":"https:\/\/gastronomicament.cat\/es\/wp-json\/wp\/v2\/types\/post"}],"author":[{"embeddable":true,"href":"https:\/\/gastronomicament.cat\/es\/wp-json\/wp\/v2\/users\/1"}],"replies":[{"embeddable":true,"href":"https:\/\/gastronomicament.cat\/es\/wp-json\/wp\/v2\/comments?post=70780"}],"version-history":[{"count":0,"href":"https:\/\/gastronomicament.cat\/es\/wp-json\/wp\/v2\/posts\/70780\/revisions"}],"wp:featuredmedia":[{"embeddable":true,"href":"https:\/\/gastronomicament.cat\/es\/wp-json\/wp\/v2\/media\/38580"}],"wp:attachment":[{"href":"https:\/\/gastronomicament.cat\/es\/wp-json\/wp\/v2\/media?parent=70780"}],"wp:term":[{"taxonomy":"category","embeddable":true,"href":"https:\/\/gastronomicament.cat\/es\/wp-json\/wp\/v2\/categories?post=70780"},{"taxonomy":"post_tag","embeddable":true,"href":"https:\/\/gastronomicament.cat\/es\/wp-json\/wp\/v2\/tags?post=70780"},{"taxonomy":"author","embeddable":true,"href":"https:\/\/gastronomicament.cat\/es\/wp-json\/wp\/v2\/coauthors?post=70780"}],"curies":[{"name":"wp","href":"https:\/\/api.w.org\/{rel}","templated":true}]}}