{"id":71452,"date":"2014-04-29T13:33:08","date_gmt":"2014-04-29T11:33:08","guid":{"rendered":"https:\/\/gastronomicament.cat\/la-bona-vida-aprendre-cuina-duna-manera-saludable"},"modified":"2014-04-29T13:33:08","modified_gmt":"2014-04-29T11:33:08","slug":"la-bona-vida-aprendre-cuina-duna-manera-saludable","status":"publish","type":"post","link":"https:\/\/gastronomicament.cat\/es\/la-bona-vida-aprendre-cuina-duna-manera-saludable","title":{"rendered":"La Bona Vida: Aprendre cuina d&#8217;una manera saludable"},"content":{"rendered":"<p>L&#8217;any 2010, el cantautor Llu\u00eds Llach donava el sus a la primera edici\u00f3 del cicle La Bona Vida organitzat per la Universitat de les Illes Balears (UIB). <a title=\"Cicle La Bona Vida 2010. Llu\u00eds Llach\" href=\"http:\/\/canal.uib.cat\/canals\/?contentId=196825\" target=\"_blank\" rel=\"noopener\">La relaci\u00f3 entre m\u00fasica i vi<\/a> centrava la conversa, acompanyat de l&#8217;escriptor Biel Mesquida i l&#8217;aleshores rectora Montserrat Casas.<\/p>\n<p>Des de llavors, la Universitat ha oferit aut\u00e8ntiques lli\u00e7ons sobre alimentaci\u00f3, cuina i i nutrici\u00f3.<\/p>\n<p>Per a aquest 2014, una cuinera d&#8217;excepci\u00f3 centra l&#8217;atenci\u00f3 del programa:<\/p>\n<ul>\n<li><strong>Margalida Coll.<\/strong> Cuinera vocacional i fruit de primera promoci\u00f3 de cuiners de l\u2019Escola d\u2019Hoteleria de la UIB. Ha aportat i apr\u00e8s en restaurants com Cavall Bernat, Can Quet, Cas Puers i Can Penya. El 2004 es fa c\u00e0rrec del Departament de Restauraci\u00f3 d\u2019Amadip.esment i dels seus restaurants. El 2012 inaugura el <a title=\"Restaurant Miceli\" href=\"http:\/\/gastronomicament.cat\/restaurant-miceli\" target=\"_blank\" rel=\"noopener\">Restaurant Miceli<\/a>. El taller s&#8217;impartir\u00e0 els dies 10 i 11 de juny a l&#8217;Escola d&#8217;Hoteleria de les Illes Balears.<\/li>\n<\/ul>\n<p>\u00c9s un taller per aprendre bona cuina d\u2019una manera saludable, que consisteix en elaborar i tastar diferents plats. A m\u00e9s a m\u00e9s, s&#8217;hi presentar\u00e0 i s&#8217;hi tastaran tres vins de l\u2019associaci\u00f3 <strong>Petits Cellers de les Illes Balears<\/strong>, a c\u00e0rrec de l\u2019<strong>en\u00f2loga Mar Jordi<\/strong>.<\/p>\n<p><strong>Inscripci\u00f3 i preus<\/strong><\/p>\n<p>El preu \u00e9s de 60 euros.<\/p>\n<p>Podeu assistir-hi dia 10 o b\u00e9 dia 11 per nom\u00e9s 35\u20ac.<\/p>\n<p>Podeu tenir preu redu\u00eft de 50 euros\/curs si formalitzau la inscripci\u00f3 de dues persones alhora.<\/p>\n<p>Podeu apuntar-vos-hi, enviant un missatge a: <strong>fue.formaciopostgrau <\/strong>[arrova]<strong> uib <\/strong>[punt]<strong> es<\/strong><\/p>\n<p>El cicle sempre ha acostat grans figures de la cuina al p\u00fablic, amb actes oberts a tota la ciutadania. Des de Gastron\u00f2micament us convidam a escoltar la interessant confer\u00e8ncia que impart\u00ed Carme Ruscalleda l&#8217;any 2012 amb el t\u00edtol &#8216;Posa la natura a la teva llista&#8217;.<\/p>\n<p>Bon profit!<\/p>\n<p><iframe style=\"border: 0; margin: 0; padding: 0;\" src=\"\/\/canal.uib.cat\/Inauguracio-La-Bona-Vida-Carme-Ruscalleda.cid240402?showMultimedia=true\" width=\"640\" height=\"300\"><\/iframe><!--more--><\/p>\n","protected":false},"excerpt":{"rendered":"<p>Per a aquest 2014, una cuinera ecxepci\u00f3 centra l&#8217;atenci\u00f3 del programa del cicle La Bona Vida:&hellip;<\/p>\n","protected":false},"author":1,"featured_media":38090,"comment_status":"open","ping_status":"closed","sticky":false,"template":"","format":"standard","meta":{"_acf_changed":false,"_swt_meta_header_display":false,"_swt_meta_footer_display":false,"_swt_meta_site_title_display":false,"_swt_meta_sticky_header":false,"_swt_meta_transparent_header":false,"footnotes":""},"categories":[1003],"tags":[],"coauthors":[],"class_list":["post-71452","post","type-post","status-publish","format-standard","has-post-thumbnail","hentry","category-actualitat-es"],"acf":{"gallery":null,"home_date":{"home_begin_date":null,"home_end_date":null}},"yoast_head":"<!-- This site is optimized with the Yoast SEO plugin v27.4 - https:\/\/yoast.com\/product\/yoast-seo-wordpress\/ -->\n<title>La Bona Vida: Aprendre cuina d&#039;una manera saludable<\/title>\n<meta name=\"description\" content=\"La Bona Vida: Aprendre cuina d&#039;una manera saludable. Cicle de 2014\" \/>\n<meta name=\"robots\" content=\"index, follow, max-snippet:-1, max-image-preview:large, max-video-preview:-1\" \/>\n<link rel=\"canonical\" href=\"https:\/\/gastronomicament.cat\/es\/la-bona-vida-aprendre-cuina-duna-manera-saludable\" \/>\n<meta property=\"og:locale\" content=\"es_ES\" \/>\n<meta property=\"og:type\" content=\"article\" \/>\n<meta property=\"og:title\" content=\"La Bona Vida: Aprendre cuina d&#039;una manera saludable\" \/>\n<meta property=\"og:description\" content=\"La Bona Vida: Aprendre cuina d&#039;una manera saludable. Cicle de 2014\" \/>\n<meta property=\"og:url\" content=\"https:\/\/gastronomicament.cat\/es\/la-bona-vida-aprendre-cuina-duna-manera-saludable\" \/>\n<meta property=\"og:site_name\" content=\"Gastron\u00f2micament\" \/>\n<meta property=\"article:published_time\" content=\"2014-04-29T11:33:08+00:00\" \/>\n<meta property=\"og:image\" content=\"https:\/\/gastronomicament.cat\/wp-content\/uploads\/2014\/04\/la-bona-vida.png\" \/>\n\t<meta property=\"og:image:width\" content=\"640\" \/>\n\t<meta property=\"og:image:height\" content=\"300\" \/>\n\t<meta property=\"og:image:type\" content=\"image\/png\" \/>\n<meta name=\"author\" content=\"Redacci\u00f3\" \/>\n<meta name=\"twitter:card\" content=\"summary_large_image\" \/>\n<meta name=\"twitter:creator\" content=\"@gastronomicamen\" \/>\n<meta name=\"twitter:site\" content=\"@gastronomicamen\" \/>\n<meta name=\"twitter:label1\" content=\"Escrito por\" \/>\n\t<meta name=\"twitter:data1\" content=\"Redacci\u00f3\" \/>\n\t<meta name=\"twitter:label2\" content=\"Tiempo de lectura\" \/>\n\t<meta name=\"twitter:data2\" content=\"1 minuto\" \/>\n\t<meta name=\"twitter:label3\" content=\"Written by\" \/>\n\t<meta name=\"twitter:data3\" content=\"Redacci\u00f3\" \/>\n<script type=\"application\/ld+json\" class=\"yoast-schema-graph\">{\"@context\":\"https:\\\/\\\/schema.org\",\"@graph\":[{\"@type\":\"Article\",\"@id\":\"https:\\\/\\\/gastronomicament.cat\\\/es\\\/la-bona-vida-aprendre-cuina-duna-manera-saludable#article\",\"isPartOf\":{\"@id\":\"https:\\\/\\\/gastronomicament.cat\\\/es\\\/la-bona-vida-aprendre-cuina-duna-manera-saludable\"},\"author\":{\"name\":\"Redacci\u00f3\",\"@id\":\"https:\\\/\\\/gastronomicament.cat\\\/es\\\/#\\\/schema\\\/person\\\/a7c85c537a1ed62799a5b8e0f686a37f\"},\"headline\":\"La Bona Vida: Aprendre cuina d&#8217;una manera saludable\",\"datePublished\":\"2014-04-29T11:33:08+00:00\",\"mainEntityOfPage\":{\"@id\":\"https:\\\/\\\/gastronomicament.cat\\\/es\\\/la-bona-vida-aprendre-cuina-duna-manera-saludable\"},\"wordCount\":299,\"commentCount\":0,\"publisher\":{\"@id\":\"https:\\\/\\\/gastronomicament.cat\\\/es\\\/#organization\"},\"image\":{\"@id\":\"https:\\\/\\\/gastronomicament.cat\\\/es\\\/la-bona-vida-aprendre-cuina-duna-manera-saludable#primaryimage\"},\"thumbnailUrl\":\"https:\\\/\\\/gastronomicament.cat\\\/wp-content\\\/uploads\\\/2014\\\/04\\\/la-bona-vida.png\",\"articleSection\":[\"Actualitat\"],\"inLanguage\":\"es\",\"potentialAction\":[{\"@type\":\"CommentAction\",\"name\":\"Comment\",\"target\":[\"https:\\\/\\\/gastronomicament.cat\\\/es\\\/la-bona-vida-aprendre-cuina-duna-manera-saludable#respond\"]}]},{\"@type\":\"WebPage\",\"@id\":\"https:\\\/\\\/gastronomicament.cat\\\/es\\\/la-bona-vida-aprendre-cuina-duna-manera-saludable\",\"url\":\"https:\\\/\\\/gastronomicament.cat\\\/es\\\/la-bona-vida-aprendre-cuina-duna-manera-saludable\",\"name\":\"La Bona Vida: Aprendre cuina d'una manera saludable\",\"isPartOf\":{\"@id\":\"https:\\\/\\\/gastronomicament.cat\\\/es\\\/#website\"},\"primaryImageOfPage\":{\"@id\":\"https:\\\/\\\/gastronomicament.cat\\\/es\\\/la-bona-vida-aprendre-cuina-duna-manera-saludable#primaryimage\"},\"image\":{\"@id\":\"https:\\\/\\\/gastronomicament.cat\\\/es\\\/la-bona-vida-aprendre-cuina-duna-manera-saludable#primaryimage\"},\"thumbnailUrl\":\"https:\\\/\\\/gastronomicament.cat\\\/wp-content\\\/uploads\\\/2014\\\/04\\\/la-bona-vida.png\",\"datePublished\":\"2014-04-29T11:33:08+00:00\",\"description\":\"La Bona Vida: Aprendre cuina d'una manera saludable. Cicle de 2014\",\"inLanguage\":\"es\",\"potentialAction\":[{\"@type\":\"ReadAction\",\"target\":[\"https:\\\/\\\/gastronomicament.cat\\\/es\\\/la-bona-vida-aprendre-cuina-duna-manera-saludable\"]}]},{\"@type\":\"ImageObject\",\"inLanguage\":\"es\",\"@id\":\"https:\\\/\\\/gastronomicament.cat\\\/es\\\/la-bona-vida-aprendre-cuina-duna-manera-saludable#primaryimage\",\"url\":\"https:\\\/\\\/gastronomicament.cat\\\/wp-content\\\/uploads\\\/2014\\\/04\\\/la-bona-vida.png\",\"contentUrl\":\"https:\\\/\\\/gastronomicament.cat\\\/wp-content\\\/uploads\\\/2014\\\/04\\\/la-bona-vida.png\",\"width\":640,\"height\":300},{\"@type\":\"WebSite\",\"@id\":\"https:\\\/\\\/gastronomicament.cat\\\/es\\\/#website\",\"url\":\"https:\\\/\\\/gastronomicament.cat\\\/es\\\/\",\"name\":\"Gastron\u00f2micament\",\"description\":\"Portal de restaurants, receptes i actualitat gastron\u00f2mica\",\"publisher\":{\"@id\":\"https:\\\/\\\/gastronomicament.cat\\\/es\\\/#organization\"},\"potentialAction\":[{\"@type\":\"SearchAction\",\"target\":{\"@type\":\"EntryPoint\",\"urlTemplate\":\"https:\\\/\\\/gastronomicament.cat\\\/es\\\/?s={search_term_string}\"},\"query-input\":{\"@type\":\"PropertyValueSpecification\",\"valueRequired\":true,\"valueName\":\"search_term_string\"}}],\"inLanguage\":\"es\"},{\"@type\":\"Organization\",\"@id\":\"https:\\\/\\\/gastronomicament.cat\\\/es\\\/#organization\",\"name\":\"Gastron\u00f2micament\",\"url\":\"https:\\\/\\\/gastronomicament.cat\\\/es\\\/\",\"logo\":{\"@type\":\"ImageObject\",\"inLanguage\":\"es\",\"@id\":\"https:\\\/\\\/gastronomicament.cat\\\/es\\\/#\\\/schema\\\/logo\\\/image\\\/\",\"url\":\"https:\\\/\\\/gastronomicament.cat\\\/wp-content\\\/uploads\\\/2016\\\/09\\\/header-logo.jpg\",\"contentUrl\":\"https:\\\/\\\/gastronomicament.cat\\\/wp-content\\\/uploads\\\/2016\\\/09\\\/header-logo.jpg\",\"width\":277,\"height\":39,\"caption\":\"Gastron\u00f2micament\"},\"image\":{\"@id\":\"https:\\\/\\\/gastronomicament.cat\\\/es\\\/#\\\/schema\\\/logo\\\/image\\\/\"},\"sameAs\":[\"https:\\\/\\\/x.com\\\/gastronomicamen\"]},{\"@type\":\"Person\",\"@id\":\"https:\\\/\\\/gastronomicament.cat\\\/es\\\/#\\\/schema\\\/person\\\/a7c85c537a1ed62799a5b8e0f686a37f\",\"name\":\"Redacci\u00f3\",\"image\":{\"@type\":\"ImageObject\",\"inLanguage\":\"es\",\"@id\":\"https:\\\/\\\/secure.gravatar.com\\\/avatar\\\/9489a485c464fd611d33825daae651d13db70c4e74c65c94937a15a9d4c3ee14?s=96&d=mm&r=g69fea3cce3645dfa2166e7293e22955e\",\"url\":\"https:\\\/\\\/secure.gravatar.com\\\/avatar\\\/9489a485c464fd611d33825daae651d13db70c4e74c65c94937a15a9d4c3ee14?s=96&d=mm&r=g\",\"contentUrl\":\"https:\\\/\\\/secure.gravatar.com\\\/avatar\\\/9489a485c464fd611d33825daae651d13db70c4e74c65c94937a15a9d4c3ee14?s=96&d=mm&r=g\",\"caption\":\"Redacci\u00f3\"},\"sameAs\":[\"http:\\\/\\\/gastronomicament.cat\"],\"url\":\"https:\\\/\\\/gastronomicament.cat\\\/es\\\/author\\\/admin\"}]}<\/script>\n<!-- \/ Yoast SEO plugin. -->","yoast_head_json":{"title":"La Bona Vida: Aprendre cuina d'una manera saludable","description":"La Bona Vida: Aprendre cuina d'una manera saludable. Cicle de 2014","robots":{"index":"index","follow":"follow","max-snippet":"max-snippet:-1","max-image-preview":"max-image-preview:large","max-video-preview":"max-video-preview:-1"},"canonical":"https:\/\/gastronomicament.cat\/es\/la-bona-vida-aprendre-cuina-duna-manera-saludable","og_locale":"es_ES","og_type":"article","og_title":"La Bona Vida: Aprendre cuina d'una manera saludable","og_description":"La Bona Vida: Aprendre cuina d'una manera saludable. Cicle de 2014","og_url":"https:\/\/gastronomicament.cat\/es\/la-bona-vida-aprendre-cuina-duna-manera-saludable","og_site_name":"Gastron\u00f2micament","article_published_time":"2014-04-29T11:33:08+00:00","og_image":[{"width":640,"height":300,"url":"https:\/\/gastronomicament.cat\/wp-content\/uploads\/2014\/04\/la-bona-vida.png","type":"image\/png"}],"author":"Redacci\u00f3","twitter_card":"summary_large_image","twitter_creator":"@gastronomicamen","twitter_site":"@gastronomicamen","twitter_misc":{"Escrito por":"Redacci\u00f3","Tiempo de lectura":"1 minuto","Written by":"Redacci\u00f3"},"schema":{"@context":"https:\/\/schema.org","@graph":[{"@type":"Article","@id":"https:\/\/gastronomicament.cat\/es\/la-bona-vida-aprendre-cuina-duna-manera-saludable#article","isPartOf":{"@id":"https:\/\/gastronomicament.cat\/es\/la-bona-vida-aprendre-cuina-duna-manera-saludable"},"author":{"name":"Redacci\u00f3","@id":"https:\/\/gastronomicament.cat\/es\/#\/schema\/person\/a7c85c537a1ed62799a5b8e0f686a37f"},"headline":"La Bona Vida: Aprendre cuina d&#8217;una manera saludable","datePublished":"2014-04-29T11:33:08+00:00","mainEntityOfPage":{"@id":"https:\/\/gastronomicament.cat\/es\/la-bona-vida-aprendre-cuina-duna-manera-saludable"},"wordCount":299,"commentCount":0,"publisher":{"@id":"https:\/\/gastronomicament.cat\/es\/#organization"},"image":{"@id":"https:\/\/gastronomicament.cat\/es\/la-bona-vida-aprendre-cuina-duna-manera-saludable#primaryimage"},"thumbnailUrl":"https:\/\/gastronomicament.cat\/wp-content\/uploads\/2014\/04\/la-bona-vida.png","articleSection":["Actualitat"],"inLanguage":"es","potentialAction":[{"@type":"CommentAction","name":"Comment","target":["https:\/\/gastronomicament.cat\/es\/la-bona-vida-aprendre-cuina-duna-manera-saludable#respond"]}]},{"@type":"WebPage","@id":"https:\/\/gastronomicament.cat\/es\/la-bona-vida-aprendre-cuina-duna-manera-saludable","url":"https:\/\/gastronomicament.cat\/es\/la-bona-vida-aprendre-cuina-duna-manera-saludable","name":"La Bona Vida: Aprendre cuina d'una manera saludable","isPartOf":{"@id":"https:\/\/gastronomicament.cat\/es\/#website"},"primaryImageOfPage":{"@id":"https:\/\/gastronomicament.cat\/es\/la-bona-vida-aprendre-cuina-duna-manera-saludable#primaryimage"},"image":{"@id":"https:\/\/gastronomicament.cat\/es\/la-bona-vida-aprendre-cuina-duna-manera-saludable#primaryimage"},"thumbnailUrl":"https:\/\/gastronomicament.cat\/wp-content\/uploads\/2014\/04\/la-bona-vida.png","datePublished":"2014-04-29T11:33:08+00:00","description":"La Bona Vida: Aprendre cuina d'una manera saludable. Cicle de 2014","inLanguage":"es","potentialAction":[{"@type":"ReadAction","target":["https:\/\/gastronomicament.cat\/es\/la-bona-vida-aprendre-cuina-duna-manera-saludable"]}]},{"@type":"ImageObject","inLanguage":"es","@id":"https:\/\/gastronomicament.cat\/es\/la-bona-vida-aprendre-cuina-duna-manera-saludable#primaryimage","url":"https:\/\/gastronomicament.cat\/wp-content\/uploads\/2014\/04\/la-bona-vida.png","contentUrl":"https:\/\/gastronomicament.cat\/wp-content\/uploads\/2014\/04\/la-bona-vida.png","width":640,"height":300},{"@type":"WebSite","@id":"https:\/\/gastronomicament.cat\/es\/#website","url":"https:\/\/gastronomicament.cat\/es\/","name":"Gastron\u00f2micament","description":"Portal de restaurants, receptes i actualitat gastron\u00f2mica","publisher":{"@id":"https:\/\/gastronomicament.cat\/es\/#organization"},"potentialAction":[{"@type":"SearchAction","target":{"@type":"EntryPoint","urlTemplate":"https:\/\/gastronomicament.cat\/es\/?s={search_term_string}"},"query-input":{"@type":"PropertyValueSpecification","valueRequired":true,"valueName":"search_term_string"}}],"inLanguage":"es"},{"@type":"Organization","@id":"https:\/\/gastronomicament.cat\/es\/#organization","name":"Gastron\u00f2micament","url":"https:\/\/gastronomicament.cat\/es\/","logo":{"@type":"ImageObject","inLanguage":"es","@id":"https:\/\/gastronomicament.cat\/es\/#\/schema\/logo\/image\/","url":"https:\/\/gastronomicament.cat\/wp-content\/uploads\/2016\/09\/header-logo.jpg","contentUrl":"https:\/\/gastronomicament.cat\/wp-content\/uploads\/2016\/09\/header-logo.jpg","width":277,"height":39,"caption":"Gastron\u00f2micament"},"image":{"@id":"https:\/\/gastronomicament.cat\/es\/#\/schema\/logo\/image\/"},"sameAs":["https:\/\/x.com\/gastronomicamen"]},{"@type":"Person","@id":"https:\/\/gastronomicament.cat\/es\/#\/schema\/person\/a7c85c537a1ed62799a5b8e0f686a37f","name":"Redacci\u00f3","image":{"@type":"ImageObject","inLanguage":"es","@id":"https:\/\/secure.gravatar.com\/avatar\/9489a485c464fd611d33825daae651d13db70c4e74c65c94937a15a9d4c3ee14?s=96&d=mm&r=g69fea3cce3645dfa2166e7293e22955e","url":"https:\/\/secure.gravatar.com\/avatar\/9489a485c464fd611d33825daae651d13db70c4e74c65c94937a15a9d4c3ee14?s=96&d=mm&r=g","contentUrl":"https:\/\/secure.gravatar.com\/avatar\/9489a485c464fd611d33825daae651d13db70c4e74c65c94937a15a9d4c3ee14?s=96&d=mm&r=g","caption":"Redacci\u00f3"},"sameAs":["http:\/\/gastronomicament.cat"],"url":"https:\/\/gastronomicament.cat\/es\/author\/admin"}]}},"_links":{"self":[{"href":"https:\/\/gastronomicament.cat\/es\/wp-json\/wp\/v2\/posts\/71452","targetHints":{"allow":["GET"]}}],"collection":[{"href":"https:\/\/gastronomicament.cat\/es\/wp-json\/wp\/v2\/posts"}],"about":[{"href":"https:\/\/gastronomicament.cat\/es\/wp-json\/wp\/v2\/types\/post"}],"author":[{"embeddable":true,"href":"https:\/\/gastronomicament.cat\/es\/wp-json\/wp\/v2\/users\/1"}],"replies":[{"embeddable":true,"href":"https:\/\/gastronomicament.cat\/es\/wp-json\/wp\/v2\/comments?post=71452"}],"version-history":[{"count":0,"href":"https:\/\/gastronomicament.cat\/es\/wp-json\/wp\/v2\/posts\/71452\/revisions"}],"wp:featuredmedia":[{"embeddable":true,"href":"https:\/\/gastronomicament.cat\/es\/wp-json\/wp\/v2\/media\/38090"}],"wp:attachment":[{"href":"https:\/\/gastronomicament.cat\/es\/wp-json\/wp\/v2\/media?parent=71452"}],"wp:term":[{"taxonomy":"category","embeddable":true,"href":"https:\/\/gastronomicament.cat\/es\/wp-json\/wp\/v2\/categories?post=71452"},{"taxonomy":"post_tag","embeddable":true,"href":"https:\/\/gastronomicament.cat\/es\/wp-json\/wp\/v2\/tags?post=71452"},{"taxonomy":"author","embeddable":true,"href":"https:\/\/gastronomicament.cat\/es\/wp-json\/wp\/v2\/coauthors?post=71452"}],"curies":[{"name":"wp","href":"https:\/\/api.w.org\/{rel}","templated":true}]}}