{"id":71463,"date":"2014-04-22T20:54:39","date_gmt":"2014-04-22T18:54:39","guid":{"rendered":"https:\/\/gastronomicament.cat\/fira-de-santa-maria-2014"},"modified":"2014-04-22T20:54:39","modified_gmt":"2014-04-22T18:54:39","slug":"fira-de-santa-maria-2014","status":"publish","type":"post","link":"https:\/\/gastronomicament.cat\/es\/fira-de-santa-maria-2014","title":{"rendered":"Fira de Santa Maria 2014"},"content":{"rendered":"<p>Activitats gastron\u00f2miques, familiars, teatrals, gegants i molta diversi\u00f3 \u00e9s el que ofereix el municipi de Santa Maria per celebrar la Fira. Ho fa amb un programa complet que abasta del 16 d&#8217;abril al 4 de maig.<\/p>\n<blockquote><p>LA WEB &#8216;<a title=\"Per moltes raons Santa Maria\" href=\"http:\/\/www.permoltesraons.com\/\" target=\"_blank\" rel=\"noopener\">PER MOLTES RAONS<\/a>&#8216; D\u00d3NA A CON\u00c8IXER LA GASTRONOMIA SANTAMARIERA I M\u00c9S D&#8217;UN CENTENAR DE COMER\u00c7OS DE TOTS ELS SECTORS<\/p><\/blockquote>\n<p>Una de les novetats ser\u00e0 l&#8217;estrena de la web <a title=\"Per moltes raons Santa Maria\" href=\"http:\/\/www.permoltesraons.com\/\" target=\"_blank\" rel=\"noopener\">Per moltes raons<\/a> a trav\u00e9s de la qual donen a con\u00e8ixer la gastronomia, el vi, els restaurants i els bars de Santa Maria, a m\u00e9s d&#8217;un centenar de comer\u00e7os. Com explica Rosa Vich, batlessa de Santa Maria: \u201cEl nostre municipi \u00e9s una refer\u00e8ncia del petit comer\u00e7 i l\u2019activitat cultural a Mallorca. Arribar-hi \u00e9s molt f\u00e0cil mitjan\u00e7ant el tren, l\u2019autob\u00fas, la bicicleta o el transport particular. I una vegada un hi \u00e9s, es sorpr\u00e8n de la tranquil\u00b7litat que el poble ofereix, de l\u2019oferta de m\u00e9s de 90 comer\u00e7os i de l\u2019activitat social i cultural que es viu al poble\u201d.<\/p>\n<blockquote><p>EL PROGRAMA DE LA FIRA INCLOU VETLADA DE FRIT, DEGUSTACIONS, TALLER DE CERVESA MOSTRA DE VI I MOLTES M\u00c9S<\/p><\/blockquote>\n<p>La <strong>Fira de Santa Maria t\u00e9 moltes activitats<\/strong>, us en destacam les seg\u00fcents:<\/p>\n<p><strong>Divendres 25<\/strong>, <strong>vetlada de frit<\/strong>, amenitzada pels Xeremiers de Santa Maria. Venda de tiquests de 9 a 13 h a l&#8217;Ajuntament i de 17.30 a 20 h en el mateix recinte de l&#8217;Avinguda Josep Verd Sastre. Preu: 1 euro a benefici del Programa d&#8217;Ocupaci\u00f3 Municipal (Cada persona ha de dur plat, tass\u00f3 i cobert).<\/p>\n<p>El dia gros ser\u00e0 el <strong>diumenge 27<\/strong>. A partir de les 9 hores es donar\u00e0 el sus a la <strong>fira<\/strong> amb:<\/p>\n<ul>\n<li>Mostra de vins santamariers<\/li>\n<li>Degustaci\u00f3 i mostra de producte balear<\/li>\n<li>Fira sostenible<\/li>\n<li>I moltes paradetes ben interessants!<\/li>\n<\/ul>\n<p>Cal destacar tamb\u00e9 per a dia 27, el<strong> taller de cervesa<\/strong> al bar Can Chus, a les 16 hores. Info i inscripcions al 971 90 21 69; a m\u00e9s d&#8217;altres activitats: tamborada gegantera, batukada, mostra d&#8217;animals aut\u00f2ctons, etc.<\/p>\n<p><strong>Dilluns 28<\/strong>, mostra i degustaci\u00f3 de <strong>coques dolces i salades<\/strong>, a les 19.30 hores a la Pla\u00e7a de la Vila. Obsequi per a tots els participants.<\/p>\n<p>A part d&#8217;aquestes activitats, tamb\u00e9 hi ha diferents propostes per a totes els edats. El programa de la fira acaba el 4 de amgi amb la Diada de l&#8217;\u00c0ngel a l&#8217;ermita de Son Segu\u00ed i amb la caminada amb bastons i la Trobada de gegant i b\u00e8sties a quatre potes.<\/p>\n<h4>Consultau el programa complet:<\/h4>\n<p><img decoding=\"async\" class=\"alignleft\" src=\"http:\/\/gastronomicament.cat\/wp-content\/uploads\/2014\/04\/fira-2014-3.jpg\" alt=\"\" width=\"578\" height=\"409\" \/><\/p>\n<p><img decoding=\"async\" class=\"alignleft\" src=\"http:\/\/gastronomicament.cat\/wp-content\/uploads\/2014\/04\/fira-2014-4.jpg\" alt=\"\" width=\"578\" height=\"409\" \/><\/p>\n<p><img decoding=\"async\" class=\"alignleft\" src=\"http:\/\/gastronomicament.cat\/wp-content\/uploads\/2014\/04\/fira-2014-5.jpg\" alt=\"\" width=\"578\" height=\"409\" \/><\/p>\n<p><img decoding=\"async\" class=\"alignleft\" src=\"http:\/\/gastronomicament.cat\/wp-content\/uploads\/2014\/04\/fira-2014-6.jpg\" alt=\"\" width=\"578\" height=\"409\" \/><\/p>\n<p><img decoding=\"async\" class=\"alignleft\" src=\"http:\/\/gastronomicament.cat\/wp-content\/uploads\/2014\/04\/fira-2014-7.jpg\" alt=\"\" width=\"578\" height=\"409\" \/><\/p>\n<p><img decoding=\"async\" class=\"alignleft\" src=\"http:\/\/gastronomicament.cat\/wp-content\/uploads\/2014\/04\/fira-2014-8.jpg\" alt=\"\" width=\"578\" height=\"409\" \/><!--more--><\/p>\n","protected":false},"excerpt":{"rendered":"<p>La Fira de Santa Maria se celebra dia 27 d&#8217;abril, per\u00f2 l&#8217;Ajuntament ha preparat un programa&hellip;<\/p>\n","protected":false},"author":1,"featured_media":38089,"comment_status":"open","ping_status":"closed","sticky":false,"template":"","format":"standard","meta":{"_acf_changed":false,"_swt_meta_header_display":false,"_swt_meta_footer_display":false,"_swt_meta_site_title_display":false,"_swt_meta_sticky_header":false,"_swt_meta_transparent_header":false,"footnotes":""},"categories":[1003],"tags":[],"coauthors":[],"class_list":["post-71463","post","type-post","status-publish","format-standard","has-post-thumbnail","hentry","category-actualitat-es"],"acf":{"gallery":null,"home_date":{"home_begin_date":null,"home_end_date":null}},"yoast_head":"<!-- This site is optimized with the Yoast SEO plugin v27.4 - https:\/\/yoast.com\/product\/yoast-seo-wordpress\/ -->\n<title>Fira de Santa Maria 2014<\/title>\n<meta name=\"description\" content=\"Fira de Santa Maria 2014\" \/>\n<meta name=\"robots\" content=\"index, follow, max-snippet:-1, max-image-preview:large, max-video-preview:-1\" \/>\n<link rel=\"canonical\" href=\"https:\/\/gastronomicament.cat\/es\/fira-de-santa-maria-2014\" \/>\n<meta property=\"og:locale\" content=\"es_ES\" \/>\n<meta property=\"og:type\" content=\"article\" \/>\n<meta property=\"og:title\" content=\"Fira de Santa Maria 2014\" \/>\n<meta property=\"og:description\" content=\"Fira de Santa Maria 2014\" \/>\n<meta property=\"og:url\" content=\"https:\/\/gastronomicament.cat\/es\/fira-de-santa-maria-2014\" \/>\n<meta property=\"og:site_name\" content=\"Gastron\u00f2micament\" \/>\n<meta property=\"article:published_time\" content=\"2014-04-22T18:54:39+00:00\" \/>\n<meta property=\"og:image\" content=\"https:\/\/gastronomicament.cat\/wp-content\/uploads\/2014\/04\/fira-de-santa-maria-2014.png\" \/>\n\t<meta property=\"og:image:width\" content=\"640\" \/>\n\t<meta property=\"og:image:height\" content=\"300\" \/>\n\t<meta property=\"og:image:type\" content=\"image\/png\" \/>\n<meta name=\"author\" content=\"Redacci\u00f3\" \/>\n<meta name=\"twitter:card\" content=\"summary_large_image\" \/>\n<meta name=\"twitter:creator\" content=\"@gastronomicamen\" \/>\n<meta name=\"twitter:site\" content=\"@gastronomicamen\" \/>\n<meta name=\"twitter:label1\" content=\"Escrito por\" \/>\n\t<meta name=\"twitter:data1\" content=\"Redacci\u00f3\" \/>\n\t<meta name=\"twitter:label2\" content=\"Tiempo de lectura\" \/>\n\t<meta name=\"twitter:data2\" content=\"2 minutos\" \/>\n\t<meta name=\"twitter:label3\" content=\"Written by\" \/>\n\t<meta name=\"twitter:data3\" content=\"Redacci\u00f3\" \/>\n<script type=\"application\/ld+json\" class=\"yoast-schema-graph\">{\"@context\":\"https:\\\/\\\/schema.org\",\"@graph\":[{\"@type\":\"Article\",\"@id\":\"https:\\\/\\\/gastronomicament.cat\\\/es\\\/fira-de-santa-maria-2014#article\",\"isPartOf\":{\"@id\":\"https:\\\/\\\/gastronomicament.cat\\\/es\\\/fira-de-santa-maria-2014\"},\"author\":{\"name\":\"Redacci\u00f3\",\"@id\":\"https:\\\/\\\/gastronomicament.cat\\\/es\\\/#\\\/schema\\\/person\\\/a7c85c537a1ed62799a5b8e0f686a37f\"},\"headline\":\"Fira de Santa Maria 2014\",\"datePublished\":\"2014-04-22T18:54:39+00:00\",\"mainEntityOfPage\":{\"@id\":\"https:\\\/\\\/gastronomicament.cat\\\/es\\\/fira-de-santa-maria-2014\"},\"wordCount\":418,\"commentCount\":0,\"publisher\":{\"@id\":\"https:\\\/\\\/gastronomicament.cat\\\/es\\\/#organization\"},\"image\":{\"@id\":\"https:\\\/\\\/gastronomicament.cat\\\/es\\\/fira-de-santa-maria-2014#primaryimage\"},\"thumbnailUrl\":\"https:\\\/\\\/gastronomicament.cat\\\/wp-content\\\/uploads\\\/2014\\\/04\\\/fira-de-santa-maria-2014.png\",\"articleSection\":[\"Actualitat\"],\"inLanguage\":\"es\",\"potentialAction\":[{\"@type\":\"CommentAction\",\"name\":\"Comment\",\"target\":[\"https:\\\/\\\/gastronomicament.cat\\\/es\\\/fira-de-santa-maria-2014#respond\"]}]},{\"@type\":\"WebPage\",\"@id\":\"https:\\\/\\\/gastronomicament.cat\\\/es\\\/fira-de-santa-maria-2014\",\"url\":\"https:\\\/\\\/gastronomicament.cat\\\/es\\\/fira-de-santa-maria-2014\",\"name\":\"Fira de Santa Maria 2014\",\"isPartOf\":{\"@id\":\"https:\\\/\\\/gastronomicament.cat\\\/es\\\/#website\"},\"primaryImageOfPage\":{\"@id\":\"https:\\\/\\\/gastronomicament.cat\\\/es\\\/fira-de-santa-maria-2014#primaryimage\"},\"image\":{\"@id\":\"https:\\\/\\\/gastronomicament.cat\\\/es\\\/fira-de-santa-maria-2014#primaryimage\"},\"thumbnailUrl\":\"https:\\\/\\\/gastronomicament.cat\\\/wp-content\\\/uploads\\\/2014\\\/04\\\/fira-de-santa-maria-2014.png\",\"datePublished\":\"2014-04-22T18:54:39+00:00\",\"description\":\"Fira de Santa Maria 2014\",\"inLanguage\":\"es\",\"potentialAction\":[{\"@type\":\"ReadAction\",\"target\":[\"https:\\\/\\\/gastronomicament.cat\\\/es\\\/fira-de-santa-maria-2014\"]}]},{\"@type\":\"ImageObject\",\"inLanguage\":\"es\",\"@id\":\"https:\\\/\\\/gastronomicament.cat\\\/es\\\/fira-de-santa-maria-2014#primaryimage\",\"url\":\"https:\\\/\\\/gastronomicament.cat\\\/wp-content\\\/uploads\\\/2014\\\/04\\\/fira-de-santa-maria-2014.png\",\"contentUrl\":\"https:\\\/\\\/gastronomicament.cat\\\/wp-content\\\/uploads\\\/2014\\\/04\\\/fira-de-santa-maria-2014.png\",\"width\":640,\"height\":300},{\"@type\":\"WebSite\",\"@id\":\"https:\\\/\\\/gastronomicament.cat\\\/es\\\/#website\",\"url\":\"https:\\\/\\\/gastronomicament.cat\\\/es\\\/\",\"name\":\"Gastron\u00f2micament\",\"description\":\"Portal de restaurants, receptes i actualitat gastron\u00f2mica\",\"publisher\":{\"@id\":\"https:\\\/\\\/gastronomicament.cat\\\/es\\\/#organization\"},\"potentialAction\":[{\"@type\":\"SearchAction\",\"target\":{\"@type\":\"EntryPoint\",\"urlTemplate\":\"https:\\\/\\\/gastronomicament.cat\\\/es\\\/?s={search_term_string}\"},\"query-input\":{\"@type\":\"PropertyValueSpecification\",\"valueRequired\":true,\"valueName\":\"search_term_string\"}}],\"inLanguage\":\"es\"},{\"@type\":\"Organization\",\"@id\":\"https:\\\/\\\/gastronomicament.cat\\\/es\\\/#organization\",\"name\":\"Gastron\u00f2micament\",\"url\":\"https:\\\/\\\/gastronomicament.cat\\\/es\\\/\",\"logo\":{\"@type\":\"ImageObject\",\"inLanguage\":\"es\",\"@id\":\"https:\\\/\\\/gastronomicament.cat\\\/es\\\/#\\\/schema\\\/logo\\\/image\\\/\",\"url\":\"https:\\\/\\\/gastronomicament.cat\\\/wp-content\\\/uploads\\\/2016\\\/09\\\/header-logo.jpg\",\"contentUrl\":\"https:\\\/\\\/gastronomicament.cat\\\/wp-content\\\/uploads\\\/2016\\\/09\\\/header-logo.jpg\",\"width\":277,\"height\":39,\"caption\":\"Gastron\u00f2micament\"},\"image\":{\"@id\":\"https:\\\/\\\/gastronomicament.cat\\\/es\\\/#\\\/schema\\\/logo\\\/image\\\/\"},\"sameAs\":[\"https:\\\/\\\/x.com\\\/gastronomicamen\"]},{\"@type\":\"Person\",\"@id\":\"https:\\\/\\\/gastronomicament.cat\\\/es\\\/#\\\/schema\\\/person\\\/a7c85c537a1ed62799a5b8e0f686a37f\",\"name\":\"Redacci\u00f3\",\"image\":{\"@type\":\"ImageObject\",\"inLanguage\":\"es\",\"@id\":\"https:\\\/\\\/secure.gravatar.com\\\/avatar\\\/9489a485c464fd611d33825daae651d13db70c4e74c65c94937a15a9d4c3ee14?s=96&d=mm&r=g69fea3cce3645dfa2166e7293e22955e\",\"url\":\"https:\\\/\\\/secure.gravatar.com\\\/avatar\\\/9489a485c464fd611d33825daae651d13db70c4e74c65c94937a15a9d4c3ee14?s=96&d=mm&r=g\",\"contentUrl\":\"https:\\\/\\\/secure.gravatar.com\\\/avatar\\\/9489a485c464fd611d33825daae651d13db70c4e74c65c94937a15a9d4c3ee14?s=96&d=mm&r=g\",\"caption\":\"Redacci\u00f3\"},\"sameAs\":[\"http:\\\/\\\/gastronomicament.cat\"],\"url\":\"https:\\\/\\\/gastronomicament.cat\\\/es\\\/author\\\/admin\"}]}<\/script>\n<!-- \/ Yoast SEO plugin. -->","yoast_head_json":{"title":"Fira de Santa Maria 2014","description":"Fira de Santa Maria 2014","robots":{"index":"index","follow":"follow","max-snippet":"max-snippet:-1","max-image-preview":"max-image-preview:large","max-video-preview":"max-video-preview:-1"},"canonical":"https:\/\/gastronomicament.cat\/es\/fira-de-santa-maria-2014","og_locale":"es_ES","og_type":"article","og_title":"Fira de Santa Maria 2014","og_description":"Fira de Santa Maria 2014","og_url":"https:\/\/gastronomicament.cat\/es\/fira-de-santa-maria-2014","og_site_name":"Gastron\u00f2micament","article_published_time":"2014-04-22T18:54:39+00:00","og_image":[{"width":640,"height":300,"url":"https:\/\/gastronomicament.cat\/wp-content\/uploads\/2014\/04\/fira-de-santa-maria-2014.png","type":"image\/png"}],"author":"Redacci\u00f3","twitter_card":"summary_large_image","twitter_creator":"@gastronomicamen","twitter_site":"@gastronomicamen","twitter_misc":{"Escrito por":"Redacci\u00f3","Tiempo de lectura":"2 minutos","Written by":"Redacci\u00f3"},"schema":{"@context":"https:\/\/schema.org","@graph":[{"@type":"Article","@id":"https:\/\/gastronomicament.cat\/es\/fira-de-santa-maria-2014#article","isPartOf":{"@id":"https:\/\/gastronomicament.cat\/es\/fira-de-santa-maria-2014"},"author":{"name":"Redacci\u00f3","@id":"https:\/\/gastronomicament.cat\/es\/#\/schema\/person\/a7c85c537a1ed62799a5b8e0f686a37f"},"headline":"Fira de Santa Maria 2014","datePublished":"2014-04-22T18:54:39+00:00","mainEntityOfPage":{"@id":"https:\/\/gastronomicament.cat\/es\/fira-de-santa-maria-2014"},"wordCount":418,"commentCount":0,"publisher":{"@id":"https:\/\/gastronomicament.cat\/es\/#organization"},"image":{"@id":"https:\/\/gastronomicament.cat\/es\/fira-de-santa-maria-2014#primaryimage"},"thumbnailUrl":"https:\/\/gastronomicament.cat\/wp-content\/uploads\/2014\/04\/fira-de-santa-maria-2014.png","articleSection":["Actualitat"],"inLanguage":"es","potentialAction":[{"@type":"CommentAction","name":"Comment","target":["https:\/\/gastronomicament.cat\/es\/fira-de-santa-maria-2014#respond"]}]},{"@type":"WebPage","@id":"https:\/\/gastronomicament.cat\/es\/fira-de-santa-maria-2014","url":"https:\/\/gastronomicament.cat\/es\/fira-de-santa-maria-2014","name":"Fira de Santa Maria 2014","isPartOf":{"@id":"https:\/\/gastronomicament.cat\/es\/#website"},"primaryImageOfPage":{"@id":"https:\/\/gastronomicament.cat\/es\/fira-de-santa-maria-2014#primaryimage"},"image":{"@id":"https:\/\/gastronomicament.cat\/es\/fira-de-santa-maria-2014#primaryimage"},"thumbnailUrl":"https:\/\/gastronomicament.cat\/wp-content\/uploads\/2014\/04\/fira-de-santa-maria-2014.png","datePublished":"2014-04-22T18:54:39+00:00","description":"Fira de Santa Maria 2014","inLanguage":"es","potentialAction":[{"@type":"ReadAction","target":["https:\/\/gastronomicament.cat\/es\/fira-de-santa-maria-2014"]}]},{"@type":"ImageObject","inLanguage":"es","@id":"https:\/\/gastronomicament.cat\/es\/fira-de-santa-maria-2014#primaryimage","url":"https:\/\/gastronomicament.cat\/wp-content\/uploads\/2014\/04\/fira-de-santa-maria-2014.png","contentUrl":"https:\/\/gastronomicament.cat\/wp-content\/uploads\/2014\/04\/fira-de-santa-maria-2014.png","width":640,"height":300},{"@type":"WebSite","@id":"https:\/\/gastronomicament.cat\/es\/#website","url":"https:\/\/gastronomicament.cat\/es\/","name":"Gastron\u00f2micament","description":"Portal de restaurants, receptes i actualitat gastron\u00f2mica","publisher":{"@id":"https:\/\/gastronomicament.cat\/es\/#organization"},"potentialAction":[{"@type":"SearchAction","target":{"@type":"EntryPoint","urlTemplate":"https:\/\/gastronomicament.cat\/es\/?s={search_term_string}"},"query-input":{"@type":"PropertyValueSpecification","valueRequired":true,"valueName":"search_term_string"}}],"inLanguage":"es"},{"@type":"Organization","@id":"https:\/\/gastronomicament.cat\/es\/#organization","name":"Gastron\u00f2micament","url":"https:\/\/gastronomicament.cat\/es\/","logo":{"@type":"ImageObject","inLanguage":"es","@id":"https:\/\/gastronomicament.cat\/es\/#\/schema\/logo\/image\/","url":"https:\/\/gastronomicament.cat\/wp-content\/uploads\/2016\/09\/header-logo.jpg","contentUrl":"https:\/\/gastronomicament.cat\/wp-content\/uploads\/2016\/09\/header-logo.jpg","width":277,"height":39,"caption":"Gastron\u00f2micament"},"image":{"@id":"https:\/\/gastronomicament.cat\/es\/#\/schema\/logo\/image\/"},"sameAs":["https:\/\/x.com\/gastronomicamen"]},{"@type":"Person","@id":"https:\/\/gastronomicament.cat\/es\/#\/schema\/person\/a7c85c537a1ed62799a5b8e0f686a37f","name":"Redacci\u00f3","image":{"@type":"ImageObject","inLanguage":"es","@id":"https:\/\/secure.gravatar.com\/avatar\/9489a485c464fd611d33825daae651d13db70c4e74c65c94937a15a9d4c3ee14?s=96&d=mm&r=g69fea3cce3645dfa2166e7293e22955e","url":"https:\/\/secure.gravatar.com\/avatar\/9489a485c464fd611d33825daae651d13db70c4e74c65c94937a15a9d4c3ee14?s=96&d=mm&r=g","contentUrl":"https:\/\/secure.gravatar.com\/avatar\/9489a485c464fd611d33825daae651d13db70c4e74c65c94937a15a9d4c3ee14?s=96&d=mm&r=g","caption":"Redacci\u00f3"},"sameAs":["http:\/\/gastronomicament.cat"],"url":"https:\/\/gastronomicament.cat\/es\/author\/admin"}]}},"_links":{"self":[{"href":"https:\/\/gastronomicament.cat\/es\/wp-json\/wp\/v2\/posts\/71463","targetHints":{"allow":["GET"]}}],"collection":[{"href":"https:\/\/gastronomicament.cat\/es\/wp-json\/wp\/v2\/posts"}],"about":[{"href":"https:\/\/gastronomicament.cat\/es\/wp-json\/wp\/v2\/types\/post"}],"author":[{"embeddable":true,"href":"https:\/\/gastronomicament.cat\/es\/wp-json\/wp\/v2\/users\/1"}],"replies":[{"embeddable":true,"href":"https:\/\/gastronomicament.cat\/es\/wp-json\/wp\/v2\/comments?post=71463"}],"version-history":[{"count":0,"href":"https:\/\/gastronomicament.cat\/es\/wp-json\/wp\/v2\/posts\/71463\/revisions"}],"wp:featuredmedia":[{"embeddable":true,"href":"https:\/\/gastronomicament.cat\/es\/wp-json\/wp\/v2\/media\/38089"}],"wp:attachment":[{"href":"https:\/\/gastronomicament.cat\/es\/wp-json\/wp\/v2\/media?parent=71463"}],"wp:term":[{"taxonomy":"category","embeddable":true,"href":"https:\/\/gastronomicament.cat\/es\/wp-json\/wp\/v2\/categories?post=71463"},{"taxonomy":"post_tag","embeddable":true,"href":"https:\/\/gastronomicament.cat\/es\/wp-json\/wp\/v2\/tags?post=71463"},{"taxonomy":"author","embeddable":true,"href":"https:\/\/gastronomicament.cat\/es\/wp-json\/wp\/v2\/coauthors?post=71463"}],"curies":[{"name":"wp","href":"https:\/\/api.w.org\/{rel}","templated":true}]}}