{"id":72124,"date":"2013-12-10T12:20:34","date_gmt":"2013-12-10T11:20:34","guid":{"rendered":"https:\/\/gastronomicament.cat\/per-nadal-productes-daqui-i-de-qualitat"},"modified":"2022-04-09T11:48:02","modified_gmt":"2022-04-09T09:48:02","slug":"per-nadal-productes-daqui-i-de-qualitat","status":"publish","type":"post","link":"https:\/\/gastronomicament.cat\/es\/per-nadal-productes-daqui-i-de-qualitat","title":{"rendered":"Per Nadal, productes d&#8217;aqu\u00ed i de qualitat"},"content":{"rendered":"<p>Aquest Nadal \u00e9s un bon moment per<strong> descobrir els plaers de Mallorca<\/strong> i per comen\u00e7ar a consumir-los regularment.<\/p>\n<p>S\u00f3n productes de qualitat, a bon preu i que triomfen tant entre els residents com en el mercat internacionals.<\/p>\n<p>Us proposam una selecci\u00f3 dels nostres productes favorits.<\/p>\n<h4 style=\"text-align: left;\">Oli de Jornets<\/h4>\n<p style=\"text-align: left;\"><a href=\"http:\/\/gastronomicament.cat\/olis-de-jornets\"><img decoding=\"async\" class=\"alignleft\" style=\"margin-left: 6px; margin-right: 6px; margin-top: 0px; margin-bottom: 8px;\" title=\"Oli de Jornets\" src=\"http:\/\/gastronomicament.cat\/wp-content\/uploads\/2013\/12\/jornets.jpg\" alt=\"\" width=\"250\" height=\"280\" \/><\/a>A Mallorca i concretament a Sencelles es cultiva i s&#8217;elabora \u00edntegrament l&#8217;oli d&#8217;oliva Jornets, un suc d&#8217;oliva piqual <strong>alabat internacionalment<\/strong>.<\/p>\n<p style=\"text-align: left;\">Aquest oli d&#8217;oliva verge extra aporta diferents <strong>propietats naturals<\/strong>, beneficiosos per a l&#8217;organisme: antioxidants, vitamina E,<br \/>\n\u00e0cids grassos omega3 i omega6.<\/p>\n<p style=\"text-align: left;\">Podeu contactar i fer reserves al:\u00a0<strong><strong><a href=\"tel:650013308\">650 01 33 08<br \/>\n<\/a><\/strong><\/strong>M\u00e9s informaci\u00f3:<a title=\"Olis de Jornets\" href=\"http:\/\/gastronomicament.cat\/olis-de-jornets\"> http:\/\/gastronomicament.cat\/olis-de-jornets<\/a><\/p>\n<h4 style=\"text-align: left;\"><\/h4>\n<h4 style=\"text-align: left;\"><\/h4>\n<h4 style=\"text-align: left;\"><\/h4>\n<h4 style=\"text-align: left;\"><\/h4>\n<h4 style=\"text-align: left;\">Formatge Burguera<\/h4>\n<p><a href=\"http:\/\/gastronomicament.cat\/formatge-burguera\"><img decoding=\"async\" class=\"alignleft\" style=\"margin-left: 6px; margin-right: 6px; margin-top: 0px; margin-bottom: 9px;\" title=\"Formatge Burguera\" src=\"http:\/\/gastronomicament.cat\/wp-content\/uploads\/2013\/12\/burguera1.jpg\" alt=\"\" width=\"250\" height=\"246\" \/><\/a><\/p>\n<p style=\"text-align: left;\">\u00c9s un dels <strong>formatges artesans<\/strong> m\u00e9s aclamats de Mallorca. Tota la producci\u00f3 la fa la fam\u00edlia Burguera, des de la llet fins al formatge.<\/p>\n<p style=\"text-align: left;\">A m\u00e9s de formatge tamb\u00e9 elaboren<strong> productes exquisits i frescos<\/strong> com la llet formatjada i el brossat.<\/p>\n<p style=\"text-align: left;\">La vaqueria i f\u00e0brica s\u00f3n a Campos, a la carretera de la <strong>Col\u00f2nia de Sant Jordi, km 7.<\/strong><\/p>\n<p style=\"text-align: left;\">Podeu contactar i fer reserves al: <strong> <a href=\"tel:630888268\">630 888 268<br \/>\n<\/a><\/strong>M\u00e9s informaci\u00f3: <a title=\"Formatge Burguera\" href=\"http:\/\/gastronomicament.cat\/formatge-burguera\">http:\/\/gastronomicament.cat\/formatge-burguera<\/a><\/p>\n<h4 style=\"text-align: left;\"><\/h4>\n<h4 style=\"text-align: left;\"><\/h4>\n<h4 style=\"text-align: left;\">Licor Sermita<\/h4>\n<p style=\"text-align: left;\"><img decoding=\"async\" class=\"alignleft\" style=\"margin-left: 6px; margin-right: 6px; margin-top: 8px; margin-bottom: 8px;\" title=\"Licor Sermita\" src=\"http:\/\/gastronomicament.cat\/wp-content\/uploads\/2013\/12\/sermita.jpg\" alt=\"\" width=\"250\" height=\"261\" \/><strong>Recuperar la tradici\u00f3<\/strong>. Aquesta \u00e9s la filosofia dels artesans de Sermita.<\/p>\n<p style=\"text-align: left;\">Despr\u00e9s d&#8217;investigar posen al nostre abast un<strong> licor ideal<\/strong> per acabar un bon dinar o sopar: el <strong>licor de camamil\u00b7la<\/strong>.<\/p>\n<p style=\"text-align: left;\">Est\u00e0 fet a Sencelles a partir d\u2019una llarga maceraci\u00f3 de flors de camamil\u00b7la i clovelles de llimona ecol\u00f2giques amb\u00a0 an\u00eds seleccionat.<\/p>\n<p style=\"text-align: left;\">Podeu contactar i fer reserves al: <strong> <a href=\"tel:656588123\">656 58 81 23<br \/>\n<\/a><\/strong>M\u00e9s informaci\u00f3: <a title=\"Licor Sermita\" href=\"http:\/\/gastronomicament.cat\/licor-sermita\">http:\/\/gastronomicament.cat\/licor-sermita<\/a><\/p>\n<h4 style=\"text-align: left;\"><\/h4>\n<h4 style=\"text-align: left;\">Galletes Gori de Muro<\/h4>\n<p style=\"text-align: left;\"><a href=\"http:\/\/gastronomicament.cat\/galletes-gori-de-muro\"><img decoding=\"async\" class=\"alignleft\" style=\"margin-left: 6px; margin-right: 6px; margin-top: 0px; margin-bottom: 10px;\" title=\"Galletes Gori de Muro\" src=\"http:\/\/gastronomicament.cat\/wp-content\/uploads\/2013\/12\/gori-de-muro.jpg\" alt=\"\" width=\"250\" height=\"222\" \/><\/a> Les <strong>mantegades s\u00f3n el producte estrella<\/strong> per Nadal de l&#8217;empresa Gori de Muro.<\/p>\n<p style=\"text-align: left;\">S\u00f3n dolces, suaus i saboroses, per aix\u00f2 agraden als m\u00e9s petits i als m\u00e9s grans de la casa. Tamb\u00e9 elaboren galletes <strong>marineres<\/strong>, galletons, a m\u00e9s de la primera galleta <strong>ecol\u00f2gica<\/strong> de Mallorca i les noves galletes <strong>coentes<\/strong>, fetes amb pebre sembrat pel mateix Gori.<\/p>\n<p style=\"text-align: left;\">Tel\u00e8fon de contacte:<strong> <a href=\"tel:971735131\">971 73 51 31<br \/>\n<\/a><\/strong>M\u00e9s informaci\u00f3: <a title=\"Galletes Gori de Muro\" href=\"http:\/\/gastronomicament.cat\/galletes-gori-de-muro\">http:\/\/gastronomicament.cat\/galletes-gori-de-muro<\/a><\/p>\n<h4 style=\"text-align: left;\"><\/h4>\n<h4 style=\"text-align: left;\"><\/h4>\n<h4 style=\"text-align: left;\">Embotits Munar<\/h4>\n<p style=\"text-align: left;\"><a href=\"http:\/\/gastronomicament.cat\/embotits-munar\"><img decoding=\"async\" class=\"alignleft\" style=\"margin-left: 6px; margin-right: 6px; margin-top: 0px; margin-bottom: 8px;\" title=\"Embotits Munar\" src=\"http:\/\/gastronomicament.cat\/wp-content\/uploads\/2013\/12\/munar1.jpg\" alt=\"\" width=\"250\" height=\"233\" \/><\/a> Des del 1942, Embotits Munar es dedica a oferir <strong>dos dels productes estrella de Mallorca<\/strong>:<\/p>\n<p style=\"text-align: left;\">La <strong>sobrassada<\/strong>: una <strong>del\u00edcia selecta <\/strong>amb un segell<strong> de qualitat<\/strong> com \u00e9s el d&#8217;Embotits Munar. El <strong>pat\u00e9<\/strong>: un dels productes m\u00e9s populars d&#8217;aquesta empresa de Porreres. Elaboren el <strong>pat\u00e9 cl\u00e0ssic, el coent i l&#8217;artes\u00e0<\/strong>. \u00c9s mal de fer triar-ne un de sol!<\/p>\n<p style=\"text-align: left;\">Tel\u00e8fon de contacte:<strong> <a href=\"tel:971168261\">971 16 82 61<br \/>\n<\/a><\/strong>M\u00e9s informaci\u00f3: <a title=\"Embotits Munar\" href=\"http:\/\/gastronomicament.cat\/embotits-munar\">http:\/\/gastronomicament.cat\/embotits-munar<\/a><\/p>\n<h4 style=\"text-align: left;\"><\/h4>\n<h4 style=\"text-align: left;\"><\/h4>\n<h4 style=\"text-align: left;\"><\/h4>\n<h4 style=\"text-align: left;\">Cervesa Galilea<\/h4>\n<p style=\"text-align: left;\"><a href=\"http:\/\/gastronomicament.cat\/cervesa-galilea\"><img decoding=\"async\" class=\"alignleft\" style=\"margin-left: 6px; margin-right: 6px; margin-top: 4px; margin-bottom: 8px;\" title=\"Cervesa Galilea\" src=\"http:\/\/gastronomicament.cat\/wp-content\/uploads\/2013\/12\/galilea.jpg\" alt=\"\" width=\"250\" height=\"233\" \/><\/a> <strong>L&#8217;exig\u00e8ncia \u00e9s la clau de la qualitat<\/strong> d&#8217;aquesta cervesa natural.<\/p>\n<p style=\"text-align: left;\">Sebasti\u00e0 i Chelo no es cansen d&#8217;estudiar, analitzar i tastar el producte que elaboren artesanalment. \u00c9s una cervesa <strong>excel<\/strong>\u00b7<strong>lent<\/strong>, amb cos i <strong>un gust enamora als amants de la bona cervesa<\/strong>.<\/p>\n<p style=\"text-align: left;\">Podeu contactar i fer reserves al: <strong><strong><a href=\"tel:666867744\">666 86 77 44<br \/>\n<\/a><\/strong><\/strong>M\u00e9s informaci\u00f3: <a title=\"Cervesa Galilea\" href=\"http:\/\/gastronomicament.cat\/cervesa-galilea\">http:\/\/gastronomicament.cat\/cervesa-galilea<\/a><\/p>\n<h4 style=\"text-align: left;\"><\/h4>\n<h4 style=\"text-align: left;\"><\/h4>\n<h4 style=\"text-align: left;\"><\/h4>\n<h4 style=\"text-align: left;\">Confitura Estel Nou (Fet a S\u00f3ller)<\/h4>\n<p style=\"text-align: left;\"><a href=\"http:\/\/gastronomicament.cat\/confitura-fet-a-soller\"><img decoding=\"async\" class=\"alignleft\" style=\"margin-left: 6px; margin-right: 6px; margin-top: 0px; margin-bottom: 20px;\" title=\"Confitura Fet a S\u00f3ller\" src=\"http:\/\/gastronomicament.cat\/wp-content\/uploads\/2013\/12\/soller.jpg\" alt=\"\" width=\"250\" height=\"213\" \/><\/a> De l&#8217;arbre al pot. Aix\u00ed es pot resumir aquest <strong>producte selecte<\/strong>, elaborat artesanament a S\u00f3ller.<\/p>\n<p style=\"text-align: left;\">Fan <strong>confitures<\/strong> de tot tipus (pera, poma i codonyat, etc.) <strong>tom\u00e0tigues seques<\/strong>, <strong>figues seques amb conyac<\/strong>. A m\u00e9s, Estel Nou d\u00f3na feina a persones amb discapacitat intel\u00b7lectual, amb la finalitat de fer un<strong> producte tradicional<\/strong> i, alhora, millorar-los la qualitat de vida.<\/p>\n<p style=\"text-align: left;\">Podeu contactar i fer reserves al: <strong><strong><a href=\"tel:971633942\">971 63 39 42<br \/>\n<\/a><\/strong><\/strong>M\u00e9s informaci\u00f3: <a title=\"Confitures de S\u00f3ller Estel Nou\" href=\"http:\/\/gastronomicament.cat\/confitura-fet-a-soller\">http:\/\/gastronomicament.cat\/confitura-fet-a-soller<\/a><\/p>\n<p><!--more--><\/p>\n","protected":false},"excerpt":{"rendered":"<p>Aquest Nadal \u00e9s un bon moment per descobrir els plaers de Mallorca i per comen\u00e7ar a&hellip;<\/p>\n","protected":false},"author":1,"featured_media":37296,"comment_status":"open","ping_status":"closed","sticky":false,"template":"","format":"standard","meta":{"_acf_changed":false,"_swt_meta_header_display":false,"_swt_meta_footer_display":false,"_swt_meta_site_title_display":false,"_swt_meta_sticky_header":false,"_swt_meta_transparent_header":false,"footnotes":""},"categories":[1003],"tags":[],"coauthors":[],"class_list":["post-72124","post","type-post","status-publish","format-standard","has-post-thumbnail","hentry","category-actualitat-es"],"acf":{"gallery":null,"home_date":{"home_begin_date":null,"home_end_date":null}},"yoast_head":"<!-- This site is optimized with the Yoast SEO plugin v27.4 - https:\/\/yoast.com\/product\/yoast-seo-wordpress\/ -->\n<title>Per Nadal, productes d&#039;aqu\u00ed i de qualitat<\/title>\n<meta name=\"description\" content=\"Per Nadal, productes d&#039;aqu\u00ed i de qualitat \/ For Christmas, Mallorcan quality products \/ En Navidad, productos mallorquines de calidad\" \/>\n<meta name=\"robots\" content=\"index, follow, max-snippet:-1, max-image-preview:large, max-video-preview:-1\" \/>\n<link rel=\"canonical\" href=\"https:\/\/gastronomicament.cat\/es\/per-nadal-productes-daqui-i-de-qualitat\" \/>\n<meta property=\"og:locale\" content=\"es_ES\" \/>\n<meta property=\"og:type\" content=\"article\" \/>\n<meta property=\"og:title\" content=\"Per Nadal, productes d&#039;aqu\u00ed i de qualitat\" \/>\n<meta property=\"og:description\" content=\"Per Nadal, productes d&#039;aqu\u00ed i de qualitat \/ For Christmas, Mallorcan quality products \/ En Navidad, productos mallorquines de calidad\" \/>\n<meta property=\"og:url\" content=\"https:\/\/gastronomicament.cat\/es\/per-nadal-productes-daqui-i-de-qualitat\" \/>\n<meta property=\"og:site_name\" content=\"Gastron\u00f2micament\" \/>\n<meta property=\"article:published_time\" content=\"2013-12-10T11:20:34+00:00\" \/>\n<meta property=\"article:modified_time\" content=\"2022-04-09T09:48:02+00:00\" \/>\n<meta property=\"og:image\" content=\"https:\/\/gastronomicament.cat\/wp-content\/uploads\/2013\/12\/productes-daqu.png\" \/>\n\t<meta property=\"og:image:width\" content=\"640\" \/>\n\t<meta property=\"og:image:height\" content=\"300\" \/>\n\t<meta property=\"og:image:type\" content=\"image\/png\" \/>\n<meta name=\"author\" content=\"Redacci\u00f3\" \/>\n<meta name=\"twitter:card\" content=\"summary_large_image\" \/>\n<meta name=\"twitter:creator\" content=\"@gastronomicamen\" \/>\n<meta name=\"twitter:site\" content=\"@gastronomicamen\" \/>\n<meta name=\"twitter:label1\" content=\"Escrito por\" \/>\n\t<meta name=\"twitter:data1\" content=\"Redacci\u00f3\" \/>\n\t<meta name=\"twitter:label2\" content=\"Tiempo de lectura\" \/>\n\t<meta name=\"twitter:data2\" content=\"3 minutos\" \/>\n\t<meta name=\"twitter:label3\" content=\"Written by\" \/>\n\t<meta name=\"twitter:data3\" content=\"Redacci\u00f3\" \/>\n<script type=\"application\/ld+json\" class=\"yoast-schema-graph\">{\"@context\":\"https:\\\/\\\/schema.org\",\"@graph\":[{\"@type\":\"Article\",\"@id\":\"https:\\\/\\\/gastronomicament.cat\\\/es\\\/per-nadal-productes-daqui-i-de-qualitat#article\",\"isPartOf\":{\"@id\":\"https:\\\/\\\/gastronomicament.cat\\\/es\\\/per-nadal-productes-daqui-i-de-qualitat\"},\"author\":{\"name\":\"Redacci\u00f3\",\"@id\":\"https:\\\/\\\/gastronomicament.cat\\\/es\\\/#\\\/schema\\\/person\\\/a7c85c537a1ed62799a5b8e0f686a37f\"},\"headline\":\"Per Nadal, productes d&#8217;aqu\u00ed i de qualitat\",\"datePublished\":\"2013-12-10T11:20:34+00:00\",\"dateModified\":\"2022-04-09T09:48:02+00:00\",\"mainEntityOfPage\":{\"@id\":\"https:\\\/\\\/gastronomicament.cat\\\/es\\\/per-nadal-productes-daqui-i-de-qualitat\"},\"wordCount\":553,\"commentCount\":0,\"publisher\":{\"@id\":\"https:\\\/\\\/gastronomicament.cat\\\/es\\\/#organization\"},\"image\":{\"@id\":\"https:\\\/\\\/gastronomicament.cat\\\/es\\\/per-nadal-productes-daqui-i-de-qualitat#primaryimage\"},\"thumbnailUrl\":\"https:\\\/\\\/gastronomicament.cat\\\/wp-content\\\/uploads\\\/2013\\\/12\\\/productes-daqu.png\",\"articleSection\":[\"Actualitat\"],\"inLanguage\":\"es\",\"potentialAction\":[{\"@type\":\"CommentAction\",\"name\":\"Comment\",\"target\":[\"https:\\\/\\\/gastronomicament.cat\\\/es\\\/per-nadal-productes-daqui-i-de-qualitat#respond\"]}]},{\"@type\":\"WebPage\",\"@id\":\"https:\\\/\\\/gastronomicament.cat\\\/es\\\/per-nadal-productes-daqui-i-de-qualitat\",\"url\":\"https:\\\/\\\/gastronomicament.cat\\\/es\\\/per-nadal-productes-daqui-i-de-qualitat\",\"name\":\"Per Nadal, productes d'aqu\u00ed i de qualitat\",\"isPartOf\":{\"@id\":\"https:\\\/\\\/gastronomicament.cat\\\/es\\\/#website\"},\"primaryImageOfPage\":{\"@id\":\"https:\\\/\\\/gastronomicament.cat\\\/es\\\/per-nadal-productes-daqui-i-de-qualitat#primaryimage\"},\"image\":{\"@id\":\"https:\\\/\\\/gastronomicament.cat\\\/es\\\/per-nadal-productes-daqui-i-de-qualitat#primaryimage\"},\"thumbnailUrl\":\"https:\\\/\\\/gastronomicament.cat\\\/wp-content\\\/uploads\\\/2013\\\/12\\\/productes-daqu.png\",\"datePublished\":\"2013-12-10T11:20:34+00:00\",\"dateModified\":\"2022-04-09T09:48:02+00:00\",\"description\":\"Per Nadal, productes d'aqu\u00ed i de qualitat \\\/ For Christmas, Mallorcan quality products \\\/ En Navidad, productos mallorquines de calidad\",\"inLanguage\":\"es\",\"potentialAction\":[{\"@type\":\"ReadAction\",\"target\":[\"https:\\\/\\\/gastronomicament.cat\\\/es\\\/per-nadal-productes-daqui-i-de-qualitat\"]}]},{\"@type\":\"ImageObject\",\"inLanguage\":\"es\",\"@id\":\"https:\\\/\\\/gastronomicament.cat\\\/es\\\/per-nadal-productes-daqui-i-de-qualitat#primaryimage\",\"url\":\"https:\\\/\\\/gastronomicament.cat\\\/wp-content\\\/uploads\\\/2013\\\/12\\\/productes-daqu.png\",\"contentUrl\":\"https:\\\/\\\/gastronomicament.cat\\\/wp-content\\\/uploads\\\/2013\\\/12\\\/productes-daqu.png\",\"width\":640,\"height\":300},{\"@type\":\"WebSite\",\"@id\":\"https:\\\/\\\/gastronomicament.cat\\\/es\\\/#website\",\"url\":\"https:\\\/\\\/gastronomicament.cat\\\/es\\\/\",\"name\":\"Gastron\u00f2micament\",\"description\":\"Portal de restaurants, receptes i actualitat gastron\u00f2mica\",\"publisher\":{\"@id\":\"https:\\\/\\\/gastronomicament.cat\\\/es\\\/#organization\"},\"potentialAction\":[{\"@type\":\"SearchAction\",\"target\":{\"@type\":\"EntryPoint\",\"urlTemplate\":\"https:\\\/\\\/gastronomicament.cat\\\/es\\\/?s={search_term_string}\"},\"query-input\":{\"@type\":\"PropertyValueSpecification\",\"valueRequired\":true,\"valueName\":\"search_term_string\"}}],\"inLanguage\":\"es\"},{\"@type\":\"Organization\",\"@id\":\"https:\\\/\\\/gastronomicament.cat\\\/es\\\/#organization\",\"name\":\"Gastron\u00f2micament\",\"url\":\"https:\\\/\\\/gastronomicament.cat\\\/es\\\/\",\"logo\":{\"@type\":\"ImageObject\",\"inLanguage\":\"es\",\"@id\":\"https:\\\/\\\/gastronomicament.cat\\\/es\\\/#\\\/schema\\\/logo\\\/image\\\/\",\"url\":\"https:\\\/\\\/gastronomicament.cat\\\/wp-content\\\/uploads\\\/2016\\\/09\\\/header-logo.jpg\",\"contentUrl\":\"https:\\\/\\\/gastronomicament.cat\\\/wp-content\\\/uploads\\\/2016\\\/09\\\/header-logo.jpg\",\"width\":277,\"height\":39,\"caption\":\"Gastron\u00f2micament\"},\"image\":{\"@id\":\"https:\\\/\\\/gastronomicament.cat\\\/es\\\/#\\\/schema\\\/logo\\\/image\\\/\"},\"sameAs\":[\"https:\\\/\\\/x.com\\\/gastronomicamen\"]},{\"@type\":\"Person\",\"@id\":\"https:\\\/\\\/gastronomicament.cat\\\/es\\\/#\\\/schema\\\/person\\\/a7c85c537a1ed62799a5b8e0f686a37f\",\"name\":\"Redacci\u00f3\",\"image\":{\"@type\":\"ImageObject\",\"inLanguage\":\"es\",\"@id\":\"https:\\\/\\\/secure.gravatar.com\\\/avatar\\\/9489a485c464fd611d33825daae651d13db70c4e74c65c94937a15a9d4c3ee14?s=96&d=mm&r=g69fea3cce3645dfa2166e7293e22955e\",\"url\":\"https:\\\/\\\/secure.gravatar.com\\\/avatar\\\/9489a485c464fd611d33825daae651d13db70c4e74c65c94937a15a9d4c3ee14?s=96&d=mm&r=g\",\"contentUrl\":\"https:\\\/\\\/secure.gravatar.com\\\/avatar\\\/9489a485c464fd611d33825daae651d13db70c4e74c65c94937a15a9d4c3ee14?s=96&d=mm&r=g\",\"caption\":\"Redacci\u00f3\"},\"sameAs\":[\"http:\\\/\\\/gastronomicament.cat\"],\"url\":\"https:\\\/\\\/gastronomicament.cat\\\/es\\\/author\\\/admin\"}]}<\/script>\n<!-- \/ Yoast SEO plugin. -->","yoast_head_json":{"title":"Per Nadal, productes d'aqu\u00ed i de qualitat","description":"Per Nadal, productes d'aqu\u00ed i de qualitat \/ For Christmas, Mallorcan quality products \/ En Navidad, productos mallorquines de calidad","robots":{"index":"index","follow":"follow","max-snippet":"max-snippet:-1","max-image-preview":"max-image-preview:large","max-video-preview":"max-video-preview:-1"},"canonical":"https:\/\/gastronomicament.cat\/es\/per-nadal-productes-daqui-i-de-qualitat","og_locale":"es_ES","og_type":"article","og_title":"Per Nadal, productes d'aqu\u00ed i de qualitat","og_description":"Per Nadal, productes d'aqu\u00ed i de qualitat \/ For Christmas, Mallorcan quality products \/ En Navidad, productos mallorquines de calidad","og_url":"https:\/\/gastronomicament.cat\/es\/per-nadal-productes-daqui-i-de-qualitat","og_site_name":"Gastron\u00f2micament","article_published_time":"2013-12-10T11:20:34+00:00","article_modified_time":"2022-04-09T09:48:02+00:00","og_image":[{"width":640,"height":300,"url":"https:\/\/gastronomicament.cat\/wp-content\/uploads\/2013\/12\/productes-daqu.png","type":"image\/png"}],"author":"Redacci\u00f3","twitter_card":"summary_large_image","twitter_creator":"@gastronomicamen","twitter_site":"@gastronomicamen","twitter_misc":{"Escrito por":"Redacci\u00f3","Tiempo de lectura":"3 minutos","Written by":"Redacci\u00f3"},"schema":{"@context":"https:\/\/schema.org","@graph":[{"@type":"Article","@id":"https:\/\/gastronomicament.cat\/es\/per-nadal-productes-daqui-i-de-qualitat#article","isPartOf":{"@id":"https:\/\/gastronomicament.cat\/es\/per-nadal-productes-daqui-i-de-qualitat"},"author":{"name":"Redacci\u00f3","@id":"https:\/\/gastronomicament.cat\/es\/#\/schema\/person\/a7c85c537a1ed62799a5b8e0f686a37f"},"headline":"Per Nadal, productes d&#8217;aqu\u00ed i de qualitat","datePublished":"2013-12-10T11:20:34+00:00","dateModified":"2022-04-09T09:48:02+00:00","mainEntityOfPage":{"@id":"https:\/\/gastronomicament.cat\/es\/per-nadal-productes-daqui-i-de-qualitat"},"wordCount":553,"commentCount":0,"publisher":{"@id":"https:\/\/gastronomicament.cat\/es\/#organization"},"image":{"@id":"https:\/\/gastronomicament.cat\/es\/per-nadal-productes-daqui-i-de-qualitat#primaryimage"},"thumbnailUrl":"https:\/\/gastronomicament.cat\/wp-content\/uploads\/2013\/12\/productes-daqu.png","articleSection":["Actualitat"],"inLanguage":"es","potentialAction":[{"@type":"CommentAction","name":"Comment","target":["https:\/\/gastronomicament.cat\/es\/per-nadal-productes-daqui-i-de-qualitat#respond"]}]},{"@type":"WebPage","@id":"https:\/\/gastronomicament.cat\/es\/per-nadal-productes-daqui-i-de-qualitat","url":"https:\/\/gastronomicament.cat\/es\/per-nadal-productes-daqui-i-de-qualitat","name":"Per Nadal, productes d'aqu\u00ed i de qualitat","isPartOf":{"@id":"https:\/\/gastronomicament.cat\/es\/#website"},"primaryImageOfPage":{"@id":"https:\/\/gastronomicament.cat\/es\/per-nadal-productes-daqui-i-de-qualitat#primaryimage"},"image":{"@id":"https:\/\/gastronomicament.cat\/es\/per-nadal-productes-daqui-i-de-qualitat#primaryimage"},"thumbnailUrl":"https:\/\/gastronomicament.cat\/wp-content\/uploads\/2013\/12\/productes-daqu.png","datePublished":"2013-12-10T11:20:34+00:00","dateModified":"2022-04-09T09:48:02+00:00","description":"Per Nadal, productes d'aqu\u00ed i de qualitat \/ For Christmas, Mallorcan quality products \/ En Navidad, productos mallorquines de calidad","inLanguage":"es","potentialAction":[{"@type":"ReadAction","target":["https:\/\/gastronomicament.cat\/es\/per-nadal-productes-daqui-i-de-qualitat"]}]},{"@type":"ImageObject","inLanguage":"es","@id":"https:\/\/gastronomicament.cat\/es\/per-nadal-productes-daqui-i-de-qualitat#primaryimage","url":"https:\/\/gastronomicament.cat\/wp-content\/uploads\/2013\/12\/productes-daqu.png","contentUrl":"https:\/\/gastronomicament.cat\/wp-content\/uploads\/2013\/12\/productes-daqu.png","width":640,"height":300},{"@type":"WebSite","@id":"https:\/\/gastronomicament.cat\/es\/#website","url":"https:\/\/gastronomicament.cat\/es\/","name":"Gastron\u00f2micament","description":"Portal de restaurants, receptes i actualitat gastron\u00f2mica","publisher":{"@id":"https:\/\/gastronomicament.cat\/es\/#organization"},"potentialAction":[{"@type":"SearchAction","target":{"@type":"EntryPoint","urlTemplate":"https:\/\/gastronomicament.cat\/es\/?s={search_term_string}"},"query-input":{"@type":"PropertyValueSpecification","valueRequired":true,"valueName":"search_term_string"}}],"inLanguage":"es"},{"@type":"Organization","@id":"https:\/\/gastronomicament.cat\/es\/#organization","name":"Gastron\u00f2micament","url":"https:\/\/gastronomicament.cat\/es\/","logo":{"@type":"ImageObject","inLanguage":"es","@id":"https:\/\/gastronomicament.cat\/es\/#\/schema\/logo\/image\/","url":"https:\/\/gastronomicament.cat\/wp-content\/uploads\/2016\/09\/header-logo.jpg","contentUrl":"https:\/\/gastronomicament.cat\/wp-content\/uploads\/2016\/09\/header-logo.jpg","width":277,"height":39,"caption":"Gastron\u00f2micament"},"image":{"@id":"https:\/\/gastronomicament.cat\/es\/#\/schema\/logo\/image\/"},"sameAs":["https:\/\/x.com\/gastronomicamen"]},{"@type":"Person","@id":"https:\/\/gastronomicament.cat\/es\/#\/schema\/person\/a7c85c537a1ed62799a5b8e0f686a37f","name":"Redacci\u00f3","image":{"@type":"ImageObject","inLanguage":"es","@id":"https:\/\/secure.gravatar.com\/avatar\/9489a485c464fd611d33825daae651d13db70c4e74c65c94937a15a9d4c3ee14?s=96&d=mm&r=g69fea3cce3645dfa2166e7293e22955e","url":"https:\/\/secure.gravatar.com\/avatar\/9489a485c464fd611d33825daae651d13db70c4e74c65c94937a15a9d4c3ee14?s=96&d=mm&r=g","contentUrl":"https:\/\/secure.gravatar.com\/avatar\/9489a485c464fd611d33825daae651d13db70c4e74c65c94937a15a9d4c3ee14?s=96&d=mm&r=g","caption":"Redacci\u00f3"},"sameAs":["http:\/\/gastronomicament.cat"],"url":"https:\/\/gastronomicament.cat\/es\/author\/admin"}]}},"_links":{"self":[{"href":"https:\/\/gastronomicament.cat\/es\/wp-json\/wp\/v2\/posts\/72124","targetHints":{"allow":["GET"]}}],"collection":[{"href":"https:\/\/gastronomicament.cat\/es\/wp-json\/wp\/v2\/posts"}],"about":[{"href":"https:\/\/gastronomicament.cat\/es\/wp-json\/wp\/v2\/types\/post"}],"author":[{"embeddable":true,"href":"https:\/\/gastronomicament.cat\/es\/wp-json\/wp\/v2\/users\/1"}],"replies":[{"embeddable":true,"href":"https:\/\/gastronomicament.cat\/es\/wp-json\/wp\/v2\/comments?post=72124"}],"version-history":[{"count":0,"href":"https:\/\/gastronomicament.cat\/es\/wp-json\/wp\/v2\/posts\/72124\/revisions"}],"wp:featuredmedia":[{"embeddable":true,"href":"https:\/\/gastronomicament.cat\/es\/wp-json\/wp\/v2\/media\/37296"}],"wp:attachment":[{"href":"https:\/\/gastronomicament.cat\/es\/wp-json\/wp\/v2\/media?parent=72124"}],"wp:term":[{"taxonomy":"category","embeddable":true,"href":"https:\/\/gastronomicament.cat\/es\/wp-json\/wp\/v2\/categories?post=72124"},{"taxonomy":"post_tag","embeddable":true,"href":"https:\/\/gastronomicament.cat\/es\/wp-json\/wp\/v2\/tags?post=72124"},{"taxonomy":"author","embeddable":true,"href":"https:\/\/gastronomicament.cat\/es\/wp-json\/wp\/v2\/coauthors?post=72124"}],"curies":[{"name":"wp","href":"https:\/\/api.w.org\/{rel}","templated":true}]}}