{"id":72166,"date":"2013-11-21T18:45:15","date_gmt":"2013-11-21T17:45:15","guid":{"rendered":"https:\/\/gastronomicament.cat\/el-xef-tomeu-marti-a-laula-restaurant-miramar"},"modified":"2022-04-09T11:48:36","modified_gmt":"2022-04-09T09:48:36","slug":"el-xef-tomeu-marti-a-laula-restaurant-miramar","status":"publish","type":"post","link":"https:\/\/gastronomicament.cat\/es\/el-xef-tomeu-marti-a-laula-restaurant-miramar","title":{"rendered":"El xef Tomeu Mart\u00ed, a l&#8217;aula restaurant Miramar"},"content":{"rendered":"<p><strong>Men\u00fa degustaci\u00f3<\/strong><br \/>\n<em>fusi\u00f3 mediterr\u00e0nia oriental<\/em><\/p>\n<p>El cuiner del <a title=\"Restaurant Arume de Palma\" href=\"http:\/\/gastronomicament.cat\/restaurant-arume\">restaurant Arume<\/a>, Tomeu Mart\u00ed, ofereix un men\u00fa degustaci\u00f3 a l&#8217;aula restaurant Miramar de l&#8217;Escola d&#8217;Hoteleria de les Illes Balears (EHIB).<\/p>\n<p>Hi fusionar\u00e1 la cuina mediterr\u00e0nia amb l&#8217;oriental.<\/p>\n<p>Ser\u00e0 el proper 28 de novembre de 2013<\/p>\n<p>El men\u00fa consistir\u00e0 en:<\/p>\n<ul>\n<li>Dashi torrat de grimaldo i el seu ravioli<\/li>\n<li>Rotllets d\u2019espinacs farcits de t\u00e0rtar de llampuga<\/li>\n<li>Tiradito de llobarro amb gaspatxo asi\u00e0tic de tom\u00e0tigues verdes<\/li>\n<li>Dau de bacall\u00e0 amb crema de p\u00e8sols i wasabi<\/li>\n<li>Llomillo de xot, pesto tai i polenta de bolets i gingebre<\/li>\n<li>Xocolata, formatge i taronja<\/li>\n<\/ul>\n<p>Horari d&#8217;inici del servei: de 14 h a 14.45 hores.<br \/>\nReserves: 971 17 26 26 \/ 971 17 26 08<br \/>\nPlaces limitades<\/p>\n<p>Preu del men\u00fa degustaci\u00f3 + selecci\u00f3 de vins EHIB en maridatge: 29 euros per persona (IVA incl\u00f2s).<\/p>\n<p><iframe src=\"https:\/\/maps.google.cat\/maps?f=q&amp;source=s_q&amp;hl=ca&amp;geocode=&amp;q=Edifici+Arxiduc+Llu%C3%ADs+Salvador+%C2%B7+Cra.+Valldemossa,+km+7,5+%C2%B7+07122+Palma&amp;sll=37.0625,-95.677068&amp;sspn=56.243791,114.169922&amp;t=h&amp;ie=UTF8&amp;hq=Edifici+Arxiduc+Llu%C3%ADs+Salvador+%C2%B7+Cra.+Valldemossa,+km+7,5+%C2%B7+07122+Palma&amp;hnear=&amp;radius=15000&amp;ll=39.64412,2.645743&amp;spn=0.108256,0.222988&amp;z=13&amp;iwloc=A&amp;cid=15363036063092876133&amp;output=embed\" frameborder=\"0\" marginwidth=\"0\" marginheight=\"0\" scrolling=\"no\" width=\"640\" height=\"350\"><\/iframe><!--more--><\/p>\n","protected":false},"excerpt":{"rendered":"<p>Dia 28 de novembre, el cuiner del restaurant Arume, Tomeu Mart\u00ed, ofereix un men\u00fa degustaci\u00f3 a&hellip;<\/p>\n","protected":false},"author":1,"featured_media":37251,"comment_status":"open","ping_status":"closed","sticky":false,"template":"","format":"standard","meta":{"_acf_changed":false,"_swt_meta_header_display":false,"_swt_meta_footer_display":false,"_swt_meta_site_title_display":false,"_swt_meta_sticky_header":false,"_swt_meta_transparent_header":false,"footnotes":""},"categories":[1003],"tags":[],"coauthors":[],"class_list":["post-72166","post","type-post","status-publish","format-standard","has-post-thumbnail","hentry","category-actualitat-es"],"acf":{"gallery":null,"home_date":{"home_begin_date":null,"home_end_date":null}},"yoast_head":"<!-- This site is optimized with the Yoast SEO plugin v27.4 - https:\/\/yoast.com\/product\/yoast-seo-wordpress\/ -->\n<title>El xef Tomeu Mart\u00ed, a l&#039;aula restaurant Miramar<\/title>\n<meta name=\"description\" content=\"El xef Tomeu Mart\u00ed, a l&#039;aula restaurant Miramar\" \/>\n<meta name=\"robots\" content=\"index, follow, max-snippet:-1, max-image-preview:large, max-video-preview:-1\" \/>\n<link rel=\"canonical\" href=\"https:\/\/gastronomicament.cat\/es\/el-xef-tomeu-marti-a-laula-restaurant-miramar\" \/>\n<meta property=\"og:locale\" content=\"es_ES\" \/>\n<meta property=\"og:type\" content=\"article\" \/>\n<meta property=\"og:title\" content=\"El xef Tomeu Mart\u00ed, a l&#039;aula restaurant Miramar\" \/>\n<meta property=\"og:description\" content=\"El xef Tomeu Mart\u00ed, a l&#039;aula restaurant Miramar\" \/>\n<meta property=\"og:url\" content=\"https:\/\/gastronomicament.cat\/es\/el-xef-tomeu-marti-a-laula-restaurant-miramar\" \/>\n<meta property=\"og:site_name\" content=\"Gastron\u00f2micament\" \/>\n<meta property=\"article:published_time\" content=\"2013-11-21T17:45:15+00:00\" \/>\n<meta property=\"article:modified_time\" content=\"2022-04-09T09:48:36+00:00\" \/>\n<meta property=\"og:image\" content=\"https:\/\/gastronomicament.cat\/wp-content\/uploads\/2013\/11\/tomeu-marti-a-laula-restaurant-miramar.jpg\" \/>\n\t<meta property=\"og:image:width\" content=\"640\" \/>\n\t<meta property=\"og:image:height\" content=\"300\" \/>\n\t<meta property=\"og:image:type\" content=\"image\/jpeg\" \/>\n<meta name=\"author\" content=\"Redacci\u00f3\" \/>\n<meta name=\"twitter:card\" content=\"summary_large_image\" \/>\n<meta name=\"twitter:creator\" content=\"@gastronomicamen\" \/>\n<meta name=\"twitter:site\" content=\"@gastronomicamen\" \/>\n<meta name=\"twitter:label1\" content=\"Escrito por\" \/>\n\t<meta name=\"twitter:data1\" content=\"Redacci\u00f3\" \/>\n\t<meta name=\"twitter:label2\" content=\"Tiempo de lectura\" \/>\n\t<meta name=\"twitter:data2\" content=\"1 minuto\" \/>\n\t<meta name=\"twitter:label3\" content=\"Written by\" \/>\n\t<meta name=\"twitter:data3\" content=\"Redacci\u00f3\" \/>\n<script type=\"application\/ld+json\" class=\"yoast-schema-graph\">{\"@context\":\"https:\\\/\\\/schema.org\",\"@graph\":[{\"@type\":\"Article\",\"@id\":\"https:\\\/\\\/gastronomicament.cat\\\/es\\\/el-xef-tomeu-marti-a-laula-restaurant-miramar#article\",\"isPartOf\":{\"@id\":\"https:\\\/\\\/gastronomicament.cat\\\/es\\\/el-xef-tomeu-marti-a-laula-restaurant-miramar\"},\"author\":{\"name\":\"Redacci\u00f3\",\"@id\":\"https:\\\/\\\/gastronomicament.cat\\\/es\\\/#\\\/schema\\\/person\\\/a7c85c537a1ed62799a5b8e0f686a37f\"},\"headline\":\"El xef Tomeu Mart\u00ed, a l&#8217;aula restaurant Miramar\",\"datePublished\":\"2013-11-21T17:45:15+00:00\",\"dateModified\":\"2022-04-09T09:48:36+00:00\",\"mainEntityOfPage\":{\"@id\":\"https:\\\/\\\/gastronomicament.cat\\\/es\\\/el-xef-tomeu-marti-a-laula-restaurant-miramar\"},\"wordCount\":135,\"commentCount\":0,\"publisher\":{\"@id\":\"https:\\\/\\\/gastronomicament.cat\\\/es\\\/#organization\"},\"image\":{\"@id\":\"https:\\\/\\\/gastronomicament.cat\\\/es\\\/el-xef-tomeu-marti-a-laula-restaurant-miramar#primaryimage\"},\"thumbnailUrl\":\"https:\\\/\\\/gastronomicament.cat\\\/wp-content\\\/uploads\\\/2013\\\/11\\\/tomeu-marti-a-laula-restaurant-miramar.jpg\",\"articleSection\":[\"Actualitat\"],\"inLanguage\":\"es\",\"potentialAction\":[{\"@type\":\"CommentAction\",\"name\":\"Comment\",\"target\":[\"https:\\\/\\\/gastronomicament.cat\\\/es\\\/el-xef-tomeu-marti-a-laula-restaurant-miramar#respond\"]}]},{\"@type\":\"WebPage\",\"@id\":\"https:\\\/\\\/gastronomicament.cat\\\/es\\\/el-xef-tomeu-marti-a-laula-restaurant-miramar\",\"url\":\"https:\\\/\\\/gastronomicament.cat\\\/es\\\/el-xef-tomeu-marti-a-laula-restaurant-miramar\",\"name\":\"El xef Tomeu Mart\u00ed, a l'aula restaurant Miramar\",\"isPartOf\":{\"@id\":\"https:\\\/\\\/gastronomicament.cat\\\/es\\\/#website\"},\"primaryImageOfPage\":{\"@id\":\"https:\\\/\\\/gastronomicament.cat\\\/es\\\/el-xef-tomeu-marti-a-laula-restaurant-miramar#primaryimage\"},\"image\":{\"@id\":\"https:\\\/\\\/gastronomicament.cat\\\/es\\\/el-xef-tomeu-marti-a-laula-restaurant-miramar#primaryimage\"},\"thumbnailUrl\":\"https:\\\/\\\/gastronomicament.cat\\\/wp-content\\\/uploads\\\/2013\\\/11\\\/tomeu-marti-a-laula-restaurant-miramar.jpg\",\"datePublished\":\"2013-11-21T17:45:15+00:00\",\"dateModified\":\"2022-04-09T09:48:36+00:00\",\"description\":\"El xef Tomeu Mart\u00ed, a l'aula restaurant Miramar\",\"inLanguage\":\"es\",\"potentialAction\":[{\"@type\":\"ReadAction\",\"target\":[\"https:\\\/\\\/gastronomicament.cat\\\/es\\\/el-xef-tomeu-marti-a-laula-restaurant-miramar\"]}]},{\"@type\":\"ImageObject\",\"inLanguage\":\"es\",\"@id\":\"https:\\\/\\\/gastronomicament.cat\\\/es\\\/el-xef-tomeu-marti-a-laula-restaurant-miramar#primaryimage\",\"url\":\"https:\\\/\\\/gastronomicament.cat\\\/wp-content\\\/uploads\\\/2013\\\/11\\\/tomeu-marti-a-laula-restaurant-miramar.jpg\",\"contentUrl\":\"https:\\\/\\\/gastronomicament.cat\\\/wp-content\\\/uploads\\\/2013\\\/11\\\/tomeu-marti-a-laula-restaurant-miramar.jpg\",\"width\":640,\"height\":300},{\"@type\":\"WebSite\",\"@id\":\"https:\\\/\\\/gastronomicament.cat\\\/es\\\/#website\",\"url\":\"https:\\\/\\\/gastronomicament.cat\\\/es\\\/\",\"name\":\"Gastron\u00f2micament\",\"description\":\"Portal de restaurants, receptes i actualitat gastron\u00f2mica\",\"publisher\":{\"@id\":\"https:\\\/\\\/gastronomicament.cat\\\/es\\\/#organization\"},\"potentialAction\":[{\"@type\":\"SearchAction\",\"target\":{\"@type\":\"EntryPoint\",\"urlTemplate\":\"https:\\\/\\\/gastronomicament.cat\\\/es\\\/?s={search_term_string}\"},\"query-input\":{\"@type\":\"PropertyValueSpecification\",\"valueRequired\":true,\"valueName\":\"search_term_string\"}}],\"inLanguage\":\"es\"},{\"@type\":\"Organization\",\"@id\":\"https:\\\/\\\/gastronomicament.cat\\\/es\\\/#organization\",\"name\":\"Gastron\u00f2micament\",\"url\":\"https:\\\/\\\/gastronomicament.cat\\\/es\\\/\",\"logo\":{\"@type\":\"ImageObject\",\"inLanguage\":\"es\",\"@id\":\"https:\\\/\\\/gastronomicament.cat\\\/es\\\/#\\\/schema\\\/logo\\\/image\\\/\",\"url\":\"https:\\\/\\\/gastronomicament.cat\\\/wp-content\\\/uploads\\\/2016\\\/09\\\/header-logo.jpg\",\"contentUrl\":\"https:\\\/\\\/gastronomicament.cat\\\/wp-content\\\/uploads\\\/2016\\\/09\\\/header-logo.jpg\",\"width\":277,\"height\":39,\"caption\":\"Gastron\u00f2micament\"},\"image\":{\"@id\":\"https:\\\/\\\/gastronomicament.cat\\\/es\\\/#\\\/schema\\\/logo\\\/image\\\/\"},\"sameAs\":[\"https:\\\/\\\/x.com\\\/gastronomicamen\"]},{\"@type\":\"Person\",\"@id\":\"https:\\\/\\\/gastronomicament.cat\\\/es\\\/#\\\/schema\\\/person\\\/a7c85c537a1ed62799a5b8e0f686a37f\",\"name\":\"Redacci\u00f3\",\"image\":{\"@type\":\"ImageObject\",\"inLanguage\":\"es\",\"@id\":\"https:\\\/\\\/secure.gravatar.com\\\/avatar\\\/9489a485c464fd611d33825daae651d13db70c4e74c65c94937a15a9d4c3ee14?s=96&d=mm&r=g69fea3cce3645dfa2166e7293e22955e\",\"url\":\"https:\\\/\\\/secure.gravatar.com\\\/avatar\\\/9489a485c464fd611d33825daae651d13db70c4e74c65c94937a15a9d4c3ee14?s=96&d=mm&r=g\",\"contentUrl\":\"https:\\\/\\\/secure.gravatar.com\\\/avatar\\\/9489a485c464fd611d33825daae651d13db70c4e74c65c94937a15a9d4c3ee14?s=96&d=mm&r=g\",\"caption\":\"Redacci\u00f3\"},\"sameAs\":[\"http:\\\/\\\/gastronomicament.cat\"],\"url\":\"https:\\\/\\\/gastronomicament.cat\\\/es\\\/author\\\/admin\"}]}<\/script>\n<!-- \/ Yoast SEO plugin. -->","yoast_head_json":{"title":"El xef Tomeu Mart\u00ed, a l'aula restaurant Miramar","description":"El xef Tomeu Mart\u00ed, a l'aula restaurant Miramar","robots":{"index":"index","follow":"follow","max-snippet":"max-snippet:-1","max-image-preview":"max-image-preview:large","max-video-preview":"max-video-preview:-1"},"canonical":"https:\/\/gastronomicament.cat\/es\/el-xef-tomeu-marti-a-laula-restaurant-miramar","og_locale":"es_ES","og_type":"article","og_title":"El xef Tomeu Mart\u00ed, a l'aula restaurant Miramar","og_description":"El xef Tomeu Mart\u00ed, a l'aula restaurant Miramar","og_url":"https:\/\/gastronomicament.cat\/es\/el-xef-tomeu-marti-a-laula-restaurant-miramar","og_site_name":"Gastron\u00f2micament","article_published_time":"2013-11-21T17:45:15+00:00","article_modified_time":"2022-04-09T09:48:36+00:00","og_image":[{"width":640,"height":300,"url":"https:\/\/gastronomicament.cat\/wp-content\/uploads\/2013\/11\/tomeu-marti-a-laula-restaurant-miramar.jpg","type":"image\/jpeg"}],"author":"Redacci\u00f3","twitter_card":"summary_large_image","twitter_creator":"@gastronomicamen","twitter_site":"@gastronomicamen","twitter_misc":{"Escrito por":"Redacci\u00f3","Tiempo de lectura":"1 minuto","Written by":"Redacci\u00f3"},"schema":{"@context":"https:\/\/schema.org","@graph":[{"@type":"Article","@id":"https:\/\/gastronomicament.cat\/es\/el-xef-tomeu-marti-a-laula-restaurant-miramar#article","isPartOf":{"@id":"https:\/\/gastronomicament.cat\/es\/el-xef-tomeu-marti-a-laula-restaurant-miramar"},"author":{"name":"Redacci\u00f3","@id":"https:\/\/gastronomicament.cat\/es\/#\/schema\/person\/a7c85c537a1ed62799a5b8e0f686a37f"},"headline":"El xef Tomeu Mart\u00ed, a l&#8217;aula restaurant Miramar","datePublished":"2013-11-21T17:45:15+00:00","dateModified":"2022-04-09T09:48:36+00:00","mainEntityOfPage":{"@id":"https:\/\/gastronomicament.cat\/es\/el-xef-tomeu-marti-a-laula-restaurant-miramar"},"wordCount":135,"commentCount":0,"publisher":{"@id":"https:\/\/gastronomicament.cat\/es\/#organization"},"image":{"@id":"https:\/\/gastronomicament.cat\/es\/el-xef-tomeu-marti-a-laula-restaurant-miramar#primaryimage"},"thumbnailUrl":"https:\/\/gastronomicament.cat\/wp-content\/uploads\/2013\/11\/tomeu-marti-a-laula-restaurant-miramar.jpg","articleSection":["Actualitat"],"inLanguage":"es","potentialAction":[{"@type":"CommentAction","name":"Comment","target":["https:\/\/gastronomicament.cat\/es\/el-xef-tomeu-marti-a-laula-restaurant-miramar#respond"]}]},{"@type":"WebPage","@id":"https:\/\/gastronomicament.cat\/es\/el-xef-tomeu-marti-a-laula-restaurant-miramar","url":"https:\/\/gastronomicament.cat\/es\/el-xef-tomeu-marti-a-laula-restaurant-miramar","name":"El xef Tomeu Mart\u00ed, a l'aula restaurant Miramar","isPartOf":{"@id":"https:\/\/gastronomicament.cat\/es\/#website"},"primaryImageOfPage":{"@id":"https:\/\/gastronomicament.cat\/es\/el-xef-tomeu-marti-a-laula-restaurant-miramar#primaryimage"},"image":{"@id":"https:\/\/gastronomicament.cat\/es\/el-xef-tomeu-marti-a-laula-restaurant-miramar#primaryimage"},"thumbnailUrl":"https:\/\/gastronomicament.cat\/wp-content\/uploads\/2013\/11\/tomeu-marti-a-laula-restaurant-miramar.jpg","datePublished":"2013-11-21T17:45:15+00:00","dateModified":"2022-04-09T09:48:36+00:00","description":"El xef Tomeu Mart\u00ed, a l'aula restaurant Miramar","inLanguage":"es","potentialAction":[{"@type":"ReadAction","target":["https:\/\/gastronomicament.cat\/es\/el-xef-tomeu-marti-a-laula-restaurant-miramar"]}]},{"@type":"ImageObject","inLanguage":"es","@id":"https:\/\/gastronomicament.cat\/es\/el-xef-tomeu-marti-a-laula-restaurant-miramar#primaryimage","url":"https:\/\/gastronomicament.cat\/wp-content\/uploads\/2013\/11\/tomeu-marti-a-laula-restaurant-miramar.jpg","contentUrl":"https:\/\/gastronomicament.cat\/wp-content\/uploads\/2013\/11\/tomeu-marti-a-laula-restaurant-miramar.jpg","width":640,"height":300},{"@type":"WebSite","@id":"https:\/\/gastronomicament.cat\/es\/#website","url":"https:\/\/gastronomicament.cat\/es\/","name":"Gastron\u00f2micament","description":"Portal de restaurants, receptes i actualitat gastron\u00f2mica","publisher":{"@id":"https:\/\/gastronomicament.cat\/es\/#organization"},"potentialAction":[{"@type":"SearchAction","target":{"@type":"EntryPoint","urlTemplate":"https:\/\/gastronomicament.cat\/es\/?s={search_term_string}"},"query-input":{"@type":"PropertyValueSpecification","valueRequired":true,"valueName":"search_term_string"}}],"inLanguage":"es"},{"@type":"Organization","@id":"https:\/\/gastronomicament.cat\/es\/#organization","name":"Gastron\u00f2micament","url":"https:\/\/gastronomicament.cat\/es\/","logo":{"@type":"ImageObject","inLanguage":"es","@id":"https:\/\/gastronomicament.cat\/es\/#\/schema\/logo\/image\/","url":"https:\/\/gastronomicament.cat\/wp-content\/uploads\/2016\/09\/header-logo.jpg","contentUrl":"https:\/\/gastronomicament.cat\/wp-content\/uploads\/2016\/09\/header-logo.jpg","width":277,"height":39,"caption":"Gastron\u00f2micament"},"image":{"@id":"https:\/\/gastronomicament.cat\/es\/#\/schema\/logo\/image\/"},"sameAs":["https:\/\/x.com\/gastronomicamen"]},{"@type":"Person","@id":"https:\/\/gastronomicament.cat\/es\/#\/schema\/person\/a7c85c537a1ed62799a5b8e0f686a37f","name":"Redacci\u00f3","image":{"@type":"ImageObject","inLanguage":"es","@id":"https:\/\/secure.gravatar.com\/avatar\/9489a485c464fd611d33825daae651d13db70c4e74c65c94937a15a9d4c3ee14?s=96&d=mm&r=g69fea3cce3645dfa2166e7293e22955e","url":"https:\/\/secure.gravatar.com\/avatar\/9489a485c464fd611d33825daae651d13db70c4e74c65c94937a15a9d4c3ee14?s=96&d=mm&r=g","contentUrl":"https:\/\/secure.gravatar.com\/avatar\/9489a485c464fd611d33825daae651d13db70c4e74c65c94937a15a9d4c3ee14?s=96&d=mm&r=g","caption":"Redacci\u00f3"},"sameAs":["http:\/\/gastronomicament.cat"],"url":"https:\/\/gastronomicament.cat\/es\/author\/admin"}]}},"_links":{"self":[{"href":"https:\/\/gastronomicament.cat\/es\/wp-json\/wp\/v2\/posts\/72166","targetHints":{"allow":["GET"]}}],"collection":[{"href":"https:\/\/gastronomicament.cat\/es\/wp-json\/wp\/v2\/posts"}],"about":[{"href":"https:\/\/gastronomicament.cat\/es\/wp-json\/wp\/v2\/types\/post"}],"author":[{"embeddable":true,"href":"https:\/\/gastronomicament.cat\/es\/wp-json\/wp\/v2\/users\/1"}],"replies":[{"embeddable":true,"href":"https:\/\/gastronomicament.cat\/es\/wp-json\/wp\/v2\/comments?post=72166"}],"version-history":[{"count":0,"href":"https:\/\/gastronomicament.cat\/es\/wp-json\/wp\/v2\/posts\/72166\/revisions"}],"wp:featuredmedia":[{"embeddable":true,"href":"https:\/\/gastronomicament.cat\/es\/wp-json\/wp\/v2\/media\/37251"}],"wp:attachment":[{"href":"https:\/\/gastronomicament.cat\/es\/wp-json\/wp\/v2\/media?parent=72166"}],"wp:term":[{"taxonomy":"category","embeddable":true,"href":"https:\/\/gastronomicament.cat\/es\/wp-json\/wp\/v2\/categories?post=72166"},{"taxonomy":"post_tag","embeddable":true,"href":"https:\/\/gastronomicament.cat\/es\/wp-json\/wp\/v2\/tags?post=72166"},{"taxonomy":"author","embeddable":true,"href":"https:\/\/gastronomicament.cat\/es\/wp-json\/wp\/v2\/coauthors?post=72166"}],"curies":[{"name":"wp","href":"https:\/\/api.w.org\/{rel}","templated":true}]}}