{"id":72257,"date":"2013-11-11T20:13:26","date_gmt":"2013-11-11T19:13:26","guid":{"rendered":"https:\/\/gastronomicament.cat\/dijous-bo-gastronomic-2013"},"modified":"2013-11-11T20:13:26","modified_gmt":"2013-11-11T19:13:26","slug":"dijous-bo-gastronomic-2013","status":"publish","type":"post","link":"https:\/\/gastronomicament.cat\/es\/dijous-bo-gastronomic-2013","title":{"rendered":"Dijous Bo gastron\u00f2mic 2013"},"content":{"rendered":"<p>La Fira m\u00e9s important de Mallorca t&#8217;ofereix una selecta i interessant oferta gastron\u00f2mica.<\/p>\n<p>Cerca el restaruant i reserva-hi taula i pensa a dir-los que els has trobat a Gastron\u00f2micament: <strong><a title=\"Restaurants Inca\" href=\"http:\/\/gastronomicament.cat\/seccio\/restaurants?s=&amp;preu=0&amp;especialitat=0&amp;dia=&amp;localitat=509&amp;hora=&amp;destacat=0&amp;submit=Cerca\">RESTAURANTS INCA<\/a><\/strong><\/p>\n<h4>Programa d&#8217;actes Dijous Bo:<\/h4>\n<p>9-14 hores<br \/>\n<strong>XLIII Concurs Ornitol\u00f2gic Dijous Bo 2013<\/strong><\/p>\n<p>9.30-10.30 hores<br \/>\n<strong>XXI Concurs Morfol\u00f2gic del Porc Negre Mallorqu\u00ed i XVII Mostra de races aut\u00f2ctones<\/strong><\/p>\n<p>10-20 hores<br \/>\n<strong>Mostra de Comer\u00e7<\/strong><\/p>\n<p>10-20 hores<br \/>\n<strong>Mercat tradicional Pag\u00e8s<\/strong><\/p>\n<p>10.30-11.30 hores<br \/>\n<strong>Tast de peix fresc escabetxat<\/strong><\/p>\n<p>12-13 hores<br \/>\n<strong>Lliurament de premis del XXI Concurs Morfol\u00f2gic del Porc Negre Mallorqu\u00ed<\/strong><\/p>\n<p>12-20 hores<br \/>\n<strong>Exposici\u00f3 de Paisatgisme aqu\u00e0tic a c\u00e0rrec de Mundo Acuario<\/strong><\/p>\n<p>12.30-13.30 hores<br \/>\n<strong>Exhibici\u00f3 de doma de cavalls<\/strong><\/p>\n<p>16-20 hores<br \/>\n<strong>XLIII Concurs Ornitl\u00f2gic Dijous Bo 2013<\/strong><\/p>\n<h4>Consulta els horaris especials<\/h4>\n<p><a href=\"http:\/\/gastronomicament.cat\/wp-content\/uploads\/2013\/11\/tren-dijous-bo.pdf\"><img decoding=\"async\" class=\"alignnone\" src=\"http:\/\/gastronomicament.cat\/wp-content\/uploads\/2013\/11\/servei-tren-dijous-bo.jpg\" alt=\"\" width=\"640\" \/><\/a><!--more--><\/p>\n","protected":false},"excerpt":{"rendered":"<p>La Fira m\u00e9s important de Mallorca t&#8217;ofereix una selecta i interessant oferta gastron\u00f2mica. Cerca el restaruant i reserva-hi taula i pensa a dir-los que els has trobat a Gastron\u00f2micament: RESTAURANTS INCA Programa d&#8217;actes Dijous Bo: 9-14 hores XLIII Concurs Ornitol\u00f2gic Dijous Bo 2013 9.30-10.30 hores XXI Concurs Morfol\u00f2gic del Porc Negre Mallorqu\u00ed i XVII Mostra [&hellip;]<\/p>\n","protected":false},"author":1,"featured_media":37205,"comment_status":"open","ping_status":"closed","sticky":false,"template":"","format":"standard","meta":{"_acf_changed":false,"_swt_meta_header_display":false,"_swt_meta_footer_display":false,"_swt_meta_site_title_display":false,"_swt_meta_sticky_header":false,"_swt_meta_transparent_header":false,"footnotes":""},"categories":[1003],"tags":[],"coauthors":[],"class_list":["post-72257","post","type-post","status-publish","format-standard","has-post-thumbnail","hentry","category-actualitat-es"],"acf":{"gallery":null,"home_date":{"home_begin_date":null,"home_end_date":null}},"yoast_head":"<!-- This site is optimized with the Yoast SEO plugin v27.4 - https:\/\/yoast.com\/product\/yoast-seo-wordpress\/ -->\n<title>Dijous Bo 2013 gastron\u00f2mic<\/title>\n<meta name=\"description\" content=\"Dijous Bo 2013 gastron\u00f2mic\" \/>\n<meta name=\"robots\" content=\"index, follow, max-snippet:-1, max-image-preview:large, max-video-preview:-1\" \/>\n<link rel=\"canonical\" href=\"https:\/\/gastronomicament.cat\/es\/dijous-bo-gastronomic-2013\" \/>\n<meta property=\"og:locale\" content=\"es_ES\" \/>\n<meta property=\"og:type\" content=\"article\" \/>\n<meta property=\"og:title\" content=\"Dijous Bo 2013 gastron\u00f2mic\" \/>\n<meta property=\"og:description\" content=\"Dijous Bo 2013 gastron\u00f2mic\" \/>\n<meta property=\"og:url\" content=\"https:\/\/gastronomicament.cat\/es\/dijous-bo-gastronomic-2013\" \/>\n<meta property=\"og:site_name\" content=\"Gastron\u00f2micament\" \/>\n<meta property=\"article:published_time\" content=\"2013-11-11T19:13:26+00:00\" \/>\n<meta property=\"og:image\" content=\"https:\/\/gastronomicament.cat\/wp-content\/uploads\/2013\/11\/dijous-bo.jpg\" \/>\n\t<meta property=\"og:image:width\" content=\"640\" \/>\n\t<meta property=\"og:image:height\" content=\"300\" \/>\n\t<meta property=\"og:image:type\" content=\"image\/jpeg\" \/>\n<meta name=\"author\" content=\"Redacci\u00f3\" \/>\n<meta name=\"twitter:card\" content=\"summary_large_image\" \/>\n<meta name=\"twitter:creator\" content=\"@gastronomicamen\" \/>\n<meta name=\"twitter:site\" content=\"@gastronomicamen\" \/>\n<meta name=\"twitter:label1\" content=\"Escrito por\" \/>\n\t<meta name=\"twitter:data1\" content=\"Redacci\u00f3\" \/>\n\t<meta name=\"twitter:label2\" content=\"Tiempo de lectura\" \/>\n\t<meta name=\"twitter:data2\" content=\"1 minuto\" \/>\n\t<meta name=\"twitter:label3\" content=\"Written by\" \/>\n\t<meta name=\"twitter:data3\" content=\"Redacci\u00f3\" \/>\n<script type=\"application\/ld+json\" class=\"yoast-schema-graph\">{\"@context\":\"https:\\\/\\\/schema.org\",\"@graph\":[{\"@type\":\"Article\",\"@id\":\"https:\\\/\\\/gastronomicament.cat\\\/es\\\/dijous-bo-gastronomic-2013#article\",\"isPartOf\":{\"@id\":\"https:\\\/\\\/gastronomicament.cat\\\/es\\\/dijous-bo-gastronomic-2013\"},\"author\":{\"name\":\"Redacci\u00f3\",\"@id\":\"https:\\\/\\\/gastronomicament.cat\\\/es\\\/#\\\/schema\\\/person\\\/a7c85c537a1ed62799a5b8e0f686a37f\"},\"headline\":\"Dijous Bo gastron\u00f2mic 2013\",\"datePublished\":\"2013-11-11T19:13:26+00:00\",\"mainEntityOfPage\":{\"@id\":\"https:\\\/\\\/gastronomicament.cat\\\/es\\\/dijous-bo-gastronomic-2013\"},\"wordCount\":131,\"commentCount\":0,\"publisher\":{\"@id\":\"https:\\\/\\\/gastronomicament.cat\\\/es\\\/#organization\"},\"image\":{\"@id\":\"https:\\\/\\\/gastronomicament.cat\\\/es\\\/dijous-bo-gastronomic-2013#primaryimage\"},\"thumbnailUrl\":\"https:\\\/\\\/gastronomicament.cat\\\/wp-content\\\/uploads\\\/2013\\\/11\\\/dijous-bo.jpg\",\"articleSection\":[\"Actualitat\"],\"inLanguage\":\"es\",\"potentialAction\":[{\"@type\":\"CommentAction\",\"name\":\"Comment\",\"target\":[\"https:\\\/\\\/gastronomicament.cat\\\/es\\\/dijous-bo-gastronomic-2013#respond\"]}]},{\"@type\":\"WebPage\",\"@id\":\"https:\\\/\\\/gastronomicament.cat\\\/es\\\/dijous-bo-gastronomic-2013\",\"url\":\"https:\\\/\\\/gastronomicament.cat\\\/es\\\/dijous-bo-gastronomic-2013\",\"name\":\"Dijous Bo 2013 gastron\u00f2mic\",\"isPartOf\":{\"@id\":\"https:\\\/\\\/gastronomicament.cat\\\/es\\\/#website\"},\"primaryImageOfPage\":{\"@id\":\"https:\\\/\\\/gastronomicament.cat\\\/es\\\/dijous-bo-gastronomic-2013#primaryimage\"},\"image\":{\"@id\":\"https:\\\/\\\/gastronomicament.cat\\\/es\\\/dijous-bo-gastronomic-2013#primaryimage\"},\"thumbnailUrl\":\"https:\\\/\\\/gastronomicament.cat\\\/wp-content\\\/uploads\\\/2013\\\/11\\\/dijous-bo.jpg\",\"datePublished\":\"2013-11-11T19:13:26+00:00\",\"description\":\"Dijous Bo 2013 gastron\u00f2mic\",\"inLanguage\":\"es\",\"potentialAction\":[{\"@type\":\"ReadAction\",\"target\":[\"https:\\\/\\\/gastronomicament.cat\\\/es\\\/dijous-bo-gastronomic-2013\"]}]},{\"@type\":\"ImageObject\",\"inLanguage\":\"es\",\"@id\":\"https:\\\/\\\/gastronomicament.cat\\\/es\\\/dijous-bo-gastronomic-2013#primaryimage\",\"url\":\"https:\\\/\\\/gastronomicament.cat\\\/wp-content\\\/uploads\\\/2013\\\/11\\\/dijous-bo.jpg\",\"contentUrl\":\"https:\\\/\\\/gastronomicament.cat\\\/wp-content\\\/uploads\\\/2013\\\/11\\\/dijous-bo.jpg\",\"width\":640,\"height\":300},{\"@type\":\"WebSite\",\"@id\":\"https:\\\/\\\/gastronomicament.cat\\\/es\\\/#website\",\"url\":\"https:\\\/\\\/gastronomicament.cat\\\/es\\\/\",\"name\":\"Gastron\u00f2micament\",\"description\":\"Portal de restaurants, receptes i actualitat gastron\u00f2mica\",\"publisher\":{\"@id\":\"https:\\\/\\\/gastronomicament.cat\\\/es\\\/#organization\"},\"potentialAction\":[{\"@type\":\"SearchAction\",\"target\":{\"@type\":\"EntryPoint\",\"urlTemplate\":\"https:\\\/\\\/gastronomicament.cat\\\/es\\\/?s={search_term_string}\"},\"query-input\":{\"@type\":\"PropertyValueSpecification\",\"valueRequired\":true,\"valueName\":\"search_term_string\"}}],\"inLanguage\":\"es\"},{\"@type\":\"Organization\",\"@id\":\"https:\\\/\\\/gastronomicament.cat\\\/es\\\/#organization\",\"name\":\"Gastron\u00f2micament\",\"url\":\"https:\\\/\\\/gastronomicament.cat\\\/es\\\/\",\"logo\":{\"@type\":\"ImageObject\",\"inLanguage\":\"es\",\"@id\":\"https:\\\/\\\/gastronomicament.cat\\\/es\\\/#\\\/schema\\\/logo\\\/image\\\/\",\"url\":\"https:\\\/\\\/gastronomicament.cat\\\/wp-content\\\/uploads\\\/2016\\\/09\\\/header-logo.jpg\",\"contentUrl\":\"https:\\\/\\\/gastronomicament.cat\\\/wp-content\\\/uploads\\\/2016\\\/09\\\/header-logo.jpg\",\"width\":277,\"height\":39,\"caption\":\"Gastron\u00f2micament\"},\"image\":{\"@id\":\"https:\\\/\\\/gastronomicament.cat\\\/es\\\/#\\\/schema\\\/logo\\\/image\\\/\"},\"sameAs\":[\"https:\\\/\\\/x.com\\\/gastronomicamen\"]},{\"@type\":\"Person\",\"@id\":\"https:\\\/\\\/gastronomicament.cat\\\/es\\\/#\\\/schema\\\/person\\\/a7c85c537a1ed62799a5b8e0f686a37f\",\"name\":\"Redacci\u00f3\",\"image\":{\"@type\":\"ImageObject\",\"inLanguage\":\"es\",\"@id\":\"https:\\\/\\\/secure.gravatar.com\\\/avatar\\\/9489a485c464fd611d33825daae651d13db70c4e74c65c94937a15a9d4c3ee14?s=96&d=mm&r=g69fea3cce3645dfa2166e7293e22955e\",\"url\":\"https:\\\/\\\/secure.gravatar.com\\\/avatar\\\/9489a485c464fd611d33825daae651d13db70c4e74c65c94937a15a9d4c3ee14?s=96&d=mm&r=g\",\"contentUrl\":\"https:\\\/\\\/secure.gravatar.com\\\/avatar\\\/9489a485c464fd611d33825daae651d13db70c4e74c65c94937a15a9d4c3ee14?s=96&d=mm&r=g\",\"caption\":\"Redacci\u00f3\"},\"sameAs\":[\"http:\\\/\\\/gastronomicament.cat\"],\"url\":\"https:\\\/\\\/gastronomicament.cat\\\/es\\\/author\\\/admin\"}]}<\/script>\n<!-- \/ Yoast SEO plugin. -->","yoast_head_json":{"title":"Dijous Bo 2013 gastron\u00f2mic","description":"Dijous Bo 2013 gastron\u00f2mic","robots":{"index":"index","follow":"follow","max-snippet":"max-snippet:-1","max-image-preview":"max-image-preview:large","max-video-preview":"max-video-preview:-1"},"canonical":"https:\/\/gastronomicament.cat\/es\/dijous-bo-gastronomic-2013","og_locale":"es_ES","og_type":"article","og_title":"Dijous Bo 2013 gastron\u00f2mic","og_description":"Dijous Bo 2013 gastron\u00f2mic","og_url":"https:\/\/gastronomicament.cat\/es\/dijous-bo-gastronomic-2013","og_site_name":"Gastron\u00f2micament","article_published_time":"2013-11-11T19:13:26+00:00","og_image":[{"width":640,"height":300,"url":"https:\/\/gastronomicament.cat\/wp-content\/uploads\/2013\/11\/dijous-bo.jpg","type":"image\/jpeg"}],"author":"Redacci\u00f3","twitter_card":"summary_large_image","twitter_creator":"@gastronomicamen","twitter_site":"@gastronomicamen","twitter_misc":{"Escrito por":"Redacci\u00f3","Tiempo de lectura":"1 minuto","Written by":"Redacci\u00f3"},"schema":{"@context":"https:\/\/schema.org","@graph":[{"@type":"Article","@id":"https:\/\/gastronomicament.cat\/es\/dijous-bo-gastronomic-2013#article","isPartOf":{"@id":"https:\/\/gastronomicament.cat\/es\/dijous-bo-gastronomic-2013"},"author":{"name":"Redacci\u00f3","@id":"https:\/\/gastronomicament.cat\/es\/#\/schema\/person\/a7c85c537a1ed62799a5b8e0f686a37f"},"headline":"Dijous Bo gastron\u00f2mic 2013","datePublished":"2013-11-11T19:13:26+00:00","mainEntityOfPage":{"@id":"https:\/\/gastronomicament.cat\/es\/dijous-bo-gastronomic-2013"},"wordCount":131,"commentCount":0,"publisher":{"@id":"https:\/\/gastronomicament.cat\/es\/#organization"},"image":{"@id":"https:\/\/gastronomicament.cat\/es\/dijous-bo-gastronomic-2013#primaryimage"},"thumbnailUrl":"https:\/\/gastronomicament.cat\/wp-content\/uploads\/2013\/11\/dijous-bo.jpg","articleSection":["Actualitat"],"inLanguage":"es","potentialAction":[{"@type":"CommentAction","name":"Comment","target":["https:\/\/gastronomicament.cat\/es\/dijous-bo-gastronomic-2013#respond"]}]},{"@type":"WebPage","@id":"https:\/\/gastronomicament.cat\/es\/dijous-bo-gastronomic-2013","url":"https:\/\/gastronomicament.cat\/es\/dijous-bo-gastronomic-2013","name":"Dijous Bo 2013 gastron\u00f2mic","isPartOf":{"@id":"https:\/\/gastronomicament.cat\/es\/#website"},"primaryImageOfPage":{"@id":"https:\/\/gastronomicament.cat\/es\/dijous-bo-gastronomic-2013#primaryimage"},"image":{"@id":"https:\/\/gastronomicament.cat\/es\/dijous-bo-gastronomic-2013#primaryimage"},"thumbnailUrl":"https:\/\/gastronomicament.cat\/wp-content\/uploads\/2013\/11\/dijous-bo.jpg","datePublished":"2013-11-11T19:13:26+00:00","description":"Dijous Bo 2013 gastron\u00f2mic","inLanguage":"es","potentialAction":[{"@type":"ReadAction","target":["https:\/\/gastronomicament.cat\/es\/dijous-bo-gastronomic-2013"]}]},{"@type":"ImageObject","inLanguage":"es","@id":"https:\/\/gastronomicament.cat\/es\/dijous-bo-gastronomic-2013#primaryimage","url":"https:\/\/gastronomicament.cat\/wp-content\/uploads\/2013\/11\/dijous-bo.jpg","contentUrl":"https:\/\/gastronomicament.cat\/wp-content\/uploads\/2013\/11\/dijous-bo.jpg","width":640,"height":300},{"@type":"WebSite","@id":"https:\/\/gastronomicament.cat\/es\/#website","url":"https:\/\/gastronomicament.cat\/es\/","name":"Gastron\u00f2micament","description":"Portal de restaurants, receptes i actualitat gastron\u00f2mica","publisher":{"@id":"https:\/\/gastronomicament.cat\/es\/#organization"},"potentialAction":[{"@type":"SearchAction","target":{"@type":"EntryPoint","urlTemplate":"https:\/\/gastronomicament.cat\/es\/?s={search_term_string}"},"query-input":{"@type":"PropertyValueSpecification","valueRequired":true,"valueName":"search_term_string"}}],"inLanguage":"es"},{"@type":"Organization","@id":"https:\/\/gastronomicament.cat\/es\/#organization","name":"Gastron\u00f2micament","url":"https:\/\/gastronomicament.cat\/es\/","logo":{"@type":"ImageObject","inLanguage":"es","@id":"https:\/\/gastronomicament.cat\/es\/#\/schema\/logo\/image\/","url":"https:\/\/gastronomicament.cat\/wp-content\/uploads\/2016\/09\/header-logo.jpg","contentUrl":"https:\/\/gastronomicament.cat\/wp-content\/uploads\/2016\/09\/header-logo.jpg","width":277,"height":39,"caption":"Gastron\u00f2micament"},"image":{"@id":"https:\/\/gastronomicament.cat\/es\/#\/schema\/logo\/image\/"},"sameAs":["https:\/\/x.com\/gastronomicamen"]},{"@type":"Person","@id":"https:\/\/gastronomicament.cat\/es\/#\/schema\/person\/a7c85c537a1ed62799a5b8e0f686a37f","name":"Redacci\u00f3","image":{"@type":"ImageObject","inLanguage":"es","@id":"https:\/\/secure.gravatar.com\/avatar\/9489a485c464fd611d33825daae651d13db70c4e74c65c94937a15a9d4c3ee14?s=96&d=mm&r=g69fea3cce3645dfa2166e7293e22955e","url":"https:\/\/secure.gravatar.com\/avatar\/9489a485c464fd611d33825daae651d13db70c4e74c65c94937a15a9d4c3ee14?s=96&d=mm&r=g","contentUrl":"https:\/\/secure.gravatar.com\/avatar\/9489a485c464fd611d33825daae651d13db70c4e74c65c94937a15a9d4c3ee14?s=96&d=mm&r=g","caption":"Redacci\u00f3"},"sameAs":["http:\/\/gastronomicament.cat"],"url":"https:\/\/gastronomicament.cat\/es\/author\/admin"}]}},"_links":{"self":[{"href":"https:\/\/gastronomicament.cat\/es\/wp-json\/wp\/v2\/posts\/72257","targetHints":{"allow":["GET"]}}],"collection":[{"href":"https:\/\/gastronomicament.cat\/es\/wp-json\/wp\/v2\/posts"}],"about":[{"href":"https:\/\/gastronomicament.cat\/es\/wp-json\/wp\/v2\/types\/post"}],"author":[{"embeddable":true,"href":"https:\/\/gastronomicament.cat\/es\/wp-json\/wp\/v2\/users\/1"}],"replies":[{"embeddable":true,"href":"https:\/\/gastronomicament.cat\/es\/wp-json\/wp\/v2\/comments?post=72257"}],"version-history":[{"count":0,"href":"https:\/\/gastronomicament.cat\/es\/wp-json\/wp\/v2\/posts\/72257\/revisions"}],"wp:featuredmedia":[{"embeddable":true,"href":"https:\/\/gastronomicament.cat\/es\/wp-json\/wp\/v2\/media\/37205"}],"wp:attachment":[{"href":"https:\/\/gastronomicament.cat\/es\/wp-json\/wp\/v2\/media?parent=72257"}],"wp:term":[{"taxonomy":"category","embeddable":true,"href":"https:\/\/gastronomicament.cat\/es\/wp-json\/wp\/v2\/categories?post=72257"},{"taxonomy":"post_tag","embeddable":true,"href":"https:\/\/gastronomicament.cat\/es\/wp-json\/wp\/v2\/tags?post=72257"},{"taxonomy":"author","embeddable":true,"href":"https:\/\/gastronomicament.cat\/es\/wp-json\/wp\/v2\/coauthors?post=72257"}],"curies":[{"name":"wp","href":"https:\/\/api.w.org\/{rel}","templated":true}]}}