{"id":72397,"date":"2013-10-08T12:31:38","date_gmt":"2013-10-08T10:31:38","guid":{"rendered":"https:\/\/gastronomicament.cat\/beer-santanyi-2013"},"modified":"2022-04-09T11:52:06","modified_gmt":"2022-04-09T09:52:06","slug":"beer-santanyi-2013","status":"publish","type":"post","link":"https:\/\/gastronomicament.cat\/es\/beer-santanyi-2013","title":{"rendered":"Beer Santany\u00ed 2013"},"content":{"rendered":"<div>Divendres 11 i dissabte 12 d&#8217;octubre podeu gaudir de bon menjar i bon ambient amb la cervesa com a protagonista a la <strong>Beer Santany\u00ed 2013<\/strong>.<\/div>\n<div><\/div>\n<div>Tots dos dies hi haur\u00e0 una <strong>mostra de cervesa artesana<\/strong> a l&#8217;aparcament del bar restaurant Sa Resid\u00e8ncia de Santany\u00ed i, a m\u00e9s, hi trobareu tot aix\u00f2:<\/div>\n<div>\n<ul>\n<li>De 12 a 16 hores: paella per 5 euros, barquetes (<em>montaditos<\/em>) i servei de graella a preus populars (els dos dies!)<\/li>\n<li>De 18 a fins ben entrada la nit: m\u00fasica amb DJ Titi, servei de graella i barquetes (<em>montaditos<\/em>)<\/li>\n<\/ul>\n<\/div>\n<div><\/div>\n<div>A m\u00e9s, dissabte, a partir de les 22 hores, hi haur\u00e0 ball de sal\u00f3 al local de la tercera edat.<\/div>\n<div><\/div>\n<p><!--more--><\/p>\n","protected":false},"excerpt":{"rendered":"<p>Divendres 11 i dissabte 12 d&#8217;octubre podeu gaudir de bon menjar i bon ambient amb la&hellip;<\/p>\n","protected":false},"author":1,"featured_media":37117,"comment_status":"open","ping_status":"closed","sticky":false,"template":"","format":"standard","meta":{"_acf_changed":false,"_swt_meta_header_display":false,"_swt_meta_footer_display":false,"_swt_meta_site_title_display":false,"_swt_meta_sticky_header":false,"_swt_meta_transparent_header":false,"footnotes":""},"categories":[1003],"tags":[],"coauthors":[],"class_list":["post-72397","post","type-post","status-publish","format-standard","has-post-thumbnail","hentry","category-actualitat-es"],"acf":{"gallery":null,"home_date":{"home_begin_date":null,"home_end_date":null}},"yoast_head":"<!-- This site is optimized with the Yoast SEO plugin v27.4 - https:\/\/yoast.com\/product\/yoast-seo-wordpress\/ -->\n<title>Beer Santany\u00ed 2013<\/title>\n<meta name=\"description\" content=\"Beer Santany\u00ed 2013. Mostra de cervesa artesana \/ Muestra de cerveza artesana \/ Craft beer\" \/>\n<meta name=\"robots\" content=\"index, follow, max-snippet:-1, max-image-preview:large, max-video-preview:-1\" \/>\n<link rel=\"canonical\" href=\"https:\/\/gastronomicament.cat\/es\/beer-santanyi-2013\" \/>\n<meta property=\"og:locale\" content=\"es_ES\" \/>\n<meta property=\"og:type\" content=\"article\" \/>\n<meta property=\"og:title\" content=\"Beer Santany\u00ed 2013\" \/>\n<meta property=\"og:description\" content=\"Beer Santany\u00ed 2013. Mostra de cervesa artesana \/ Muestra de cerveza artesana \/ Craft beer\" \/>\n<meta property=\"og:url\" content=\"https:\/\/gastronomicament.cat\/es\/beer-santanyi-2013\" \/>\n<meta property=\"og:site_name\" content=\"Gastron\u00f2micament\" \/>\n<meta property=\"article:published_time\" content=\"2013-10-08T10:31:38+00:00\" \/>\n<meta property=\"article:modified_time\" content=\"2022-04-09T09:52:06+00:00\" \/>\n<meta property=\"og:image\" content=\"https:\/\/gastronomicament.cat\/wp-content\/uploads\/2013\/10\/santanyi-640.jpg\" \/>\n\t<meta property=\"og:image:width\" content=\"640\" \/>\n\t<meta property=\"og:image:height\" content=\"300\" \/>\n\t<meta property=\"og:image:type\" content=\"image\/jpeg\" \/>\n<meta name=\"author\" content=\"Redacci\u00f3\" \/>\n<meta name=\"twitter:card\" content=\"summary_large_image\" \/>\n<meta name=\"twitter:creator\" content=\"@gastronomicamen\" \/>\n<meta name=\"twitter:site\" content=\"@gastronomicamen\" \/>\n<meta name=\"twitter:label1\" content=\"Escrito por\" \/>\n\t<meta name=\"twitter:data1\" content=\"Redacci\u00f3\" \/>\n\t<meta name=\"twitter:label2\" content=\"Tiempo de lectura\" \/>\n\t<meta name=\"twitter:data2\" content=\"1 minuto\" \/>\n\t<meta name=\"twitter:label3\" content=\"Written by\" \/>\n\t<meta name=\"twitter:data3\" content=\"Redacci\u00f3\" \/>\n<script type=\"application\/ld+json\" class=\"yoast-schema-graph\">{\"@context\":\"https:\\\/\\\/schema.org\",\"@graph\":[{\"@type\":\"Article\",\"@id\":\"https:\\\/\\\/gastronomicament.cat\\\/es\\\/beer-santanyi-2013#article\",\"isPartOf\":{\"@id\":\"https:\\\/\\\/gastronomicament.cat\\\/es\\\/beer-santanyi-2013\"},\"author\":{\"name\":\"Redacci\u00f3\",\"@id\":\"https:\\\/\\\/gastronomicament.cat\\\/es\\\/#\\\/schema\\\/person\\\/a7c85c537a1ed62799a5b8e0f686a37f\"},\"headline\":\"Beer Santany\u00ed 2013\",\"datePublished\":\"2013-10-08T10:31:38+00:00\",\"dateModified\":\"2022-04-09T09:52:06+00:00\",\"mainEntityOfPage\":{\"@id\":\"https:\\\/\\\/gastronomicament.cat\\\/es\\\/beer-santanyi-2013\"},\"wordCount\":108,\"commentCount\":0,\"publisher\":{\"@id\":\"https:\\\/\\\/gastronomicament.cat\\\/es\\\/#organization\"},\"image\":{\"@id\":\"https:\\\/\\\/gastronomicament.cat\\\/es\\\/beer-santanyi-2013#primaryimage\"},\"thumbnailUrl\":\"https:\\\/\\\/gastronomicament.cat\\\/wp-content\\\/uploads\\\/2013\\\/10\\\/santanyi-640.jpg\",\"articleSection\":[\"Actualitat\"],\"inLanguage\":\"es\",\"potentialAction\":[{\"@type\":\"CommentAction\",\"name\":\"Comment\",\"target\":[\"https:\\\/\\\/gastronomicament.cat\\\/es\\\/beer-santanyi-2013#respond\"]}]},{\"@type\":\"WebPage\",\"@id\":\"https:\\\/\\\/gastronomicament.cat\\\/es\\\/beer-santanyi-2013\",\"url\":\"https:\\\/\\\/gastronomicament.cat\\\/es\\\/beer-santanyi-2013\",\"name\":\"Beer Santany\u00ed 2013\",\"isPartOf\":{\"@id\":\"https:\\\/\\\/gastronomicament.cat\\\/es\\\/#website\"},\"primaryImageOfPage\":{\"@id\":\"https:\\\/\\\/gastronomicament.cat\\\/es\\\/beer-santanyi-2013#primaryimage\"},\"image\":{\"@id\":\"https:\\\/\\\/gastronomicament.cat\\\/es\\\/beer-santanyi-2013#primaryimage\"},\"thumbnailUrl\":\"https:\\\/\\\/gastronomicament.cat\\\/wp-content\\\/uploads\\\/2013\\\/10\\\/santanyi-640.jpg\",\"datePublished\":\"2013-10-08T10:31:38+00:00\",\"dateModified\":\"2022-04-09T09:52:06+00:00\",\"description\":\"Beer Santany\u00ed 2013. Mostra de cervesa artesana \\\/ Muestra de cerveza artesana \\\/ Craft beer\",\"inLanguage\":\"es\",\"potentialAction\":[{\"@type\":\"ReadAction\",\"target\":[\"https:\\\/\\\/gastronomicament.cat\\\/es\\\/beer-santanyi-2013\"]}]},{\"@type\":\"ImageObject\",\"inLanguage\":\"es\",\"@id\":\"https:\\\/\\\/gastronomicament.cat\\\/es\\\/beer-santanyi-2013#primaryimage\",\"url\":\"https:\\\/\\\/gastronomicament.cat\\\/wp-content\\\/uploads\\\/2013\\\/10\\\/santanyi-640.jpg\",\"contentUrl\":\"https:\\\/\\\/gastronomicament.cat\\\/wp-content\\\/uploads\\\/2013\\\/10\\\/santanyi-640.jpg\",\"width\":640,\"height\":300},{\"@type\":\"WebSite\",\"@id\":\"https:\\\/\\\/gastronomicament.cat\\\/es\\\/#website\",\"url\":\"https:\\\/\\\/gastronomicament.cat\\\/es\\\/\",\"name\":\"Gastron\u00f2micament\",\"description\":\"Portal de restaurants, receptes i actualitat gastron\u00f2mica\",\"publisher\":{\"@id\":\"https:\\\/\\\/gastronomicament.cat\\\/es\\\/#organization\"},\"potentialAction\":[{\"@type\":\"SearchAction\",\"target\":{\"@type\":\"EntryPoint\",\"urlTemplate\":\"https:\\\/\\\/gastronomicament.cat\\\/es\\\/?s={search_term_string}\"},\"query-input\":{\"@type\":\"PropertyValueSpecification\",\"valueRequired\":true,\"valueName\":\"search_term_string\"}}],\"inLanguage\":\"es\"},{\"@type\":\"Organization\",\"@id\":\"https:\\\/\\\/gastronomicament.cat\\\/es\\\/#organization\",\"name\":\"Gastron\u00f2micament\",\"url\":\"https:\\\/\\\/gastronomicament.cat\\\/es\\\/\",\"logo\":{\"@type\":\"ImageObject\",\"inLanguage\":\"es\",\"@id\":\"https:\\\/\\\/gastronomicament.cat\\\/es\\\/#\\\/schema\\\/logo\\\/image\\\/\",\"url\":\"https:\\\/\\\/gastronomicament.cat\\\/wp-content\\\/uploads\\\/2016\\\/09\\\/header-logo.jpg\",\"contentUrl\":\"https:\\\/\\\/gastronomicament.cat\\\/wp-content\\\/uploads\\\/2016\\\/09\\\/header-logo.jpg\",\"width\":277,\"height\":39,\"caption\":\"Gastron\u00f2micament\"},\"image\":{\"@id\":\"https:\\\/\\\/gastronomicament.cat\\\/es\\\/#\\\/schema\\\/logo\\\/image\\\/\"},\"sameAs\":[\"https:\\\/\\\/x.com\\\/gastronomicamen\"]},{\"@type\":\"Person\",\"@id\":\"https:\\\/\\\/gastronomicament.cat\\\/es\\\/#\\\/schema\\\/person\\\/a7c85c537a1ed62799a5b8e0f686a37f\",\"name\":\"Redacci\u00f3\",\"image\":{\"@type\":\"ImageObject\",\"inLanguage\":\"es\",\"@id\":\"https:\\\/\\\/secure.gravatar.com\\\/avatar\\\/9489a485c464fd611d33825daae651d13db70c4e74c65c94937a15a9d4c3ee14?s=96&d=mm&r=g69fea3cce3645dfa2166e7293e22955e\",\"url\":\"https:\\\/\\\/secure.gravatar.com\\\/avatar\\\/9489a485c464fd611d33825daae651d13db70c4e74c65c94937a15a9d4c3ee14?s=96&d=mm&r=g\",\"contentUrl\":\"https:\\\/\\\/secure.gravatar.com\\\/avatar\\\/9489a485c464fd611d33825daae651d13db70c4e74c65c94937a15a9d4c3ee14?s=96&d=mm&r=g\",\"caption\":\"Redacci\u00f3\"},\"sameAs\":[\"http:\\\/\\\/gastronomicament.cat\"],\"url\":\"https:\\\/\\\/gastronomicament.cat\\\/es\\\/author\\\/admin\"}]}<\/script>\n<!-- \/ Yoast SEO plugin. -->","yoast_head_json":{"title":"Beer Santany\u00ed 2013","description":"Beer Santany\u00ed 2013. Mostra de cervesa artesana \/ Muestra de cerveza artesana \/ Craft beer","robots":{"index":"index","follow":"follow","max-snippet":"max-snippet:-1","max-image-preview":"max-image-preview:large","max-video-preview":"max-video-preview:-1"},"canonical":"https:\/\/gastronomicament.cat\/es\/beer-santanyi-2013","og_locale":"es_ES","og_type":"article","og_title":"Beer Santany\u00ed 2013","og_description":"Beer Santany\u00ed 2013. Mostra de cervesa artesana \/ Muestra de cerveza artesana \/ Craft beer","og_url":"https:\/\/gastronomicament.cat\/es\/beer-santanyi-2013","og_site_name":"Gastron\u00f2micament","article_published_time":"2013-10-08T10:31:38+00:00","article_modified_time":"2022-04-09T09:52:06+00:00","og_image":[{"width":640,"height":300,"url":"https:\/\/gastronomicament.cat\/wp-content\/uploads\/2013\/10\/santanyi-640.jpg","type":"image\/jpeg"}],"author":"Redacci\u00f3","twitter_card":"summary_large_image","twitter_creator":"@gastronomicamen","twitter_site":"@gastronomicamen","twitter_misc":{"Escrito por":"Redacci\u00f3","Tiempo de lectura":"1 minuto","Written by":"Redacci\u00f3"},"schema":{"@context":"https:\/\/schema.org","@graph":[{"@type":"Article","@id":"https:\/\/gastronomicament.cat\/es\/beer-santanyi-2013#article","isPartOf":{"@id":"https:\/\/gastronomicament.cat\/es\/beer-santanyi-2013"},"author":{"name":"Redacci\u00f3","@id":"https:\/\/gastronomicament.cat\/es\/#\/schema\/person\/a7c85c537a1ed62799a5b8e0f686a37f"},"headline":"Beer Santany\u00ed 2013","datePublished":"2013-10-08T10:31:38+00:00","dateModified":"2022-04-09T09:52:06+00:00","mainEntityOfPage":{"@id":"https:\/\/gastronomicament.cat\/es\/beer-santanyi-2013"},"wordCount":108,"commentCount":0,"publisher":{"@id":"https:\/\/gastronomicament.cat\/es\/#organization"},"image":{"@id":"https:\/\/gastronomicament.cat\/es\/beer-santanyi-2013#primaryimage"},"thumbnailUrl":"https:\/\/gastronomicament.cat\/wp-content\/uploads\/2013\/10\/santanyi-640.jpg","articleSection":["Actualitat"],"inLanguage":"es","potentialAction":[{"@type":"CommentAction","name":"Comment","target":["https:\/\/gastronomicament.cat\/es\/beer-santanyi-2013#respond"]}]},{"@type":"WebPage","@id":"https:\/\/gastronomicament.cat\/es\/beer-santanyi-2013","url":"https:\/\/gastronomicament.cat\/es\/beer-santanyi-2013","name":"Beer Santany\u00ed 2013","isPartOf":{"@id":"https:\/\/gastronomicament.cat\/es\/#website"},"primaryImageOfPage":{"@id":"https:\/\/gastronomicament.cat\/es\/beer-santanyi-2013#primaryimage"},"image":{"@id":"https:\/\/gastronomicament.cat\/es\/beer-santanyi-2013#primaryimage"},"thumbnailUrl":"https:\/\/gastronomicament.cat\/wp-content\/uploads\/2013\/10\/santanyi-640.jpg","datePublished":"2013-10-08T10:31:38+00:00","dateModified":"2022-04-09T09:52:06+00:00","description":"Beer Santany\u00ed 2013. Mostra de cervesa artesana \/ Muestra de cerveza artesana \/ Craft beer","inLanguage":"es","potentialAction":[{"@type":"ReadAction","target":["https:\/\/gastronomicament.cat\/es\/beer-santanyi-2013"]}]},{"@type":"ImageObject","inLanguage":"es","@id":"https:\/\/gastronomicament.cat\/es\/beer-santanyi-2013#primaryimage","url":"https:\/\/gastronomicament.cat\/wp-content\/uploads\/2013\/10\/santanyi-640.jpg","contentUrl":"https:\/\/gastronomicament.cat\/wp-content\/uploads\/2013\/10\/santanyi-640.jpg","width":640,"height":300},{"@type":"WebSite","@id":"https:\/\/gastronomicament.cat\/es\/#website","url":"https:\/\/gastronomicament.cat\/es\/","name":"Gastron\u00f2micament","description":"Portal de restaurants, receptes i actualitat gastron\u00f2mica","publisher":{"@id":"https:\/\/gastronomicament.cat\/es\/#organization"},"potentialAction":[{"@type":"SearchAction","target":{"@type":"EntryPoint","urlTemplate":"https:\/\/gastronomicament.cat\/es\/?s={search_term_string}"},"query-input":{"@type":"PropertyValueSpecification","valueRequired":true,"valueName":"search_term_string"}}],"inLanguage":"es"},{"@type":"Organization","@id":"https:\/\/gastronomicament.cat\/es\/#organization","name":"Gastron\u00f2micament","url":"https:\/\/gastronomicament.cat\/es\/","logo":{"@type":"ImageObject","inLanguage":"es","@id":"https:\/\/gastronomicament.cat\/es\/#\/schema\/logo\/image\/","url":"https:\/\/gastronomicament.cat\/wp-content\/uploads\/2016\/09\/header-logo.jpg","contentUrl":"https:\/\/gastronomicament.cat\/wp-content\/uploads\/2016\/09\/header-logo.jpg","width":277,"height":39,"caption":"Gastron\u00f2micament"},"image":{"@id":"https:\/\/gastronomicament.cat\/es\/#\/schema\/logo\/image\/"},"sameAs":["https:\/\/x.com\/gastronomicamen"]},{"@type":"Person","@id":"https:\/\/gastronomicament.cat\/es\/#\/schema\/person\/a7c85c537a1ed62799a5b8e0f686a37f","name":"Redacci\u00f3","image":{"@type":"ImageObject","inLanguage":"es","@id":"https:\/\/secure.gravatar.com\/avatar\/9489a485c464fd611d33825daae651d13db70c4e74c65c94937a15a9d4c3ee14?s=96&d=mm&r=g69fea3cce3645dfa2166e7293e22955e","url":"https:\/\/secure.gravatar.com\/avatar\/9489a485c464fd611d33825daae651d13db70c4e74c65c94937a15a9d4c3ee14?s=96&d=mm&r=g","contentUrl":"https:\/\/secure.gravatar.com\/avatar\/9489a485c464fd611d33825daae651d13db70c4e74c65c94937a15a9d4c3ee14?s=96&d=mm&r=g","caption":"Redacci\u00f3"},"sameAs":["http:\/\/gastronomicament.cat"],"url":"https:\/\/gastronomicament.cat\/es\/author\/admin"}]}},"_links":{"self":[{"href":"https:\/\/gastronomicament.cat\/es\/wp-json\/wp\/v2\/posts\/72397","targetHints":{"allow":["GET"]}}],"collection":[{"href":"https:\/\/gastronomicament.cat\/es\/wp-json\/wp\/v2\/posts"}],"about":[{"href":"https:\/\/gastronomicament.cat\/es\/wp-json\/wp\/v2\/types\/post"}],"author":[{"embeddable":true,"href":"https:\/\/gastronomicament.cat\/es\/wp-json\/wp\/v2\/users\/1"}],"replies":[{"embeddable":true,"href":"https:\/\/gastronomicament.cat\/es\/wp-json\/wp\/v2\/comments?post=72397"}],"version-history":[{"count":0,"href":"https:\/\/gastronomicament.cat\/es\/wp-json\/wp\/v2\/posts\/72397\/revisions"}],"wp:featuredmedia":[{"embeddable":true,"href":"https:\/\/gastronomicament.cat\/es\/wp-json\/wp\/v2\/media\/37117"}],"wp:attachment":[{"href":"https:\/\/gastronomicament.cat\/es\/wp-json\/wp\/v2\/media?parent=72397"}],"wp:term":[{"taxonomy":"category","embeddable":true,"href":"https:\/\/gastronomicament.cat\/es\/wp-json\/wp\/v2\/categories?post=72397"},{"taxonomy":"post_tag","embeddable":true,"href":"https:\/\/gastronomicament.cat\/es\/wp-json\/wp\/v2\/tags?post=72397"},{"taxonomy":"author","embeddable":true,"href":"https:\/\/gastronomicament.cat\/es\/wp-json\/wp\/v2\/coauthors?post=72397"}],"curies":[{"name":"wp","href":"https:\/\/api.w.org\/{rel}","templated":true}]}}