{"id":72499,"date":"2013-09-15T20:13:51","date_gmt":"2013-09-15T18:13:51","guid":{"rendered":"https:\/\/gastronomicament.cat\/aixi-es-lhorta-que-abasteix-el-restaurant-roquissar-de-valldemossa"},"modified":"2013-09-15T20:13:51","modified_gmt":"2013-09-15T18:13:51","slug":"aixi-es-lhorta-que-abasteix-el-restaurant-roquissar-de-valldemossa","status":"publish","type":"post","link":"https:\/\/gastronomicament.cat\/es\/aixi-es-lhorta-que-abasteix-el-restaurant-roquissar-de-valldemossa","title":{"rendered":"Aix\u00ed \u00e9s l&#8217;horta que abasteix el restaurant Roquissar de Valldemossa"},"content":{"rendered":"<p>Els secrets de la bona cuina d&#8217;un restaurant no solament s\u00f3n la bona m\u00e0 del cuiner i el bon servei al client, sin\u00f3 tamb\u00e9 la bona mat\u00e8ria.<br \/>\nMostra d&#8217;aix\u00f2 \u00e9s el restaurant es Roquissar de Valldemossa que s&#8217;abasteix dels productes que neixen i maduren a l&#8217;horta de Son Moragues.<\/p>\n<p>Si voleu con\u00e8ixer m\u00e9s aquesta petita joia gastron\u00f2mica consultau:<br \/>\n<a title=\"Restaurant es Roquissar Valldemossa\" href=\"http:\/\/gastronomicament.cat\/es-roquissar\"> http:\/\/gastronomicament.cat\/es-roquissar<\/a><!--more--><\/p>\n","protected":false},"excerpt":{"rendered":"<p>Els secrets de la bona cuina d&#8217;un restaurant no solament s\u00f3n la bona m\u00e0 del cuiner&hellip;<\/p>\n","protected":false},"author":1,"featured_media":37065,"comment_status":"open","ping_status":"closed","sticky":false,"template":"","format":"gallery","meta":{"_acf_changed":false,"_swt_meta_header_display":false,"_swt_meta_footer_display":false,"_swt_meta_site_title_display":false,"_swt_meta_sticky_header":false,"_swt_meta_transparent_header":false,"footnotes":""},"categories":[1003],"tags":[],"coauthors":[],"class_list":["post-72499","post","type-post","status-publish","format-gallery","has-post-thumbnail","hentry","category-actualitat-es","post_format-post-format-gallery"],"acf":{"gallery":null,"home_date":{"home_begin_date":null,"home_end_date":null}},"yoast_head":"<!-- This site is optimized with the Yoast SEO plugin v27.4 - https:\/\/yoast.com\/product\/yoast-seo-wordpress\/ -->\n<title>Aix\u00ed \u00e9s l&#039;horta que abasteix el restaurant Roquissar de Valldemossa - Gastron\u00f2micament<\/title>\n<meta name=\"description\" content=\"Aix\u00ed \u00e9s l&#039;horta que abasteix el restaurant Roquissar de Valldemossa Actualitat Els secrets de la bona cuina d&#039;un restaurant no solament s\u00f3n la bona m\u00e0 del cuiner i el bon servei al client, sin\u00f3 tamb\u00e9 la bona mat\u00e8ria.\" \/>\n<meta name=\"robots\" content=\"index, follow, max-snippet:-1, max-image-preview:large, max-video-preview:-1\" \/>\n<link rel=\"canonical\" href=\"https:\/\/gastronomicament.cat\/es\/aixi-es-lhorta-que-abasteix-el-restaurant-roquissar-de-valldemossa\" \/>\n<meta property=\"og:locale\" content=\"es_ES\" \/>\n<meta property=\"og:type\" content=\"article\" \/>\n<meta property=\"og:title\" content=\"Aix\u00ed \u00e9s l&#039;horta que abasteix el restaurant Roquissar de Valldemossa - Gastron\u00f2micament\" \/>\n<meta property=\"og:description\" content=\"Aix\u00ed \u00e9s l&#039;horta que abasteix el restaurant Roquissar de Valldemossa Actualitat Els secrets de la bona cuina d&#039;un restaurant no solament s\u00f3n la bona m\u00e0 del cuiner i el bon servei al client, sin\u00f3 tamb\u00e9 la bona mat\u00e8ria.\" \/>\n<meta property=\"og:url\" content=\"https:\/\/gastronomicament.cat\/es\/aixi-es-lhorta-que-abasteix-el-restaurant-roquissar-de-valldemossa\" \/>\n<meta property=\"og:site_name\" content=\"Gastron\u00f2micament\" \/>\n<meta property=\"article:published_time\" content=\"2013-09-15T18:13:51+00:00\" \/>\n<meta property=\"og:image\" content=\"https:\/\/gastronomicament.cat\/wp-content\/uploads\/2013\/09\/horta-de-son-moragues-5.jpg\" \/>\n\t<meta property=\"og:image:width\" content=\"1600\" \/>\n\t<meta property=\"og:image:height\" content=\"900\" \/>\n\t<meta property=\"og:image:type\" content=\"image\/jpeg\" \/>\n<meta name=\"author\" content=\"Redacci\u00f3\" \/>\n<meta name=\"twitter:card\" content=\"summary_large_image\" \/>\n<meta name=\"twitter:creator\" content=\"@gastronomicamen\" \/>\n<meta name=\"twitter:site\" content=\"@gastronomicamen\" \/>\n<meta name=\"twitter:label1\" content=\"Escrito por\" \/>\n\t<meta name=\"twitter:data1\" content=\"Redacci\u00f3\" \/>\n\t<meta name=\"twitter:label2\" content=\"Written by\" \/>\n\t<meta name=\"twitter:data2\" content=\"Redacci\u00f3\" \/>\n<script type=\"application\/ld+json\" class=\"yoast-schema-graph\">{\"@context\":\"https:\\\/\\\/schema.org\",\"@graph\":[{\"@type\":\"Article\",\"@id\":\"https:\\\/\\\/gastronomicament.cat\\\/es\\\/aixi-es-lhorta-que-abasteix-el-restaurant-roquissar-de-valldemossa#article\",\"isPartOf\":{\"@id\":\"https:\\\/\\\/gastronomicament.cat\\\/es\\\/aixi-es-lhorta-que-abasteix-el-restaurant-roquissar-de-valldemossa\"},\"author\":{\"name\":\"Redacci\u00f3\",\"@id\":\"https:\\\/\\\/gastronomicament.cat\\\/es\\\/#\\\/schema\\\/person\\\/a7c85c537a1ed62799a5b8e0f686a37f\"},\"headline\":\"Aix\u00ed \u00e9s l&#8217;horta que abasteix el restaurant Roquissar de Valldemossa\",\"datePublished\":\"2013-09-15T18:13:51+00:00\",\"mainEntityOfPage\":{\"@id\":\"https:\\\/\\\/gastronomicament.cat\\\/es\\\/aixi-es-lhorta-que-abasteix-el-restaurant-roquissar-de-valldemossa\"},\"wordCount\":77,\"commentCount\":0,\"publisher\":{\"@id\":\"https:\\\/\\\/gastronomicament.cat\\\/es\\\/#organization\"},\"image\":{\"@id\":\"https:\\\/\\\/gastronomicament.cat\\\/es\\\/aixi-es-lhorta-que-abasteix-el-restaurant-roquissar-de-valldemossa#primaryimage\"},\"thumbnailUrl\":\"https:\\\/\\\/gastronomicament.cat\\\/wp-content\\\/uploads\\\/2013\\\/09\\\/horta-de-son-moragues-5.jpg\",\"articleSection\":[\"Actualitat\"],\"inLanguage\":\"es\",\"potentialAction\":[{\"@type\":\"CommentAction\",\"name\":\"Comment\",\"target\":[\"https:\\\/\\\/gastronomicament.cat\\\/es\\\/aixi-es-lhorta-que-abasteix-el-restaurant-roquissar-de-valldemossa#respond\"]}]},{\"@type\":\"WebPage\",\"@id\":\"https:\\\/\\\/gastronomicament.cat\\\/es\\\/aixi-es-lhorta-que-abasteix-el-restaurant-roquissar-de-valldemossa\",\"url\":\"https:\\\/\\\/gastronomicament.cat\\\/es\\\/aixi-es-lhorta-que-abasteix-el-restaurant-roquissar-de-valldemossa\",\"name\":\"Aix\u00ed \u00e9s l'horta que abasteix el restaurant Roquissar de Valldemossa - Gastron\u00f2micament\",\"isPartOf\":{\"@id\":\"https:\\\/\\\/gastronomicament.cat\\\/es\\\/#website\"},\"primaryImageOfPage\":{\"@id\":\"https:\\\/\\\/gastronomicament.cat\\\/es\\\/aixi-es-lhorta-que-abasteix-el-restaurant-roquissar-de-valldemossa#primaryimage\"},\"image\":{\"@id\":\"https:\\\/\\\/gastronomicament.cat\\\/es\\\/aixi-es-lhorta-que-abasteix-el-restaurant-roquissar-de-valldemossa#primaryimage\"},\"thumbnailUrl\":\"https:\\\/\\\/gastronomicament.cat\\\/wp-content\\\/uploads\\\/2013\\\/09\\\/horta-de-son-moragues-5.jpg\",\"datePublished\":\"2013-09-15T18:13:51+00:00\",\"description\":\"Aix\u00ed \u00e9s l'horta que abasteix el restaurant Roquissar de Valldemossa Actualitat Els secrets de la bona cuina d'un restaurant no solament s\u00f3n la bona m\u00e0 del cuiner i el bon servei al client, sin\u00f3 tamb\u00e9 la bona mat\u00e8ria.\",\"inLanguage\":\"es\",\"potentialAction\":[{\"@type\":\"ReadAction\",\"target\":[\"https:\\\/\\\/gastronomicament.cat\\\/es\\\/aixi-es-lhorta-que-abasteix-el-restaurant-roquissar-de-valldemossa\"]}]},{\"@type\":\"ImageObject\",\"inLanguage\":\"es\",\"@id\":\"https:\\\/\\\/gastronomicament.cat\\\/es\\\/aixi-es-lhorta-que-abasteix-el-restaurant-roquissar-de-valldemossa#primaryimage\",\"url\":\"https:\\\/\\\/gastronomicament.cat\\\/wp-content\\\/uploads\\\/2013\\\/09\\\/horta-de-son-moragues-5.jpg\",\"contentUrl\":\"https:\\\/\\\/gastronomicament.cat\\\/wp-content\\\/uploads\\\/2013\\\/09\\\/horta-de-son-moragues-5.jpg\",\"width\":1600,\"height\":900},{\"@type\":\"WebSite\",\"@id\":\"https:\\\/\\\/gastronomicament.cat\\\/es\\\/#website\",\"url\":\"https:\\\/\\\/gastronomicament.cat\\\/es\\\/\",\"name\":\"Gastron\u00f2micament\",\"description\":\"Portal de restaurants, receptes i actualitat gastron\u00f2mica\",\"publisher\":{\"@id\":\"https:\\\/\\\/gastronomicament.cat\\\/es\\\/#organization\"},\"potentialAction\":[{\"@type\":\"SearchAction\",\"target\":{\"@type\":\"EntryPoint\",\"urlTemplate\":\"https:\\\/\\\/gastronomicament.cat\\\/es\\\/?s={search_term_string}\"},\"query-input\":{\"@type\":\"PropertyValueSpecification\",\"valueRequired\":true,\"valueName\":\"search_term_string\"}}],\"inLanguage\":\"es\"},{\"@type\":\"Organization\",\"@id\":\"https:\\\/\\\/gastronomicament.cat\\\/es\\\/#organization\",\"name\":\"Gastron\u00f2micament\",\"url\":\"https:\\\/\\\/gastronomicament.cat\\\/es\\\/\",\"logo\":{\"@type\":\"ImageObject\",\"inLanguage\":\"es\",\"@id\":\"https:\\\/\\\/gastronomicament.cat\\\/es\\\/#\\\/schema\\\/logo\\\/image\\\/\",\"url\":\"https:\\\/\\\/gastronomicament.cat\\\/wp-content\\\/uploads\\\/2016\\\/09\\\/header-logo.jpg\",\"contentUrl\":\"https:\\\/\\\/gastronomicament.cat\\\/wp-content\\\/uploads\\\/2016\\\/09\\\/header-logo.jpg\",\"width\":277,\"height\":39,\"caption\":\"Gastron\u00f2micament\"},\"image\":{\"@id\":\"https:\\\/\\\/gastronomicament.cat\\\/es\\\/#\\\/schema\\\/logo\\\/image\\\/\"},\"sameAs\":[\"https:\\\/\\\/x.com\\\/gastronomicamen\"]},{\"@type\":\"Person\",\"@id\":\"https:\\\/\\\/gastronomicament.cat\\\/es\\\/#\\\/schema\\\/person\\\/a7c85c537a1ed62799a5b8e0f686a37f\",\"name\":\"Redacci\u00f3\",\"image\":{\"@type\":\"ImageObject\",\"inLanguage\":\"es\",\"@id\":\"https:\\\/\\\/secure.gravatar.com\\\/avatar\\\/9489a485c464fd611d33825daae651d13db70c4e74c65c94937a15a9d4c3ee14?s=96&d=mm&r=g69fea3cce3645dfa2166e7293e22955e\",\"url\":\"https:\\\/\\\/secure.gravatar.com\\\/avatar\\\/9489a485c464fd611d33825daae651d13db70c4e74c65c94937a15a9d4c3ee14?s=96&d=mm&r=g\",\"contentUrl\":\"https:\\\/\\\/secure.gravatar.com\\\/avatar\\\/9489a485c464fd611d33825daae651d13db70c4e74c65c94937a15a9d4c3ee14?s=96&d=mm&r=g\",\"caption\":\"Redacci\u00f3\"},\"sameAs\":[\"http:\\\/\\\/gastronomicament.cat\"],\"url\":\"https:\\\/\\\/gastronomicament.cat\\\/es\\\/author\\\/admin\"}]}<\/script>\n<!-- \/ Yoast SEO plugin. -->","yoast_head_json":{"title":"Aix\u00ed \u00e9s l'horta que abasteix el restaurant Roquissar de Valldemossa - Gastron\u00f2micament","description":"Aix\u00ed \u00e9s l'horta que abasteix el restaurant Roquissar de Valldemossa Actualitat Els secrets de la bona cuina d'un restaurant no solament s\u00f3n la bona m\u00e0 del cuiner i el bon servei al client, sin\u00f3 tamb\u00e9 la bona mat\u00e8ria.","robots":{"index":"index","follow":"follow","max-snippet":"max-snippet:-1","max-image-preview":"max-image-preview:large","max-video-preview":"max-video-preview:-1"},"canonical":"https:\/\/gastronomicament.cat\/es\/aixi-es-lhorta-que-abasteix-el-restaurant-roquissar-de-valldemossa","og_locale":"es_ES","og_type":"article","og_title":"Aix\u00ed \u00e9s l'horta que abasteix el restaurant Roquissar de Valldemossa - Gastron\u00f2micament","og_description":"Aix\u00ed \u00e9s l'horta que abasteix el restaurant Roquissar de Valldemossa Actualitat Els secrets de la bona cuina d'un restaurant no solament s\u00f3n la bona m\u00e0 del cuiner i el bon servei al client, sin\u00f3 tamb\u00e9 la bona mat\u00e8ria.","og_url":"https:\/\/gastronomicament.cat\/es\/aixi-es-lhorta-que-abasteix-el-restaurant-roquissar-de-valldemossa","og_site_name":"Gastron\u00f2micament","article_published_time":"2013-09-15T18:13:51+00:00","og_image":[{"width":1600,"height":900,"url":"https:\/\/gastronomicament.cat\/wp-content\/uploads\/2013\/09\/horta-de-son-moragues-5.jpg","type":"image\/jpeg"}],"author":"Redacci\u00f3","twitter_card":"summary_large_image","twitter_creator":"@gastronomicamen","twitter_site":"@gastronomicamen","twitter_misc":{"Escrito por":"Redacci\u00f3","Written by":"Redacci\u00f3"},"schema":{"@context":"https:\/\/schema.org","@graph":[{"@type":"Article","@id":"https:\/\/gastronomicament.cat\/es\/aixi-es-lhorta-que-abasteix-el-restaurant-roquissar-de-valldemossa#article","isPartOf":{"@id":"https:\/\/gastronomicament.cat\/es\/aixi-es-lhorta-que-abasteix-el-restaurant-roquissar-de-valldemossa"},"author":{"name":"Redacci\u00f3","@id":"https:\/\/gastronomicament.cat\/es\/#\/schema\/person\/a7c85c537a1ed62799a5b8e0f686a37f"},"headline":"Aix\u00ed \u00e9s l&#8217;horta que abasteix el restaurant Roquissar de Valldemossa","datePublished":"2013-09-15T18:13:51+00:00","mainEntityOfPage":{"@id":"https:\/\/gastronomicament.cat\/es\/aixi-es-lhorta-que-abasteix-el-restaurant-roquissar-de-valldemossa"},"wordCount":77,"commentCount":0,"publisher":{"@id":"https:\/\/gastronomicament.cat\/es\/#organization"},"image":{"@id":"https:\/\/gastronomicament.cat\/es\/aixi-es-lhorta-que-abasteix-el-restaurant-roquissar-de-valldemossa#primaryimage"},"thumbnailUrl":"https:\/\/gastronomicament.cat\/wp-content\/uploads\/2013\/09\/horta-de-son-moragues-5.jpg","articleSection":["Actualitat"],"inLanguage":"es","potentialAction":[{"@type":"CommentAction","name":"Comment","target":["https:\/\/gastronomicament.cat\/es\/aixi-es-lhorta-que-abasteix-el-restaurant-roquissar-de-valldemossa#respond"]}]},{"@type":"WebPage","@id":"https:\/\/gastronomicament.cat\/es\/aixi-es-lhorta-que-abasteix-el-restaurant-roquissar-de-valldemossa","url":"https:\/\/gastronomicament.cat\/es\/aixi-es-lhorta-que-abasteix-el-restaurant-roquissar-de-valldemossa","name":"Aix\u00ed \u00e9s l'horta que abasteix el restaurant Roquissar de Valldemossa - Gastron\u00f2micament","isPartOf":{"@id":"https:\/\/gastronomicament.cat\/es\/#website"},"primaryImageOfPage":{"@id":"https:\/\/gastronomicament.cat\/es\/aixi-es-lhorta-que-abasteix-el-restaurant-roquissar-de-valldemossa#primaryimage"},"image":{"@id":"https:\/\/gastronomicament.cat\/es\/aixi-es-lhorta-que-abasteix-el-restaurant-roquissar-de-valldemossa#primaryimage"},"thumbnailUrl":"https:\/\/gastronomicament.cat\/wp-content\/uploads\/2013\/09\/horta-de-son-moragues-5.jpg","datePublished":"2013-09-15T18:13:51+00:00","description":"Aix\u00ed \u00e9s l'horta que abasteix el restaurant Roquissar de Valldemossa Actualitat Els secrets de la bona cuina d'un restaurant no solament s\u00f3n la bona m\u00e0 del cuiner i el bon servei al client, sin\u00f3 tamb\u00e9 la bona mat\u00e8ria.","inLanguage":"es","potentialAction":[{"@type":"ReadAction","target":["https:\/\/gastronomicament.cat\/es\/aixi-es-lhorta-que-abasteix-el-restaurant-roquissar-de-valldemossa"]}]},{"@type":"ImageObject","inLanguage":"es","@id":"https:\/\/gastronomicament.cat\/es\/aixi-es-lhorta-que-abasteix-el-restaurant-roquissar-de-valldemossa#primaryimage","url":"https:\/\/gastronomicament.cat\/wp-content\/uploads\/2013\/09\/horta-de-son-moragues-5.jpg","contentUrl":"https:\/\/gastronomicament.cat\/wp-content\/uploads\/2013\/09\/horta-de-son-moragues-5.jpg","width":1600,"height":900},{"@type":"WebSite","@id":"https:\/\/gastronomicament.cat\/es\/#website","url":"https:\/\/gastronomicament.cat\/es\/","name":"Gastron\u00f2micament","description":"Portal de restaurants, receptes i actualitat gastron\u00f2mica","publisher":{"@id":"https:\/\/gastronomicament.cat\/es\/#organization"},"potentialAction":[{"@type":"SearchAction","target":{"@type":"EntryPoint","urlTemplate":"https:\/\/gastronomicament.cat\/es\/?s={search_term_string}"},"query-input":{"@type":"PropertyValueSpecification","valueRequired":true,"valueName":"search_term_string"}}],"inLanguage":"es"},{"@type":"Organization","@id":"https:\/\/gastronomicament.cat\/es\/#organization","name":"Gastron\u00f2micament","url":"https:\/\/gastronomicament.cat\/es\/","logo":{"@type":"ImageObject","inLanguage":"es","@id":"https:\/\/gastronomicament.cat\/es\/#\/schema\/logo\/image\/","url":"https:\/\/gastronomicament.cat\/wp-content\/uploads\/2016\/09\/header-logo.jpg","contentUrl":"https:\/\/gastronomicament.cat\/wp-content\/uploads\/2016\/09\/header-logo.jpg","width":277,"height":39,"caption":"Gastron\u00f2micament"},"image":{"@id":"https:\/\/gastronomicament.cat\/es\/#\/schema\/logo\/image\/"},"sameAs":["https:\/\/x.com\/gastronomicamen"]},{"@type":"Person","@id":"https:\/\/gastronomicament.cat\/es\/#\/schema\/person\/a7c85c537a1ed62799a5b8e0f686a37f","name":"Redacci\u00f3","image":{"@type":"ImageObject","inLanguage":"es","@id":"https:\/\/secure.gravatar.com\/avatar\/9489a485c464fd611d33825daae651d13db70c4e74c65c94937a15a9d4c3ee14?s=96&d=mm&r=g69fea3cce3645dfa2166e7293e22955e","url":"https:\/\/secure.gravatar.com\/avatar\/9489a485c464fd611d33825daae651d13db70c4e74c65c94937a15a9d4c3ee14?s=96&d=mm&r=g","contentUrl":"https:\/\/secure.gravatar.com\/avatar\/9489a485c464fd611d33825daae651d13db70c4e74c65c94937a15a9d4c3ee14?s=96&d=mm&r=g","caption":"Redacci\u00f3"},"sameAs":["http:\/\/gastronomicament.cat"],"url":"https:\/\/gastronomicament.cat\/es\/author\/admin"}]}},"_links":{"self":[{"href":"https:\/\/gastronomicament.cat\/es\/wp-json\/wp\/v2\/posts\/72499","targetHints":{"allow":["GET"]}}],"collection":[{"href":"https:\/\/gastronomicament.cat\/es\/wp-json\/wp\/v2\/posts"}],"about":[{"href":"https:\/\/gastronomicament.cat\/es\/wp-json\/wp\/v2\/types\/post"}],"author":[{"embeddable":true,"href":"https:\/\/gastronomicament.cat\/es\/wp-json\/wp\/v2\/users\/1"}],"replies":[{"embeddable":true,"href":"https:\/\/gastronomicament.cat\/es\/wp-json\/wp\/v2\/comments?post=72499"}],"version-history":[{"count":0,"href":"https:\/\/gastronomicament.cat\/es\/wp-json\/wp\/v2\/posts\/72499\/revisions"}],"wp:featuredmedia":[{"embeddable":true,"href":"https:\/\/gastronomicament.cat\/es\/wp-json\/wp\/v2\/media\/37065"}],"wp:attachment":[{"href":"https:\/\/gastronomicament.cat\/es\/wp-json\/wp\/v2\/media?parent=72499"}],"wp:term":[{"taxonomy":"category","embeddable":true,"href":"https:\/\/gastronomicament.cat\/es\/wp-json\/wp\/v2\/categories?post=72499"},{"taxonomy":"post_tag","embeddable":true,"href":"https:\/\/gastronomicament.cat\/es\/wp-json\/wp\/v2\/tags?post=72499"},{"taxonomy":"author","embeddable":true,"href":"https:\/\/gastronomicament.cat\/es\/wp-json\/wp\/v2\/coauthors?post=72499"}],"curies":[{"name":"wp","href":"https:\/\/api.w.org\/{rel}","templated":true}]}}