{"id":72739,"date":"2013-06-28T18:08:03","date_gmt":"2013-06-28T16:08:03","guid":{"rendered":"https:\/\/gastronomicament.cat\/dijous-de-barbacoa-al-grupotel-valparaiso"},"modified":"2022-04-09T12:02:03","modified_gmt":"2022-04-09T10:02:03","slug":"dijous-de-barbacoa-al-grupotel-valparaiso","status":"publish","type":"post","link":"https:\/\/gastronomicament.cat\/es\/dijous-de-barbacoa-al-grupotel-valparaiso","title":{"rendered":"Dijous de barbacoa al Grupotel Valpara\u00edso"},"content":{"rendered":"<p>Cada dijous a vespre, a partir de les 19 hores, el restaurant de l&#8217;hotel Valpara\u00edso de Palma\u00a0 us ofereix la seva terrassa per gaudir de l&#8217;estiu amb una excel\u00b7lent barbacoa.<\/p>\n<p><strong>Carn<\/strong> (costelles de xot, mitjana de bou&#8230;), <strong>peix<\/strong> (gall, salm\u00f3&#8230;) o <strong>marisc<\/strong> (calamar, llagostins&#8230;) s\u00f3n alguns dels productes frescos que hi podeu assaborir, fets a la planxa o al caliu. Tots ells combinats amb un excel\u00b7lent ventall de propostes, com el carpaccio de vedella amb parmes\u00e0, una \u00e0mplia varietat d&#8217;ensalades, patates al forn, salses exquisides (com la de safr\u00e0 o porto), formatges, brownie, panacotta, ensa\u00efmada i un llarg etc\u00e8tera.<\/p>\n<p>La vetllada est\u00e0 acompanyada de m\u00fasica en directe i el millor ambient de l&#8217;estiu.<\/p>\n<p>Si voleu con\u00e8ixer una mica m\u00e9s l&#8217;oferta gastron\u00f2mica del Grupotel Valpara\u00edso consultau: <a title=\"Restaurant hotel Valpara\u00edso\" href=\"http:\/\/gastronomicament.cat\/restaurant-bistro-mar-blau\">http:\/\/gastronomicament.cat\/restaurant-bistro-mar-blau<\/a><\/p>\n","protected":false},"excerpt":{"rendered":"<p>Cada dijous a vespre, a partir de les 19 hores, el restaurant de l&#8217;hotel Valpara\u00edso de&hellip;<\/p>\n","protected":false},"author":1,"featured_media":36903,"comment_status":"open","ping_status":"closed","sticky":false,"template":"","format":"gallery","meta":{"_acf_changed":false,"_swt_meta_header_display":false,"_swt_meta_footer_display":false,"_swt_meta_site_title_display":false,"_swt_meta_sticky_header":false,"_swt_meta_transparent_header":false,"footnotes":""},"categories":[1003],"tags":[],"coauthors":[],"class_list":["post-72739","post","type-post","status-publish","format-gallery","has-post-thumbnail","hentry","category-actualitat-es","post_format-post-format-gallery"],"acf":{"gallery":null,"home_date":{"home_begin_date":null,"home_end_date":null}},"yoast_head":"<!-- This site is optimized with the Yoast SEO plugin v27.4 - https:\/\/yoast.com\/product\/yoast-seo-wordpress\/ -->\n<title>Dijous de barbacoa al Grupotel Valpara\u00edso<\/title>\n<meta name=\"description\" content=\"Dijous de barbacoa al Grupotel Valpara\u00edso \/ Jueves de barbacoa al Grupotel Valpara\u00edso\" \/>\n<meta name=\"robots\" content=\"index, follow, max-snippet:-1, max-image-preview:large, max-video-preview:-1\" \/>\n<link rel=\"canonical\" href=\"https:\/\/gastronomicament.cat\/es\/dijous-de-barbacoa-al-grupotel-valparaiso\" \/>\n<meta property=\"og:locale\" content=\"es_ES\" \/>\n<meta property=\"og:type\" content=\"article\" \/>\n<meta property=\"og:title\" content=\"Dijous de barbacoa al Grupotel Valpara\u00edso\" \/>\n<meta property=\"og:description\" content=\"Dijous de barbacoa al Grupotel Valpara\u00edso \/ Jueves de barbacoa al Grupotel Valpara\u00edso\" \/>\n<meta property=\"og:url\" content=\"https:\/\/gastronomicament.cat\/es\/dijous-de-barbacoa-al-grupotel-valparaiso\" \/>\n<meta property=\"og:site_name\" content=\"Gastron\u00f2micament\" \/>\n<meta property=\"article:published_time\" content=\"2013-06-28T16:08:03+00:00\" \/>\n<meta property=\"article:modified_time\" content=\"2022-04-09T10:02:03+00:00\" \/>\n<meta property=\"og:image\" content=\"https:\/\/gastronomicament.cat\/wp-content\/uploads\/2013\/06\/Barbacoa-Grupotel.jpg\" \/>\n\t<meta property=\"og:image:width\" content=\"1628\" \/>\n\t<meta property=\"og:image:height\" content=\"1196\" \/>\n\t<meta property=\"og:image:type\" content=\"image\/jpeg\" \/>\n<meta name=\"author\" content=\"Redacci\u00f3\" \/>\n<meta name=\"twitter:card\" content=\"summary_large_image\" \/>\n<meta name=\"twitter:creator\" content=\"@gastronomicamen\" \/>\n<meta name=\"twitter:site\" content=\"@gastronomicamen\" \/>\n<meta name=\"twitter:label1\" content=\"Escrito por\" \/>\n\t<meta name=\"twitter:data1\" content=\"Redacci\u00f3\" \/>\n\t<meta name=\"twitter:label2\" content=\"Tiempo de lectura\" \/>\n\t<meta name=\"twitter:data2\" content=\"1 minuto\" \/>\n\t<meta name=\"twitter:label3\" content=\"Written by\" \/>\n\t<meta name=\"twitter:data3\" content=\"Redacci\u00f3\" \/>\n<script type=\"application\/ld+json\" class=\"yoast-schema-graph\">{\"@context\":\"https:\\\/\\\/schema.org\",\"@graph\":[{\"@type\":\"Article\",\"@id\":\"https:\\\/\\\/gastronomicament.cat\\\/es\\\/dijous-de-barbacoa-al-grupotel-valparaiso#article\",\"isPartOf\":{\"@id\":\"https:\\\/\\\/gastronomicament.cat\\\/es\\\/dijous-de-barbacoa-al-grupotel-valparaiso\"},\"author\":{\"name\":\"Redacci\u00f3\",\"@id\":\"https:\\\/\\\/gastronomicament.cat\\\/es\\\/#\\\/schema\\\/person\\\/a7c85c537a1ed62799a5b8e0f686a37f\"},\"headline\":\"Dijous de barbacoa al Grupotel Valpara\u00edso\",\"datePublished\":\"2013-06-28T16:08:03+00:00\",\"dateModified\":\"2022-04-09T10:02:03+00:00\",\"mainEntityOfPage\":{\"@id\":\"https:\\\/\\\/gastronomicament.cat\\\/es\\\/dijous-de-barbacoa-al-grupotel-valparaiso\"},\"wordCount\":146,\"commentCount\":0,\"publisher\":{\"@id\":\"https:\\\/\\\/gastronomicament.cat\\\/es\\\/#organization\"},\"image\":{\"@id\":\"https:\\\/\\\/gastronomicament.cat\\\/es\\\/dijous-de-barbacoa-al-grupotel-valparaiso#primaryimage\"},\"thumbnailUrl\":\"https:\\\/\\\/gastronomicament.cat\\\/wp-content\\\/uploads\\\/2013\\\/06\\\/Barbacoa-Grupotel.jpg\",\"articleSection\":[\"Actualitat\"],\"inLanguage\":\"es\",\"potentialAction\":[{\"@type\":\"CommentAction\",\"name\":\"Comment\",\"target\":[\"https:\\\/\\\/gastronomicament.cat\\\/es\\\/dijous-de-barbacoa-al-grupotel-valparaiso#respond\"]}]},{\"@type\":\"WebPage\",\"@id\":\"https:\\\/\\\/gastronomicament.cat\\\/es\\\/dijous-de-barbacoa-al-grupotel-valparaiso\",\"url\":\"https:\\\/\\\/gastronomicament.cat\\\/es\\\/dijous-de-barbacoa-al-grupotel-valparaiso\",\"name\":\"Dijous de barbacoa al Grupotel Valpara\u00edso\",\"isPartOf\":{\"@id\":\"https:\\\/\\\/gastronomicament.cat\\\/es\\\/#website\"},\"primaryImageOfPage\":{\"@id\":\"https:\\\/\\\/gastronomicament.cat\\\/es\\\/dijous-de-barbacoa-al-grupotel-valparaiso#primaryimage\"},\"image\":{\"@id\":\"https:\\\/\\\/gastronomicament.cat\\\/es\\\/dijous-de-barbacoa-al-grupotel-valparaiso#primaryimage\"},\"thumbnailUrl\":\"https:\\\/\\\/gastronomicament.cat\\\/wp-content\\\/uploads\\\/2013\\\/06\\\/Barbacoa-Grupotel.jpg\",\"datePublished\":\"2013-06-28T16:08:03+00:00\",\"dateModified\":\"2022-04-09T10:02:03+00:00\",\"description\":\"Dijous de barbacoa al Grupotel Valpara\u00edso \\\/ Jueves de barbacoa al Grupotel Valpara\u00edso\",\"inLanguage\":\"es\",\"potentialAction\":[{\"@type\":\"ReadAction\",\"target\":[\"https:\\\/\\\/gastronomicament.cat\\\/es\\\/dijous-de-barbacoa-al-grupotel-valparaiso\"]}]},{\"@type\":\"ImageObject\",\"inLanguage\":\"es\",\"@id\":\"https:\\\/\\\/gastronomicament.cat\\\/es\\\/dijous-de-barbacoa-al-grupotel-valparaiso#primaryimage\",\"url\":\"https:\\\/\\\/gastronomicament.cat\\\/wp-content\\\/uploads\\\/2013\\\/06\\\/Barbacoa-Grupotel.jpg\",\"contentUrl\":\"https:\\\/\\\/gastronomicament.cat\\\/wp-content\\\/uploads\\\/2013\\\/06\\\/Barbacoa-Grupotel.jpg\",\"width\":1628,\"height\":1196},{\"@type\":\"WebSite\",\"@id\":\"https:\\\/\\\/gastronomicament.cat\\\/es\\\/#website\",\"url\":\"https:\\\/\\\/gastronomicament.cat\\\/es\\\/\",\"name\":\"Gastron\u00f2micament\",\"description\":\"Portal de restaurants, receptes i actualitat gastron\u00f2mica\",\"publisher\":{\"@id\":\"https:\\\/\\\/gastronomicament.cat\\\/es\\\/#organization\"},\"potentialAction\":[{\"@type\":\"SearchAction\",\"target\":{\"@type\":\"EntryPoint\",\"urlTemplate\":\"https:\\\/\\\/gastronomicament.cat\\\/es\\\/?s={search_term_string}\"},\"query-input\":{\"@type\":\"PropertyValueSpecification\",\"valueRequired\":true,\"valueName\":\"search_term_string\"}}],\"inLanguage\":\"es\"},{\"@type\":\"Organization\",\"@id\":\"https:\\\/\\\/gastronomicament.cat\\\/es\\\/#organization\",\"name\":\"Gastron\u00f2micament\",\"url\":\"https:\\\/\\\/gastronomicament.cat\\\/es\\\/\",\"logo\":{\"@type\":\"ImageObject\",\"inLanguage\":\"es\",\"@id\":\"https:\\\/\\\/gastronomicament.cat\\\/es\\\/#\\\/schema\\\/logo\\\/image\\\/\",\"url\":\"https:\\\/\\\/gastronomicament.cat\\\/wp-content\\\/uploads\\\/2016\\\/09\\\/header-logo.jpg\",\"contentUrl\":\"https:\\\/\\\/gastronomicament.cat\\\/wp-content\\\/uploads\\\/2016\\\/09\\\/header-logo.jpg\",\"width\":277,\"height\":39,\"caption\":\"Gastron\u00f2micament\"},\"image\":{\"@id\":\"https:\\\/\\\/gastronomicament.cat\\\/es\\\/#\\\/schema\\\/logo\\\/image\\\/\"},\"sameAs\":[\"https:\\\/\\\/x.com\\\/gastronomicamen\"]},{\"@type\":\"Person\",\"@id\":\"https:\\\/\\\/gastronomicament.cat\\\/es\\\/#\\\/schema\\\/person\\\/a7c85c537a1ed62799a5b8e0f686a37f\",\"name\":\"Redacci\u00f3\",\"image\":{\"@type\":\"ImageObject\",\"inLanguage\":\"es\",\"@id\":\"https:\\\/\\\/secure.gravatar.com\\\/avatar\\\/9489a485c464fd611d33825daae651d13db70c4e74c65c94937a15a9d4c3ee14?s=96&d=mm&r=g69fea3cce3645dfa2166e7293e22955e\",\"url\":\"https:\\\/\\\/secure.gravatar.com\\\/avatar\\\/9489a485c464fd611d33825daae651d13db70c4e74c65c94937a15a9d4c3ee14?s=96&d=mm&r=g\",\"contentUrl\":\"https:\\\/\\\/secure.gravatar.com\\\/avatar\\\/9489a485c464fd611d33825daae651d13db70c4e74c65c94937a15a9d4c3ee14?s=96&d=mm&r=g\",\"caption\":\"Redacci\u00f3\"},\"sameAs\":[\"http:\\\/\\\/gastronomicament.cat\"],\"url\":\"https:\\\/\\\/gastronomicament.cat\\\/es\\\/author\\\/admin\"}]}<\/script>\n<!-- \/ Yoast SEO plugin. -->","yoast_head_json":{"title":"Dijous de barbacoa al Grupotel Valpara\u00edso","description":"Dijous de barbacoa al Grupotel Valpara\u00edso \/ Jueves de barbacoa al Grupotel Valpara\u00edso","robots":{"index":"index","follow":"follow","max-snippet":"max-snippet:-1","max-image-preview":"max-image-preview:large","max-video-preview":"max-video-preview:-1"},"canonical":"https:\/\/gastronomicament.cat\/es\/dijous-de-barbacoa-al-grupotel-valparaiso","og_locale":"es_ES","og_type":"article","og_title":"Dijous de barbacoa al Grupotel Valpara\u00edso","og_description":"Dijous de barbacoa al Grupotel Valpara\u00edso \/ Jueves de barbacoa al Grupotel Valpara\u00edso","og_url":"https:\/\/gastronomicament.cat\/es\/dijous-de-barbacoa-al-grupotel-valparaiso","og_site_name":"Gastron\u00f2micament","article_published_time":"2013-06-28T16:08:03+00:00","article_modified_time":"2022-04-09T10:02:03+00:00","og_image":[{"width":1628,"height":1196,"url":"https:\/\/gastronomicament.cat\/wp-content\/uploads\/2013\/06\/Barbacoa-Grupotel.jpg","type":"image\/jpeg"}],"author":"Redacci\u00f3","twitter_card":"summary_large_image","twitter_creator":"@gastronomicamen","twitter_site":"@gastronomicamen","twitter_misc":{"Escrito por":"Redacci\u00f3","Tiempo de lectura":"1 minuto","Written by":"Redacci\u00f3"},"schema":{"@context":"https:\/\/schema.org","@graph":[{"@type":"Article","@id":"https:\/\/gastronomicament.cat\/es\/dijous-de-barbacoa-al-grupotel-valparaiso#article","isPartOf":{"@id":"https:\/\/gastronomicament.cat\/es\/dijous-de-barbacoa-al-grupotel-valparaiso"},"author":{"name":"Redacci\u00f3","@id":"https:\/\/gastronomicament.cat\/es\/#\/schema\/person\/a7c85c537a1ed62799a5b8e0f686a37f"},"headline":"Dijous de barbacoa al Grupotel Valpara\u00edso","datePublished":"2013-06-28T16:08:03+00:00","dateModified":"2022-04-09T10:02:03+00:00","mainEntityOfPage":{"@id":"https:\/\/gastronomicament.cat\/es\/dijous-de-barbacoa-al-grupotel-valparaiso"},"wordCount":146,"commentCount":0,"publisher":{"@id":"https:\/\/gastronomicament.cat\/es\/#organization"},"image":{"@id":"https:\/\/gastronomicament.cat\/es\/dijous-de-barbacoa-al-grupotel-valparaiso#primaryimage"},"thumbnailUrl":"https:\/\/gastronomicament.cat\/wp-content\/uploads\/2013\/06\/Barbacoa-Grupotel.jpg","articleSection":["Actualitat"],"inLanguage":"es","potentialAction":[{"@type":"CommentAction","name":"Comment","target":["https:\/\/gastronomicament.cat\/es\/dijous-de-barbacoa-al-grupotel-valparaiso#respond"]}]},{"@type":"WebPage","@id":"https:\/\/gastronomicament.cat\/es\/dijous-de-barbacoa-al-grupotel-valparaiso","url":"https:\/\/gastronomicament.cat\/es\/dijous-de-barbacoa-al-grupotel-valparaiso","name":"Dijous de barbacoa al Grupotel Valpara\u00edso","isPartOf":{"@id":"https:\/\/gastronomicament.cat\/es\/#website"},"primaryImageOfPage":{"@id":"https:\/\/gastronomicament.cat\/es\/dijous-de-barbacoa-al-grupotel-valparaiso#primaryimage"},"image":{"@id":"https:\/\/gastronomicament.cat\/es\/dijous-de-barbacoa-al-grupotel-valparaiso#primaryimage"},"thumbnailUrl":"https:\/\/gastronomicament.cat\/wp-content\/uploads\/2013\/06\/Barbacoa-Grupotel.jpg","datePublished":"2013-06-28T16:08:03+00:00","dateModified":"2022-04-09T10:02:03+00:00","description":"Dijous de barbacoa al Grupotel Valpara\u00edso \/ Jueves de barbacoa al Grupotel Valpara\u00edso","inLanguage":"es","potentialAction":[{"@type":"ReadAction","target":["https:\/\/gastronomicament.cat\/es\/dijous-de-barbacoa-al-grupotel-valparaiso"]}]},{"@type":"ImageObject","inLanguage":"es","@id":"https:\/\/gastronomicament.cat\/es\/dijous-de-barbacoa-al-grupotel-valparaiso#primaryimage","url":"https:\/\/gastronomicament.cat\/wp-content\/uploads\/2013\/06\/Barbacoa-Grupotel.jpg","contentUrl":"https:\/\/gastronomicament.cat\/wp-content\/uploads\/2013\/06\/Barbacoa-Grupotel.jpg","width":1628,"height":1196},{"@type":"WebSite","@id":"https:\/\/gastronomicament.cat\/es\/#website","url":"https:\/\/gastronomicament.cat\/es\/","name":"Gastron\u00f2micament","description":"Portal de restaurants, receptes i actualitat gastron\u00f2mica","publisher":{"@id":"https:\/\/gastronomicament.cat\/es\/#organization"},"potentialAction":[{"@type":"SearchAction","target":{"@type":"EntryPoint","urlTemplate":"https:\/\/gastronomicament.cat\/es\/?s={search_term_string}"},"query-input":{"@type":"PropertyValueSpecification","valueRequired":true,"valueName":"search_term_string"}}],"inLanguage":"es"},{"@type":"Organization","@id":"https:\/\/gastronomicament.cat\/es\/#organization","name":"Gastron\u00f2micament","url":"https:\/\/gastronomicament.cat\/es\/","logo":{"@type":"ImageObject","inLanguage":"es","@id":"https:\/\/gastronomicament.cat\/es\/#\/schema\/logo\/image\/","url":"https:\/\/gastronomicament.cat\/wp-content\/uploads\/2016\/09\/header-logo.jpg","contentUrl":"https:\/\/gastronomicament.cat\/wp-content\/uploads\/2016\/09\/header-logo.jpg","width":277,"height":39,"caption":"Gastron\u00f2micament"},"image":{"@id":"https:\/\/gastronomicament.cat\/es\/#\/schema\/logo\/image\/"},"sameAs":["https:\/\/x.com\/gastronomicamen"]},{"@type":"Person","@id":"https:\/\/gastronomicament.cat\/es\/#\/schema\/person\/a7c85c537a1ed62799a5b8e0f686a37f","name":"Redacci\u00f3","image":{"@type":"ImageObject","inLanguage":"es","@id":"https:\/\/secure.gravatar.com\/avatar\/9489a485c464fd611d33825daae651d13db70c4e74c65c94937a15a9d4c3ee14?s=96&d=mm&r=g69fea3cce3645dfa2166e7293e22955e","url":"https:\/\/secure.gravatar.com\/avatar\/9489a485c464fd611d33825daae651d13db70c4e74c65c94937a15a9d4c3ee14?s=96&d=mm&r=g","contentUrl":"https:\/\/secure.gravatar.com\/avatar\/9489a485c464fd611d33825daae651d13db70c4e74c65c94937a15a9d4c3ee14?s=96&d=mm&r=g","caption":"Redacci\u00f3"},"sameAs":["http:\/\/gastronomicament.cat"],"url":"https:\/\/gastronomicament.cat\/es\/author\/admin"}]}},"_links":{"self":[{"href":"https:\/\/gastronomicament.cat\/es\/wp-json\/wp\/v2\/posts\/72739","targetHints":{"allow":["GET"]}}],"collection":[{"href":"https:\/\/gastronomicament.cat\/es\/wp-json\/wp\/v2\/posts"}],"about":[{"href":"https:\/\/gastronomicament.cat\/es\/wp-json\/wp\/v2\/types\/post"}],"author":[{"embeddable":true,"href":"https:\/\/gastronomicament.cat\/es\/wp-json\/wp\/v2\/users\/1"}],"replies":[{"embeddable":true,"href":"https:\/\/gastronomicament.cat\/es\/wp-json\/wp\/v2\/comments?post=72739"}],"version-history":[{"count":0,"href":"https:\/\/gastronomicament.cat\/es\/wp-json\/wp\/v2\/posts\/72739\/revisions"}],"wp:featuredmedia":[{"embeddable":true,"href":"https:\/\/gastronomicament.cat\/es\/wp-json\/wp\/v2\/media\/36903"}],"wp:attachment":[{"href":"https:\/\/gastronomicament.cat\/es\/wp-json\/wp\/v2\/media?parent=72739"}],"wp:term":[{"taxonomy":"category","embeddable":true,"href":"https:\/\/gastronomicament.cat\/es\/wp-json\/wp\/v2\/categories?post=72739"},{"taxonomy":"post_tag","embeddable":true,"href":"https:\/\/gastronomicament.cat\/es\/wp-json\/wp\/v2\/tags?post=72739"},{"taxonomy":"author","embeddable":true,"href":"https:\/\/gastronomicament.cat\/es\/wp-json\/wp\/v2\/coauthors?post=72739"}],"curies":[{"name":"wp","href":"https:\/\/api.w.org\/{rel}","templated":true}]}}