{"id":73616,"date":"2012-10-23T11:33:39","date_gmt":"2012-10-23T11:33:39","guid":{"rendered":"https:\/\/gastronomicament.cat\/fira-de-porreres-2012"},"modified":"2012-10-23T11:33:39","modified_gmt":"2012-10-23T11:33:39","slug":"fira-de-porreres-2012","status":"publish","type":"post","link":"https:\/\/gastronomicament.cat\/es\/fira-de-porreres-2012","title":{"rendered":"Fira de Porreres 2012"},"content":{"rendered":"<p style=\"text-align: justify;\"><em>La Fira de Porreres \u00e9s un dels actes m\u00e9s esperats del pla mallorqu\u00ed. En parlam amb la regidora de Comer\u00e7, Ind\u00fastria, Energia i Turisme, na Coloma Bover.<\/em><\/p>\n<p style=\"text-align: justify;\"><strong>&#8211; Quin significat t\u00e9 la Fira per a Porreres?<\/strong><br \/>\n&#8211; Aquesta \u00e9s l&#8217;\u00fanica fira que es fa al poble, pel que fa a fira tradicional, de tota la vida. Per a la gent del nostre municipi \u00e9s una data especial,per donar a con\u00e8ixer la gran varietat de producte local, producte de la nostra terra i al mateix temps gaudir d&#8217;un dia de tardor amb una passejadeta, berenar d&#8217;un variat asseguts a una terrasseta amb companyia dels de sempre.<\/p>\n<p style=\"text-align: justify;\"><strong>&#8211; Dia 27, a les 18.15 hores s&#8217;inaugura la Mostra de Productes Porrerencs. Per qu\u00e8 \u00e9s tan destacat aquest acte?<\/strong><br \/>\n&#8211; Perqu\u00e8 amb aquest acte donam a con\u00e8ixer la gran varietat i diversitat de productes que ofereix el nostre municipi. Productes d&#8217;aqu\u00ed, amb una gran qualitat i a bon preu. La gent de Porreres sempre s&#8217;ha caracteritzada per ser gent molt emprenedora i amb aquest acte, aquest sentiment es refor\u00e7a.<\/p>\n<p style=\"text-align: justify;\"><strong>&#8211; Qu\u00e8 trobarem dia 28 a la Fira, tant al migdia com al vespre?<\/strong><br \/>\n&#8211; La fira de Porreres es caracteritza perqu\u00e8 dura tot el dia. Es podran visitar nombrosos estands de venda, hem rebut devers 250 sol\u00b7licituds, tamb\u00e9 es poden visitar les diferents exposicions d&#8217;escultura i pintura que s&#8217;inauguren el divendres abans de la Fira (enguany n&#8217;hi ha 10 amb dos artistes porrerencs), com tamb\u00e9 podeu gaudir de molts d&#8217;actes musicals i culturals que es faran al llarg del dia com una ballada popular, una desfilada de moda de roba de pag\u00e9s dels segles XVII i XIX, els arpellots, teatre a l&#8217;audit\u00f2rium, i m\u00e9s al vespre concerts de grups porrerencs i disj\u00f2queis. Com a novetat, enguany podran visitar l&#8217;exposici\u00f3 d&#8217;eines del camp antigues que es far\u00e0 a l&#8217;escorxador, que d\u00f3na continu\u00eftat a l&#8217;exposici\u00f3 de cotxes antics, la mostra de cavalls i animals ex\u00f2tics, fira de construcci\u00f3, etc.<\/p>\n<p style=\"text-align: justify;\"><strong>&#8211; Altres actes destacats del programa de la Fira, no relacionats amb la gastronomia, s\u00f3n la Pujada a Monti-sion (dia 10 de novembre) o el concert de Mishima (dia 29 de novembre?<\/strong><br \/>\n&#8211; S\u00f3n molts el actes que fan part del programa de la fira, tots s\u00f3n de rellev\u00e0ncia dins el seu \u00e0mbit ja sigui musical, cultural o esportiu. \u00c9s un programa complet gr\u00e0cies a les entitats locals que fan un gran esfor\u00e7 per poder tenir gran diversitat d&#8217;activitats i un gran programa de fira, la qual cosa, ens omple d&#8217;orgull. Cal destacar, el tast de vi que es fa dia 26 amb la participaci\u00f3 de 16-20 vins de la DO Pla i Llevant, les Jornades d&#8217;Agricultura Ecol\u00f2gica, la cicloturistada, el taller de rosaris, la Mostra Folkl\u00f2rica, el teatre, etc.<\/p>\n<p style=\"text-align: justify;\"><strong>&#8211; Quins altres actes s&#8217;han organitzat en el marc de la Fira (Oktoberfest, etc.) i quina participaci\u00f3 han tingut?<\/strong><br \/>\n&#8211; El programa de la Fira, comen\u00e7a 15 dies abans i durant aquest temps, sobretot els caps de setmana, ja hem pogut gaudir de diferents actes com la torrada de les persones majors, escola de pares i mares, la trobada canina, els cursos d&#8217;agricultura organitzats per la cooperativa i molts m\u00e9s, als quals hi ha participat, com sempre, molta de gent.<\/p>\n<p style=\"text-align: justify;\"><strong>&#8211; Per qu\u00e8 hem de venir a gaudir de la Fira de Porreres?<\/strong><br \/>\n&#8211; Si voleu passar un diumenge diferent, veniu diumenge demat\u00ed a Porreres i aprofitau per estar-hi tot el dia.\u00a0 Podreu passejar acompanyats dels vostres familiars i amics, pels carrers de la vila, podreu comprar als nostres comer\u00e7os, seure a una terrasseta per gaudir de l&#8217;ambient i tamb\u00e9 de la bona gent del nostre municipi.<\/p>\n<h4 style=\"text-align: justify;\">Programa de la Fira de Porreres 2012:<\/h4>\n<p style=\"text-align: justify;\"><strong><img decoding=\"async\" class=\"alignright\" style=\"margin: 6px;\" title=\"Cartell Fira de Porreres 2012\" src=\"http:\/\/gastronomicament.cat\/wp-content\/uploads\/2012\/10\/cartell-2012.png\" alt=\"\" width=\"280\" height=\"561\" \/>Divendres 26 d&#8217;octubre<\/strong><br \/>\n20 hores. X Vi Tast del Pla i Llevant de Mallorca, a la Pla\u00e7a del Mol\u00ed de n&#8217;Amengual. En cas de mal temps es traslladar\u00e0 a l&#8217;Auditori Municipal.<\/p>\n<p style=\"text-align: justify;\">20.15 hores, concert de jazz a c\u00e0rrec de Jeg Trio, a la pla\u00e7a del Mol\u00ed de n&#8217;Amengual<\/p>\n<p style=\"text-align: justify;\"><strong>Dissabte 27\u00a0<strong>d&#8217;octubre<\/strong><\/strong><br \/>\n17 hores: Taller de rosaris, a l&#8217;Escola Nova<\/p>\n<p style=\"text-align: justify;\">18.15 hores: Inauguraci\u00f3 de la XVII Mostra de Productes Porrerencs, a la Pla\u00e7a de la Vila.<\/p>\n<p style=\"text-align: justify;\"><strong>Dissabte 28 <strong>d&#8217;octubre<\/strong>: Fira<\/strong><br \/>\n9.30 hores: Mostra d&#8217;animals al Mol\u00ed de n&#8217;Amengual<\/p>\n<p style=\"text-align: justify;\">A partir de les 10 hores: Obertura de la Fira, amb exposici\u00f3 de vespes, motos antigues, exposici\u00f3 d&#8217;eines antigues de foravila, jam session (10.30 h),\u00a0taller de percussi\u00f3 (11 h), ballada popular (12 h), etc.<\/p>\n<p style=\"text-align: justify;\">19 h. Arpellots Haveneres Band, bona m\u00fasica i rom per a tothom, a la Pla\u00e7a de la Vila.<\/p>\n<p style=\"text-align: justify;\"><strong>Diumenge 29 <strong>d&#8217;octubre<\/strong>: Fir\u00f3<\/strong><\/p>\n<p style=\"text-align: justify;\"><strong>Dijous 1 de novembre<\/strong><br \/>\n18.30 h Gloses per celebrar el 70\u00e8 aniversari d&#8217;Embotits Munar, amb Mateu <em>Xur\u00ed<\/em>, Maribel <em>Servereta<\/em> i Pere Joan <em>Pomer<\/em>.<\/p>\n<p style=\"text-align: justify;\"><strong>Dilluns 5<strong>\u00a0de novembre<\/strong><\/strong><br \/>\n19.30 hores: Escola de pares i mares, Fam\u00edlia i adolesc\u00e8ncia: Educaci\u00f3 per a la salut, actitud familiar front l&#8217;\u00fas i ab\u00fas de subst\u00e0ncies, a l&#8217;escorador municipal.<\/p>\n<p style=\"text-align: justify;\"><strong>Dissabte 10<strong>\u00a0de novembre<\/strong><\/strong><br \/>\nA les 10 hores: XXIX Pujada a Monti-sion. Inscripcions: mediambient@porreres.cat<\/p>\n<p style=\"text-align: justify;\">21 h: Concert d&#8217;Eima, a l&#8217;auditori municipal. 5 euros.<\/p>\n<p style=\"text-align: justify;\"><strong>Diumenge 11<strong>\u00a0de novembre<\/strong><\/strong><br \/>\nA les 10 hores: I Mitja Marat\u00f3 &#8216;sa Mitja&#8217;. Inscripcions a www.elitechip.net<\/p>\n<p style=\"text-align: justify;\"><strong>Dijous 29\u00a0<strong>\u00a0de novembre<\/strong><\/strong><br \/>\n21.30 hores: Concert de Mishima a l&#8217;auditori municipal. Preu: 15 euros anticipada \/ 20 euros a porta.<\/p>\n<p style=\"text-align: justify;\"><a title=\"Programa Fira de Porreres 2012\" href=\"http:\/\/www.porreres.cat\/wms\/ofo\/imgdb\/\/archivo_adj243903.pdf\" target=\"_blank\" rel=\"noopener\">Consultau el programa sencer.<\/a><\/p>\n","protected":false},"excerpt":{"rendered":"<p>La Fira de Porreres \u00e9s un dels actes m\u00e9s esperats del pla mallorqu\u00ed. En parlam amb la regidora de Comer\u00e7, Ind\u00fastria, Energia i Turisme, na Coloma Bover. &#8211; Quin significat t\u00e9 la Fira per a Porreres? &#8211; Aquesta \u00e9s l&#8217;\u00fanica fira que es fa al poble, pel que fa a fira tradicional, de tota la [&hellip;]<\/p>\n","protected":false},"author":1,"featured_media":36176,"comment_status":"closed","ping_status":"closed","sticky":false,"template":"","format":"standard","meta":{"_acf_changed":false,"_swt_meta_header_display":false,"_swt_meta_footer_display":false,"_swt_meta_site_title_display":false,"_swt_meta_sticky_header":false,"_swt_meta_transparent_header":false,"footnotes":""},"categories":[1003],"tags":[],"coauthors":[],"class_list":["post-73616","post","type-post","status-publish","format-standard","has-post-thumbnail","hentry","category-actualitat-es"],"acf":{"gallery":null,"home_date":{"home_begin_date":null,"home_end_date":null}},"yoast_head":"<!-- This site is optimized with the Yoast SEO plugin v27.4 - https:\/\/yoast.com\/product\/yoast-seo-wordpress\/ -->\n<title>Fira de Porreres 2012<\/title>\n<meta name=\"description\" content=\"Fira de Porreres 2012\" \/>\n<meta name=\"robots\" content=\"index, follow, max-snippet:-1, max-image-preview:large, max-video-preview:-1\" \/>\n<link rel=\"canonical\" href=\"https:\/\/gastronomicament.cat\/es\/fira-de-porreres-2012\" \/>\n<meta property=\"og:locale\" content=\"es_ES\" \/>\n<meta property=\"og:type\" content=\"article\" \/>\n<meta property=\"og:title\" content=\"Fira de Porreres 2012\" \/>\n<meta property=\"og:description\" content=\"Fira de Porreres 2012\" \/>\n<meta property=\"og:url\" content=\"https:\/\/gastronomicament.cat\/es\/fira-de-porreres-2012\" \/>\n<meta property=\"og:site_name\" content=\"Gastron\u00f2micament\" \/>\n<meta property=\"article:published_time\" content=\"2012-10-23T11:33:39+00:00\" \/>\n<meta property=\"og:image\" content=\"https:\/\/gastronomicament.cat\/wp-content\/uploads\/2012\/10\/entrevista-fira-porreres-2012.jpg\" \/>\n\t<meta property=\"og:image:width\" content=\"640\" \/>\n\t<meta property=\"og:image:height\" content=\"300\" \/>\n\t<meta property=\"og:image:type\" content=\"image\/jpeg\" \/>\n<meta name=\"author\" content=\"Redacci\u00f3\" \/>\n<meta name=\"twitter:card\" content=\"summary_large_image\" \/>\n<meta name=\"twitter:creator\" content=\"@gastronomicamen\" \/>\n<meta name=\"twitter:site\" content=\"@gastronomicamen\" \/>\n<meta name=\"twitter:label1\" content=\"Escrito por\" \/>\n\t<meta name=\"twitter:data1\" content=\"Redacci\u00f3\" \/>\n\t<meta name=\"twitter:label2\" content=\"Tiempo de lectura\" \/>\n\t<meta name=\"twitter:data2\" content=\"4 minutos\" \/>\n\t<meta name=\"twitter:label3\" content=\"Written by\" \/>\n\t<meta name=\"twitter:data3\" content=\"Redacci\u00f3\" \/>\n<script type=\"application\/ld+json\" class=\"yoast-schema-graph\">{\"@context\":\"https:\\\/\\\/schema.org\",\"@graph\":[{\"@type\":\"Article\",\"@id\":\"https:\\\/\\\/gastronomicament.cat\\\/es\\\/fira-de-porreres-2012#article\",\"isPartOf\":{\"@id\":\"https:\\\/\\\/gastronomicament.cat\\\/es\\\/fira-de-porreres-2012\"},\"author\":{\"name\":\"Redacci\u00f3\",\"@id\":\"https:\\\/\\\/gastronomicament.cat\\\/es\\\/#\\\/schema\\\/person\\\/a7c85c537a1ed62799a5b8e0f686a37f\"},\"headline\":\"Fira de Porreres 2012\",\"datePublished\":\"2012-10-23T11:33:39+00:00\",\"mainEntityOfPage\":{\"@id\":\"https:\\\/\\\/gastronomicament.cat\\\/es\\\/fira-de-porreres-2012\"},\"wordCount\":871,\"publisher\":{\"@id\":\"https:\\\/\\\/gastronomicament.cat\\\/es\\\/#organization\"},\"image\":{\"@id\":\"https:\\\/\\\/gastronomicament.cat\\\/es\\\/fira-de-porreres-2012#primaryimage\"},\"thumbnailUrl\":\"https:\\\/\\\/gastronomicament.cat\\\/wp-content\\\/uploads\\\/2012\\\/10\\\/entrevista-fira-porreres-2012.jpg\",\"articleSection\":[\"Actualitat\"],\"inLanguage\":\"es\"},{\"@type\":\"WebPage\",\"@id\":\"https:\\\/\\\/gastronomicament.cat\\\/es\\\/fira-de-porreres-2012\",\"url\":\"https:\\\/\\\/gastronomicament.cat\\\/es\\\/fira-de-porreres-2012\",\"name\":\"Fira de Porreres 2012\",\"isPartOf\":{\"@id\":\"https:\\\/\\\/gastronomicament.cat\\\/es\\\/#website\"},\"primaryImageOfPage\":{\"@id\":\"https:\\\/\\\/gastronomicament.cat\\\/es\\\/fira-de-porreres-2012#primaryimage\"},\"image\":{\"@id\":\"https:\\\/\\\/gastronomicament.cat\\\/es\\\/fira-de-porreres-2012#primaryimage\"},\"thumbnailUrl\":\"https:\\\/\\\/gastronomicament.cat\\\/wp-content\\\/uploads\\\/2012\\\/10\\\/entrevista-fira-porreres-2012.jpg\",\"datePublished\":\"2012-10-23T11:33:39+00:00\",\"description\":\"Fira de Porreres 2012\",\"inLanguage\":\"es\",\"potentialAction\":[{\"@type\":\"ReadAction\",\"target\":[\"https:\\\/\\\/gastronomicament.cat\\\/es\\\/fira-de-porreres-2012\"]}]},{\"@type\":\"ImageObject\",\"inLanguage\":\"es\",\"@id\":\"https:\\\/\\\/gastronomicament.cat\\\/es\\\/fira-de-porreres-2012#primaryimage\",\"url\":\"https:\\\/\\\/gastronomicament.cat\\\/wp-content\\\/uploads\\\/2012\\\/10\\\/entrevista-fira-porreres-2012.jpg\",\"contentUrl\":\"https:\\\/\\\/gastronomicament.cat\\\/wp-content\\\/uploads\\\/2012\\\/10\\\/entrevista-fira-porreres-2012.jpg\",\"width\":640,\"height\":300,\"caption\":\"Entrevista a na Coloma Bover. Fira de Porreres 2012\"},{\"@type\":\"WebSite\",\"@id\":\"https:\\\/\\\/gastronomicament.cat\\\/es\\\/#website\",\"url\":\"https:\\\/\\\/gastronomicament.cat\\\/es\\\/\",\"name\":\"Gastron\u00f2micament\",\"description\":\"Portal de restaurants, receptes i actualitat gastron\u00f2mica\",\"publisher\":{\"@id\":\"https:\\\/\\\/gastronomicament.cat\\\/es\\\/#organization\"},\"potentialAction\":[{\"@type\":\"SearchAction\",\"target\":{\"@type\":\"EntryPoint\",\"urlTemplate\":\"https:\\\/\\\/gastronomicament.cat\\\/es\\\/?s={search_term_string}\"},\"query-input\":{\"@type\":\"PropertyValueSpecification\",\"valueRequired\":true,\"valueName\":\"search_term_string\"}}],\"inLanguage\":\"es\"},{\"@type\":\"Organization\",\"@id\":\"https:\\\/\\\/gastronomicament.cat\\\/es\\\/#organization\",\"name\":\"Gastron\u00f2micament\",\"url\":\"https:\\\/\\\/gastronomicament.cat\\\/es\\\/\",\"logo\":{\"@type\":\"ImageObject\",\"inLanguage\":\"es\",\"@id\":\"https:\\\/\\\/gastronomicament.cat\\\/es\\\/#\\\/schema\\\/logo\\\/image\\\/\",\"url\":\"https:\\\/\\\/gastronomicament.cat\\\/wp-content\\\/uploads\\\/2016\\\/09\\\/header-logo.jpg\",\"contentUrl\":\"https:\\\/\\\/gastronomicament.cat\\\/wp-content\\\/uploads\\\/2016\\\/09\\\/header-logo.jpg\",\"width\":277,\"height\":39,\"caption\":\"Gastron\u00f2micament\"},\"image\":{\"@id\":\"https:\\\/\\\/gastronomicament.cat\\\/es\\\/#\\\/schema\\\/logo\\\/image\\\/\"},\"sameAs\":[\"https:\\\/\\\/x.com\\\/gastronomicamen\"]},{\"@type\":\"Person\",\"@id\":\"https:\\\/\\\/gastronomicament.cat\\\/es\\\/#\\\/schema\\\/person\\\/a7c85c537a1ed62799a5b8e0f686a37f\",\"name\":\"Redacci\u00f3\",\"image\":{\"@type\":\"ImageObject\",\"inLanguage\":\"es\",\"@id\":\"https:\\\/\\\/secure.gravatar.com\\\/avatar\\\/9489a485c464fd611d33825daae651d13db70c4e74c65c94937a15a9d4c3ee14?s=96&d=mm&r=g69fea3cce3645dfa2166e7293e22955e\",\"url\":\"https:\\\/\\\/secure.gravatar.com\\\/avatar\\\/9489a485c464fd611d33825daae651d13db70c4e74c65c94937a15a9d4c3ee14?s=96&d=mm&r=g\",\"contentUrl\":\"https:\\\/\\\/secure.gravatar.com\\\/avatar\\\/9489a485c464fd611d33825daae651d13db70c4e74c65c94937a15a9d4c3ee14?s=96&d=mm&r=g\",\"caption\":\"Redacci\u00f3\"},\"sameAs\":[\"http:\\\/\\\/gastronomicament.cat\"],\"url\":\"https:\\\/\\\/gastronomicament.cat\\\/es\\\/author\\\/admin\"}]}<\/script>\n<!-- \/ Yoast SEO plugin. -->","yoast_head_json":{"title":"Fira de Porreres 2012","description":"Fira de Porreres 2012","robots":{"index":"index","follow":"follow","max-snippet":"max-snippet:-1","max-image-preview":"max-image-preview:large","max-video-preview":"max-video-preview:-1"},"canonical":"https:\/\/gastronomicament.cat\/es\/fira-de-porreres-2012","og_locale":"es_ES","og_type":"article","og_title":"Fira de Porreres 2012","og_description":"Fira de Porreres 2012","og_url":"https:\/\/gastronomicament.cat\/es\/fira-de-porreres-2012","og_site_name":"Gastron\u00f2micament","article_published_time":"2012-10-23T11:33:39+00:00","og_image":[{"width":640,"height":300,"url":"https:\/\/gastronomicament.cat\/wp-content\/uploads\/2012\/10\/entrevista-fira-porreres-2012.jpg","type":"image\/jpeg"}],"author":"Redacci\u00f3","twitter_card":"summary_large_image","twitter_creator":"@gastronomicamen","twitter_site":"@gastronomicamen","twitter_misc":{"Escrito por":"Redacci\u00f3","Tiempo de lectura":"4 minutos","Written by":"Redacci\u00f3"},"schema":{"@context":"https:\/\/schema.org","@graph":[{"@type":"Article","@id":"https:\/\/gastronomicament.cat\/es\/fira-de-porreres-2012#article","isPartOf":{"@id":"https:\/\/gastronomicament.cat\/es\/fira-de-porreres-2012"},"author":{"name":"Redacci\u00f3","@id":"https:\/\/gastronomicament.cat\/es\/#\/schema\/person\/a7c85c537a1ed62799a5b8e0f686a37f"},"headline":"Fira de Porreres 2012","datePublished":"2012-10-23T11:33:39+00:00","mainEntityOfPage":{"@id":"https:\/\/gastronomicament.cat\/es\/fira-de-porreres-2012"},"wordCount":871,"publisher":{"@id":"https:\/\/gastronomicament.cat\/es\/#organization"},"image":{"@id":"https:\/\/gastronomicament.cat\/es\/fira-de-porreres-2012#primaryimage"},"thumbnailUrl":"https:\/\/gastronomicament.cat\/wp-content\/uploads\/2012\/10\/entrevista-fira-porreres-2012.jpg","articleSection":["Actualitat"],"inLanguage":"es"},{"@type":"WebPage","@id":"https:\/\/gastronomicament.cat\/es\/fira-de-porreres-2012","url":"https:\/\/gastronomicament.cat\/es\/fira-de-porreres-2012","name":"Fira de Porreres 2012","isPartOf":{"@id":"https:\/\/gastronomicament.cat\/es\/#website"},"primaryImageOfPage":{"@id":"https:\/\/gastronomicament.cat\/es\/fira-de-porreres-2012#primaryimage"},"image":{"@id":"https:\/\/gastronomicament.cat\/es\/fira-de-porreres-2012#primaryimage"},"thumbnailUrl":"https:\/\/gastronomicament.cat\/wp-content\/uploads\/2012\/10\/entrevista-fira-porreres-2012.jpg","datePublished":"2012-10-23T11:33:39+00:00","description":"Fira de Porreres 2012","inLanguage":"es","potentialAction":[{"@type":"ReadAction","target":["https:\/\/gastronomicament.cat\/es\/fira-de-porreres-2012"]}]},{"@type":"ImageObject","inLanguage":"es","@id":"https:\/\/gastronomicament.cat\/es\/fira-de-porreres-2012#primaryimage","url":"https:\/\/gastronomicament.cat\/wp-content\/uploads\/2012\/10\/entrevista-fira-porreres-2012.jpg","contentUrl":"https:\/\/gastronomicament.cat\/wp-content\/uploads\/2012\/10\/entrevista-fira-porreres-2012.jpg","width":640,"height":300,"caption":"Entrevista a na Coloma Bover. Fira de Porreres 2012"},{"@type":"WebSite","@id":"https:\/\/gastronomicament.cat\/es\/#website","url":"https:\/\/gastronomicament.cat\/es\/","name":"Gastron\u00f2micament","description":"Portal de restaurants, receptes i actualitat gastron\u00f2mica","publisher":{"@id":"https:\/\/gastronomicament.cat\/es\/#organization"},"potentialAction":[{"@type":"SearchAction","target":{"@type":"EntryPoint","urlTemplate":"https:\/\/gastronomicament.cat\/es\/?s={search_term_string}"},"query-input":{"@type":"PropertyValueSpecification","valueRequired":true,"valueName":"search_term_string"}}],"inLanguage":"es"},{"@type":"Organization","@id":"https:\/\/gastronomicament.cat\/es\/#organization","name":"Gastron\u00f2micament","url":"https:\/\/gastronomicament.cat\/es\/","logo":{"@type":"ImageObject","inLanguage":"es","@id":"https:\/\/gastronomicament.cat\/es\/#\/schema\/logo\/image\/","url":"https:\/\/gastronomicament.cat\/wp-content\/uploads\/2016\/09\/header-logo.jpg","contentUrl":"https:\/\/gastronomicament.cat\/wp-content\/uploads\/2016\/09\/header-logo.jpg","width":277,"height":39,"caption":"Gastron\u00f2micament"},"image":{"@id":"https:\/\/gastronomicament.cat\/es\/#\/schema\/logo\/image\/"},"sameAs":["https:\/\/x.com\/gastronomicamen"]},{"@type":"Person","@id":"https:\/\/gastronomicament.cat\/es\/#\/schema\/person\/a7c85c537a1ed62799a5b8e0f686a37f","name":"Redacci\u00f3","image":{"@type":"ImageObject","inLanguage":"es","@id":"https:\/\/secure.gravatar.com\/avatar\/9489a485c464fd611d33825daae651d13db70c4e74c65c94937a15a9d4c3ee14?s=96&d=mm&r=g69fea3cce3645dfa2166e7293e22955e","url":"https:\/\/secure.gravatar.com\/avatar\/9489a485c464fd611d33825daae651d13db70c4e74c65c94937a15a9d4c3ee14?s=96&d=mm&r=g","contentUrl":"https:\/\/secure.gravatar.com\/avatar\/9489a485c464fd611d33825daae651d13db70c4e74c65c94937a15a9d4c3ee14?s=96&d=mm&r=g","caption":"Redacci\u00f3"},"sameAs":["http:\/\/gastronomicament.cat"],"url":"https:\/\/gastronomicament.cat\/es\/author\/admin"}]}},"_links":{"self":[{"href":"https:\/\/gastronomicament.cat\/es\/wp-json\/wp\/v2\/posts\/73616","targetHints":{"allow":["GET"]}}],"collection":[{"href":"https:\/\/gastronomicament.cat\/es\/wp-json\/wp\/v2\/posts"}],"about":[{"href":"https:\/\/gastronomicament.cat\/es\/wp-json\/wp\/v2\/types\/post"}],"author":[{"embeddable":true,"href":"https:\/\/gastronomicament.cat\/es\/wp-json\/wp\/v2\/users\/1"}],"replies":[{"embeddable":true,"href":"https:\/\/gastronomicament.cat\/es\/wp-json\/wp\/v2\/comments?post=73616"}],"version-history":[{"count":0,"href":"https:\/\/gastronomicament.cat\/es\/wp-json\/wp\/v2\/posts\/73616\/revisions"}],"wp:featuredmedia":[{"embeddable":true,"href":"https:\/\/gastronomicament.cat\/es\/wp-json\/wp\/v2\/media\/36176"}],"wp:attachment":[{"href":"https:\/\/gastronomicament.cat\/es\/wp-json\/wp\/v2\/media?parent=73616"}],"wp:term":[{"taxonomy":"category","embeddable":true,"href":"https:\/\/gastronomicament.cat\/es\/wp-json\/wp\/v2\/categories?post=73616"},{"taxonomy":"post_tag","embeddable":true,"href":"https:\/\/gastronomicament.cat\/es\/wp-json\/wp\/v2\/tags?post=73616"},{"taxonomy":"author","embeddable":true,"href":"https:\/\/gastronomicament.cat\/es\/wp-json\/wp\/v2\/coauthors?post=73616"}],"curies":[{"name":"wp","href":"https:\/\/api.w.org\/{rel}","templated":true}]}}