{"id":79991,"date":"2022-12-13T09:52:22","date_gmt":"2022-12-13T08:52:22","guid":{"rendered":"https:\/\/gastronomicament.cat\/la-do-oli-de-mallorca-i-lidisba-col%c2%b7laboren-en-una-recerca-per-a-pacients-amb-endometriosi"},"modified":"2022-12-13T09:52:22","modified_gmt":"2022-12-13T08:52:22","slug":"la-do-oli-de-mallorca-i-lidisba-col%c2%b7laboren-en-una-recerca-per-a-pacients-amb-endometriosi","status":"publish","type":"post","link":"https:\/\/gastronomicament.cat\/es\/la-do-oli-de-mallorca-i-lidisba-col%c2%b7laboren-en-una-recerca-per-a-pacients-amb-endometriosi","title":{"rendered":"La DO Oli de Mallorca i l&#8217;IDISBA col\u00b7laboren en una recerca per a pacients amb endometriosi"},"content":{"rendered":"<p>La denominaci\u00f3 d&#8217;origen<strong> Oli de Mallorca<\/strong> i la Fundaci\u00f3 Institut d&#8217;Investigaci\u00f3 Sanit\u00e0ria Illes Balears (<strong>IDISBA<\/strong>) han signat un conveni de col\u00b7laboraci\u00f3 mitjan\u00e7ant el qual el consell regulador <strong>aportar\u00e0 gratu\u00eftament l&#8217;oli d&#8217;oliva verge extra<\/strong> necessari per comprovar els beneficis derivats del seu consum en dones amb diagn\u00f2stic d&#8217;endometriosi en el marc del projecte de recerca ENDODIET, dirigit per la doctora Pia Espa\u00f1ol.<\/p>\n<p><strong>Qu\u00e8 \u00e9s l&#8217;endometriosi?<br \/>\n<\/strong>Segons estimacions de l&#8217;Organitzaci\u00f3 Mundial de la Salut (OMS), l&#8217;endometriosi afecta el 10% de les dones i nines en edat reproductiva de tot el m\u00f3n. Una <strong>malaltia de car\u00e0cter cr\u00f2nic <\/strong>amb una \u00e0mplia diversitat de s\u00edmptomes que dificulten el seu diagn\u00f2stic i, per tant, el seu tractament. El fet que la <strong>dieta mediterr\u00e0nia<\/strong>, i en concret la ingesta rutin\u00e0ria d&#8217;oli d&#8217;oliva verge extra, tingui efectes saludables, inclosa la disminuci\u00f3 de la prevalen\u00e7a de determinades malalties justifiquen una recerca espec\u00edfica i experimental per testar la possibilitat que entre els beneficis generals esmentats, es trobi una disminuci\u00f3 de la simptomatologia de l&#8217;endometriosi.<\/p>\n<p>Resultat d&#8217;<strong>estudis previs<\/strong> sobre altres malalties <strong>s&#8217;han comprovat els efectes antiinflamatoris i antioxidants de la ingesta d&#8217;oli d&#8217;oliva verge extra<\/strong>, l&#8217;objectiu d&#8217;ENDODIET\u00a0\u00e9s el de determinar la seva efectivitat espec\u00edficament en les pacients que pateixen d&#8217;endometriosi.<\/p>\n<p>A la signatura del conveni, hi han assistit Mae de la Concha, consellera d&#8217;Agricultura, Pesca i Alimentaci\u00f3; Asunci\u00f3n S\u00e1nchez, directora general de Recerca en Salut, Formaci\u00f3 i Acreditaci\u00f3; Octavi C\u00f3rdoba, cap de Ginecologia i Obstetr\u00edcia de l&#8217;Hospital de Son Espases; Miquel Fiol, director cient\u00edfic de l&#8217;IDISBA; i Pilar Roca, responsable del grup de recerca multidisciplinar d\u2019oncologia translacional de la Universitat de les Illes Balears.<\/p>\n","protected":false},"excerpt":{"rendered":"<p>L\u2019objecte del projecte \u00e9s avaluar els possibles beneficis del consum d\u2019Oli d\u2019Oliva Verge Extra per la&hellip;<\/p>\n","protected":false},"author":1,"featured_media":79987,"comment_status":"open","ping_status":"closed","sticky":false,"template":"","format":"gallery","meta":{"_acf_changed":false,"_swt_meta_header_display":false,"_swt_meta_footer_display":false,"_swt_meta_site_title_display":false,"_swt_meta_sticky_header":false,"_swt_meta_transparent_header":false,"footnotes":""},"categories":[1003,1477],"tags":[],"coauthors":[2053],"class_list":["post-79991","post","type-post","status-publish","format-gallery","has-post-thumbnail","hentry","category-actualitat-es","category-reportatges-i-novetats-es","post_format-post-format-gallery"],"acf":{"gallery":null,"home_date":{"home_begin_date":null,"home_end_date":null}},"yoast_head":"<!-- This site is optimized with the Yoast SEO plugin v27.4 - https:\/\/yoast.com\/product\/yoast-seo-wordpress\/ -->\n<title>La DO Oli de Mallorca i l&#039;IDISBA col\u00b7laboren en una recerca per a pacients amb endometriosi - Gastron\u00f2micament<\/title>\n<meta name=\"description\" content=\"La DO Oli de Mallorca i l&#039;IDISBA col\u00b7laboren en una recerca per a pacients amb endometriosi Actualitat, Reportatges i novetats L\u2019objecte del projecte \u00e9s avaluar els possibles beneficis del consum d\u2019Oli d\u2019Oliva Verge Extra per la disminuci\u00f3 dels s\u00edmptomes derivats de l\u2019endometriosi, malaltia cr\u00f2nica que pateixen un 10% de les dones i nines en edat reproductiva del m\u00f3n\" \/>\n<meta name=\"robots\" content=\"index, follow, max-snippet:-1, max-image-preview:large, max-video-preview:-1\" \/>\n<link rel=\"canonical\" href=\"https:\/\/gastronomicament.cat\/es\/la-do-oli-de-mallorca-i-lidisba-col\u00b7laboren-en-una-recerca-per-a-pacients-amb-endometriosi\" \/>\n<meta property=\"og:locale\" content=\"es_ES\" \/>\n<meta property=\"og:type\" content=\"article\" \/>\n<meta property=\"og:title\" content=\"La DO Oli de Mallorca i l&#039;IDISBA col\u00b7laboren en una recerca per a pacients amb endometriosi - Gastron\u00f2micament\" \/>\n<meta property=\"og:description\" content=\"La DO Oli de Mallorca i l&#039;IDISBA col\u00b7laboren en una recerca per a pacients amb endometriosi Actualitat, Reportatges i novetats L\u2019objecte del projecte \u00e9s avaluar els possibles beneficis del consum d\u2019Oli d\u2019Oliva Verge Extra per la disminuci\u00f3 dels s\u00edmptomes derivats de l\u2019endometriosi, malaltia cr\u00f2nica que pateixen un 10% de les dones i nines en edat reproductiva del m\u00f3n\" \/>\n<meta property=\"og:url\" content=\"https:\/\/gastronomicament.cat\/es\/la-do-oli-de-mallorca-i-lidisba-col\u00b7laboren-en-una-recerca-per-a-pacients-amb-endometriosi\" \/>\n<meta property=\"og:site_name\" content=\"Gastron\u00f2micament\" \/>\n<meta property=\"article:published_time\" content=\"2022-12-13T08:52:22+00:00\" \/>\n<meta property=\"og:image\" content=\"https:\/\/gastronomicament.cat\/wp-content\/uploads\/2022\/12\/Conveni-ENDODIET-2.jpg\" \/>\n\t<meta property=\"og:image:width\" content=\"1200\" \/>\n\t<meta property=\"og:image:height\" content=\"634\" \/>\n\t<meta property=\"og:image:type\" content=\"image\/jpeg\" \/>\n<meta name=\"author\" content=\"Redacci\u00f3\" \/>\n<meta name=\"twitter:card\" content=\"summary_large_image\" \/>\n<meta name=\"twitter:creator\" content=\"@gastronomicamen\" \/>\n<meta name=\"twitter:site\" content=\"@gastronomicamen\" \/>\n<meta name=\"twitter:label1\" content=\"Escrito por\" \/>\n\t<meta name=\"twitter:data1\" content=\"Redacci\u00f3\" \/>\n\t<meta name=\"twitter:label2\" content=\"Tiempo de lectura\" \/>\n\t<meta name=\"twitter:data2\" content=\"2 minutos\" \/>\n\t<meta name=\"twitter:label3\" content=\"Written by\" \/>\n\t<meta name=\"twitter:data3\" content=\"Redacci\u00f3\" \/>\n<script type=\"application\/ld+json\" class=\"yoast-schema-graph\">{\"@context\":\"https:\\\/\\\/schema.org\",\"@graph\":[{\"@type\":\"Article\",\"@id\":\"https:\\\/\\\/gastronomicament.cat\\\/es\\\/la-do-oli-de-mallorca-i-lidisba-col%c2%b7laboren-en-una-recerca-per-a-pacients-amb-endometriosi#article\",\"isPartOf\":{\"@id\":\"https:\\\/\\\/gastronomicament.cat\\\/es\\\/la-do-oli-de-mallorca-i-lidisba-col%c2%b7laboren-en-una-recerca-per-a-pacients-amb-endometriosi\"},\"author\":{\"name\":\"Redacci\u00f3\",\"@id\":\"https:\\\/\\\/gastronomicament.cat\\\/es\\\/#\\\/schema\\\/person\\\/a7c85c537a1ed62799a5b8e0f686a37f\"},\"headline\":\"La DO Oli de Mallorca i l&#8217;IDISBA col\u00b7laboren en una recerca per a pacients amb endometriosi\",\"datePublished\":\"2022-12-13T08:52:22+00:00\",\"mainEntityOfPage\":{\"@id\":\"https:\\\/\\\/gastronomicament.cat\\\/es\\\/la-do-oli-de-mallorca-i-lidisba-col%c2%b7laboren-en-una-recerca-per-a-pacients-amb-endometriosi\"},\"wordCount\":302,\"commentCount\":0,\"publisher\":{\"@id\":\"https:\\\/\\\/gastronomicament.cat\\\/es\\\/#organization\"},\"image\":{\"@id\":\"https:\\\/\\\/gastronomicament.cat\\\/es\\\/la-do-oli-de-mallorca-i-lidisba-col%c2%b7laboren-en-una-recerca-per-a-pacients-amb-endometriosi#primaryimage\"},\"thumbnailUrl\":\"https:\\\/\\\/gastronomicament.cat\\\/wp-content\\\/uploads\\\/2022\\\/12\\\/Conveni-ENDODIET-2.jpg\",\"articleSection\":[\"Actualitat\",\"Reportatges i novetats\"],\"inLanguage\":\"es\",\"potentialAction\":[{\"@type\":\"CommentAction\",\"name\":\"Comment\",\"target\":[\"https:\\\/\\\/gastronomicament.cat\\\/es\\\/la-do-oli-de-mallorca-i-lidisba-col%c2%b7laboren-en-una-recerca-per-a-pacients-amb-endometriosi#respond\"]}]},{\"@type\":\"WebPage\",\"@id\":\"https:\\\/\\\/gastronomicament.cat\\\/es\\\/la-do-oli-de-mallorca-i-lidisba-col%c2%b7laboren-en-una-recerca-per-a-pacients-amb-endometriosi\",\"url\":\"https:\\\/\\\/gastronomicament.cat\\\/es\\\/la-do-oli-de-mallorca-i-lidisba-col%c2%b7laboren-en-una-recerca-per-a-pacients-amb-endometriosi\",\"name\":\"La DO Oli de Mallorca i l'IDISBA col\u00b7laboren en una recerca per a pacients amb endometriosi - Gastron\u00f2micament\",\"isPartOf\":{\"@id\":\"https:\\\/\\\/gastronomicament.cat\\\/es\\\/#website\"},\"primaryImageOfPage\":{\"@id\":\"https:\\\/\\\/gastronomicament.cat\\\/es\\\/la-do-oli-de-mallorca-i-lidisba-col%c2%b7laboren-en-una-recerca-per-a-pacients-amb-endometriosi#primaryimage\"},\"image\":{\"@id\":\"https:\\\/\\\/gastronomicament.cat\\\/es\\\/la-do-oli-de-mallorca-i-lidisba-col%c2%b7laboren-en-una-recerca-per-a-pacients-amb-endometriosi#primaryimage\"},\"thumbnailUrl\":\"https:\\\/\\\/gastronomicament.cat\\\/wp-content\\\/uploads\\\/2022\\\/12\\\/Conveni-ENDODIET-2.jpg\",\"datePublished\":\"2022-12-13T08:52:22+00:00\",\"description\":\"La DO Oli de Mallorca i l'IDISBA col\u00b7laboren en una recerca per a pacients amb endometriosi Actualitat, Reportatges i novetats L\u2019objecte del projecte \u00e9s avaluar els possibles beneficis del consum d\u2019Oli d\u2019Oliva Verge Extra per la disminuci\u00f3 dels s\u00edmptomes derivats de l\u2019endometriosi, malaltia cr\u00f2nica que pateixen un 10% de les dones i nines en edat reproductiva del m\u00f3n\",\"inLanguage\":\"es\",\"potentialAction\":[{\"@type\":\"ReadAction\",\"target\":[\"https:\\\/\\\/gastronomicament.cat\\\/es\\\/la-do-oli-de-mallorca-i-lidisba-col%c2%b7laboren-en-una-recerca-per-a-pacients-amb-endometriosi\"]}]},{\"@type\":\"ImageObject\",\"inLanguage\":\"es\",\"@id\":\"https:\\\/\\\/gastronomicament.cat\\\/es\\\/la-do-oli-de-mallorca-i-lidisba-col%c2%b7laboren-en-una-recerca-per-a-pacients-amb-endometriosi#primaryimage\",\"url\":\"https:\\\/\\\/gastronomicament.cat\\\/wp-content\\\/uploads\\\/2022\\\/12\\\/Conveni-ENDODIET-2.jpg\",\"contentUrl\":\"https:\\\/\\\/gastronomicament.cat\\\/wp-content\\\/uploads\\\/2022\\\/12\\\/Conveni-ENDODIET-2.jpg\",\"width\":1200,\"height\":634},{\"@type\":\"WebSite\",\"@id\":\"https:\\\/\\\/gastronomicament.cat\\\/es\\\/#website\",\"url\":\"https:\\\/\\\/gastronomicament.cat\\\/es\\\/\",\"name\":\"Gastron\u00f2micament\",\"description\":\"Portal de restaurants, receptes i actualitat gastron\u00f2mica\",\"publisher\":{\"@id\":\"https:\\\/\\\/gastronomicament.cat\\\/es\\\/#organization\"},\"potentialAction\":[{\"@type\":\"SearchAction\",\"target\":{\"@type\":\"EntryPoint\",\"urlTemplate\":\"https:\\\/\\\/gastronomicament.cat\\\/es\\\/?s={search_term_string}\"},\"query-input\":{\"@type\":\"PropertyValueSpecification\",\"valueRequired\":true,\"valueName\":\"search_term_string\"}}],\"inLanguage\":\"es\"},{\"@type\":\"Organization\",\"@id\":\"https:\\\/\\\/gastronomicament.cat\\\/es\\\/#organization\",\"name\":\"Gastron\u00f2micament\",\"url\":\"https:\\\/\\\/gastronomicament.cat\\\/es\\\/\",\"logo\":{\"@type\":\"ImageObject\",\"inLanguage\":\"es\",\"@id\":\"https:\\\/\\\/gastronomicament.cat\\\/es\\\/#\\\/schema\\\/logo\\\/image\\\/\",\"url\":\"https:\\\/\\\/gastronomicament.cat\\\/wp-content\\\/uploads\\\/2016\\\/09\\\/header-logo.jpg\",\"contentUrl\":\"https:\\\/\\\/gastronomicament.cat\\\/wp-content\\\/uploads\\\/2016\\\/09\\\/header-logo.jpg\",\"width\":277,\"height\":39,\"caption\":\"Gastron\u00f2micament\"},\"image\":{\"@id\":\"https:\\\/\\\/gastronomicament.cat\\\/es\\\/#\\\/schema\\\/logo\\\/image\\\/\"},\"sameAs\":[\"https:\\\/\\\/x.com\\\/gastronomicamen\"]},{\"@type\":\"Person\",\"@id\":\"https:\\\/\\\/gastronomicament.cat\\\/es\\\/#\\\/schema\\\/person\\\/a7c85c537a1ed62799a5b8e0f686a37f\",\"name\":\"Redacci\u00f3\",\"image\":{\"@type\":\"ImageObject\",\"inLanguage\":\"es\",\"@id\":\"https:\\\/\\\/secure.gravatar.com\\\/avatar\\\/9489a485c464fd611d33825daae651d13db70c4e74c65c94937a15a9d4c3ee14?s=96&d=mm&r=g69fea3cce3645dfa2166e7293e22955e\",\"url\":\"https:\\\/\\\/secure.gravatar.com\\\/avatar\\\/9489a485c464fd611d33825daae651d13db70c4e74c65c94937a15a9d4c3ee14?s=96&d=mm&r=g\",\"contentUrl\":\"https:\\\/\\\/secure.gravatar.com\\\/avatar\\\/9489a485c464fd611d33825daae651d13db70c4e74c65c94937a15a9d4c3ee14?s=96&d=mm&r=g\",\"caption\":\"Redacci\u00f3\"},\"sameAs\":[\"http:\\\/\\\/gastronomicament.cat\"],\"url\":\"https:\\\/\\\/gastronomicament.cat\\\/es\\\/author\\\/admin\"}]}<\/script>\n<!-- \/ Yoast SEO plugin. -->","yoast_head_json":{"title":"La DO Oli de Mallorca i l'IDISBA col\u00b7laboren en una recerca per a pacients amb endometriosi - Gastron\u00f2micament","description":"La DO Oli de Mallorca i l'IDISBA col\u00b7laboren en una recerca per a pacients amb endometriosi Actualitat, Reportatges i novetats L\u2019objecte del projecte \u00e9s avaluar els possibles beneficis del consum d\u2019Oli d\u2019Oliva Verge Extra per la disminuci\u00f3 dels s\u00edmptomes derivats de l\u2019endometriosi, malaltia cr\u00f2nica que pateixen un 10% de les dones i nines en edat reproductiva del m\u00f3n","robots":{"index":"index","follow":"follow","max-snippet":"max-snippet:-1","max-image-preview":"max-image-preview:large","max-video-preview":"max-video-preview:-1"},"canonical":"https:\/\/gastronomicament.cat\/es\/la-do-oli-de-mallorca-i-lidisba-col\u00b7laboren-en-una-recerca-per-a-pacients-amb-endometriosi","og_locale":"es_ES","og_type":"article","og_title":"La DO Oli de Mallorca i l'IDISBA col\u00b7laboren en una recerca per a pacients amb endometriosi - Gastron\u00f2micament","og_description":"La DO Oli de Mallorca i l'IDISBA col\u00b7laboren en una recerca per a pacients amb endometriosi Actualitat, Reportatges i novetats L\u2019objecte del projecte \u00e9s avaluar els possibles beneficis del consum d\u2019Oli d\u2019Oliva Verge Extra per la disminuci\u00f3 dels s\u00edmptomes derivats de l\u2019endometriosi, malaltia cr\u00f2nica que pateixen un 10% de les dones i nines en edat reproductiva del m\u00f3n","og_url":"https:\/\/gastronomicament.cat\/es\/la-do-oli-de-mallorca-i-lidisba-col\u00b7laboren-en-una-recerca-per-a-pacients-amb-endometriosi","og_site_name":"Gastron\u00f2micament","article_published_time":"2022-12-13T08:52:22+00:00","og_image":[{"width":1200,"height":634,"url":"https:\/\/gastronomicament.cat\/wp-content\/uploads\/2022\/12\/Conveni-ENDODIET-2.jpg","type":"image\/jpeg"}],"author":"Redacci\u00f3","twitter_card":"summary_large_image","twitter_creator":"@gastronomicamen","twitter_site":"@gastronomicamen","twitter_misc":{"Escrito por":"Redacci\u00f3","Tiempo de lectura":"2 minutos","Written by":"Redacci\u00f3"},"schema":{"@context":"https:\/\/schema.org","@graph":[{"@type":"Article","@id":"https:\/\/gastronomicament.cat\/es\/la-do-oli-de-mallorca-i-lidisba-col%c2%b7laboren-en-una-recerca-per-a-pacients-amb-endometriosi#article","isPartOf":{"@id":"https:\/\/gastronomicament.cat\/es\/la-do-oli-de-mallorca-i-lidisba-col%c2%b7laboren-en-una-recerca-per-a-pacients-amb-endometriosi"},"author":{"name":"Redacci\u00f3","@id":"https:\/\/gastronomicament.cat\/es\/#\/schema\/person\/a7c85c537a1ed62799a5b8e0f686a37f"},"headline":"La DO Oli de Mallorca i l&#8217;IDISBA col\u00b7laboren en una recerca per a pacients amb endometriosi","datePublished":"2022-12-13T08:52:22+00:00","mainEntityOfPage":{"@id":"https:\/\/gastronomicament.cat\/es\/la-do-oli-de-mallorca-i-lidisba-col%c2%b7laboren-en-una-recerca-per-a-pacients-amb-endometriosi"},"wordCount":302,"commentCount":0,"publisher":{"@id":"https:\/\/gastronomicament.cat\/es\/#organization"},"image":{"@id":"https:\/\/gastronomicament.cat\/es\/la-do-oli-de-mallorca-i-lidisba-col%c2%b7laboren-en-una-recerca-per-a-pacients-amb-endometriosi#primaryimage"},"thumbnailUrl":"https:\/\/gastronomicament.cat\/wp-content\/uploads\/2022\/12\/Conveni-ENDODIET-2.jpg","articleSection":["Actualitat","Reportatges i novetats"],"inLanguage":"es","potentialAction":[{"@type":"CommentAction","name":"Comment","target":["https:\/\/gastronomicament.cat\/es\/la-do-oli-de-mallorca-i-lidisba-col%c2%b7laboren-en-una-recerca-per-a-pacients-amb-endometriosi#respond"]}]},{"@type":"WebPage","@id":"https:\/\/gastronomicament.cat\/es\/la-do-oli-de-mallorca-i-lidisba-col%c2%b7laboren-en-una-recerca-per-a-pacients-amb-endometriosi","url":"https:\/\/gastronomicament.cat\/es\/la-do-oli-de-mallorca-i-lidisba-col%c2%b7laboren-en-una-recerca-per-a-pacients-amb-endometriosi","name":"La DO Oli de Mallorca i l'IDISBA col\u00b7laboren en una recerca per a pacients amb endometriosi - Gastron\u00f2micament","isPartOf":{"@id":"https:\/\/gastronomicament.cat\/es\/#website"},"primaryImageOfPage":{"@id":"https:\/\/gastronomicament.cat\/es\/la-do-oli-de-mallorca-i-lidisba-col%c2%b7laboren-en-una-recerca-per-a-pacients-amb-endometriosi#primaryimage"},"image":{"@id":"https:\/\/gastronomicament.cat\/es\/la-do-oli-de-mallorca-i-lidisba-col%c2%b7laboren-en-una-recerca-per-a-pacients-amb-endometriosi#primaryimage"},"thumbnailUrl":"https:\/\/gastronomicament.cat\/wp-content\/uploads\/2022\/12\/Conveni-ENDODIET-2.jpg","datePublished":"2022-12-13T08:52:22+00:00","description":"La DO Oli de Mallorca i l'IDISBA col\u00b7laboren en una recerca per a pacients amb endometriosi Actualitat, Reportatges i novetats L\u2019objecte del projecte \u00e9s avaluar els possibles beneficis del consum d\u2019Oli d\u2019Oliva Verge Extra per la disminuci\u00f3 dels s\u00edmptomes derivats de l\u2019endometriosi, malaltia cr\u00f2nica que pateixen un 10% de les dones i nines en edat reproductiva del m\u00f3n","inLanguage":"es","potentialAction":[{"@type":"ReadAction","target":["https:\/\/gastronomicament.cat\/es\/la-do-oli-de-mallorca-i-lidisba-col%c2%b7laboren-en-una-recerca-per-a-pacients-amb-endometriosi"]}]},{"@type":"ImageObject","inLanguage":"es","@id":"https:\/\/gastronomicament.cat\/es\/la-do-oli-de-mallorca-i-lidisba-col%c2%b7laboren-en-una-recerca-per-a-pacients-amb-endometriosi#primaryimage","url":"https:\/\/gastronomicament.cat\/wp-content\/uploads\/2022\/12\/Conveni-ENDODIET-2.jpg","contentUrl":"https:\/\/gastronomicament.cat\/wp-content\/uploads\/2022\/12\/Conveni-ENDODIET-2.jpg","width":1200,"height":634},{"@type":"WebSite","@id":"https:\/\/gastronomicament.cat\/es\/#website","url":"https:\/\/gastronomicament.cat\/es\/","name":"Gastron\u00f2micament","description":"Portal de restaurants, receptes i actualitat gastron\u00f2mica","publisher":{"@id":"https:\/\/gastronomicament.cat\/es\/#organization"},"potentialAction":[{"@type":"SearchAction","target":{"@type":"EntryPoint","urlTemplate":"https:\/\/gastronomicament.cat\/es\/?s={search_term_string}"},"query-input":{"@type":"PropertyValueSpecification","valueRequired":true,"valueName":"search_term_string"}}],"inLanguage":"es"},{"@type":"Organization","@id":"https:\/\/gastronomicament.cat\/es\/#organization","name":"Gastron\u00f2micament","url":"https:\/\/gastronomicament.cat\/es\/","logo":{"@type":"ImageObject","inLanguage":"es","@id":"https:\/\/gastronomicament.cat\/es\/#\/schema\/logo\/image\/","url":"https:\/\/gastronomicament.cat\/wp-content\/uploads\/2016\/09\/header-logo.jpg","contentUrl":"https:\/\/gastronomicament.cat\/wp-content\/uploads\/2016\/09\/header-logo.jpg","width":277,"height":39,"caption":"Gastron\u00f2micament"},"image":{"@id":"https:\/\/gastronomicament.cat\/es\/#\/schema\/logo\/image\/"},"sameAs":["https:\/\/x.com\/gastronomicamen"]},{"@type":"Person","@id":"https:\/\/gastronomicament.cat\/es\/#\/schema\/person\/a7c85c537a1ed62799a5b8e0f686a37f","name":"Redacci\u00f3","image":{"@type":"ImageObject","inLanguage":"es","@id":"https:\/\/secure.gravatar.com\/avatar\/9489a485c464fd611d33825daae651d13db70c4e74c65c94937a15a9d4c3ee14?s=96&d=mm&r=g69fea3cce3645dfa2166e7293e22955e","url":"https:\/\/secure.gravatar.com\/avatar\/9489a485c464fd611d33825daae651d13db70c4e74c65c94937a15a9d4c3ee14?s=96&d=mm&r=g","contentUrl":"https:\/\/secure.gravatar.com\/avatar\/9489a485c464fd611d33825daae651d13db70c4e74c65c94937a15a9d4c3ee14?s=96&d=mm&r=g","caption":"Redacci\u00f3"},"sameAs":["http:\/\/gastronomicament.cat"],"url":"https:\/\/gastronomicament.cat\/es\/author\/admin"}]}},"_links":{"self":[{"href":"https:\/\/gastronomicament.cat\/es\/wp-json\/wp\/v2\/posts\/79991","targetHints":{"allow":["GET"]}}],"collection":[{"href":"https:\/\/gastronomicament.cat\/es\/wp-json\/wp\/v2\/posts"}],"about":[{"href":"https:\/\/gastronomicament.cat\/es\/wp-json\/wp\/v2\/types\/post"}],"author":[{"embeddable":true,"href":"https:\/\/gastronomicament.cat\/es\/wp-json\/wp\/v2\/users\/1"}],"replies":[{"embeddable":true,"href":"https:\/\/gastronomicament.cat\/es\/wp-json\/wp\/v2\/comments?post=79991"}],"version-history":[{"count":0,"href":"https:\/\/gastronomicament.cat\/es\/wp-json\/wp\/v2\/posts\/79991\/revisions"}],"wp:featuredmedia":[{"embeddable":true,"href":"https:\/\/gastronomicament.cat\/es\/wp-json\/wp\/v2\/media\/79987"}],"wp:attachment":[{"href":"https:\/\/gastronomicament.cat\/es\/wp-json\/wp\/v2\/media?parent=79991"}],"wp:term":[{"taxonomy":"category","embeddable":true,"href":"https:\/\/gastronomicament.cat\/es\/wp-json\/wp\/v2\/categories?post=79991"},{"taxonomy":"post_tag","embeddable":true,"href":"https:\/\/gastronomicament.cat\/es\/wp-json\/wp\/v2\/tags?post=79991"},{"taxonomy":"author","embeddable":true,"href":"https:\/\/gastronomicament.cat\/es\/wp-json\/wp\/v2\/coauthors?post=79991"}],"curies":[{"name":"wp","href":"https:\/\/api.w.org\/{rel}","templated":true}]}}