{"id":80077,"date":"2022-12-22T09:40:34","date_gmt":"2022-12-22T08:40:34","guid":{"rendered":"https:\/\/gastronomicament.cat\/la-do-pla-i-llevant-premia-les-taules-de-nadal-mes-ben-parades-amb-vi"},"modified":"2022-12-22T09:41:06","modified_gmt":"2022-12-22T08:41:06","slug":"la-do-pla-i-llevant-premia-les-taules-de-nadal-mes-ben-parades-amb-vi","status":"publish","type":"post","link":"https:\/\/gastronomicament.cat\/es\/la-do-pla-i-llevant-premia-les-taules-de-nadal-mes-ben-parades-amb-vi","title":{"rendered":"La DO Pla i Llevant premia les taules de Nadal m\u00e9s ben parades amb vi"},"content":{"rendered":"<p>Les festes de Nadal s\u00f3n un punt entranyable dins el calendari anual. Dies de festa, fam\u00edlia i amics en torn a la taula per degustar plats amb amistat i companyia. La denominaci\u00f3 d&#8217;origen (DO) Pla i Llevant &#8211; Mallorca es vol afegir a aquests dies d\u2019alegria i premiar les taules dels dinars i sopars de Nadal que amb tanta atenci\u00f3 cuidam amb tots els detalls, des dels menjars a la forma de parar-les. <strong>Antoni Benn\u00e0ssar<\/strong>, president de la DO, comenta que \u00aba Pla i Llevant pensam que tanta dedicaci\u00f3 mereix ser\u00a0 compartida per tothom i que no quedi just reclosa en el marc d\u2019una casa\u00bb.<\/p>\n<p>Per aix\u00f2, han convocat el <strong>concurs de Taules de Nadal<\/strong>. Per participar-hi, cal enviar la foto de la vostra taula parada, en la qual hi hagi una botella de vi o escum\u00f3s de qualsevol dels cellers de la denominaci\u00f3 d\u2019origen, al m\u00f2bil: 650 352 095, i hi heu d&#8217;escriure el vostre nom i tel\u00e8fon. A cada foto se li assignar\u00e0 un n\u00famero per poder participar en el sorteig de quatre lots de tres botelles de vins dels cellers de la DO Pla i Llevant.<\/p>\n<p>Les fotos es publicaran a la web del Pla i Llevant (<a href=\"http:\/\/www.doplaillevant.com\/\" target=\"_blank\" rel=\"nofollow noopener\" data-saferedirecturl=\"https:\/\/www.google.com\/url?q=http:\/\/www.doplaillevant.com&amp;source=gmail&amp;ust=1671755726835000&amp;usg=AOvVaw0aLuRlbv-3uBhbn-DJ4OnK\">www.doplaillevant.com<\/a>). En aquesta web podeu consultar les bases del concurs. La presentaci\u00f3 de les fotos romandr\u00e0 oberta entre el 24 de desembre a les 20 h i el 29 de desembre a les 24 h. El dilluns, 30 de desembre, es far\u00e0 un sorteig virtual mitjan\u00e7ant la plataforma: <a href=\"http:\/\/www.sortea2.com\/sorteos\" target=\"_blank\" rel=\"nofollow noopener\" data-saferedirecturl=\"https:\/\/www.google.com\/url?q=http:\/\/www.sortea2.com\/sorteos&amp;source=gmail&amp;ust=1671755726835000&amp;usg=AOvVaw2Xgh6j7qjZhHovroXcH573\">www.sortea2.com\/sorteos<\/a> per triar els quatre guanyadors dels quatre lots de vi.<\/p>\n","protected":false},"excerpt":{"rendered":"<p>Hi podeu enviar les vostres fotos, l&#8217;\u00fanic requisit \u00e9s que hi surti una ampolla de vi&hellip;<\/p>\n","protected":false},"author":1,"featured_media":80065,"comment_status":"open","ping_status":"closed","sticky":false,"template":"","format":"gallery","meta":{"_acf_changed":false,"_swt_meta_header_display":false,"_swt_meta_footer_display":false,"_swt_meta_site_title_display":false,"_swt_meta_sticky_header":false,"_swt_meta_transparent_header":false,"footnotes":""},"categories":[1003,1478],"tags":[],"coauthors":[2053],"class_list":["post-80077","post","type-post","status-publish","format-gallery","has-post-thumbnail","hentry","category-actualitat-es","category-concursos-i-premis-es","post_format-post-format-gallery"],"acf":{"gallery":null,"home_date":{"home_begin_date":null,"home_end_date":null}},"yoast_head":"<!-- This site is optimized with the Yoast SEO plugin v27.4 - https:\/\/yoast.com\/product\/yoast-seo-wordpress\/ -->\n<title>La DO Pla i Llevant premia les taules de Nadal m\u00e9s ben parades amb vi - Gastron\u00f2micament<\/title>\n<meta name=\"description\" content=\"La DO Pla i Llevant premia les taules de Nadal m\u00e9s ben parades amb vi Actualitat, Concursos i premis Hi podeu enviar les vostres fotos, l&#039;\u00fanic requisit \u00e9s que hi surti una ampolla de vi dels cellers integrants en aquesta denominaci\u00f3 d&#039;origen\" \/>\n<meta name=\"robots\" content=\"index, follow, max-snippet:-1, max-image-preview:large, max-video-preview:-1\" \/>\n<link rel=\"canonical\" href=\"https:\/\/gastronomicament.cat\/es\/la-do-pla-i-llevant-premia-les-taules-de-nadal-mes-ben-parades-amb-vi\" \/>\n<meta property=\"og:locale\" content=\"es_ES\" \/>\n<meta property=\"og:type\" content=\"article\" \/>\n<meta property=\"og:title\" content=\"La DO Pla i Llevant premia les taules de Nadal m\u00e9s ben parades amb vi - Gastron\u00f2micament\" \/>\n<meta property=\"og:description\" content=\"La DO Pla i Llevant premia les taules de Nadal m\u00e9s ben parades amb vi Actualitat, Concursos i premis Hi podeu enviar les vostres fotos, l&#039;\u00fanic requisit \u00e9s que hi surti una ampolla de vi dels cellers integrants en aquesta denominaci\u00f3 d&#039;origen\" \/>\n<meta property=\"og:url\" content=\"https:\/\/gastronomicament.cat\/es\/la-do-pla-i-llevant-premia-les-taules-de-nadal-mes-ben-parades-amb-vi\" \/>\n<meta property=\"og:site_name\" content=\"Gastron\u00f2micament\" \/>\n<meta property=\"article:published_time\" content=\"2022-12-22T08:40:34+00:00\" \/>\n<meta property=\"article:modified_time\" content=\"2022-12-22T08:41:06+00:00\" \/>\n<meta property=\"og:image\" content=\"https:\/\/gastronomicament.cat\/wp-content\/uploads\/2022\/12\/68EB9CED-8844-4A37-AA95-F57A69248B76.jpg\" \/>\n\t<meta property=\"og:image:width\" content=\"1200\" \/>\n\t<meta property=\"og:image:height\" content=\"1200\" \/>\n\t<meta property=\"og:image:type\" content=\"image\/jpeg\" \/>\n<meta name=\"author\" content=\"Redacci\u00f3\" \/>\n<meta name=\"twitter:card\" content=\"summary_large_image\" \/>\n<meta name=\"twitter:creator\" content=\"@gastronomicamen\" \/>\n<meta name=\"twitter:site\" content=\"@gastronomicamen\" \/>\n<meta name=\"twitter:label1\" content=\"Escrito por\" \/>\n\t<meta name=\"twitter:data1\" content=\"Redacci\u00f3\" \/>\n\t<meta name=\"twitter:label2\" content=\"Tiempo de lectura\" \/>\n\t<meta name=\"twitter:data2\" content=\"2 minutos\" \/>\n\t<meta name=\"twitter:label3\" content=\"Written by\" \/>\n\t<meta name=\"twitter:data3\" content=\"Redacci\u00f3\" \/>\n<script type=\"application\/ld+json\" class=\"yoast-schema-graph\">{\"@context\":\"https:\\\/\\\/schema.org\",\"@graph\":[{\"@type\":\"Article\",\"@id\":\"https:\\\/\\\/gastronomicament.cat\\\/es\\\/la-do-pla-i-llevant-premia-les-taules-de-nadal-mes-ben-parades-amb-vi#article\",\"isPartOf\":{\"@id\":\"https:\\\/\\\/gastronomicament.cat\\\/es\\\/la-do-pla-i-llevant-premia-les-taules-de-nadal-mes-ben-parades-amb-vi\"},\"author\":{\"name\":\"Redacci\u00f3\",\"@id\":\"https:\\\/\\\/gastronomicament.cat\\\/es\\\/#\\\/schema\\\/person\\\/a7c85c537a1ed62799a5b8e0f686a37f\"},\"headline\":\"La DO Pla i Llevant premia les taules de Nadal m\u00e9s ben parades amb vi\",\"datePublished\":\"2022-12-22T08:40:34+00:00\",\"dateModified\":\"2022-12-22T08:41:06+00:00\",\"mainEntityOfPage\":{\"@id\":\"https:\\\/\\\/gastronomicament.cat\\\/es\\\/la-do-pla-i-llevant-premia-les-taules-de-nadal-mes-ben-parades-amb-vi\"},\"wordCount\":283,\"commentCount\":0,\"publisher\":{\"@id\":\"https:\\\/\\\/gastronomicament.cat\\\/es\\\/#organization\"},\"image\":{\"@id\":\"https:\\\/\\\/gastronomicament.cat\\\/es\\\/la-do-pla-i-llevant-premia-les-taules-de-nadal-mes-ben-parades-amb-vi#primaryimage\"},\"thumbnailUrl\":\"https:\\\/\\\/gastronomicament.cat\\\/wp-content\\\/uploads\\\/2022\\\/12\\\/68EB9CED-8844-4A37-AA95-F57A69248B76.jpg\",\"articleSection\":[\"Actualitat\",\"Concursos i premis\"],\"inLanguage\":\"es\",\"potentialAction\":[{\"@type\":\"CommentAction\",\"name\":\"Comment\",\"target\":[\"https:\\\/\\\/gastronomicament.cat\\\/es\\\/la-do-pla-i-llevant-premia-les-taules-de-nadal-mes-ben-parades-amb-vi#respond\"]}]},{\"@type\":\"WebPage\",\"@id\":\"https:\\\/\\\/gastronomicament.cat\\\/es\\\/la-do-pla-i-llevant-premia-les-taules-de-nadal-mes-ben-parades-amb-vi\",\"url\":\"https:\\\/\\\/gastronomicament.cat\\\/es\\\/la-do-pla-i-llevant-premia-les-taules-de-nadal-mes-ben-parades-amb-vi\",\"name\":\"La DO Pla i Llevant premia les taules de Nadal m\u00e9s ben parades amb vi - Gastron\u00f2micament\",\"isPartOf\":{\"@id\":\"https:\\\/\\\/gastronomicament.cat\\\/es\\\/#website\"},\"primaryImageOfPage\":{\"@id\":\"https:\\\/\\\/gastronomicament.cat\\\/es\\\/la-do-pla-i-llevant-premia-les-taules-de-nadal-mes-ben-parades-amb-vi#primaryimage\"},\"image\":{\"@id\":\"https:\\\/\\\/gastronomicament.cat\\\/es\\\/la-do-pla-i-llevant-premia-les-taules-de-nadal-mes-ben-parades-amb-vi#primaryimage\"},\"thumbnailUrl\":\"https:\\\/\\\/gastronomicament.cat\\\/wp-content\\\/uploads\\\/2022\\\/12\\\/68EB9CED-8844-4A37-AA95-F57A69248B76.jpg\",\"datePublished\":\"2022-12-22T08:40:34+00:00\",\"dateModified\":\"2022-12-22T08:41:06+00:00\",\"description\":\"La DO Pla i Llevant premia les taules de Nadal m\u00e9s ben parades amb vi Actualitat, Concursos i premis Hi podeu enviar les vostres fotos, l'\u00fanic requisit \u00e9s que hi surti una ampolla de vi dels cellers integrants en aquesta denominaci\u00f3 d'origen\",\"inLanguage\":\"es\",\"potentialAction\":[{\"@type\":\"ReadAction\",\"target\":[\"https:\\\/\\\/gastronomicament.cat\\\/es\\\/la-do-pla-i-llevant-premia-les-taules-de-nadal-mes-ben-parades-amb-vi\"]}]},{\"@type\":\"ImageObject\",\"inLanguage\":\"es\",\"@id\":\"https:\\\/\\\/gastronomicament.cat\\\/es\\\/la-do-pla-i-llevant-premia-les-taules-de-nadal-mes-ben-parades-amb-vi#primaryimage\",\"url\":\"https:\\\/\\\/gastronomicament.cat\\\/wp-content\\\/uploads\\\/2022\\\/12\\\/68EB9CED-8844-4A37-AA95-F57A69248B76.jpg\",\"contentUrl\":\"https:\\\/\\\/gastronomicament.cat\\\/wp-content\\\/uploads\\\/2022\\\/12\\\/68EB9CED-8844-4A37-AA95-F57A69248B76.jpg\",\"width\":1200,\"height\":1200},{\"@type\":\"WebSite\",\"@id\":\"https:\\\/\\\/gastronomicament.cat\\\/es\\\/#website\",\"url\":\"https:\\\/\\\/gastronomicament.cat\\\/es\\\/\",\"name\":\"Gastron\u00f2micament\",\"description\":\"Portal de restaurants, receptes i actualitat gastron\u00f2mica\",\"publisher\":{\"@id\":\"https:\\\/\\\/gastronomicament.cat\\\/es\\\/#organization\"},\"potentialAction\":[{\"@type\":\"SearchAction\",\"target\":{\"@type\":\"EntryPoint\",\"urlTemplate\":\"https:\\\/\\\/gastronomicament.cat\\\/es\\\/?s={search_term_string}\"},\"query-input\":{\"@type\":\"PropertyValueSpecification\",\"valueRequired\":true,\"valueName\":\"search_term_string\"}}],\"inLanguage\":\"es\"},{\"@type\":\"Organization\",\"@id\":\"https:\\\/\\\/gastronomicament.cat\\\/es\\\/#organization\",\"name\":\"Gastron\u00f2micament\",\"url\":\"https:\\\/\\\/gastronomicament.cat\\\/es\\\/\",\"logo\":{\"@type\":\"ImageObject\",\"inLanguage\":\"es\",\"@id\":\"https:\\\/\\\/gastronomicament.cat\\\/es\\\/#\\\/schema\\\/logo\\\/image\\\/\",\"url\":\"https:\\\/\\\/gastronomicament.cat\\\/wp-content\\\/uploads\\\/2016\\\/09\\\/header-logo.jpg\",\"contentUrl\":\"https:\\\/\\\/gastronomicament.cat\\\/wp-content\\\/uploads\\\/2016\\\/09\\\/header-logo.jpg\",\"width\":277,\"height\":39,\"caption\":\"Gastron\u00f2micament\"},\"image\":{\"@id\":\"https:\\\/\\\/gastronomicament.cat\\\/es\\\/#\\\/schema\\\/logo\\\/image\\\/\"},\"sameAs\":[\"https:\\\/\\\/x.com\\\/gastronomicamen\"]},{\"@type\":\"Person\",\"@id\":\"https:\\\/\\\/gastronomicament.cat\\\/es\\\/#\\\/schema\\\/person\\\/a7c85c537a1ed62799a5b8e0f686a37f\",\"name\":\"Redacci\u00f3\",\"image\":{\"@type\":\"ImageObject\",\"inLanguage\":\"es\",\"@id\":\"https:\\\/\\\/secure.gravatar.com\\\/avatar\\\/9489a485c464fd611d33825daae651d13db70c4e74c65c94937a15a9d4c3ee14?s=96&d=mm&r=g69fea3cce3645dfa2166e7293e22955e\",\"url\":\"https:\\\/\\\/secure.gravatar.com\\\/avatar\\\/9489a485c464fd611d33825daae651d13db70c4e74c65c94937a15a9d4c3ee14?s=96&d=mm&r=g\",\"contentUrl\":\"https:\\\/\\\/secure.gravatar.com\\\/avatar\\\/9489a485c464fd611d33825daae651d13db70c4e74c65c94937a15a9d4c3ee14?s=96&d=mm&r=g\",\"caption\":\"Redacci\u00f3\"},\"sameAs\":[\"http:\\\/\\\/gastronomicament.cat\"],\"url\":\"https:\\\/\\\/gastronomicament.cat\\\/es\\\/author\\\/admin\"}]}<\/script>\n<!-- \/ Yoast SEO plugin. -->","yoast_head_json":{"title":"La DO Pla i Llevant premia les taules de Nadal m\u00e9s ben parades amb vi - Gastron\u00f2micament","description":"La DO Pla i Llevant premia les taules de Nadal m\u00e9s ben parades amb vi Actualitat, Concursos i premis Hi podeu enviar les vostres fotos, l'\u00fanic requisit \u00e9s que hi surti una ampolla de vi dels cellers integrants en aquesta denominaci\u00f3 d'origen","robots":{"index":"index","follow":"follow","max-snippet":"max-snippet:-1","max-image-preview":"max-image-preview:large","max-video-preview":"max-video-preview:-1"},"canonical":"https:\/\/gastronomicament.cat\/es\/la-do-pla-i-llevant-premia-les-taules-de-nadal-mes-ben-parades-amb-vi","og_locale":"es_ES","og_type":"article","og_title":"La DO Pla i Llevant premia les taules de Nadal m\u00e9s ben parades amb vi - Gastron\u00f2micament","og_description":"La DO Pla i Llevant premia les taules de Nadal m\u00e9s ben parades amb vi Actualitat, Concursos i premis Hi podeu enviar les vostres fotos, l'\u00fanic requisit \u00e9s que hi surti una ampolla de vi dels cellers integrants en aquesta denominaci\u00f3 d'origen","og_url":"https:\/\/gastronomicament.cat\/es\/la-do-pla-i-llevant-premia-les-taules-de-nadal-mes-ben-parades-amb-vi","og_site_name":"Gastron\u00f2micament","article_published_time":"2022-12-22T08:40:34+00:00","article_modified_time":"2022-12-22T08:41:06+00:00","og_image":[{"width":1200,"height":1200,"url":"https:\/\/gastronomicament.cat\/wp-content\/uploads\/2022\/12\/68EB9CED-8844-4A37-AA95-F57A69248B76.jpg","type":"image\/jpeg"}],"author":"Redacci\u00f3","twitter_card":"summary_large_image","twitter_creator":"@gastronomicamen","twitter_site":"@gastronomicamen","twitter_misc":{"Escrito por":"Redacci\u00f3","Tiempo de lectura":"2 minutos","Written by":"Redacci\u00f3"},"schema":{"@context":"https:\/\/schema.org","@graph":[{"@type":"Article","@id":"https:\/\/gastronomicament.cat\/es\/la-do-pla-i-llevant-premia-les-taules-de-nadal-mes-ben-parades-amb-vi#article","isPartOf":{"@id":"https:\/\/gastronomicament.cat\/es\/la-do-pla-i-llevant-premia-les-taules-de-nadal-mes-ben-parades-amb-vi"},"author":{"name":"Redacci\u00f3","@id":"https:\/\/gastronomicament.cat\/es\/#\/schema\/person\/a7c85c537a1ed62799a5b8e0f686a37f"},"headline":"La DO Pla i Llevant premia les taules de Nadal m\u00e9s ben parades amb vi","datePublished":"2022-12-22T08:40:34+00:00","dateModified":"2022-12-22T08:41:06+00:00","mainEntityOfPage":{"@id":"https:\/\/gastronomicament.cat\/es\/la-do-pla-i-llevant-premia-les-taules-de-nadal-mes-ben-parades-amb-vi"},"wordCount":283,"commentCount":0,"publisher":{"@id":"https:\/\/gastronomicament.cat\/es\/#organization"},"image":{"@id":"https:\/\/gastronomicament.cat\/es\/la-do-pla-i-llevant-premia-les-taules-de-nadal-mes-ben-parades-amb-vi#primaryimage"},"thumbnailUrl":"https:\/\/gastronomicament.cat\/wp-content\/uploads\/2022\/12\/68EB9CED-8844-4A37-AA95-F57A69248B76.jpg","articleSection":["Actualitat","Concursos i premis"],"inLanguage":"es","potentialAction":[{"@type":"CommentAction","name":"Comment","target":["https:\/\/gastronomicament.cat\/es\/la-do-pla-i-llevant-premia-les-taules-de-nadal-mes-ben-parades-amb-vi#respond"]}]},{"@type":"WebPage","@id":"https:\/\/gastronomicament.cat\/es\/la-do-pla-i-llevant-premia-les-taules-de-nadal-mes-ben-parades-amb-vi","url":"https:\/\/gastronomicament.cat\/es\/la-do-pla-i-llevant-premia-les-taules-de-nadal-mes-ben-parades-amb-vi","name":"La DO Pla i Llevant premia les taules de Nadal m\u00e9s ben parades amb vi - Gastron\u00f2micament","isPartOf":{"@id":"https:\/\/gastronomicament.cat\/es\/#website"},"primaryImageOfPage":{"@id":"https:\/\/gastronomicament.cat\/es\/la-do-pla-i-llevant-premia-les-taules-de-nadal-mes-ben-parades-amb-vi#primaryimage"},"image":{"@id":"https:\/\/gastronomicament.cat\/es\/la-do-pla-i-llevant-premia-les-taules-de-nadal-mes-ben-parades-amb-vi#primaryimage"},"thumbnailUrl":"https:\/\/gastronomicament.cat\/wp-content\/uploads\/2022\/12\/68EB9CED-8844-4A37-AA95-F57A69248B76.jpg","datePublished":"2022-12-22T08:40:34+00:00","dateModified":"2022-12-22T08:41:06+00:00","description":"La DO Pla i Llevant premia les taules de Nadal m\u00e9s ben parades amb vi Actualitat, Concursos i premis Hi podeu enviar les vostres fotos, l'\u00fanic requisit \u00e9s que hi surti una ampolla de vi dels cellers integrants en aquesta denominaci\u00f3 d'origen","inLanguage":"es","potentialAction":[{"@type":"ReadAction","target":["https:\/\/gastronomicament.cat\/es\/la-do-pla-i-llevant-premia-les-taules-de-nadal-mes-ben-parades-amb-vi"]}]},{"@type":"ImageObject","inLanguage":"es","@id":"https:\/\/gastronomicament.cat\/es\/la-do-pla-i-llevant-premia-les-taules-de-nadal-mes-ben-parades-amb-vi#primaryimage","url":"https:\/\/gastronomicament.cat\/wp-content\/uploads\/2022\/12\/68EB9CED-8844-4A37-AA95-F57A69248B76.jpg","contentUrl":"https:\/\/gastronomicament.cat\/wp-content\/uploads\/2022\/12\/68EB9CED-8844-4A37-AA95-F57A69248B76.jpg","width":1200,"height":1200},{"@type":"WebSite","@id":"https:\/\/gastronomicament.cat\/es\/#website","url":"https:\/\/gastronomicament.cat\/es\/","name":"Gastron\u00f2micament","description":"Portal de restaurants, receptes i actualitat gastron\u00f2mica","publisher":{"@id":"https:\/\/gastronomicament.cat\/es\/#organization"},"potentialAction":[{"@type":"SearchAction","target":{"@type":"EntryPoint","urlTemplate":"https:\/\/gastronomicament.cat\/es\/?s={search_term_string}"},"query-input":{"@type":"PropertyValueSpecification","valueRequired":true,"valueName":"search_term_string"}}],"inLanguage":"es"},{"@type":"Organization","@id":"https:\/\/gastronomicament.cat\/es\/#organization","name":"Gastron\u00f2micament","url":"https:\/\/gastronomicament.cat\/es\/","logo":{"@type":"ImageObject","inLanguage":"es","@id":"https:\/\/gastronomicament.cat\/es\/#\/schema\/logo\/image\/","url":"https:\/\/gastronomicament.cat\/wp-content\/uploads\/2016\/09\/header-logo.jpg","contentUrl":"https:\/\/gastronomicament.cat\/wp-content\/uploads\/2016\/09\/header-logo.jpg","width":277,"height":39,"caption":"Gastron\u00f2micament"},"image":{"@id":"https:\/\/gastronomicament.cat\/es\/#\/schema\/logo\/image\/"},"sameAs":["https:\/\/x.com\/gastronomicamen"]},{"@type":"Person","@id":"https:\/\/gastronomicament.cat\/es\/#\/schema\/person\/a7c85c537a1ed62799a5b8e0f686a37f","name":"Redacci\u00f3","image":{"@type":"ImageObject","inLanguage":"es","@id":"https:\/\/secure.gravatar.com\/avatar\/9489a485c464fd611d33825daae651d13db70c4e74c65c94937a15a9d4c3ee14?s=96&d=mm&r=g69fea3cce3645dfa2166e7293e22955e","url":"https:\/\/secure.gravatar.com\/avatar\/9489a485c464fd611d33825daae651d13db70c4e74c65c94937a15a9d4c3ee14?s=96&d=mm&r=g","contentUrl":"https:\/\/secure.gravatar.com\/avatar\/9489a485c464fd611d33825daae651d13db70c4e74c65c94937a15a9d4c3ee14?s=96&d=mm&r=g","caption":"Redacci\u00f3"},"sameAs":["http:\/\/gastronomicament.cat"],"url":"https:\/\/gastronomicament.cat\/es\/author\/admin"}]}},"_links":{"self":[{"href":"https:\/\/gastronomicament.cat\/es\/wp-json\/wp\/v2\/posts\/80077","targetHints":{"allow":["GET"]}}],"collection":[{"href":"https:\/\/gastronomicament.cat\/es\/wp-json\/wp\/v2\/posts"}],"about":[{"href":"https:\/\/gastronomicament.cat\/es\/wp-json\/wp\/v2\/types\/post"}],"author":[{"embeddable":true,"href":"https:\/\/gastronomicament.cat\/es\/wp-json\/wp\/v2\/users\/1"}],"replies":[{"embeddable":true,"href":"https:\/\/gastronomicament.cat\/es\/wp-json\/wp\/v2\/comments?post=80077"}],"version-history":[{"count":0,"href":"https:\/\/gastronomicament.cat\/es\/wp-json\/wp\/v2\/posts\/80077\/revisions"}],"wp:featuredmedia":[{"embeddable":true,"href":"https:\/\/gastronomicament.cat\/es\/wp-json\/wp\/v2\/media\/80065"}],"wp:attachment":[{"href":"https:\/\/gastronomicament.cat\/es\/wp-json\/wp\/v2\/media?parent=80077"}],"wp:term":[{"taxonomy":"category","embeddable":true,"href":"https:\/\/gastronomicament.cat\/es\/wp-json\/wp\/v2\/categories?post=80077"},{"taxonomy":"post_tag","embeddable":true,"href":"https:\/\/gastronomicament.cat\/es\/wp-json\/wp\/v2\/tags?post=80077"},{"taxonomy":"author","embeddable":true,"href":"https:\/\/gastronomicament.cat\/es\/wp-json\/wp\/v2\/coauthors?post=80077"}],"curies":[{"name":"wp","href":"https:\/\/api.w.org\/{rel}","templated":true}]}}