{"id":80140,"date":"2022-12-29T09:43:53","date_gmt":"2022-12-29T08:43:53","guid":{"rendered":"https:\/\/gastronomicament.cat\/paret-seca-el-verkami-dels-vins-amb-varietats-locals-dels-paisos-catalans"},"modified":"2022-12-29T09:43:53","modified_gmt":"2022-12-29T08:43:53","slug":"paret-seca-el-verkami-dels-vins-amb-varietats-locals-dels-paisos-catalans","status":"publish","type":"post","link":"https:\/\/gastronomicament.cat\/es\/paret-seca-el-verkami-dels-vins-amb-varietats-locals-dels-paisos-catalans","title":{"rendered":"Paret Seca: el Verkami dels vins amb varietats locals dels Pa\u00efsos Catalans"},"content":{"rendered":"<p>L&#8217;en\u00f2leg\u00a0<strong>Iv\u00e0 Gallego<\/strong>\u00a0\u00e9s el creador de\u00a0<strong>Paret Seca<\/strong>, un projecte nascut tres anys enrere que t\u00e9 com a objectiu\u00a0promoure els\u00a0<strong>vins sense sulfits elaborats amb varietats locals dels Pa\u00efsos Catalans<\/strong>.<\/p>\n<p>Per aquest motiu, Gallego ha creat una campanya de micromecenatge a Verkami, amb l&#8217;objectiu d&#8217;impulsar el seu projecte personal. De la verema passada, la de 2022, far\u00e0 quatre vins amb els quals podr\u00e0 finan\u00e7ar l&#8217;adquisici\u00f3 d&#8217;una parcel\u00b7la de vinya vella en r\u00e8gim de parceria, amb la qual podra tancar el cercle i fer totes les feines que hi ha de la vinya fins a l&#8217;ampolla.<\/p>\n<p>Gallego ha triat el nom de Paret Seca perqu\u00e8 \u00e9s un homenatge al paisatge i territori que, hist\u00f2ricament, ha embolcallat les vinyes. La seva filosofia \u00e9s fer vins de m\u00ednima intervenci\u00f3, sense sulfits, respectant el temps del cultiu. La idea va sorgir en ple confinament. \u00abHi vaig comen\u00e7ar a donar forma, despr\u00e9s de treballar d&#8217;en\u00f2leg per altres cellers (C\u00e9rvoles celler, Lagravera, entre d&#8217;altres). Tamb\u00e9 hi afegeix que\u00a0a m\u00e9s d&#8217;elaborar i vendre els vins, el projecte vol fer molta pedagogia per conscienciar sobre una altra manera de cultivar, a m\u00e9s d&#8217;organitzar cursos, fer assessorament vitivin\u00edcoles i \u00abmirar d&#8217;aconseguir d&#8217;adquirir parcel\u00b7les de vinya vella en r\u00e8gim de parceria que estan pr\u00e0cticament sentenciades per la pressi\u00f3 urban\u00edstica o pels p\u00edrrics preus del ra\u00efm\u00bb.<\/p>\n<p>Les aportacions dels mecenes es destinaran en gran part a les despeses d&#8217;embotellat dels vins de 2022 i a adquirir una parcel\u00b7la de vinya vella al Pened\u00e8s com a amitger (en r\u00e8gim de parceria)<\/p>\n<p>Els vins que far\u00e0 i que podeu ajudar a elaborar s\u00f3n:<\/p>\n<p>El ra\u00efm dels dos\u00a0<strong>vins blancs<\/strong>,\u00a0<strong>Macabeu<\/strong>\u00a0i\u00a0<strong>Xarel\u00b7lo<\/strong>, s\u00f3n del Pened\u00e8s, de dues parcel\u00b7les de la zona d&#8217;Espiells (entre Sant Lloren\u00e7 d&#8217;Hortons, Gelida i Sant Sadurn\u00ed d&#8217;Anoia) propietat de l&#8217;Oriol Roig. L&#8217;elaboraci\u00f3 i l&#8217;embotellat el fa a la masia de Cal Costas, a Font-rub\u00ed.<\/p>\n<p>La\u00a0<strong>Garnatxa negra<\/strong>\u00a0prov\u00e9 d&#8217;una vinya ecol\u00f2gica entre Batea i la Pobla de Massaluca (DO Terra Alta), mentre que la varietat mallorquina\u00a0<strong>Mantonegro<\/strong>\u00a0s&#8217;elabora a Algaida, a una vinya jove ecol\u00f2gica.<\/p>\n<p>Podeu consultar el projecte, veure les recompenses i participar-hi a:\u00a0<a href=\"https:\/\/www.verkami.com\/projects\/34378-paret-seca-vins-de-minima-intervencio\" target=\"_blank\" rel=\"nofollow noopener\">https:\/\/www.verkami.com\/projects\/34378-paret-seca-vins-de-minima-intervencio<\/a><\/p>\n<p><iframe title=\"Campanya Verkami Vins de Paret Seca\" width=\"500\" height=\"281\" src=\"https:\/\/www.youtube.com\/embed\/yuvg5XQuWL4?feature=oembed\" frameborder=\"0\" allow=\"accelerometer; autoplay; clipboard-write; encrypted-media; gyroscope; picture-in-picture; web-share\" referrerpolicy=\"strict-origin-when-cross-origin\" allowfullscreen><\/iframe><\/p>\n<p>&nbsp;<\/p>\n","protected":false},"excerpt":{"rendered":"<p>El projecte de l&#8217;en\u00f2leg Iv\u00e0 Gallego tamb\u00e9 aposta per elaborar vins sense sulfits<\/p>\n","protected":false},"author":1,"featured_media":80123,"comment_status":"open","ping_status":"closed","sticky":false,"template":"","format":"gallery","meta":{"_acf_changed":false,"_swt_meta_header_display":false,"_swt_meta_footer_display":false,"_swt_meta_site_title_display":false,"_swt_meta_sticky_header":false,"_swt_meta_transparent_header":false,"footnotes":""},"categories":[1003,1477],"tags":[],"coauthors":[2053],"class_list":["post-80140","post","type-post","status-publish","format-gallery","has-post-thumbnail","hentry","category-actualitat-es","category-reportatges-i-novetats-es","post_format-post-format-gallery"],"acf":{"gallery":null,"home_date":{"home_begin_date":null,"home_end_date":null}},"yoast_head":"<!-- This site is optimized with the Yoast SEO plugin v27.4 - https:\/\/yoast.com\/product\/yoast-seo-wordpress\/ -->\n<title>Paret Seca: el Verkami dels vins amb varietats locals dels Pa\u00efsos Catalans - Gastron\u00f2micament<\/title>\n<meta name=\"description\" content=\"Paret Seca: el Verkami dels vins amb varietats locals dels Pa\u00efsos Catalans Actualitat, Reportatges i novetats El projecte de l&#039;en\u00f2leg Iv\u00e0 Gallego tamb\u00e9 aposta per elaborar vins sense sulfits\" \/>\n<meta name=\"robots\" content=\"index, follow, max-snippet:-1, max-image-preview:large, max-video-preview:-1\" \/>\n<link rel=\"canonical\" href=\"https:\/\/gastronomicament.cat\/es\/paret-seca-el-verkami-dels-vins-amb-varietats-locals-dels-paisos-catalans\" \/>\n<meta property=\"og:locale\" content=\"es_ES\" \/>\n<meta property=\"og:type\" content=\"article\" \/>\n<meta property=\"og:title\" content=\"Paret Seca: el Verkami dels vins amb varietats locals dels Pa\u00efsos Catalans - Gastron\u00f2micament\" \/>\n<meta property=\"og:description\" content=\"Paret Seca: el Verkami dels vins amb varietats locals dels Pa\u00efsos Catalans Actualitat, Reportatges i novetats El projecte de l&#039;en\u00f2leg Iv\u00e0 Gallego tamb\u00e9 aposta per elaborar vins sense sulfits\" \/>\n<meta property=\"og:url\" content=\"https:\/\/gastronomicament.cat\/es\/paret-seca-el-verkami-dels-vins-amb-varietats-locals-dels-paisos-catalans\" \/>\n<meta property=\"og:site_name\" content=\"Gastron\u00f2micament\" \/>\n<meta property=\"article:published_time\" content=\"2022-12-29T08:43:53+00:00\" \/>\n<meta property=\"og:image\" content=\"https:\/\/gastronomicament.cat\/wp-content\/uploads\/2022\/12\/Macabeu-Paret-Seca.jpg\" \/>\n\t<meta property=\"og:image:width\" content=\"745\" \/>\n\t<meta property=\"og:image:height\" content=\"498\" \/>\n\t<meta property=\"og:image:type\" content=\"image\/jpeg\" \/>\n<meta name=\"author\" content=\"Redacci\u00f3\" \/>\n<meta name=\"twitter:card\" content=\"summary_large_image\" \/>\n<meta name=\"twitter:creator\" content=\"@gastronomicamen\" \/>\n<meta name=\"twitter:site\" content=\"@gastronomicamen\" \/>\n<meta name=\"twitter:label1\" content=\"Escrito por\" \/>\n\t<meta name=\"twitter:data1\" content=\"Redacci\u00f3\" \/>\n\t<meta name=\"twitter:label2\" content=\"Tiempo de lectura\" \/>\n\t<meta name=\"twitter:data2\" content=\"2 minutos\" \/>\n\t<meta name=\"twitter:label3\" content=\"Written by\" \/>\n\t<meta name=\"twitter:data3\" content=\"Redacci\u00f3\" \/>\n<script type=\"application\/ld+json\" class=\"yoast-schema-graph\">{\"@context\":\"https:\\\/\\\/schema.org\",\"@graph\":[{\"@type\":\"Article\",\"@id\":\"https:\\\/\\\/gastronomicament.cat\\\/es\\\/paret-seca-el-verkami-dels-vins-amb-varietats-locals-dels-paisos-catalans#article\",\"isPartOf\":{\"@id\":\"https:\\\/\\\/gastronomicament.cat\\\/es\\\/paret-seca-el-verkami-dels-vins-amb-varietats-locals-dels-paisos-catalans\"},\"author\":{\"name\":\"Redacci\u00f3\",\"@id\":\"https:\\\/\\\/gastronomicament.cat\\\/es\\\/#\\\/schema\\\/person\\\/a7c85c537a1ed62799a5b8e0f686a37f\"},\"headline\":\"Paret Seca: el Verkami dels vins amb varietats locals dels Pa\u00efsos Catalans\",\"datePublished\":\"2022-12-29T08:43:53+00:00\",\"mainEntityOfPage\":{\"@id\":\"https:\\\/\\\/gastronomicament.cat\\\/es\\\/paret-seca-el-verkami-dels-vins-amb-varietats-locals-dels-paisos-catalans\"},\"wordCount\":406,\"commentCount\":0,\"publisher\":{\"@id\":\"https:\\\/\\\/gastronomicament.cat\\\/es\\\/#organization\"},\"image\":{\"@id\":\"https:\\\/\\\/gastronomicament.cat\\\/es\\\/paret-seca-el-verkami-dels-vins-amb-varietats-locals-dels-paisos-catalans#primaryimage\"},\"thumbnailUrl\":\"https:\\\/\\\/gastronomicament.cat\\\/wp-content\\\/uploads\\\/2022\\\/12\\\/Macabeu-Paret-Seca.jpg\",\"articleSection\":[\"Actualitat\",\"Reportatges i novetats\"],\"inLanguage\":\"es\",\"potentialAction\":[{\"@type\":\"CommentAction\",\"name\":\"Comment\",\"target\":[\"https:\\\/\\\/gastronomicament.cat\\\/es\\\/paret-seca-el-verkami-dels-vins-amb-varietats-locals-dels-paisos-catalans#respond\"]}]},{\"@type\":\"WebPage\",\"@id\":\"https:\\\/\\\/gastronomicament.cat\\\/es\\\/paret-seca-el-verkami-dels-vins-amb-varietats-locals-dels-paisos-catalans\",\"url\":\"https:\\\/\\\/gastronomicament.cat\\\/es\\\/paret-seca-el-verkami-dels-vins-amb-varietats-locals-dels-paisos-catalans\",\"name\":\"Paret Seca: el Verkami dels vins amb varietats locals dels Pa\u00efsos Catalans - Gastron\u00f2micament\",\"isPartOf\":{\"@id\":\"https:\\\/\\\/gastronomicament.cat\\\/es\\\/#website\"},\"primaryImageOfPage\":{\"@id\":\"https:\\\/\\\/gastronomicament.cat\\\/es\\\/paret-seca-el-verkami-dels-vins-amb-varietats-locals-dels-paisos-catalans#primaryimage\"},\"image\":{\"@id\":\"https:\\\/\\\/gastronomicament.cat\\\/es\\\/paret-seca-el-verkami-dels-vins-amb-varietats-locals-dels-paisos-catalans#primaryimage\"},\"thumbnailUrl\":\"https:\\\/\\\/gastronomicament.cat\\\/wp-content\\\/uploads\\\/2022\\\/12\\\/Macabeu-Paret-Seca.jpg\",\"datePublished\":\"2022-12-29T08:43:53+00:00\",\"description\":\"Paret Seca: el Verkami dels vins amb varietats locals dels Pa\u00efsos Catalans Actualitat, Reportatges i novetats El projecte de l'en\u00f2leg Iv\u00e0 Gallego tamb\u00e9 aposta per elaborar vins sense sulfits\",\"inLanguage\":\"es\",\"potentialAction\":[{\"@type\":\"ReadAction\",\"target\":[\"https:\\\/\\\/gastronomicament.cat\\\/es\\\/paret-seca-el-verkami-dels-vins-amb-varietats-locals-dels-paisos-catalans\"]}]},{\"@type\":\"ImageObject\",\"inLanguage\":\"es\",\"@id\":\"https:\\\/\\\/gastronomicament.cat\\\/es\\\/paret-seca-el-verkami-dels-vins-amb-varietats-locals-dels-paisos-catalans#primaryimage\",\"url\":\"https:\\\/\\\/gastronomicament.cat\\\/wp-content\\\/uploads\\\/2022\\\/12\\\/Macabeu-Paret-Seca.jpg\",\"contentUrl\":\"https:\\\/\\\/gastronomicament.cat\\\/wp-content\\\/uploads\\\/2022\\\/12\\\/Macabeu-Paret-Seca.jpg\",\"width\":745,\"height\":498},{\"@type\":\"WebSite\",\"@id\":\"https:\\\/\\\/gastronomicament.cat\\\/es\\\/#website\",\"url\":\"https:\\\/\\\/gastronomicament.cat\\\/es\\\/\",\"name\":\"Gastron\u00f2micament\",\"description\":\"Portal de restaurants, receptes i actualitat gastron\u00f2mica\",\"publisher\":{\"@id\":\"https:\\\/\\\/gastronomicament.cat\\\/es\\\/#organization\"},\"potentialAction\":[{\"@type\":\"SearchAction\",\"target\":{\"@type\":\"EntryPoint\",\"urlTemplate\":\"https:\\\/\\\/gastronomicament.cat\\\/es\\\/?s={search_term_string}\"},\"query-input\":{\"@type\":\"PropertyValueSpecification\",\"valueRequired\":true,\"valueName\":\"search_term_string\"}}],\"inLanguage\":\"es\"},{\"@type\":\"Organization\",\"@id\":\"https:\\\/\\\/gastronomicament.cat\\\/es\\\/#organization\",\"name\":\"Gastron\u00f2micament\",\"url\":\"https:\\\/\\\/gastronomicament.cat\\\/es\\\/\",\"logo\":{\"@type\":\"ImageObject\",\"inLanguage\":\"es\",\"@id\":\"https:\\\/\\\/gastronomicament.cat\\\/es\\\/#\\\/schema\\\/logo\\\/image\\\/\",\"url\":\"https:\\\/\\\/gastronomicament.cat\\\/wp-content\\\/uploads\\\/2016\\\/09\\\/header-logo.jpg\",\"contentUrl\":\"https:\\\/\\\/gastronomicament.cat\\\/wp-content\\\/uploads\\\/2016\\\/09\\\/header-logo.jpg\",\"width\":277,\"height\":39,\"caption\":\"Gastron\u00f2micament\"},\"image\":{\"@id\":\"https:\\\/\\\/gastronomicament.cat\\\/es\\\/#\\\/schema\\\/logo\\\/image\\\/\"},\"sameAs\":[\"https:\\\/\\\/x.com\\\/gastronomicamen\"]},{\"@type\":\"Person\",\"@id\":\"https:\\\/\\\/gastronomicament.cat\\\/es\\\/#\\\/schema\\\/person\\\/a7c85c537a1ed62799a5b8e0f686a37f\",\"name\":\"Redacci\u00f3\",\"image\":{\"@type\":\"ImageObject\",\"inLanguage\":\"es\",\"@id\":\"https:\\\/\\\/secure.gravatar.com\\\/avatar\\\/9489a485c464fd611d33825daae651d13db70c4e74c65c94937a15a9d4c3ee14?s=96&d=mm&r=g69fea3cce3645dfa2166e7293e22955e\",\"url\":\"https:\\\/\\\/secure.gravatar.com\\\/avatar\\\/9489a485c464fd611d33825daae651d13db70c4e74c65c94937a15a9d4c3ee14?s=96&d=mm&r=g\",\"contentUrl\":\"https:\\\/\\\/secure.gravatar.com\\\/avatar\\\/9489a485c464fd611d33825daae651d13db70c4e74c65c94937a15a9d4c3ee14?s=96&d=mm&r=g\",\"caption\":\"Redacci\u00f3\"},\"sameAs\":[\"http:\\\/\\\/gastronomicament.cat\"],\"url\":\"https:\\\/\\\/gastronomicament.cat\\\/es\\\/author\\\/admin\"}]}<\/script>\n<!-- \/ Yoast SEO plugin. -->","yoast_head_json":{"title":"Paret Seca: el Verkami dels vins amb varietats locals dels Pa\u00efsos Catalans - Gastron\u00f2micament","description":"Paret Seca: el Verkami dels vins amb varietats locals dels Pa\u00efsos Catalans Actualitat, Reportatges i novetats El projecte de l'en\u00f2leg Iv\u00e0 Gallego tamb\u00e9 aposta per elaborar vins sense sulfits","robots":{"index":"index","follow":"follow","max-snippet":"max-snippet:-1","max-image-preview":"max-image-preview:large","max-video-preview":"max-video-preview:-1"},"canonical":"https:\/\/gastronomicament.cat\/es\/paret-seca-el-verkami-dels-vins-amb-varietats-locals-dels-paisos-catalans","og_locale":"es_ES","og_type":"article","og_title":"Paret Seca: el Verkami dels vins amb varietats locals dels Pa\u00efsos Catalans - Gastron\u00f2micament","og_description":"Paret Seca: el Verkami dels vins amb varietats locals dels Pa\u00efsos Catalans Actualitat, Reportatges i novetats El projecte de l'en\u00f2leg Iv\u00e0 Gallego tamb\u00e9 aposta per elaborar vins sense sulfits","og_url":"https:\/\/gastronomicament.cat\/es\/paret-seca-el-verkami-dels-vins-amb-varietats-locals-dels-paisos-catalans","og_site_name":"Gastron\u00f2micament","article_published_time":"2022-12-29T08:43:53+00:00","og_image":[{"width":745,"height":498,"url":"https:\/\/gastronomicament.cat\/wp-content\/uploads\/2022\/12\/Macabeu-Paret-Seca.jpg","type":"image\/jpeg"}],"author":"Redacci\u00f3","twitter_card":"summary_large_image","twitter_creator":"@gastronomicamen","twitter_site":"@gastronomicamen","twitter_misc":{"Escrito por":"Redacci\u00f3","Tiempo de lectura":"2 minutos","Written by":"Redacci\u00f3"},"schema":{"@context":"https:\/\/schema.org","@graph":[{"@type":"Article","@id":"https:\/\/gastronomicament.cat\/es\/paret-seca-el-verkami-dels-vins-amb-varietats-locals-dels-paisos-catalans#article","isPartOf":{"@id":"https:\/\/gastronomicament.cat\/es\/paret-seca-el-verkami-dels-vins-amb-varietats-locals-dels-paisos-catalans"},"author":{"name":"Redacci\u00f3","@id":"https:\/\/gastronomicament.cat\/es\/#\/schema\/person\/a7c85c537a1ed62799a5b8e0f686a37f"},"headline":"Paret Seca: el Verkami dels vins amb varietats locals dels Pa\u00efsos Catalans","datePublished":"2022-12-29T08:43:53+00:00","mainEntityOfPage":{"@id":"https:\/\/gastronomicament.cat\/es\/paret-seca-el-verkami-dels-vins-amb-varietats-locals-dels-paisos-catalans"},"wordCount":406,"commentCount":0,"publisher":{"@id":"https:\/\/gastronomicament.cat\/es\/#organization"},"image":{"@id":"https:\/\/gastronomicament.cat\/es\/paret-seca-el-verkami-dels-vins-amb-varietats-locals-dels-paisos-catalans#primaryimage"},"thumbnailUrl":"https:\/\/gastronomicament.cat\/wp-content\/uploads\/2022\/12\/Macabeu-Paret-Seca.jpg","articleSection":["Actualitat","Reportatges i novetats"],"inLanguage":"es","potentialAction":[{"@type":"CommentAction","name":"Comment","target":["https:\/\/gastronomicament.cat\/es\/paret-seca-el-verkami-dels-vins-amb-varietats-locals-dels-paisos-catalans#respond"]}]},{"@type":"WebPage","@id":"https:\/\/gastronomicament.cat\/es\/paret-seca-el-verkami-dels-vins-amb-varietats-locals-dels-paisos-catalans","url":"https:\/\/gastronomicament.cat\/es\/paret-seca-el-verkami-dels-vins-amb-varietats-locals-dels-paisos-catalans","name":"Paret Seca: el Verkami dels vins amb varietats locals dels Pa\u00efsos Catalans - Gastron\u00f2micament","isPartOf":{"@id":"https:\/\/gastronomicament.cat\/es\/#website"},"primaryImageOfPage":{"@id":"https:\/\/gastronomicament.cat\/es\/paret-seca-el-verkami-dels-vins-amb-varietats-locals-dels-paisos-catalans#primaryimage"},"image":{"@id":"https:\/\/gastronomicament.cat\/es\/paret-seca-el-verkami-dels-vins-amb-varietats-locals-dels-paisos-catalans#primaryimage"},"thumbnailUrl":"https:\/\/gastronomicament.cat\/wp-content\/uploads\/2022\/12\/Macabeu-Paret-Seca.jpg","datePublished":"2022-12-29T08:43:53+00:00","description":"Paret Seca: el Verkami dels vins amb varietats locals dels Pa\u00efsos Catalans Actualitat, Reportatges i novetats El projecte de l'en\u00f2leg Iv\u00e0 Gallego tamb\u00e9 aposta per elaborar vins sense sulfits","inLanguage":"es","potentialAction":[{"@type":"ReadAction","target":["https:\/\/gastronomicament.cat\/es\/paret-seca-el-verkami-dels-vins-amb-varietats-locals-dels-paisos-catalans"]}]},{"@type":"ImageObject","inLanguage":"es","@id":"https:\/\/gastronomicament.cat\/es\/paret-seca-el-verkami-dels-vins-amb-varietats-locals-dels-paisos-catalans#primaryimage","url":"https:\/\/gastronomicament.cat\/wp-content\/uploads\/2022\/12\/Macabeu-Paret-Seca.jpg","contentUrl":"https:\/\/gastronomicament.cat\/wp-content\/uploads\/2022\/12\/Macabeu-Paret-Seca.jpg","width":745,"height":498},{"@type":"WebSite","@id":"https:\/\/gastronomicament.cat\/es\/#website","url":"https:\/\/gastronomicament.cat\/es\/","name":"Gastron\u00f2micament","description":"Portal de restaurants, receptes i actualitat gastron\u00f2mica","publisher":{"@id":"https:\/\/gastronomicament.cat\/es\/#organization"},"potentialAction":[{"@type":"SearchAction","target":{"@type":"EntryPoint","urlTemplate":"https:\/\/gastronomicament.cat\/es\/?s={search_term_string}"},"query-input":{"@type":"PropertyValueSpecification","valueRequired":true,"valueName":"search_term_string"}}],"inLanguage":"es"},{"@type":"Organization","@id":"https:\/\/gastronomicament.cat\/es\/#organization","name":"Gastron\u00f2micament","url":"https:\/\/gastronomicament.cat\/es\/","logo":{"@type":"ImageObject","inLanguage":"es","@id":"https:\/\/gastronomicament.cat\/es\/#\/schema\/logo\/image\/","url":"https:\/\/gastronomicament.cat\/wp-content\/uploads\/2016\/09\/header-logo.jpg","contentUrl":"https:\/\/gastronomicament.cat\/wp-content\/uploads\/2016\/09\/header-logo.jpg","width":277,"height":39,"caption":"Gastron\u00f2micament"},"image":{"@id":"https:\/\/gastronomicament.cat\/es\/#\/schema\/logo\/image\/"},"sameAs":["https:\/\/x.com\/gastronomicamen"]},{"@type":"Person","@id":"https:\/\/gastronomicament.cat\/es\/#\/schema\/person\/a7c85c537a1ed62799a5b8e0f686a37f","name":"Redacci\u00f3","image":{"@type":"ImageObject","inLanguage":"es","@id":"https:\/\/secure.gravatar.com\/avatar\/9489a485c464fd611d33825daae651d13db70c4e74c65c94937a15a9d4c3ee14?s=96&d=mm&r=g69fea3cce3645dfa2166e7293e22955e","url":"https:\/\/secure.gravatar.com\/avatar\/9489a485c464fd611d33825daae651d13db70c4e74c65c94937a15a9d4c3ee14?s=96&d=mm&r=g","contentUrl":"https:\/\/secure.gravatar.com\/avatar\/9489a485c464fd611d33825daae651d13db70c4e74c65c94937a15a9d4c3ee14?s=96&d=mm&r=g","caption":"Redacci\u00f3"},"sameAs":["http:\/\/gastronomicament.cat"],"url":"https:\/\/gastronomicament.cat\/es\/author\/admin"}]}},"_links":{"self":[{"href":"https:\/\/gastronomicament.cat\/es\/wp-json\/wp\/v2\/posts\/80140","targetHints":{"allow":["GET"]}}],"collection":[{"href":"https:\/\/gastronomicament.cat\/es\/wp-json\/wp\/v2\/posts"}],"about":[{"href":"https:\/\/gastronomicament.cat\/es\/wp-json\/wp\/v2\/types\/post"}],"author":[{"embeddable":true,"href":"https:\/\/gastronomicament.cat\/es\/wp-json\/wp\/v2\/users\/1"}],"replies":[{"embeddable":true,"href":"https:\/\/gastronomicament.cat\/es\/wp-json\/wp\/v2\/comments?post=80140"}],"version-history":[{"count":0,"href":"https:\/\/gastronomicament.cat\/es\/wp-json\/wp\/v2\/posts\/80140\/revisions"}],"wp:featuredmedia":[{"embeddable":true,"href":"https:\/\/gastronomicament.cat\/es\/wp-json\/wp\/v2\/media\/80123"}],"wp:attachment":[{"href":"https:\/\/gastronomicament.cat\/es\/wp-json\/wp\/v2\/media?parent=80140"}],"wp:term":[{"taxonomy":"category","embeddable":true,"href":"https:\/\/gastronomicament.cat\/es\/wp-json\/wp\/v2\/categories?post=80140"},{"taxonomy":"post_tag","embeddable":true,"href":"https:\/\/gastronomicament.cat\/es\/wp-json\/wp\/v2\/tags?post=80140"},{"taxonomy":"author","embeddable":true,"href":"https:\/\/gastronomicament.cat\/es\/wp-json\/wp\/v2\/coauthors?post=80140"}],"curies":[{"name":"wp","href":"https:\/\/api.w.org\/{rel}","templated":true}]}}