{"id":82753,"date":"2023-05-31T12:12:33","date_gmt":"2023-05-31T10:12:33","guid":{"rendered":"https:\/\/gastronomicament.cat\/la-fira-ecologica-de-puigpunyent-torna-carregada-de-propostes-2"},"modified":"2023-05-31T12:12:33","modified_gmt":"2023-05-31T10:12:33","slug":"la-fira-ecologica-de-puigpunyent-torna-carregada-de-propostes-2","status":"publish","type":"post","link":"https:\/\/gastronomicament.cat\/es\/la-fira-ecologica-de-puigpunyent-torna-carregada-de-propostes-2","title":{"rendered":"La Fira Ecol\u00f2gica de Puigpunyent torna carregada de propostes"},"content":{"rendered":"<p>El municipi de\u00a0<strong>Puigpunyent\u00a0<\/strong>viur\u00e0 una de les cites m\u00e9s destacades d&#8217;aquesta primavera amb la celebraci\u00f3 de la\u00a0<strong>Fira Ecol\u00f2gica<\/strong>. El poble \u00e9s capdavanter a Mallorca en q\u00fcestions relacionades amb la cura del media ambient, com el reciclatge porta a porta i la potenciaci\u00f3 del producte ecol\u00f2gic.<\/p>\n<p><strong>Toni Mar\u00ed i Magdalena Gomis<\/strong>, batle i regidora de Festes, han presentat un programa carregat de propostes que abasta del 2 al 4 de juny i que t\u00e9 l&#8217;artesania i la pagesia com a eixos centrals.<\/p>\n<p>La inauguraci\u00f3 de la fira ser\u00e0 el\u00a0<strong>dia 2 de juny<\/strong>\u00a0amb la xerrada d&#8217;<strong>Aina Calafat<\/strong>\u00a0que parlar\u00e0 d&#8217;experi\u00e8ncies i\u00a0<strong>casos d&#8217;\u00e8xit de producci\u00f3 ecol\u00f2gica<\/strong>, a les\u00a0<strong>19.30 hores<\/strong>, a la Casa de Cultura. En acabar, hi haur\u00e0 un<strong>\u00a0tast d&#8217;aliments ecol\u00f2gics<\/strong>.<\/p>\n<p>La jornada de d<strong>ia 3 de juny<\/strong>\u00a0comen\u00e7ar\u00e0 a les 18 hores amb l&#8217;actuaci\u00f3 dels\u00a0<strong>Castellers de Tramuntana<\/strong>, creada a final de 2022. A la mateixa hora, tamb\u00e9 hi haur\u00e0\u00a0<strong>roc\u00f2drom gratu\u00eft<\/strong>. Els altres actes que solen ser molt reclamants s\u00f3n el<strong>\u00a0taller d&#8217;herbes<\/strong>, seguint la recepta de Mestre Biel per al qual cal dur una ampolla de vidre. L&#8217;impartir\u00e0 Margalida Ballester i t\u00e9 un preu de 9 euros. Tamb\u00e9 hi haur\u00e0 la\u00a0<strong>projecci\u00f3 del v\u00eddeo sobre la recuperaci\u00f3 de la mem\u00f2ria oral de les collidores d&#8217;oliva de Puigpunyent i Galilea<\/strong>, a les 21 hores, a la sala de plens. El vespre acabar\u00e0 amb el\u00a0<strong>sopar de fira<\/strong>, amb pa de farina ecol\u00f2gica, sobrassada de Can Ribas i formatge de Menorca D&#8217;en Vinent. els tiquets s&#8217;han de comprar a l&#8217;ajuntament fins dia 1 de juny per 6 euros per persona. El punt final el posar\u00e0 la m\u00fasica de\u00a0<strong>Sustrandos i DJ Code<\/strong>.<\/p>\n<p>Els\u00a0<strong>xeremiers\u00a0<\/strong>C\u00e0ndid i Tom\u00e0s donaran el sus al\u00a0<strong>diumenge 4 de juny<\/strong>, a les 10 del mat\u00ed. La cultura popular tamb\u00e9 hi ser\u00e0 present amb els\u00a0<strong>Cavallets de Mancor de la Vall\u00a0<\/strong>i l&#8217;<strong>Escola de Ball de Galilea<\/strong>. tamb\u00e9 hi haur\u00e0 una activitat de relaxaci\u00f3 amb bols tibetans, un\u00a0<strong>taller d&#8217;autocura conscient amb cosm\u00e8tica vegana i natural<\/strong>, a les 13 hores a la sala de plens. L&#8217;horabaixa ser\u00e0 el moment de l&#8217;esperat\u00a0<strong>concurs de tall amb verdu<\/strong>c, a les 16 hores, el concert de les Veus de Tardor, el\u00a0<strong>berenar de gelat i coca de quarto<\/strong>\u00a0i el\u00a0<strong>concert\u00a0<\/strong>del final de curs de l&#8217;<strong>Escola de M\u00fasica, a<\/strong>\u00a0les 18.15 i 18.30 hores respectivament.<\/p>\n","protected":false},"excerpt":{"rendered":"<p>L&#8217;artesania i la pagesia s\u00f3n dos dels puntals d&#8217;aquesta cita que se celebra del 2 al&hellip;<\/p>\n","protected":false},"author":1,"featured_media":82737,"comment_status":"open","ping_status":"closed","sticky":false,"template":"","format":"gallery","meta":{"_acf_changed":false,"_swt_meta_header_display":false,"_swt_meta_footer_display":false,"_swt_meta_site_title_display":false,"_swt_meta_sticky_header":false,"_swt_meta_transparent_header":false,"footnotes":""},"categories":[1003,1477],"tags":[],"coauthors":[2053],"class_list":["post-82753","post","type-post","status-publish","format-gallery","has-post-thumbnail","hentry","category-actualitat-es","category-reportatges-i-novetats-es","post_format-post-format-gallery"],"acf":{"gallery":null,"home_date":{"home_begin_date":null,"home_end_date":null}},"yoast_head":"<!-- This site is optimized with the Yoast SEO plugin v28.3 - https:\/\/yoast.com\/product\/yoast-seo-wordpress\/ -->\n<title>La Fira Ecol\u00f2gica de Puigpunyent torna carregada de propostes - Gastron\u00f2micament<\/title>\n<meta name=\"description\" content=\"La Fira Ecol\u00f2gica de Puigpunyent torna carregada de propostes Actualitat, Reportatges i novetats L&#039;artesania i la pagesia s\u00f3n dos dels puntals d&#039;aquesta cita que se celebra del 2 al 4 de juny\" \/>\n<meta name=\"robots\" content=\"index, follow, max-snippet:-1, max-image-preview:large, max-video-preview:-1\" \/>\n<link rel=\"canonical\" href=\"https:\/\/gastronomicament.cat\/es\/la-fira-ecologica-de-puigpunyent-torna-carregada-de-propostes-2\" \/>\n<meta property=\"og:locale\" content=\"es_ES\" \/>\n<meta property=\"og:type\" content=\"article\" \/>\n<meta property=\"og:title\" content=\"La Fira Ecol\u00f2gica de Puigpunyent torna carregada de propostes - Gastron\u00f2micament\" \/>\n<meta property=\"og:description\" content=\"La Fira Ecol\u00f2gica de Puigpunyent torna carregada de propostes Actualitat, Reportatges i novetats L&#039;artesania i la pagesia s\u00f3n dos dels puntals d&#039;aquesta cita que se celebra del 2 al 4 de juny\" \/>\n<meta property=\"og:url\" content=\"https:\/\/gastronomicament.cat\/es\/la-fira-ecologica-de-puigpunyent-torna-carregada-de-propostes-2\" \/>\n<meta property=\"og:site_name\" content=\"Gastron\u00f2micament\" \/>\n<meta property=\"article:published_time\" content=\"2023-05-31T10:12:33+00:00\" \/>\n<meta property=\"og:image\" content=\"https:\/\/gastronomicament.cat\/wp-content\/uploads\/2023\/05\/Escola-de-Ball-de-Galilea.jpg\" \/>\n\t<meta property=\"og:image:width\" content=\"1200\" \/>\n\t<meta property=\"og:image:height\" content=\"898\" \/>\n\t<meta property=\"og:image:type\" content=\"image\/jpeg\" \/>\n<meta name=\"author\" content=\"Redacci\u00f3\" \/>\n<meta name=\"twitter:card\" content=\"summary_large_image\" \/>\n<meta name=\"twitter:creator\" content=\"@gastronomicamen\" \/>\n<meta name=\"twitter:site\" content=\"@gastronomicamen\" \/>\n<meta name=\"twitter:label1\" content=\"Escrito por\" \/>\n\t<meta name=\"twitter:data1\" content=\"Redacci\u00f3\" \/>\n\t<meta name=\"twitter:label2\" content=\"Tiempo de lectura\" \/>\n\t<meta name=\"twitter:data2\" content=\"3 minutos\" \/>\n\t<meta name=\"twitter:label3\" content=\"Written by\" \/>\n\t<meta name=\"twitter:data3\" content=\"Redacci\u00f3\" \/>\n<script type=\"application\/ld+json\" class=\"yoast-schema-graph\">{\"@context\":\"https:\\\/\\\/schema.org\",\"@graph\":[{\"@type\":\"Article\",\"@id\":\"https:\\\/\\\/gastronomicament.cat\\\/es\\\/la-fira-ecologica-de-puigpunyent-torna-carregada-de-propostes-2#article\",\"isPartOf\":{\"@id\":\"https:\\\/\\\/gastronomicament.cat\\\/es\\\/la-fira-ecologica-de-puigpunyent-torna-carregada-de-propostes-2\"},\"author\":{\"name\":\"Redacci\u00f3\",\"@id\":\"https:\\\/\\\/gastronomicament.cat\\\/es\\\/#\\\/schema\\\/person\\\/a7c85c537a1ed62799a5b8e0f686a37f\"},\"headline\":\"La Fira Ecol\u00f2gica de Puigpunyent torna carregada de propostes\",\"datePublished\":\"2023-05-31T10:12:33+00:00\",\"mainEntityOfPage\":{\"@id\":\"https:\\\/\\\/gastronomicament.cat\\\/es\\\/la-fira-ecologica-de-puigpunyent-torna-carregada-de-propostes-2\"},\"wordCount\":405,\"commentCount\":0,\"publisher\":{\"@id\":\"https:\\\/\\\/gastronomicament.cat\\\/es\\\/#organization\"},\"image\":{\"@id\":\"https:\\\/\\\/gastronomicament.cat\\\/es\\\/la-fira-ecologica-de-puigpunyent-torna-carregada-de-propostes-2#primaryimage\"},\"thumbnailUrl\":\"https:\\\/\\\/gastronomicament.cat\\\/wp-content\\\/uploads\\\/2023\\\/05\\\/Escola-de-Ball-de-Galilea.jpg\",\"articleSection\":[\"Actualitat\",\"Reportatges i novetats\"],\"inLanguage\":\"es\",\"potentialAction\":[{\"@type\":\"CommentAction\",\"name\":\"Comment\",\"target\":[\"https:\\\/\\\/gastronomicament.cat\\\/es\\\/la-fira-ecologica-de-puigpunyent-torna-carregada-de-propostes-2#respond\"]}]},{\"@type\":\"WebPage\",\"@id\":\"https:\\\/\\\/gastronomicament.cat\\\/es\\\/la-fira-ecologica-de-puigpunyent-torna-carregada-de-propostes-2\",\"url\":\"https:\\\/\\\/gastronomicament.cat\\\/es\\\/la-fira-ecologica-de-puigpunyent-torna-carregada-de-propostes-2\",\"name\":\"La Fira Ecol\u00f2gica de Puigpunyent torna carregada de propostes - Gastron\u00f2micament\",\"isPartOf\":{\"@id\":\"https:\\\/\\\/gastronomicament.cat\\\/es\\\/#website\"},\"primaryImageOfPage\":{\"@id\":\"https:\\\/\\\/gastronomicament.cat\\\/es\\\/la-fira-ecologica-de-puigpunyent-torna-carregada-de-propostes-2#primaryimage\"},\"image\":{\"@id\":\"https:\\\/\\\/gastronomicament.cat\\\/es\\\/la-fira-ecologica-de-puigpunyent-torna-carregada-de-propostes-2#primaryimage\"},\"thumbnailUrl\":\"https:\\\/\\\/gastronomicament.cat\\\/wp-content\\\/uploads\\\/2023\\\/05\\\/Escola-de-Ball-de-Galilea.jpg\",\"datePublished\":\"2023-05-31T10:12:33+00:00\",\"description\":\"La Fira Ecol\u00f2gica de Puigpunyent torna carregada de propostes Actualitat, Reportatges i novetats L'artesania i la pagesia s\u00f3n dos dels puntals d'aquesta cita que se celebra del 2 al 4 de juny\",\"inLanguage\":\"es\",\"potentialAction\":[{\"@type\":\"ReadAction\",\"target\":[\"https:\\\/\\\/gastronomicament.cat\\\/es\\\/la-fira-ecologica-de-puigpunyent-torna-carregada-de-propostes-2\"]}]},{\"@type\":\"ImageObject\",\"inLanguage\":\"es\",\"@id\":\"https:\\\/\\\/gastronomicament.cat\\\/es\\\/la-fira-ecologica-de-puigpunyent-torna-carregada-de-propostes-2#primaryimage\",\"url\":\"https:\\\/\\\/gastronomicament.cat\\\/wp-content\\\/uploads\\\/2023\\\/05\\\/Escola-de-Ball-de-Galilea.jpg\",\"contentUrl\":\"https:\\\/\\\/gastronomicament.cat\\\/wp-content\\\/uploads\\\/2023\\\/05\\\/Escola-de-Ball-de-Galilea.jpg\",\"width\":1200,\"height\":898},{\"@type\":\"WebSite\",\"@id\":\"https:\\\/\\\/gastronomicament.cat\\\/es\\\/#website\",\"url\":\"https:\\\/\\\/gastronomicament.cat\\\/es\\\/\",\"name\":\"Gastron\u00f2micament\",\"description\":\"Portal de restaurants, receptes i actualitat gastron\u00f2mica\",\"publisher\":{\"@id\":\"https:\\\/\\\/gastronomicament.cat\\\/es\\\/#organization\"},\"potentialAction\":[{\"@type\":\"SearchAction\",\"target\":{\"@type\":\"EntryPoint\",\"urlTemplate\":\"https:\\\/\\\/gastronomicament.cat\\\/es\\\/?s={search_term_string}\"},\"query-input\":{\"@type\":\"PropertyValueSpecification\",\"valueRequired\":true,\"valueName\":\"search_term_string\"}}],\"inLanguage\":\"es\"},{\"@type\":\"Organization\",\"@id\":\"https:\\\/\\\/gastronomicament.cat\\\/es\\\/#organization\",\"name\":\"Gastron\u00f2micament\",\"url\":\"https:\\\/\\\/gastronomicament.cat\\\/es\\\/\",\"logo\":{\"@type\":\"ImageObject\",\"inLanguage\":\"es\",\"@id\":\"https:\\\/\\\/gastronomicament.cat\\\/es\\\/#\\\/schema\\\/logo\\\/image\\\/\",\"url\":\"https:\\\/\\\/gastronomicament.cat\\\/wp-content\\\/uploads\\\/2016\\\/09\\\/header-logo.jpg\",\"contentUrl\":\"https:\\\/\\\/gastronomicament.cat\\\/wp-content\\\/uploads\\\/2016\\\/09\\\/header-logo.jpg\",\"width\":277,\"height\":39,\"caption\":\"Gastron\u00f2micament\"},\"image\":{\"@id\":\"https:\\\/\\\/gastronomicament.cat\\\/es\\\/#\\\/schema\\\/logo\\\/image\\\/\"},\"sameAs\":[\"https:\\\/\\\/x.com\\\/gastronomicamen\"]},{\"@type\":\"Person\",\"@id\":\"https:\\\/\\\/gastronomicament.cat\\\/es\\\/#\\\/schema\\\/person\\\/a7c85c537a1ed62799a5b8e0f686a37f\",\"name\":\"Redacci\u00f3\",\"image\":{\"@type\":\"ImageObject\",\"inLanguage\":\"es\",\"@id\":\"https:\\\/\\\/secure.gravatar.com\\\/avatar\\\/9489a485c464fd611d33825daae651d13db70c4e74c65c94937a15a9d4c3ee14?s=96&d=mm&r=g69fea3cce3645dfa2166e7293e22955e\",\"url\":\"https:\\\/\\\/secure.gravatar.com\\\/avatar\\\/9489a485c464fd611d33825daae651d13db70c4e74c65c94937a15a9d4c3ee14?s=96&d=mm&r=g\",\"contentUrl\":\"https:\\\/\\\/secure.gravatar.com\\\/avatar\\\/9489a485c464fd611d33825daae651d13db70c4e74c65c94937a15a9d4c3ee14?s=96&d=mm&r=g\",\"caption\":\"Redacci\u00f3\"},\"sameAs\":[\"http:\\\/\\\/gastronomicament.cat\"],\"url\":\"https:\\\/\\\/gastronomicament.cat\\\/es\\\/author\\\/admin\"}]}<\/script>\n<!-- \/ Yoast SEO plugin. -->","yoast_head_json":{"title":"La Fira Ecol\u00f2gica de Puigpunyent torna carregada de propostes - Gastron\u00f2micament","description":"La Fira Ecol\u00f2gica de Puigpunyent torna carregada de propostes Actualitat, Reportatges i novetats L'artesania i la pagesia s\u00f3n dos dels puntals d'aquesta cita que se celebra del 2 al 4 de juny","robots":{"index":"index","follow":"follow","max-snippet":"max-snippet:-1","max-image-preview":"max-image-preview:large","max-video-preview":"max-video-preview:-1"},"canonical":"https:\/\/gastronomicament.cat\/es\/la-fira-ecologica-de-puigpunyent-torna-carregada-de-propostes-2","og_locale":"es_ES","og_type":"article","og_title":"La Fira Ecol\u00f2gica de Puigpunyent torna carregada de propostes - Gastron\u00f2micament","og_description":"La Fira Ecol\u00f2gica de Puigpunyent torna carregada de propostes Actualitat, Reportatges i novetats L'artesania i la pagesia s\u00f3n dos dels puntals d'aquesta cita que se celebra del 2 al 4 de juny","og_url":"https:\/\/gastronomicament.cat\/es\/la-fira-ecologica-de-puigpunyent-torna-carregada-de-propostes-2","og_site_name":"Gastron\u00f2micament","article_published_time":"2023-05-31T10:12:33+00:00","og_image":[{"width":1200,"height":898,"url":"https:\/\/gastronomicament.cat\/wp-content\/uploads\/2023\/05\/Escola-de-Ball-de-Galilea.jpg","type":"image\/jpeg"}],"author":"Redacci\u00f3","twitter_card":"summary_large_image","twitter_creator":"@gastronomicamen","twitter_site":"@gastronomicamen","twitter_misc":{"Escrito por":"Redacci\u00f3","Tiempo de lectura":"3 minutos","Written by":"Redacci\u00f3"},"schema":{"@context":"https:\/\/schema.org","@graph":[{"@type":"Article","@id":"https:\/\/gastronomicament.cat\/es\/la-fira-ecologica-de-puigpunyent-torna-carregada-de-propostes-2#article","isPartOf":{"@id":"https:\/\/gastronomicament.cat\/es\/la-fira-ecologica-de-puigpunyent-torna-carregada-de-propostes-2"},"author":{"name":"Redacci\u00f3","@id":"https:\/\/gastronomicament.cat\/es\/#\/schema\/person\/a7c85c537a1ed62799a5b8e0f686a37f"},"headline":"La Fira Ecol\u00f2gica de Puigpunyent torna carregada de propostes","datePublished":"2023-05-31T10:12:33+00:00","mainEntityOfPage":{"@id":"https:\/\/gastronomicament.cat\/es\/la-fira-ecologica-de-puigpunyent-torna-carregada-de-propostes-2"},"wordCount":405,"commentCount":0,"publisher":{"@id":"https:\/\/gastronomicament.cat\/es\/#organization"},"image":{"@id":"https:\/\/gastronomicament.cat\/es\/la-fira-ecologica-de-puigpunyent-torna-carregada-de-propostes-2#primaryimage"},"thumbnailUrl":"https:\/\/gastronomicament.cat\/wp-content\/uploads\/2023\/05\/Escola-de-Ball-de-Galilea.jpg","articleSection":["Actualitat","Reportatges i novetats"],"inLanguage":"es","potentialAction":[{"@type":"CommentAction","name":"Comment","target":["https:\/\/gastronomicament.cat\/es\/la-fira-ecologica-de-puigpunyent-torna-carregada-de-propostes-2#respond"]}]},{"@type":"WebPage","@id":"https:\/\/gastronomicament.cat\/es\/la-fira-ecologica-de-puigpunyent-torna-carregada-de-propostes-2","url":"https:\/\/gastronomicament.cat\/es\/la-fira-ecologica-de-puigpunyent-torna-carregada-de-propostes-2","name":"La Fira Ecol\u00f2gica de Puigpunyent torna carregada de propostes - Gastron\u00f2micament","isPartOf":{"@id":"https:\/\/gastronomicament.cat\/es\/#website"},"primaryImageOfPage":{"@id":"https:\/\/gastronomicament.cat\/es\/la-fira-ecologica-de-puigpunyent-torna-carregada-de-propostes-2#primaryimage"},"image":{"@id":"https:\/\/gastronomicament.cat\/es\/la-fira-ecologica-de-puigpunyent-torna-carregada-de-propostes-2#primaryimage"},"thumbnailUrl":"https:\/\/gastronomicament.cat\/wp-content\/uploads\/2023\/05\/Escola-de-Ball-de-Galilea.jpg","datePublished":"2023-05-31T10:12:33+00:00","description":"La Fira Ecol\u00f2gica de Puigpunyent torna carregada de propostes Actualitat, Reportatges i novetats L'artesania i la pagesia s\u00f3n dos dels puntals d'aquesta cita que se celebra del 2 al 4 de juny","inLanguage":"es","potentialAction":[{"@type":"ReadAction","target":["https:\/\/gastronomicament.cat\/es\/la-fira-ecologica-de-puigpunyent-torna-carregada-de-propostes-2"]}]},{"@type":"ImageObject","inLanguage":"es","@id":"https:\/\/gastronomicament.cat\/es\/la-fira-ecologica-de-puigpunyent-torna-carregada-de-propostes-2#primaryimage","url":"https:\/\/gastronomicament.cat\/wp-content\/uploads\/2023\/05\/Escola-de-Ball-de-Galilea.jpg","contentUrl":"https:\/\/gastronomicament.cat\/wp-content\/uploads\/2023\/05\/Escola-de-Ball-de-Galilea.jpg","width":1200,"height":898},{"@type":"WebSite","@id":"https:\/\/gastronomicament.cat\/es\/#website","url":"https:\/\/gastronomicament.cat\/es\/","name":"Gastron\u00f2micament","description":"Portal de restaurants, receptes i actualitat gastron\u00f2mica","publisher":{"@id":"https:\/\/gastronomicament.cat\/es\/#organization"},"potentialAction":[{"@type":"SearchAction","target":{"@type":"EntryPoint","urlTemplate":"https:\/\/gastronomicament.cat\/es\/?s={search_term_string}"},"query-input":{"@type":"PropertyValueSpecification","valueRequired":true,"valueName":"search_term_string"}}],"inLanguage":"es"},{"@type":"Organization","@id":"https:\/\/gastronomicament.cat\/es\/#organization","name":"Gastron\u00f2micament","url":"https:\/\/gastronomicament.cat\/es\/","logo":{"@type":"ImageObject","inLanguage":"es","@id":"https:\/\/gastronomicament.cat\/es\/#\/schema\/logo\/image\/","url":"https:\/\/gastronomicament.cat\/wp-content\/uploads\/2016\/09\/header-logo.jpg","contentUrl":"https:\/\/gastronomicament.cat\/wp-content\/uploads\/2016\/09\/header-logo.jpg","width":277,"height":39,"caption":"Gastron\u00f2micament"},"image":{"@id":"https:\/\/gastronomicament.cat\/es\/#\/schema\/logo\/image\/"},"sameAs":["https:\/\/x.com\/gastronomicamen"]},{"@type":"Person","@id":"https:\/\/gastronomicament.cat\/es\/#\/schema\/person\/a7c85c537a1ed62799a5b8e0f686a37f","name":"Redacci\u00f3","image":{"@type":"ImageObject","inLanguage":"es","@id":"https:\/\/secure.gravatar.com\/avatar\/9489a485c464fd611d33825daae651d13db70c4e74c65c94937a15a9d4c3ee14?s=96&d=mm&r=g69fea3cce3645dfa2166e7293e22955e","url":"https:\/\/secure.gravatar.com\/avatar\/9489a485c464fd611d33825daae651d13db70c4e74c65c94937a15a9d4c3ee14?s=96&d=mm&r=g","contentUrl":"https:\/\/secure.gravatar.com\/avatar\/9489a485c464fd611d33825daae651d13db70c4e74c65c94937a15a9d4c3ee14?s=96&d=mm&r=g","caption":"Redacci\u00f3"},"sameAs":["http:\/\/gastronomicament.cat"],"url":"https:\/\/gastronomicament.cat\/es\/author\/admin"}]}},"_links":{"self":[{"href":"https:\/\/gastronomicament.cat\/es\/wp-json\/wp\/v2\/posts\/82753","targetHints":{"allow":["GET"]}}],"collection":[{"href":"https:\/\/gastronomicament.cat\/es\/wp-json\/wp\/v2\/posts"}],"about":[{"href":"https:\/\/gastronomicament.cat\/es\/wp-json\/wp\/v2\/types\/post"}],"author":[{"embeddable":true,"href":"https:\/\/gastronomicament.cat\/es\/wp-json\/wp\/v2\/users\/1"}],"replies":[{"embeddable":true,"href":"https:\/\/gastronomicament.cat\/es\/wp-json\/wp\/v2\/comments?post=82753"}],"version-history":[{"count":0,"href":"https:\/\/gastronomicament.cat\/es\/wp-json\/wp\/v2\/posts\/82753\/revisions"}],"wp:featuredmedia":[{"embeddable":true,"href":"https:\/\/gastronomicament.cat\/es\/wp-json\/wp\/v2\/media\/82737"}],"wp:attachment":[{"href":"https:\/\/gastronomicament.cat\/es\/wp-json\/wp\/v2\/media?parent=82753"}],"wp:term":[{"taxonomy":"category","embeddable":true,"href":"https:\/\/gastronomicament.cat\/es\/wp-json\/wp\/v2\/categories?post=82753"},{"taxonomy":"post_tag","embeddable":true,"href":"https:\/\/gastronomicament.cat\/es\/wp-json\/wp\/v2\/tags?post=82753"},{"taxonomy":"author","embeddable":true,"href":"https:\/\/gastronomicament.cat\/es\/wp-json\/wp\/v2\/coauthors?post=82753"}],"curies":[{"name":"wp","href":"https:\/\/api.w.org\/{rel}","templated":true}]}}