{"id":82894,"date":"2023-06-06T11:43:09","date_gmt":"2023-06-06T09:43:09","guid":{"rendered":"https:\/\/gastronomicament.cat\/premi-per-al-fp-de-cuina-de-lies-alcudia"},"modified":"2023-06-06T11:43:09","modified_gmt":"2023-06-06T09:43:09","slug":"premi-per-al-fp-de-cuina-de-lies-alcudia","status":"publish","type":"post","link":"https:\/\/gastronomicament.cat\/es\/premi-per-al-fp-de-cuina-de-lies-alcudia","title":{"rendered":"Premi per al FP de Cuina de l&#8217;IES Alc\u00fadia"},"content":{"rendered":"<p>El centre d&#8217;ensenyament p\u00fablic d&#8217;Alc\u00fadia est\u00e0 d&#8217;enhorabona perqu\u00e8 els estudis de grau mitj\u00e0 d&#8217;FP de Cuina han estat premiats per l&#8217;Aula Gastron\u00f2mica de la Fundaci\u00f3 ACA. Jaume Rein\u00e9s, representant d&#8217;aquesta entitat, va remarcar que \u00abalguns dels professors i professores que formen l&#8217;equip del departament d&#8217;Hoteleria de l&#8217;IES Alc\u00fadia fa m\u00e9s de 20 anys que hi s\u00f3n; una traject\u00f2ria que avala la seva experi\u00e8ncia i professionalitat dins l&#8217;ensenyament\u00bb.<\/p>\n<p>Rein\u00e9s va lliurar el diploma a Xim Guti\u00e9rrez, director del centre, que va estar acompanyat d&#8217;un nombr\u00f3s grup de professors de formaci\u00f3 professional de cuina del centre d&#8217;aprenentatge. Aix\u00ed mateix, es va aprofitar l&#8217;acte, celebrat el divendres 2 de juny a l&#8217;auditori de la ciutat, per reclamar que l&#8217;IES Alc\u00fadia disposi d&#8217;un centre integrat i que es millori la formaci\u00f3 dels alumnes i la seva integraci\u00f3 en el m\u00f3n laboral.<\/p>\n","protected":false},"excerpt":{"rendered":"<p>L&#8217;Aula Gastron\u00f2mica de la Fundaci\u00f3 ACA ha reconegut la traject\u00f2ria de docents i alumnes<\/p>\n","protected":false},"author":1,"featured_media":82878,"comment_status":"open","ping_status":"closed","sticky":false,"template":"","format":"gallery","meta":{"_acf_changed":false,"_swt_meta_header_display":false,"_swt_meta_footer_display":false,"_swt_meta_site_title_display":false,"_swt_meta_sticky_header":false,"_swt_meta_transparent_header":false,"footnotes":""},"categories":[1003,1478],"tags":[],"coauthors":[2053],"class_list":["post-82894","post","type-post","status-publish","format-gallery","has-post-thumbnail","hentry","category-actualitat-es","category-concursos-i-premis-es","post_format-post-format-gallery"],"acf":{"gallery":null,"home_date":{"home_begin_date":null,"home_end_date":null}},"yoast_head":"<!-- This site is optimized with the Yoast SEO plugin v27.4 - https:\/\/yoast.com\/product\/yoast-seo-wordpress\/ -->\n<title>Premi per al FP de Cuina de l&#039;IES Alc\u00fadia - Gastron\u00f2micament<\/title>\n<meta name=\"description\" content=\"Premi per al FP de Cuina de l&#039;IES Alc\u00fadia Actualitat, Concursos i premis L&#039;Aula Gastron\u00f2mica de la Fundaci\u00f3 ACA ha reconegut la traject\u00f2ria de docents i alumnes\" \/>\n<meta name=\"robots\" content=\"index, follow, max-snippet:-1, max-image-preview:large, max-video-preview:-1\" \/>\n<link rel=\"canonical\" href=\"https:\/\/gastronomicament.cat\/es\/premi-per-al-fp-de-cuina-de-lies-alcudia\" \/>\n<meta property=\"og:locale\" content=\"es_ES\" \/>\n<meta property=\"og:type\" content=\"article\" \/>\n<meta property=\"og:title\" content=\"Premi per al FP de Cuina de l&#039;IES Alc\u00fadia - Gastron\u00f2micament\" \/>\n<meta property=\"og:description\" content=\"Premi per al FP de Cuina de l&#039;IES Alc\u00fadia Actualitat, Concursos i premis L&#039;Aula Gastron\u00f2mica de la Fundaci\u00f3 ACA ha reconegut la traject\u00f2ria de docents i alumnes\" \/>\n<meta property=\"og:url\" content=\"https:\/\/gastronomicament.cat\/es\/premi-per-al-fp-de-cuina-de-lies-alcudia\" \/>\n<meta property=\"og:site_name\" content=\"Gastron\u00f2micament\" \/>\n<meta property=\"article:published_time\" content=\"2023-06-06T09:43:09+00:00\" \/>\n<meta property=\"og:image\" content=\"https:\/\/gastronomicament.cat\/wp-content\/uploads\/2023\/06\/Professors-de-Cuina-IES-ALCUDIA.jpeg\" \/>\n\t<meta property=\"og:image:width\" content=\"1600\" \/>\n\t<meta property=\"og:image:height\" content=\"720\" \/>\n\t<meta property=\"og:image:type\" content=\"image\/jpeg\" \/>\n<meta name=\"author\" content=\"Redacci\u00f3\" \/>\n<meta name=\"twitter:card\" content=\"summary_large_image\" \/>\n<meta name=\"twitter:creator\" content=\"@gastronomicamen\" \/>\n<meta name=\"twitter:site\" content=\"@gastronomicamen\" \/>\n<meta name=\"twitter:label1\" content=\"Escrito por\" \/>\n\t<meta name=\"twitter:data1\" content=\"Redacci\u00f3\" \/>\n\t<meta name=\"twitter:label2\" content=\"Tiempo de lectura\" \/>\n\t<meta name=\"twitter:data2\" content=\"1 minuto\" \/>\n\t<meta name=\"twitter:label3\" content=\"Written by\" \/>\n\t<meta name=\"twitter:data3\" content=\"Redacci\u00f3\" \/>\n<script type=\"application\/ld+json\" class=\"yoast-schema-graph\">{\"@context\":\"https:\\\/\\\/schema.org\",\"@graph\":[{\"@type\":\"Article\",\"@id\":\"https:\\\/\\\/gastronomicament.cat\\\/es\\\/premi-per-al-fp-de-cuina-de-lies-alcudia#article\",\"isPartOf\":{\"@id\":\"https:\\\/\\\/gastronomicament.cat\\\/es\\\/premi-per-al-fp-de-cuina-de-lies-alcudia\"},\"author\":{\"name\":\"Redacci\u00f3\",\"@id\":\"https:\\\/\\\/gastronomicament.cat\\\/es\\\/#\\\/schema\\\/person\\\/a7c85c537a1ed62799a5b8e0f686a37f\"},\"headline\":\"Premi per al FP de Cuina de l&#8217;IES Alc\u00fadia\",\"datePublished\":\"2023-06-06T09:43:09+00:00\",\"mainEntityOfPage\":{\"@id\":\"https:\\\/\\\/gastronomicament.cat\\\/es\\\/premi-per-al-fp-de-cuina-de-lies-alcudia\"},\"wordCount\":159,\"commentCount\":0,\"publisher\":{\"@id\":\"https:\\\/\\\/gastronomicament.cat\\\/es\\\/#organization\"},\"image\":{\"@id\":\"https:\\\/\\\/gastronomicament.cat\\\/es\\\/premi-per-al-fp-de-cuina-de-lies-alcudia#primaryimage\"},\"thumbnailUrl\":\"https:\\\/\\\/gastronomicament.cat\\\/wp-content\\\/uploads\\\/2023\\\/06\\\/Professors-de-Cuina-IES-ALCUDIA.jpeg\",\"articleSection\":[\"Actualitat\",\"Concursos i premis\"],\"inLanguage\":\"es\",\"potentialAction\":[{\"@type\":\"CommentAction\",\"name\":\"Comment\",\"target\":[\"https:\\\/\\\/gastronomicament.cat\\\/es\\\/premi-per-al-fp-de-cuina-de-lies-alcudia#respond\"]}]},{\"@type\":\"WebPage\",\"@id\":\"https:\\\/\\\/gastronomicament.cat\\\/es\\\/premi-per-al-fp-de-cuina-de-lies-alcudia\",\"url\":\"https:\\\/\\\/gastronomicament.cat\\\/es\\\/premi-per-al-fp-de-cuina-de-lies-alcudia\",\"name\":\"Premi per al FP de Cuina de l'IES Alc\u00fadia - Gastron\u00f2micament\",\"isPartOf\":{\"@id\":\"https:\\\/\\\/gastronomicament.cat\\\/es\\\/#website\"},\"primaryImageOfPage\":{\"@id\":\"https:\\\/\\\/gastronomicament.cat\\\/es\\\/premi-per-al-fp-de-cuina-de-lies-alcudia#primaryimage\"},\"image\":{\"@id\":\"https:\\\/\\\/gastronomicament.cat\\\/es\\\/premi-per-al-fp-de-cuina-de-lies-alcudia#primaryimage\"},\"thumbnailUrl\":\"https:\\\/\\\/gastronomicament.cat\\\/wp-content\\\/uploads\\\/2023\\\/06\\\/Professors-de-Cuina-IES-ALCUDIA.jpeg\",\"datePublished\":\"2023-06-06T09:43:09+00:00\",\"description\":\"Premi per al FP de Cuina de l'IES Alc\u00fadia Actualitat, Concursos i premis L'Aula Gastron\u00f2mica de la Fundaci\u00f3 ACA ha reconegut la traject\u00f2ria de docents i alumnes\",\"inLanguage\":\"es\",\"potentialAction\":[{\"@type\":\"ReadAction\",\"target\":[\"https:\\\/\\\/gastronomicament.cat\\\/es\\\/premi-per-al-fp-de-cuina-de-lies-alcudia\"]}]},{\"@type\":\"ImageObject\",\"inLanguage\":\"es\",\"@id\":\"https:\\\/\\\/gastronomicament.cat\\\/es\\\/premi-per-al-fp-de-cuina-de-lies-alcudia#primaryimage\",\"url\":\"https:\\\/\\\/gastronomicament.cat\\\/wp-content\\\/uploads\\\/2023\\\/06\\\/Professors-de-Cuina-IES-ALCUDIA.jpeg\",\"contentUrl\":\"https:\\\/\\\/gastronomicament.cat\\\/wp-content\\\/uploads\\\/2023\\\/06\\\/Professors-de-Cuina-IES-ALCUDIA.jpeg\",\"width\":1600,\"height\":720},{\"@type\":\"WebSite\",\"@id\":\"https:\\\/\\\/gastronomicament.cat\\\/es\\\/#website\",\"url\":\"https:\\\/\\\/gastronomicament.cat\\\/es\\\/\",\"name\":\"Gastron\u00f2micament\",\"description\":\"Portal de restaurants, receptes i actualitat gastron\u00f2mica\",\"publisher\":{\"@id\":\"https:\\\/\\\/gastronomicament.cat\\\/es\\\/#organization\"},\"potentialAction\":[{\"@type\":\"SearchAction\",\"target\":{\"@type\":\"EntryPoint\",\"urlTemplate\":\"https:\\\/\\\/gastronomicament.cat\\\/es\\\/?s={search_term_string}\"},\"query-input\":{\"@type\":\"PropertyValueSpecification\",\"valueRequired\":true,\"valueName\":\"search_term_string\"}}],\"inLanguage\":\"es\"},{\"@type\":\"Organization\",\"@id\":\"https:\\\/\\\/gastronomicament.cat\\\/es\\\/#organization\",\"name\":\"Gastron\u00f2micament\",\"url\":\"https:\\\/\\\/gastronomicament.cat\\\/es\\\/\",\"logo\":{\"@type\":\"ImageObject\",\"inLanguage\":\"es\",\"@id\":\"https:\\\/\\\/gastronomicament.cat\\\/es\\\/#\\\/schema\\\/logo\\\/image\\\/\",\"url\":\"https:\\\/\\\/gastronomicament.cat\\\/wp-content\\\/uploads\\\/2016\\\/09\\\/header-logo.jpg\",\"contentUrl\":\"https:\\\/\\\/gastronomicament.cat\\\/wp-content\\\/uploads\\\/2016\\\/09\\\/header-logo.jpg\",\"width\":277,\"height\":39,\"caption\":\"Gastron\u00f2micament\"},\"image\":{\"@id\":\"https:\\\/\\\/gastronomicament.cat\\\/es\\\/#\\\/schema\\\/logo\\\/image\\\/\"},\"sameAs\":[\"https:\\\/\\\/x.com\\\/gastronomicamen\"]},{\"@type\":\"Person\",\"@id\":\"https:\\\/\\\/gastronomicament.cat\\\/es\\\/#\\\/schema\\\/person\\\/a7c85c537a1ed62799a5b8e0f686a37f\",\"name\":\"Redacci\u00f3\",\"image\":{\"@type\":\"ImageObject\",\"inLanguage\":\"es\",\"@id\":\"https:\\\/\\\/secure.gravatar.com\\\/avatar\\\/9489a485c464fd611d33825daae651d13db70c4e74c65c94937a15a9d4c3ee14?s=96&d=mm&r=g69fea3cce3645dfa2166e7293e22955e\",\"url\":\"https:\\\/\\\/secure.gravatar.com\\\/avatar\\\/9489a485c464fd611d33825daae651d13db70c4e74c65c94937a15a9d4c3ee14?s=96&d=mm&r=g\",\"contentUrl\":\"https:\\\/\\\/secure.gravatar.com\\\/avatar\\\/9489a485c464fd611d33825daae651d13db70c4e74c65c94937a15a9d4c3ee14?s=96&d=mm&r=g\",\"caption\":\"Redacci\u00f3\"},\"sameAs\":[\"http:\\\/\\\/gastronomicament.cat\"],\"url\":\"https:\\\/\\\/gastronomicament.cat\\\/es\\\/author\\\/admin\"}]}<\/script>\n<!-- \/ Yoast SEO plugin. -->","yoast_head_json":{"title":"Premi per al FP de Cuina de l'IES Alc\u00fadia - Gastron\u00f2micament","description":"Premi per al FP de Cuina de l'IES Alc\u00fadia Actualitat, Concursos i premis L'Aula Gastron\u00f2mica de la Fundaci\u00f3 ACA ha reconegut la traject\u00f2ria de docents i alumnes","robots":{"index":"index","follow":"follow","max-snippet":"max-snippet:-1","max-image-preview":"max-image-preview:large","max-video-preview":"max-video-preview:-1"},"canonical":"https:\/\/gastronomicament.cat\/es\/premi-per-al-fp-de-cuina-de-lies-alcudia","og_locale":"es_ES","og_type":"article","og_title":"Premi per al FP de Cuina de l'IES Alc\u00fadia - Gastron\u00f2micament","og_description":"Premi per al FP de Cuina de l'IES Alc\u00fadia Actualitat, Concursos i premis L'Aula Gastron\u00f2mica de la Fundaci\u00f3 ACA ha reconegut la traject\u00f2ria de docents i alumnes","og_url":"https:\/\/gastronomicament.cat\/es\/premi-per-al-fp-de-cuina-de-lies-alcudia","og_site_name":"Gastron\u00f2micament","article_published_time":"2023-06-06T09:43:09+00:00","og_image":[{"width":1600,"height":720,"url":"https:\/\/gastronomicament.cat\/wp-content\/uploads\/2023\/06\/Professors-de-Cuina-IES-ALCUDIA.jpeg","type":"image\/jpeg"}],"author":"Redacci\u00f3","twitter_card":"summary_large_image","twitter_creator":"@gastronomicamen","twitter_site":"@gastronomicamen","twitter_misc":{"Escrito por":"Redacci\u00f3","Tiempo de lectura":"1 minuto","Written by":"Redacci\u00f3"},"schema":{"@context":"https:\/\/schema.org","@graph":[{"@type":"Article","@id":"https:\/\/gastronomicament.cat\/es\/premi-per-al-fp-de-cuina-de-lies-alcudia#article","isPartOf":{"@id":"https:\/\/gastronomicament.cat\/es\/premi-per-al-fp-de-cuina-de-lies-alcudia"},"author":{"name":"Redacci\u00f3","@id":"https:\/\/gastronomicament.cat\/es\/#\/schema\/person\/a7c85c537a1ed62799a5b8e0f686a37f"},"headline":"Premi per al FP de Cuina de l&#8217;IES Alc\u00fadia","datePublished":"2023-06-06T09:43:09+00:00","mainEntityOfPage":{"@id":"https:\/\/gastronomicament.cat\/es\/premi-per-al-fp-de-cuina-de-lies-alcudia"},"wordCount":159,"commentCount":0,"publisher":{"@id":"https:\/\/gastronomicament.cat\/es\/#organization"},"image":{"@id":"https:\/\/gastronomicament.cat\/es\/premi-per-al-fp-de-cuina-de-lies-alcudia#primaryimage"},"thumbnailUrl":"https:\/\/gastronomicament.cat\/wp-content\/uploads\/2023\/06\/Professors-de-Cuina-IES-ALCUDIA.jpeg","articleSection":["Actualitat","Concursos i premis"],"inLanguage":"es","potentialAction":[{"@type":"CommentAction","name":"Comment","target":["https:\/\/gastronomicament.cat\/es\/premi-per-al-fp-de-cuina-de-lies-alcudia#respond"]}]},{"@type":"WebPage","@id":"https:\/\/gastronomicament.cat\/es\/premi-per-al-fp-de-cuina-de-lies-alcudia","url":"https:\/\/gastronomicament.cat\/es\/premi-per-al-fp-de-cuina-de-lies-alcudia","name":"Premi per al FP de Cuina de l'IES Alc\u00fadia - Gastron\u00f2micament","isPartOf":{"@id":"https:\/\/gastronomicament.cat\/es\/#website"},"primaryImageOfPage":{"@id":"https:\/\/gastronomicament.cat\/es\/premi-per-al-fp-de-cuina-de-lies-alcudia#primaryimage"},"image":{"@id":"https:\/\/gastronomicament.cat\/es\/premi-per-al-fp-de-cuina-de-lies-alcudia#primaryimage"},"thumbnailUrl":"https:\/\/gastronomicament.cat\/wp-content\/uploads\/2023\/06\/Professors-de-Cuina-IES-ALCUDIA.jpeg","datePublished":"2023-06-06T09:43:09+00:00","description":"Premi per al FP de Cuina de l'IES Alc\u00fadia Actualitat, Concursos i premis L'Aula Gastron\u00f2mica de la Fundaci\u00f3 ACA ha reconegut la traject\u00f2ria de docents i alumnes","inLanguage":"es","potentialAction":[{"@type":"ReadAction","target":["https:\/\/gastronomicament.cat\/es\/premi-per-al-fp-de-cuina-de-lies-alcudia"]}]},{"@type":"ImageObject","inLanguage":"es","@id":"https:\/\/gastronomicament.cat\/es\/premi-per-al-fp-de-cuina-de-lies-alcudia#primaryimage","url":"https:\/\/gastronomicament.cat\/wp-content\/uploads\/2023\/06\/Professors-de-Cuina-IES-ALCUDIA.jpeg","contentUrl":"https:\/\/gastronomicament.cat\/wp-content\/uploads\/2023\/06\/Professors-de-Cuina-IES-ALCUDIA.jpeg","width":1600,"height":720},{"@type":"WebSite","@id":"https:\/\/gastronomicament.cat\/es\/#website","url":"https:\/\/gastronomicament.cat\/es\/","name":"Gastron\u00f2micament","description":"Portal de restaurants, receptes i actualitat gastron\u00f2mica","publisher":{"@id":"https:\/\/gastronomicament.cat\/es\/#organization"},"potentialAction":[{"@type":"SearchAction","target":{"@type":"EntryPoint","urlTemplate":"https:\/\/gastronomicament.cat\/es\/?s={search_term_string}"},"query-input":{"@type":"PropertyValueSpecification","valueRequired":true,"valueName":"search_term_string"}}],"inLanguage":"es"},{"@type":"Organization","@id":"https:\/\/gastronomicament.cat\/es\/#organization","name":"Gastron\u00f2micament","url":"https:\/\/gastronomicament.cat\/es\/","logo":{"@type":"ImageObject","inLanguage":"es","@id":"https:\/\/gastronomicament.cat\/es\/#\/schema\/logo\/image\/","url":"https:\/\/gastronomicament.cat\/wp-content\/uploads\/2016\/09\/header-logo.jpg","contentUrl":"https:\/\/gastronomicament.cat\/wp-content\/uploads\/2016\/09\/header-logo.jpg","width":277,"height":39,"caption":"Gastron\u00f2micament"},"image":{"@id":"https:\/\/gastronomicament.cat\/es\/#\/schema\/logo\/image\/"},"sameAs":["https:\/\/x.com\/gastronomicamen"]},{"@type":"Person","@id":"https:\/\/gastronomicament.cat\/es\/#\/schema\/person\/a7c85c537a1ed62799a5b8e0f686a37f","name":"Redacci\u00f3","image":{"@type":"ImageObject","inLanguage":"es","@id":"https:\/\/secure.gravatar.com\/avatar\/9489a485c464fd611d33825daae651d13db70c4e74c65c94937a15a9d4c3ee14?s=96&d=mm&r=g69fea3cce3645dfa2166e7293e22955e","url":"https:\/\/secure.gravatar.com\/avatar\/9489a485c464fd611d33825daae651d13db70c4e74c65c94937a15a9d4c3ee14?s=96&d=mm&r=g","contentUrl":"https:\/\/secure.gravatar.com\/avatar\/9489a485c464fd611d33825daae651d13db70c4e74c65c94937a15a9d4c3ee14?s=96&d=mm&r=g","caption":"Redacci\u00f3"},"sameAs":["http:\/\/gastronomicament.cat"],"url":"https:\/\/gastronomicament.cat\/es\/author\/admin"}]}},"_links":{"self":[{"href":"https:\/\/gastronomicament.cat\/es\/wp-json\/wp\/v2\/posts\/82894","targetHints":{"allow":["GET"]}}],"collection":[{"href":"https:\/\/gastronomicament.cat\/es\/wp-json\/wp\/v2\/posts"}],"about":[{"href":"https:\/\/gastronomicament.cat\/es\/wp-json\/wp\/v2\/types\/post"}],"author":[{"embeddable":true,"href":"https:\/\/gastronomicament.cat\/es\/wp-json\/wp\/v2\/users\/1"}],"replies":[{"embeddable":true,"href":"https:\/\/gastronomicament.cat\/es\/wp-json\/wp\/v2\/comments?post=82894"}],"version-history":[{"count":0,"href":"https:\/\/gastronomicament.cat\/es\/wp-json\/wp\/v2\/posts\/82894\/revisions"}],"wp:featuredmedia":[{"embeddable":true,"href":"https:\/\/gastronomicament.cat\/es\/wp-json\/wp\/v2\/media\/82878"}],"wp:attachment":[{"href":"https:\/\/gastronomicament.cat\/es\/wp-json\/wp\/v2\/media?parent=82894"}],"wp:term":[{"taxonomy":"category","embeddable":true,"href":"https:\/\/gastronomicament.cat\/es\/wp-json\/wp\/v2\/categories?post=82894"},{"taxonomy":"post_tag","embeddable":true,"href":"https:\/\/gastronomicament.cat\/es\/wp-json\/wp\/v2\/tags?post=82894"},{"taxonomy":"author","embeddable":true,"href":"https:\/\/gastronomicament.cat\/es\/wp-json\/wp\/v2\/coauthors?post=82894"}],"curies":[{"name":"wp","href":"https:\/\/api.w.org\/{rel}","templated":true}]}}