{"id":84134,"date":"2023-09-27T13:47:35","date_gmt":"2023-09-27T11:47:35","guid":{"rendered":"https:\/\/gastronomicament.cat\/la-fira-dolca-torna-a-esporles"},"modified":"2023-09-28T09:38:57","modified_gmt":"2023-09-28T07:38:57","slug":"la-fira-dolca-torna-a-esporles","status":"publish","type":"post","link":"https:\/\/gastronomicament.cat\/es\/la-fira-dolca-torna-a-esporles","title":{"rendered":"La Fira Dol\u00e7a torna a Esporles"},"content":{"rendered":"<p>El batle, <strong>Josep Ferr\u00e0<\/strong> i el regidor de Promoci\u00f3 Econ\u00f2mica, <strong>Jaume Terrassa<\/strong> presentaren el passat divendres el cartell de la <strong>XVII FIRA DOL\u00c7A d&#8217;Esporles<\/strong>. El disseny ha estat realitzat per Joan Gonz\u00e1lez i la fotografia \u00e9s de Margarida Carri\u00f3, fotografa esporlerina.<\/p>\n<p>Com ja \u00e9s tradici\u00f3 al municipi d&#8217;Esporles, torna la fira m\u00e9s ll\u00e9pola de totes les Illes Balears, la Fira Dol\u00e7a 2023, el pr\u00f2xim diumenge 1 d&#8217;octubre. Un any m\u00e9s centenars de forns, comer\u00e7os i empreses participaran en la dissetena edici\u00f3 amb dol\u00e7os, productes artesans i locals. Com \u00e9s d&#8217;imaginar, no hi faltaran els cl\u00e0ssics de la rebosteria mallorquina: <strong>ensa\u00efmades, crespells, coques, gelats i molta xocolata<\/strong>. Les paradetes i estands de la fira ompliran els carrers m\u00e9s c\u00e8ntrics del nucli antic del municipi.<\/p>\n<p>A m\u00e9s, la fira comptar\u00e0 amb una \u00e0mplia programaci\u00f3 cultural i art\u00edstica relacionada amb la tem\u00e0tica de la fira per a tots els p\u00fablics que desitgin gaudir d&#8217;un diumenge diferent i divertit. Se celebraran concerts i actuacions musicals (<strong>Pep Suasi, Banda Lira Esporlerina, Rondalla de Maristel\u2022la, Maria Bimbolles<\/strong>), trobada de brodadores, tast de vins, demostraci\u00f3 dels Castellers de Mallorca, ballada popular a c\u00e0rrec de Ramallets, showcookings (<strong>Juan Antonio Fern\u00e1ndez i Rebeca Carlota<\/strong> <strong>Gim\u00e9nez<\/strong>, col\u00b7laborador habitual del programa 5 dies d&#8217;IB3, i els professors i alumnes de l&#8217;Escola d&#8217;Hoteleria de la UIB) i tallers de cuina, cercaviles amb els xeremiers, exposicions, entre altres activitats.<\/p>\n<p>La localitat es vestir\u00e0 amb la decoraci\u00f3 m\u00e9s dol\u00e7a i divertida que any rere any els alumnes de l&#8217;escola, l&#8217;institut i el Centre de dia, elaboren al comen\u00e7ament de curs per a la fira i que s&#8217;ubica a la fa\u00e7ana de l&#8217;Ajuntament, i amb les seves cl\u00e0ssiques magdalenes penjades al Passeig.<\/p>\n","protected":false},"excerpt":{"rendered":"<p>Esporles celebra la dissetena edici\u00f3 el pr\u00f2xim diumenge 1 d&#8217;octubre<\/p>\n","protected":false},"author":1,"featured_media":84167,"comment_status":"open","ping_status":"closed","sticky":false,"template":"","format":"standard","meta":{"_acf_changed":false,"_swt_meta_header_display":false,"_swt_meta_footer_display":false,"_swt_meta_site_title_display":false,"_swt_meta_sticky_header":false,"_swt_meta_transparent_header":false,"footnotes":""},"categories":[1003,1004],"tags":[],"coauthors":[2053],"class_list":["post-84134","post","type-post","status-publish","format-standard","has-post-thumbnail","hentry","category-actualitat-es","category-fires-i-rutes-es"],"acf":{"gallery":null,"home_date":{"home_begin_date":null,"home_end_date":null}},"yoast_head":"<!-- This site is optimized with the Yoast SEO plugin v27.4 - https:\/\/yoast.com\/product\/yoast-seo-wordpress\/ -->\n<title>La Fira Dol\u00e7a torna a Esporles - Gastron\u00f2micament<\/title>\n<meta name=\"description\" content=\"La Fira Dol\u00e7a torna a Esporles Actualitat, Fires i rutes Esporles celebra la dissetena edici\u00f3 el pr\u00f2xim diumenge 1 d&#039;octubre\" \/>\n<meta name=\"robots\" content=\"index, follow, max-snippet:-1, max-image-preview:large, max-video-preview:-1\" \/>\n<link rel=\"canonical\" href=\"https:\/\/gastronomicament.cat\/es\/la-fira-dolca-torna-a-esporles\" \/>\n<meta property=\"og:locale\" content=\"es_ES\" \/>\n<meta property=\"og:type\" content=\"article\" \/>\n<meta property=\"og:title\" content=\"La Fira Dol\u00e7a torna a Esporles - Gastron\u00f2micament\" \/>\n<meta property=\"og:description\" content=\"La Fira Dol\u00e7a torna a Esporles Actualitat, Fires i rutes Esporles celebra la dissetena edici\u00f3 el pr\u00f2xim diumenge 1 d&#039;octubre\" \/>\n<meta property=\"og:url\" content=\"https:\/\/gastronomicament.cat\/es\/la-fira-dolca-torna-a-esporles\" \/>\n<meta property=\"og:site_name\" content=\"Gastron\u00f2micament\" \/>\n<meta property=\"article:published_time\" content=\"2023-09-27T11:47:35+00:00\" \/>\n<meta property=\"article:modified_time\" content=\"2023-09-28T07:38:57+00:00\" \/>\n<meta property=\"og:image\" content=\"https:\/\/gastronomicament.cat\/wp-content\/uploads\/2023\/09\/batle-i-regidor-esporles-1.jpeg\" \/>\n\t<meta property=\"og:image:width\" content=\"1756\" \/>\n\t<meta property=\"og:image:height\" content=\"1136\" \/>\n\t<meta property=\"og:image:type\" content=\"image\/jpeg\" \/>\n<meta name=\"author\" content=\"Redacci\u00f3\" \/>\n<meta name=\"twitter:card\" content=\"summary_large_image\" \/>\n<meta name=\"twitter:creator\" content=\"@gastronomicamen\" \/>\n<meta name=\"twitter:site\" content=\"@gastronomicamen\" \/>\n<meta name=\"twitter:label1\" content=\"Escrito por\" \/>\n\t<meta name=\"twitter:data1\" content=\"Redacci\u00f3\" \/>\n\t<meta name=\"twitter:label2\" content=\"Tiempo de lectura\" \/>\n\t<meta name=\"twitter:data2\" content=\"2 minutos\" \/>\n\t<meta name=\"twitter:label3\" content=\"Written by\" \/>\n\t<meta name=\"twitter:data3\" content=\"Redacci\u00f3\" \/>\n<script type=\"application\/ld+json\" class=\"yoast-schema-graph\">{\"@context\":\"https:\\\/\\\/schema.org\",\"@graph\":[{\"@type\":\"Article\",\"@id\":\"https:\\\/\\\/gastronomicament.cat\\\/es\\\/la-fira-dolca-torna-a-esporles#article\",\"isPartOf\":{\"@id\":\"https:\\\/\\\/gastronomicament.cat\\\/es\\\/la-fira-dolca-torna-a-esporles\"},\"author\":{\"name\":\"Redacci\u00f3\",\"@id\":\"https:\\\/\\\/gastronomicament.cat\\\/es\\\/#\\\/schema\\\/person\\\/a7c85c537a1ed62799a5b8e0f686a37f\"},\"headline\":\"La Fira Dol\u00e7a torna a Esporles\",\"datePublished\":\"2023-09-27T11:47:35+00:00\",\"dateModified\":\"2023-09-28T07:38:57+00:00\",\"mainEntityOfPage\":{\"@id\":\"https:\\\/\\\/gastronomicament.cat\\\/es\\\/la-fira-dolca-torna-a-esporles\"},\"wordCount\":309,\"commentCount\":0,\"publisher\":{\"@id\":\"https:\\\/\\\/gastronomicament.cat\\\/es\\\/#organization\"},\"image\":{\"@id\":\"https:\\\/\\\/gastronomicament.cat\\\/es\\\/la-fira-dolca-torna-a-esporles#primaryimage\"},\"thumbnailUrl\":\"https:\\\/\\\/gastronomicament.cat\\\/wp-content\\\/uploads\\\/2023\\\/09\\\/batle-i-regidor-esporles-1.jpeg\",\"articleSection\":[\"Actualitat\",\"Fires i rutes\"],\"inLanguage\":\"es\",\"potentialAction\":[{\"@type\":\"CommentAction\",\"name\":\"Comment\",\"target\":[\"https:\\\/\\\/gastronomicament.cat\\\/es\\\/la-fira-dolca-torna-a-esporles#respond\"]}]},{\"@type\":\"WebPage\",\"@id\":\"https:\\\/\\\/gastronomicament.cat\\\/es\\\/la-fira-dolca-torna-a-esporles\",\"url\":\"https:\\\/\\\/gastronomicament.cat\\\/es\\\/la-fira-dolca-torna-a-esporles\",\"name\":\"La Fira Dol\u00e7a torna a Esporles - Gastron\u00f2micament\",\"isPartOf\":{\"@id\":\"https:\\\/\\\/gastronomicament.cat\\\/es\\\/#website\"},\"primaryImageOfPage\":{\"@id\":\"https:\\\/\\\/gastronomicament.cat\\\/es\\\/la-fira-dolca-torna-a-esporles#primaryimage\"},\"image\":{\"@id\":\"https:\\\/\\\/gastronomicament.cat\\\/es\\\/la-fira-dolca-torna-a-esporles#primaryimage\"},\"thumbnailUrl\":\"https:\\\/\\\/gastronomicament.cat\\\/wp-content\\\/uploads\\\/2023\\\/09\\\/batle-i-regidor-esporles-1.jpeg\",\"datePublished\":\"2023-09-27T11:47:35+00:00\",\"dateModified\":\"2023-09-28T07:38:57+00:00\",\"description\":\"La Fira Dol\u00e7a torna a Esporles Actualitat, Fires i rutes Esporles celebra la dissetena edici\u00f3 el pr\u00f2xim diumenge 1 d'octubre\",\"inLanguage\":\"es\",\"potentialAction\":[{\"@type\":\"ReadAction\",\"target\":[\"https:\\\/\\\/gastronomicament.cat\\\/es\\\/la-fira-dolca-torna-a-esporles\"]}]},{\"@type\":\"ImageObject\",\"inLanguage\":\"es\",\"@id\":\"https:\\\/\\\/gastronomicament.cat\\\/es\\\/la-fira-dolca-torna-a-esporles#primaryimage\",\"url\":\"https:\\\/\\\/gastronomicament.cat\\\/wp-content\\\/uploads\\\/2023\\\/09\\\/batle-i-regidor-esporles-1.jpeg\",\"contentUrl\":\"https:\\\/\\\/gastronomicament.cat\\\/wp-content\\\/uploads\\\/2023\\\/09\\\/batle-i-regidor-esporles-1.jpeg\",\"width\":1756,\"height\":1136},{\"@type\":\"WebSite\",\"@id\":\"https:\\\/\\\/gastronomicament.cat\\\/es\\\/#website\",\"url\":\"https:\\\/\\\/gastronomicament.cat\\\/es\\\/\",\"name\":\"Gastron\u00f2micament\",\"description\":\"Portal de restaurants, receptes i actualitat gastron\u00f2mica\",\"publisher\":{\"@id\":\"https:\\\/\\\/gastronomicament.cat\\\/es\\\/#organization\"},\"potentialAction\":[{\"@type\":\"SearchAction\",\"target\":{\"@type\":\"EntryPoint\",\"urlTemplate\":\"https:\\\/\\\/gastronomicament.cat\\\/es\\\/?s={search_term_string}\"},\"query-input\":{\"@type\":\"PropertyValueSpecification\",\"valueRequired\":true,\"valueName\":\"search_term_string\"}}],\"inLanguage\":\"es\"},{\"@type\":\"Organization\",\"@id\":\"https:\\\/\\\/gastronomicament.cat\\\/es\\\/#organization\",\"name\":\"Gastron\u00f2micament\",\"url\":\"https:\\\/\\\/gastronomicament.cat\\\/es\\\/\",\"logo\":{\"@type\":\"ImageObject\",\"inLanguage\":\"es\",\"@id\":\"https:\\\/\\\/gastronomicament.cat\\\/es\\\/#\\\/schema\\\/logo\\\/image\\\/\",\"url\":\"https:\\\/\\\/gastronomicament.cat\\\/wp-content\\\/uploads\\\/2016\\\/09\\\/header-logo.jpg\",\"contentUrl\":\"https:\\\/\\\/gastronomicament.cat\\\/wp-content\\\/uploads\\\/2016\\\/09\\\/header-logo.jpg\",\"width\":277,\"height\":39,\"caption\":\"Gastron\u00f2micament\"},\"image\":{\"@id\":\"https:\\\/\\\/gastronomicament.cat\\\/es\\\/#\\\/schema\\\/logo\\\/image\\\/\"},\"sameAs\":[\"https:\\\/\\\/x.com\\\/gastronomicamen\"]},{\"@type\":\"Person\",\"@id\":\"https:\\\/\\\/gastronomicament.cat\\\/es\\\/#\\\/schema\\\/person\\\/a7c85c537a1ed62799a5b8e0f686a37f\",\"name\":\"Redacci\u00f3\",\"image\":{\"@type\":\"ImageObject\",\"inLanguage\":\"es\",\"@id\":\"https:\\\/\\\/secure.gravatar.com\\\/avatar\\\/9489a485c464fd611d33825daae651d13db70c4e74c65c94937a15a9d4c3ee14?s=96&d=mm&r=g69fea3cce3645dfa2166e7293e22955e\",\"url\":\"https:\\\/\\\/secure.gravatar.com\\\/avatar\\\/9489a485c464fd611d33825daae651d13db70c4e74c65c94937a15a9d4c3ee14?s=96&d=mm&r=g\",\"contentUrl\":\"https:\\\/\\\/secure.gravatar.com\\\/avatar\\\/9489a485c464fd611d33825daae651d13db70c4e74c65c94937a15a9d4c3ee14?s=96&d=mm&r=g\",\"caption\":\"Redacci\u00f3\"},\"sameAs\":[\"http:\\\/\\\/gastronomicament.cat\"],\"url\":\"https:\\\/\\\/gastronomicament.cat\\\/es\\\/author\\\/admin\"}]}<\/script>\n<!-- \/ Yoast SEO plugin. -->","yoast_head_json":{"title":"La Fira Dol\u00e7a torna a Esporles - Gastron\u00f2micament","description":"La Fira Dol\u00e7a torna a Esporles Actualitat, Fires i rutes Esporles celebra la dissetena edici\u00f3 el pr\u00f2xim diumenge 1 d'octubre","robots":{"index":"index","follow":"follow","max-snippet":"max-snippet:-1","max-image-preview":"max-image-preview:large","max-video-preview":"max-video-preview:-1"},"canonical":"https:\/\/gastronomicament.cat\/es\/la-fira-dolca-torna-a-esporles","og_locale":"es_ES","og_type":"article","og_title":"La Fira Dol\u00e7a torna a Esporles - Gastron\u00f2micament","og_description":"La Fira Dol\u00e7a torna a Esporles Actualitat, Fires i rutes Esporles celebra la dissetena edici\u00f3 el pr\u00f2xim diumenge 1 d'octubre","og_url":"https:\/\/gastronomicament.cat\/es\/la-fira-dolca-torna-a-esporles","og_site_name":"Gastron\u00f2micament","article_published_time":"2023-09-27T11:47:35+00:00","article_modified_time":"2023-09-28T07:38:57+00:00","og_image":[{"width":1756,"height":1136,"url":"https:\/\/gastronomicament.cat\/wp-content\/uploads\/2023\/09\/batle-i-regidor-esporles-1.jpeg","type":"image\/jpeg"}],"author":"Redacci\u00f3","twitter_card":"summary_large_image","twitter_creator":"@gastronomicamen","twitter_site":"@gastronomicamen","twitter_misc":{"Escrito por":"Redacci\u00f3","Tiempo de lectura":"2 minutos","Written by":"Redacci\u00f3"},"schema":{"@context":"https:\/\/schema.org","@graph":[{"@type":"Article","@id":"https:\/\/gastronomicament.cat\/es\/la-fira-dolca-torna-a-esporles#article","isPartOf":{"@id":"https:\/\/gastronomicament.cat\/es\/la-fira-dolca-torna-a-esporles"},"author":{"name":"Redacci\u00f3","@id":"https:\/\/gastronomicament.cat\/es\/#\/schema\/person\/a7c85c537a1ed62799a5b8e0f686a37f"},"headline":"La Fira Dol\u00e7a torna a Esporles","datePublished":"2023-09-27T11:47:35+00:00","dateModified":"2023-09-28T07:38:57+00:00","mainEntityOfPage":{"@id":"https:\/\/gastronomicament.cat\/es\/la-fira-dolca-torna-a-esporles"},"wordCount":309,"commentCount":0,"publisher":{"@id":"https:\/\/gastronomicament.cat\/es\/#organization"},"image":{"@id":"https:\/\/gastronomicament.cat\/es\/la-fira-dolca-torna-a-esporles#primaryimage"},"thumbnailUrl":"https:\/\/gastronomicament.cat\/wp-content\/uploads\/2023\/09\/batle-i-regidor-esporles-1.jpeg","articleSection":["Actualitat","Fires i rutes"],"inLanguage":"es","potentialAction":[{"@type":"CommentAction","name":"Comment","target":["https:\/\/gastronomicament.cat\/es\/la-fira-dolca-torna-a-esporles#respond"]}]},{"@type":"WebPage","@id":"https:\/\/gastronomicament.cat\/es\/la-fira-dolca-torna-a-esporles","url":"https:\/\/gastronomicament.cat\/es\/la-fira-dolca-torna-a-esporles","name":"La Fira Dol\u00e7a torna a Esporles - Gastron\u00f2micament","isPartOf":{"@id":"https:\/\/gastronomicament.cat\/es\/#website"},"primaryImageOfPage":{"@id":"https:\/\/gastronomicament.cat\/es\/la-fira-dolca-torna-a-esporles#primaryimage"},"image":{"@id":"https:\/\/gastronomicament.cat\/es\/la-fira-dolca-torna-a-esporles#primaryimage"},"thumbnailUrl":"https:\/\/gastronomicament.cat\/wp-content\/uploads\/2023\/09\/batle-i-regidor-esporles-1.jpeg","datePublished":"2023-09-27T11:47:35+00:00","dateModified":"2023-09-28T07:38:57+00:00","description":"La Fira Dol\u00e7a torna a Esporles Actualitat, Fires i rutes Esporles celebra la dissetena edici\u00f3 el pr\u00f2xim diumenge 1 d'octubre","inLanguage":"es","potentialAction":[{"@type":"ReadAction","target":["https:\/\/gastronomicament.cat\/es\/la-fira-dolca-torna-a-esporles"]}]},{"@type":"ImageObject","inLanguage":"es","@id":"https:\/\/gastronomicament.cat\/es\/la-fira-dolca-torna-a-esporles#primaryimage","url":"https:\/\/gastronomicament.cat\/wp-content\/uploads\/2023\/09\/batle-i-regidor-esporles-1.jpeg","contentUrl":"https:\/\/gastronomicament.cat\/wp-content\/uploads\/2023\/09\/batle-i-regidor-esporles-1.jpeg","width":1756,"height":1136},{"@type":"WebSite","@id":"https:\/\/gastronomicament.cat\/es\/#website","url":"https:\/\/gastronomicament.cat\/es\/","name":"Gastron\u00f2micament","description":"Portal de restaurants, receptes i actualitat gastron\u00f2mica","publisher":{"@id":"https:\/\/gastronomicament.cat\/es\/#organization"},"potentialAction":[{"@type":"SearchAction","target":{"@type":"EntryPoint","urlTemplate":"https:\/\/gastronomicament.cat\/es\/?s={search_term_string}"},"query-input":{"@type":"PropertyValueSpecification","valueRequired":true,"valueName":"search_term_string"}}],"inLanguage":"es"},{"@type":"Organization","@id":"https:\/\/gastronomicament.cat\/es\/#organization","name":"Gastron\u00f2micament","url":"https:\/\/gastronomicament.cat\/es\/","logo":{"@type":"ImageObject","inLanguage":"es","@id":"https:\/\/gastronomicament.cat\/es\/#\/schema\/logo\/image\/","url":"https:\/\/gastronomicament.cat\/wp-content\/uploads\/2016\/09\/header-logo.jpg","contentUrl":"https:\/\/gastronomicament.cat\/wp-content\/uploads\/2016\/09\/header-logo.jpg","width":277,"height":39,"caption":"Gastron\u00f2micament"},"image":{"@id":"https:\/\/gastronomicament.cat\/es\/#\/schema\/logo\/image\/"},"sameAs":["https:\/\/x.com\/gastronomicamen"]},{"@type":"Person","@id":"https:\/\/gastronomicament.cat\/es\/#\/schema\/person\/a7c85c537a1ed62799a5b8e0f686a37f","name":"Redacci\u00f3","image":{"@type":"ImageObject","inLanguage":"es","@id":"https:\/\/secure.gravatar.com\/avatar\/9489a485c464fd611d33825daae651d13db70c4e74c65c94937a15a9d4c3ee14?s=96&d=mm&r=g69fea3cce3645dfa2166e7293e22955e","url":"https:\/\/secure.gravatar.com\/avatar\/9489a485c464fd611d33825daae651d13db70c4e74c65c94937a15a9d4c3ee14?s=96&d=mm&r=g","contentUrl":"https:\/\/secure.gravatar.com\/avatar\/9489a485c464fd611d33825daae651d13db70c4e74c65c94937a15a9d4c3ee14?s=96&d=mm&r=g","caption":"Redacci\u00f3"},"sameAs":["http:\/\/gastronomicament.cat"],"url":"https:\/\/gastronomicament.cat\/es\/author\/admin"}]}},"_links":{"self":[{"href":"https:\/\/gastronomicament.cat\/es\/wp-json\/wp\/v2\/posts\/84134","targetHints":{"allow":["GET"]}}],"collection":[{"href":"https:\/\/gastronomicament.cat\/es\/wp-json\/wp\/v2\/posts"}],"about":[{"href":"https:\/\/gastronomicament.cat\/es\/wp-json\/wp\/v2\/types\/post"}],"author":[{"embeddable":true,"href":"https:\/\/gastronomicament.cat\/es\/wp-json\/wp\/v2\/users\/1"}],"replies":[{"embeddable":true,"href":"https:\/\/gastronomicament.cat\/es\/wp-json\/wp\/v2\/comments?post=84134"}],"version-history":[{"count":0,"href":"https:\/\/gastronomicament.cat\/es\/wp-json\/wp\/v2\/posts\/84134\/revisions"}],"wp:featuredmedia":[{"embeddable":true,"href":"https:\/\/gastronomicament.cat\/es\/wp-json\/wp\/v2\/media\/84167"}],"wp:attachment":[{"href":"https:\/\/gastronomicament.cat\/es\/wp-json\/wp\/v2\/media?parent=84134"}],"wp:term":[{"taxonomy":"category","embeddable":true,"href":"https:\/\/gastronomicament.cat\/es\/wp-json\/wp\/v2\/categories?post=84134"},{"taxonomy":"post_tag","embeddable":true,"href":"https:\/\/gastronomicament.cat\/es\/wp-json\/wp\/v2\/tags?post=84134"},{"taxonomy":"author","embeddable":true,"href":"https:\/\/gastronomicament.cat\/es\/wp-json\/wp\/v2\/coauthors?post=84134"}],"curies":[{"name":"wp","href":"https:\/\/api.w.org\/{rel}","templated":true}]}}