{"id":85490,"date":"2023-10-12T09:41:50","date_gmt":"2023-10-12T07:41:50","guid":{"rendered":"https:\/\/gastronomicament.cat\/sa-pobla-viu-la-festa-de-lart-duna-forma-unica"},"modified":"2023-10-12T17:47:46","modified_gmt":"2023-10-12T15:47:46","slug":"sa-pobla-viu-la-festa-de-lart-duna-forma-unica","status":"publish","type":"post","link":"https:\/\/gastronomicament.cat\/es\/sa-pobla-viu-la-festa-de-lart-duna-forma-unica","title":{"rendered":"Sa Pobla viu la festa de l&#8217;art d&#8217;una forma \u00fanica"},"content":{"rendered":"<p>El municipi de<strong>\u00a0sa Pobla<\/strong>\u00a0tornar\u00e0 a gaudir de l&#8217;activitat\u00a0<strong>Art i Copes<\/strong>, una cita cultural i d&#8217;esbarjo que \u00e9s tot un referent a Mallorca, que tendr\u00e0 lloc els\u00a0<strong>dies 13, 14 i 15 d&#8217;octubre<\/strong>. Enguany, l&#8217;artista protagonista ser\u00e0 Nils Burwitz, que va n\u00e9ixer a Alemanya i que resideix a Valldemossa des de l&#8217;any 1974 i des de llavors \u00e9s un mallorqu\u00ed m\u00e9s. Nadine Gordimer, Premi Nobel de literatura l&#8217;any 1991, diu d&#8217;aquest artista que \u00abt\u00e9 la visi\u00f3 d&#8217;un vident del cos hum\u00e0. El seu domini del tra\u00e7 va m\u00e9s enll\u00e0 de la carn. La seva obra mostra m\u00e9s que les cares d&#8217;Africa; l&#8217;ess\u00e8ncia, la personalitat, l&#8217;esperit de qualsevol part del continent on a viure I treballar. Aqu\u00ed est\u00e0 la bellesa de la veritat del seu talent vibrant\u00bb.<\/p>\n<p><iframe title=\"YouTube video player\" src=\"https:\/\/www.youtube.com\/embed\/j1yuGWioSUg?si=1zj-eiTL-N2fSx0u\" width=\"560\" height=\"315\" frameborder=\"0\" allowfullscreen=\"allowfullscreen\"><\/iframe><\/p>\n<p><b>Catalina M. Serra<\/b>, regidora de Cultura, explica que en aquesta 16 edici\u00f3 s&#8217;ha previst una programaci\u00f3 espec\u00edfica per als infants i joves. Per aquest motiu, hi haur\u00e0 tallers, espectacles, la Trobadeta de Pintors, la Trobada Fotogr\u00e0fica, i moltes propostes m\u00e9s. Tot combinat amb la implicaci\u00f3 de bars i restaurants que serveixen d&#8217;espais socials i de trobada, juntament amb els casals de cultura.<\/p>\n<p>El programa d&#8217;activitats \u00e9s el seg\u00fcent:<\/p>\n<p><strong>Divendres, 13 d&#8217;octubre<\/strong><\/p>\n<ul>\n<li>A les 17 h, al Rafal &#8211; centre de cultura Contacontes, La princesa que feia lla\u00fcts<\/li>\n<li>A les 18 h, al carrer Mercat Inauguraci\u00f3 Art i Joves<\/li>\n<li>A les 18.15 h, al carrer Mercat Corregudes de joies<\/li>\n<li>A les 19 h, a Can Planes \u2013 espais d\u2019art i cultura Inauguraci\u00f3 de les exposicions \u00b7 Nils Burwitz, L\u2019explorador \u00b7 El nostre fons (25 anys) \u00b7 Les trobades<\/li>\n<li>A partir de les 19 h, fa\u00e7ana de l\u2019Ajuntament Projecci\u00f3 de la Trobada fotogr\u00e0fica<\/li>\n<li>OBERTURA DE LA RESTA D\u2019ESPAIS EXPOSITIUS (19 &#8211; 23 h)<\/li>\n<li>A les 19 h, a Es Cavallets ArtJove, sessi\u00f3 de curtmetratges<\/li>\n<li>A les 20 h, a Can Planes \u2013 espais d\u2019art i cultura Microteatre er\u00f2tic, Peccata Minuta, d\u2019Ovnipresents<\/li>\n<li>A les 20.30 h, a Can Soler Escena c\u00f2mica perform\u00e0tica, Complic-arte la vida, de Dani Rebollo<\/li>\n<li>A les 21 h, al pati de Can Soler ArtJove, concert de J. Bordoy A les 21.45 h, davant Can Soler ArtJove, dansa contempor\u00e0nia, Trenta-set i mig, de Maya Triay i Mariona Jaume<\/li>\n<li>A les 22.10 h, al pati de Can Soler ArtJove, concert de Mantra<\/li>\n<\/ul>\n<p><strong>Dissabte, 14 d&#8217;octubre<\/strong><\/p>\n<ul>\n<li>A les 11 h, lloc de trobada davant es Cavallets Visita guiada de la Trobada de pintors<\/li>\n<li>A les 11 h, a Can Planes \u2013 espais d\u2019art i cultura \u00b7 Taller d\u2019il\u00b7lustraci\u00f3 d\u2019El dios de los tres \u00b7 Taller de teatre de Dani Rebollo<\/li>\n<li>A les 12 h, a Can Planes \u2013 espais d\u2019art i cultura Taller infantil: EmmascarART<\/li>\n<li>A les 12.30 h, a Can Planes \u2013 espais d\u2019art i cultura Visita guiada al museu<\/li>\n<li>A les 17 h, a la pla\u00e7a Major Trobadeta de pintors<\/li>\n<li>A partir de les 17 h, a la pla\u00e7a Major Obertura del mercadet d\u2019art. Pop-up<\/li>\n<li>A les 18.30 h, a la pla\u00e7a Major Tallers familiars: \u00b7 El teu nom en collage (Rosa del Barco) \u00b7 Follets i guerrers (Teresa Ruiz)<\/li>\n<li>A les 18.30 h, al casal de Can Soler Visita guiada a l\u2019exposici\u00f3 col\u00b7lectiva<\/li>\n<li>A partir de les 19 h, fa\u00e7ana de l\u2019Ajuntament Projecci\u00f3 de la Trobada fotogr\u00e0fica<\/li>\n<li>A les 19 h, a Can Planes \u2013 espais d\u2019art i cultura ArtJove, dansa contempor\u00e0nia, Misdeed, de Mar P\u00e9rez<\/li>\n<li>A les 19 h, a Es Cavallets ArtJove, sessi\u00f3 de curtmetratges<\/li>\n<li>A les 19.30 h, a Can Planes \u2013 espais d\u2019art i cultura Presentaci\u00f3 del llibre Antoni Marquet Pasqual.\u00a0<em>Passi\u00f3, sensibilitat i comprom\u00eds<\/em><\/li>\n<li>A les 19.30 h, a pati de Can Soler Dansa contempor\u00e0nia, Impuls, de Carla Graziosi<\/li>\n<li>A les 20.15 h, a la pla\u00e7a Alexandre Ballester Concert de Pitxorines<\/li>\n<\/ul>\n<p><strong>Diumenge, 15 d&#8217;octubre<\/strong><\/p>\n<ul>\n<li>A les 11 h, a Can Soler Visita guiada a l\u2019exposici\u00f3 col\u00b7lectiva<\/li>\n<li>A les 11 h, a Can Planes \u2013 espais d\u2019art i cultura \u00b7 Taller d\u2019il\u00b7lustraci\u00f3 d\u2019El dios de los tres \u00b7 Taller de teatre de Dani Rebollo<\/li>\n<li>A les 12h, a Can Planes \u2013 espais d\u2019art i cultura Espectacle de m\u00e0gia, Els llibres m\u00e0gics del Gran Cassanyes<\/li>\n<li>A les 12.30 h, a Can Planes \u2013 espais d\u2019art i cultura Visita guiada al museu<\/li>\n<li>A les 17.30 h, lloc de trobada davant Es Cavallets Visita guiada de la Trobada de pintors<\/li>\n<li>A les 19.30 h, a Sa Congregaci\u00f3 Teatre de barra, Sessi\u00f3 cont\u00ednua: Lucifer; Ars\u00e8nic, estricnina i cianur; Cap\u00edtol 1<\/li>\n<\/ul>\n","protected":false},"excerpt":{"rendered":"<p>La regidora Catalina M. Serra convida a gaudir d&#8217;aquesta cita els dies 13, 14 i 15&hellip;<\/p>\n","protected":false},"author":1,"featured_media":85486,"comment_status":"open","ping_status":"closed","sticky":false,"template":"","format":"standard","meta":{"_acf_changed":false,"_swt_meta_header_display":false,"_swt_meta_footer_display":false,"_swt_meta_site_title_display":false,"_swt_meta_sticky_header":false,"_swt_meta_transparent_header":false,"footnotes":""},"categories":[1003,1004],"tags":[],"coauthors":[2053],"class_list":["post-85490","post","type-post","status-publish","format-standard","has-post-thumbnail","hentry","category-actualitat-es","category-fires-i-rutes-es"],"acf":{"gallery":null,"home_date":{"home_begin_date":null,"home_end_date":null}},"yoast_head":"<!-- This site is optimized with the Yoast SEO plugin v27.4 - https:\/\/yoast.com\/product\/yoast-seo-wordpress\/ -->\n<title>Sa Pobla viu la festa de l&#039;art d&#039;una forma \u00fanica - Gastron\u00f2micament<\/title>\n<meta name=\"description\" content=\"Sa Pobla viu la festa de l&#039;art d&#039;una forma \u00fanica Actualitat, Fires i rutes La regidora Catalina M. Serra convida a gaudir d&#039;aquesta cita els dies 13, 14 i 15 d&#039;octubre\" \/>\n<meta name=\"robots\" content=\"index, follow, max-snippet:-1, max-image-preview:large, max-video-preview:-1\" \/>\n<link rel=\"canonical\" href=\"https:\/\/gastronomicament.cat\/es\/sa-pobla-viu-la-festa-de-lart-duna-forma-unica\" \/>\n<meta property=\"og:locale\" content=\"es_ES\" \/>\n<meta property=\"og:type\" content=\"article\" \/>\n<meta property=\"og:title\" content=\"Sa Pobla viu la festa de l&#039;art d&#039;una forma \u00fanica - Gastron\u00f2micament\" \/>\n<meta property=\"og:description\" content=\"Sa Pobla viu la festa de l&#039;art d&#039;una forma \u00fanica Actualitat, Fires i rutes La regidora Catalina M. Serra convida a gaudir d&#039;aquesta cita els dies 13, 14 i 15 d&#039;octubre\" \/>\n<meta property=\"og:url\" content=\"https:\/\/gastronomicament.cat\/es\/sa-pobla-viu-la-festa-de-lart-duna-forma-unica\" \/>\n<meta property=\"og:site_name\" content=\"Gastron\u00f2micament\" \/>\n<meta property=\"article:published_time\" content=\"2023-10-12T07:41:50+00:00\" \/>\n<meta property=\"article:modified_time\" content=\"2023-10-12T15:47:46+00:00\" \/>\n<meta property=\"og:image\" content=\"https:\/\/gastronomicament.cat\/wp-content\/uploads\/2023\/10\/Arti-i-Copes-2023.jpg\" \/>\n\t<meta property=\"og:image:width\" content=\"1200\" \/>\n\t<meta property=\"og:image:height\" content=\"705\" \/>\n\t<meta property=\"og:image:type\" content=\"image\/jpeg\" \/>\n<meta name=\"author\" content=\"Redacci\u00f3\" \/>\n<meta name=\"twitter:card\" content=\"summary_large_image\" \/>\n<meta name=\"twitter:creator\" content=\"@gastronomicamen\" \/>\n<meta name=\"twitter:site\" content=\"@gastronomicamen\" \/>\n<meta name=\"twitter:label1\" content=\"Escrito por\" \/>\n\t<meta name=\"twitter:data1\" content=\"Redacci\u00f3\" \/>\n\t<meta name=\"twitter:label2\" content=\"Tiempo de lectura\" \/>\n\t<meta name=\"twitter:data2\" content=\"4 minutos\" \/>\n\t<meta name=\"twitter:label3\" content=\"Written by\" \/>\n\t<meta name=\"twitter:data3\" content=\"Redacci\u00f3\" \/>\n<script type=\"application\/ld+json\" class=\"yoast-schema-graph\">{\"@context\":\"https:\\\/\\\/schema.org\",\"@graph\":[{\"@type\":\"Article\",\"@id\":\"https:\\\/\\\/gastronomicament.cat\\\/es\\\/sa-pobla-viu-la-festa-de-lart-duna-forma-unica#article\",\"isPartOf\":{\"@id\":\"https:\\\/\\\/gastronomicament.cat\\\/es\\\/sa-pobla-viu-la-festa-de-lart-duna-forma-unica\"},\"author\":{\"name\":\"Redacci\u00f3\",\"@id\":\"https:\\\/\\\/gastronomicament.cat\\\/es\\\/#\\\/schema\\\/person\\\/a7c85c537a1ed62799a5b8e0f686a37f\"},\"headline\":\"Sa Pobla viu la festa de l&#8217;art d&#8217;una forma \u00fanica\",\"datePublished\":\"2023-10-12T07:41:50+00:00\",\"dateModified\":\"2023-10-12T15:47:46+00:00\",\"mainEntityOfPage\":{\"@id\":\"https:\\\/\\\/gastronomicament.cat\\\/es\\\/sa-pobla-viu-la-festa-de-lart-duna-forma-unica\"},\"wordCount\":734,\"commentCount\":0,\"publisher\":{\"@id\":\"https:\\\/\\\/gastronomicament.cat\\\/es\\\/#organization\"},\"image\":{\"@id\":\"https:\\\/\\\/gastronomicament.cat\\\/es\\\/sa-pobla-viu-la-festa-de-lart-duna-forma-unica#primaryimage\"},\"thumbnailUrl\":\"https:\\\/\\\/gastronomicament.cat\\\/wp-content\\\/uploads\\\/2023\\\/10\\\/Arti-i-Copes-2023.jpg\",\"articleSection\":[\"Actualitat\",\"Fires i rutes\"],\"inLanguage\":\"es\",\"potentialAction\":[{\"@type\":\"CommentAction\",\"name\":\"Comment\",\"target\":[\"https:\\\/\\\/gastronomicament.cat\\\/es\\\/sa-pobla-viu-la-festa-de-lart-duna-forma-unica#respond\"]}]},{\"@type\":\"WebPage\",\"@id\":\"https:\\\/\\\/gastronomicament.cat\\\/es\\\/sa-pobla-viu-la-festa-de-lart-duna-forma-unica\",\"url\":\"https:\\\/\\\/gastronomicament.cat\\\/es\\\/sa-pobla-viu-la-festa-de-lart-duna-forma-unica\",\"name\":\"Sa Pobla viu la festa de l'art d'una forma \u00fanica - Gastron\u00f2micament\",\"isPartOf\":{\"@id\":\"https:\\\/\\\/gastronomicament.cat\\\/es\\\/#website\"},\"primaryImageOfPage\":{\"@id\":\"https:\\\/\\\/gastronomicament.cat\\\/es\\\/sa-pobla-viu-la-festa-de-lart-duna-forma-unica#primaryimage\"},\"image\":{\"@id\":\"https:\\\/\\\/gastronomicament.cat\\\/es\\\/sa-pobla-viu-la-festa-de-lart-duna-forma-unica#primaryimage\"},\"thumbnailUrl\":\"https:\\\/\\\/gastronomicament.cat\\\/wp-content\\\/uploads\\\/2023\\\/10\\\/Arti-i-Copes-2023.jpg\",\"datePublished\":\"2023-10-12T07:41:50+00:00\",\"dateModified\":\"2023-10-12T15:47:46+00:00\",\"description\":\"Sa Pobla viu la festa de l'art d'una forma \u00fanica Actualitat, Fires i rutes La regidora Catalina M. Serra convida a gaudir d'aquesta cita els dies 13, 14 i 15 d'octubre\",\"inLanguage\":\"es\",\"potentialAction\":[{\"@type\":\"ReadAction\",\"target\":[\"https:\\\/\\\/gastronomicament.cat\\\/es\\\/sa-pobla-viu-la-festa-de-lart-duna-forma-unica\"]}]},{\"@type\":\"ImageObject\",\"inLanguage\":\"es\",\"@id\":\"https:\\\/\\\/gastronomicament.cat\\\/es\\\/sa-pobla-viu-la-festa-de-lart-duna-forma-unica#primaryimage\",\"url\":\"https:\\\/\\\/gastronomicament.cat\\\/wp-content\\\/uploads\\\/2023\\\/10\\\/Arti-i-Copes-2023.jpg\",\"contentUrl\":\"https:\\\/\\\/gastronomicament.cat\\\/wp-content\\\/uploads\\\/2023\\\/10\\\/Arti-i-Copes-2023.jpg\",\"width\":1200,\"height\":705},{\"@type\":\"WebSite\",\"@id\":\"https:\\\/\\\/gastronomicament.cat\\\/es\\\/#website\",\"url\":\"https:\\\/\\\/gastronomicament.cat\\\/es\\\/\",\"name\":\"Gastron\u00f2micament\",\"description\":\"Portal de restaurants, receptes i actualitat gastron\u00f2mica\",\"publisher\":{\"@id\":\"https:\\\/\\\/gastronomicament.cat\\\/es\\\/#organization\"},\"potentialAction\":[{\"@type\":\"SearchAction\",\"target\":{\"@type\":\"EntryPoint\",\"urlTemplate\":\"https:\\\/\\\/gastronomicament.cat\\\/es\\\/?s={search_term_string}\"},\"query-input\":{\"@type\":\"PropertyValueSpecification\",\"valueRequired\":true,\"valueName\":\"search_term_string\"}}],\"inLanguage\":\"es\"},{\"@type\":\"Organization\",\"@id\":\"https:\\\/\\\/gastronomicament.cat\\\/es\\\/#organization\",\"name\":\"Gastron\u00f2micament\",\"url\":\"https:\\\/\\\/gastronomicament.cat\\\/es\\\/\",\"logo\":{\"@type\":\"ImageObject\",\"inLanguage\":\"es\",\"@id\":\"https:\\\/\\\/gastronomicament.cat\\\/es\\\/#\\\/schema\\\/logo\\\/image\\\/\",\"url\":\"https:\\\/\\\/gastronomicament.cat\\\/wp-content\\\/uploads\\\/2016\\\/09\\\/header-logo.jpg\",\"contentUrl\":\"https:\\\/\\\/gastronomicament.cat\\\/wp-content\\\/uploads\\\/2016\\\/09\\\/header-logo.jpg\",\"width\":277,\"height\":39,\"caption\":\"Gastron\u00f2micament\"},\"image\":{\"@id\":\"https:\\\/\\\/gastronomicament.cat\\\/es\\\/#\\\/schema\\\/logo\\\/image\\\/\"},\"sameAs\":[\"https:\\\/\\\/x.com\\\/gastronomicamen\"]},{\"@type\":\"Person\",\"@id\":\"https:\\\/\\\/gastronomicament.cat\\\/es\\\/#\\\/schema\\\/person\\\/a7c85c537a1ed62799a5b8e0f686a37f\",\"name\":\"Redacci\u00f3\",\"image\":{\"@type\":\"ImageObject\",\"inLanguage\":\"es\",\"@id\":\"https:\\\/\\\/secure.gravatar.com\\\/avatar\\\/9489a485c464fd611d33825daae651d13db70c4e74c65c94937a15a9d4c3ee14?s=96&d=mm&r=g69fea3cce3645dfa2166e7293e22955e\",\"url\":\"https:\\\/\\\/secure.gravatar.com\\\/avatar\\\/9489a485c464fd611d33825daae651d13db70c4e74c65c94937a15a9d4c3ee14?s=96&d=mm&r=g\",\"contentUrl\":\"https:\\\/\\\/secure.gravatar.com\\\/avatar\\\/9489a485c464fd611d33825daae651d13db70c4e74c65c94937a15a9d4c3ee14?s=96&d=mm&r=g\",\"caption\":\"Redacci\u00f3\"},\"sameAs\":[\"http:\\\/\\\/gastronomicament.cat\"],\"url\":\"https:\\\/\\\/gastronomicament.cat\\\/es\\\/author\\\/admin\"}]}<\/script>\n<!-- \/ Yoast SEO plugin. -->","yoast_head_json":{"title":"Sa Pobla viu la festa de l'art d'una forma \u00fanica - Gastron\u00f2micament","description":"Sa Pobla viu la festa de l'art d'una forma \u00fanica Actualitat, Fires i rutes La regidora Catalina M. Serra convida a gaudir d'aquesta cita els dies 13, 14 i 15 d'octubre","robots":{"index":"index","follow":"follow","max-snippet":"max-snippet:-1","max-image-preview":"max-image-preview:large","max-video-preview":"max-video-preview:-1"},"canonical":"https:\/\/gastronomicament.cat\/es\/sa-pobla-viu-la-festa-de-lart-duna-forma-unica","og_locale":"es_ES","og_type":"article","og_title":"Sa Pobla viu la festa de l'art d'una forma \u00fanica - Gastron\u00f2micament","og_description":"Sa Pobla viu la festa de l'art d'una forma \u00fanica Actualitat, Fires i rutes La regidora Catalina M. Serra convida a gaudir d'aquesta cita els dies 13, 14 i 15 d'octubre","og_url":"https:\/\/gastronomicament.cat\/es\/sa-pobla-viu-la-festa-de-lart-duna-forma-unica","og_site_name":"Gastron\u00f2micament","article_published_time":"2023-10-12T07:41:50+00:00","article_modified_time":"2023-10-12T15:47:46+00:00","og_image":[{"width":1200,"height":705,"url":"https:\/\/gastronomicament.cat\/wp-content\/uploads\/2023\/10\/Arti-i-Copes-2023.jpg","type":"image\/jpeg"}],"author":"Redacci\u00f3","twitter_card":"summary_large_image","twitter_creator":"@gastronomicamen","twitter_site":"@gastronomicamen","twitter_misc":{"Escrito por":"Redacci\u00f3","Tiempo de lectura":"4 minutos","Written by":"Redacci\u00f3"},"schema":{"@context":"https:\/\/schema.org","@graph":[{"@type":"Article","@id":"https:\/\/gastronomicament.cat\/es\/sa-pobla-viu-la-festa-de-lart-duna-forma-unica#article","isPartOf":{"@id":"https:\/\/gastronomicament.cat\/es\/sa-pobla-viu-la-festa-de-lart-duna-forma-unica"},"author":{"name":"Redacci\u00f3","@id":"https:\/\/gastronomicament.cat\/es\/#\/schema\/person\/a7c85c537a1ed62799a5b8e0f686a37f"},"headline":"Sa Pobla viu la festa de l&#8217;art d&#8217;una forma \u00fanica","datePublished":"2023-10-12T07:41:50+00:00","dateModified":"2023-10-12T15:47:46+00:00","mainEntityOfPage":{"@id":"https:\/\/gastronomicament.cat\/es\/sa-pobla-viu-la-festa-de-lart-duna-forma-unica"},"wordCount":734,"commentCount":0,"publisher":{"@id":"https:\/\/gastronomicament.cat\/es\/#organization"},"image":{"@id":"https:\/\/gastronomicament.cat\/es\/sa-pobla-viu-la-festa-de-lart-duna-forma-unica#primaryimage"},"thumbnailUrl":"https:\/\/gastronomicament.cat\/wp-content\/uploads\/2023\/10\/Arti-i-Copes-2023.jpg","articleSection":["Actualitat","Fires i rutes"],"inLanguage":"es","potentialAction":[{"@type":"CommentAction","name":"Comment","target":["https:\/\/gastronomicament.cat\/es\/sa-pobla-viu-la-festa-de-lart-duna-forma-unica#respond"]}]},{"@type":"WebPage","@id":"https:\/\/gastronomicament.cat\/es\/sa-pobla-viu-la-festa-de-lart-duna-forma-unica","url":"https:\/\/gastronomicament.cat\/es\/sa-pobla-viu-la-festa-de-lart-duna-forma-unica","name":"Sa Pobla viu la festa de l'art d'una forma \u00fanica - Gastron\u00f2micament","isPartOf":{"@id":"https:\/\/gastronomicament.cat\/es\/#website"},"primaryImageOfPage":{"@id":"https:\/\/gastronomicament.cat\/es\/sa-pobla-viu-la-festa-de-lart-duna-forma-unica#primaryimage"},"image":{"@id":"https:\/\/gastronomicament.cat\/es\/sa-pobla-viu-la-festa-de-lart-duna-forma-unica#primaryimage"},"thumbnailUrl":"https:\/\/gastronomicament.cat\/wp-content\/uploads\/2023\/10\/Arti-i-Copes-2023.jpg","datePublished":"2023-10-12T07:41:50+00:00","dateModified":"2023-10-12T15:47:46+00:00","description":"Sa Pobla viu la festa de l'art d'una forma \u00fanica Actualitat, Fires i rutes La regidora Catalina M. Serra convida a gaudir d'aquesta cita els dies 13, 14 i 15 d'octubre","inLanguage":"es","potentialAction":[{"@type":"ReadAction","target":["https:\/\/gastronomicament.cat\/es\/sa-pobla-viu-la-festa-de-lart-duna-forma-unica"]}]},{"@type":"ImageObject","inLanguage":"es","@id":"https:\/\/gastronomicament.cat\/es\/sa-pobla-viu-la-festa-de-lart-duna-forma-unica#primaryimage","url":"https:\/\/gastronomicament.cat\/wp-content\/uploads\/2023\/10\/Arti-i-Copes-2023.jpg","contentUrl":"https:\/\/gastronomicament.cat\/wp-content\/uploads\/2023\/10\/Arti-i-Copes-2023.jpg","width":1200,"height":705},{"@type":"WebSite","@id":"https:\/\/gastronomicament.cat\/es\/#website","url":"https:\/\/gastronomicament.cat\/es\/","name":"Gastron\u00f2micament","description":"Portal de restaurants, receptes i actualitat gastron\u00f2mica","publisher":{"@id":"https:\/\/gastronomicament.cat\/es\/#organization"},"potentialAction":[{"@type":"SearchAction","target":{"@type":"EntryPoint","urlTemplate":"https:\/\/gastronomicament.cat\/es\/?s={search_term_string}"},"query-input":{"@type":"PropertyValueSpecification","valueRequired":true,"valueName":"search_term_string"}}],"inLanguage":"es"},{"@type":"Organization","@id":"https:\/\/gastronomicament.cat\/es\/#organization","name":"Gastron\u00f2micament","url":"https:\/\/gastronomicament.cat\/es\/","logo":{"@type":"ImageObject","inLanguage":"es","@id":"https:\/\/gastronomicament.cat\/es\/#\/schema\/logo\/image\/","url":"https:\/\/gastronomicament.cat\/wp-content\/uploads\/2016\/09\/header-logo.jpg","contentUrl":"https:\/\/gastronomicament.cat\/wp-content\/uploads\/2016\/09\/header-logo.jpg","width":277,"height":39,"caption":"Gastron\u00f2micament"},"image":{"@id":"https:\/\/gastronomicament.cat\/es\/#\/schema\/logo\/image\/"},"sameAs":["https:\/\/x.com\/gastronomicamen"]},{"@type":"Person","@id":"https:\/\/gastronomicament.cat\/es\/#\/schema\/person\/a7c85c537a1ed62799a5b8e0f686a37f","name":"Redacci\u00f3","image":{"@type":"ImageObject","inLanguage":"es","@id":"https:\/\/secure.gravatar.com\/avatar\/9489a485c464fd611d33825daae651d13db70c4e74c65c94937a15a9d4c3ee14?s=96&d=mm&r=g69fea3cce3645dfa2166e7293e22955e","url":"https:\/\/secure.gravatar.com\/avatar\/9489a485c464fd611d33825daae651d13db70c4e74c65c94937a15a9d4c3ee14?s=96&d=mm&r=g","contentUrl":"https:\/\/secure.gravatar.com\/avatar\/9489a485c464fd611d33825daae651d13db70c4e74c65c94937a15a9d4c3ee14?s=96&d=mm&r=g","caption":"Redacci\u00f3"},"sameAs":["http:\/\/gastronomicament.cat"],"url":"https:\/\/gastronomicament.cat\/es\/author\/admin"}]}},"_links":{"self":[{"href":"https:\/\/gastronomicament.cat\/es\/wp-json\/wp\/v2\/posts\/85490","targetHints":{"allow":["GET"]}}],"collection":[{"href":"https:\/\/gastronomicament.cat\/es\/wp-json\/wp\/v2\/posts"}],"about":[{"href":"https:\/\/gastronomicament.cat\/es\/wp-json\/wp\/v2\/types\/post"}],"author":[{"embeddable":true,"href":"https:\/\/gastronomicament.cat\/es\/wp-json\/wp\/v2\/users\/1"}],"replies":[{"embeddable":true,"href":"https:\/\/gastronomicament.cat\/es\/wp-json\/wp\/v2\/comments?post=85490"}],"version-history":[{"count":0,"href":"https:\/\/gastronomicament.cat\/es\/wp-json\/wp\/v2\/posts\/85490\/revisions"}],"wp:featuredmedia":[{"embeddable":true,"href":"https:\/\/gastronomicament.cat\/es\/wp-json\/wp\/v2\/media\/85486"}],"wp:attachment":[{"href":"https:\/\/gastronomicament.cat\/es\/wp-json\/wp\/v2\/media?parent=85490"}],"wp:term":[{"taxonomy":"category","embeddable":true,"href":"https:\/\/gastronomicament.cat\/es\/wp-json\/wp\/v2\/categories?post=85490"},{"taxonomy":"post_tag","embeddable":true,"href":"https:\/\/gastronomicament.cat\/es\/wp-json\/wp\/v2\/tags?post=85490"},{"taxonomy":"author","embeddable":true,"href":"https:\/\/gastronomicament.cat\/es\/wp-json\/wp\/v2\/coauthors?post=85490"}],"curies":[{"name":"wp","href":"https:\/\/api.w.org\/{rel}","templated":true}]}}