{"id":85636,"date":"2023-10-25T09:52:27","date_gmt":"2023-10-25T07:52:27","guid":{"rendered":"https:\/\/gastronomicament.cat\/el-pa-moreno-es-el-mes-consumit-entre-els-ciutadans-de-balears"},"modified":"2023-10-25T09:52:27","modified_gmt":"2023-10-25T07:52:27","slug":"el-pa-moreno-es-el-mes-consumit-entre-els-ciutadans-de-balears","status":"publish","type":"post","link":"https:\/\/gastronomicament.cat\/es\/el-pa-moreno-es-el-mes-consumit-entre-els-ciutadans-de-balears","title":{"rendered":"El pa moreno \u00e9s el m\u00e9s consumit entre els ciutadans de Balears"},"content":{"rendered":"<p>L&#8217;Institut d&#8217;Innovaci\u00f3 Empresarial de les Illes Balears (IDI) ha presentat una enquesta per con\u00e8ixer els principals h\u00e0bits de consum de pa entre la ciutadania.<\/p>\n<p>Els resultats els va presentar a mitjan d&#8217;aquest mes d&#8217;octubre, coincidint amb l<a href=\"https:\/\/gastronomicament.cat\/es\/comenca-la-setmana-del-pa\">a celebraci\u00f3 de la Setmana del Pa<\/a>. Segons els resultats, un 71 % dels enquestats assegura que compra el pa als forns, davant del 25 % que ho fa als supermercats. La resta opta per benzineres o altres llocs.<\/p>\n<p>Pel que a la freq\u00fc\u00e8ncia de consum, la majoria (47 %) compra pa 3 o 4 cops per setmana, un 21 % ho fa cada dia i el 31 %, de forma espor\u00e0dica. La tipologia de pa m\u00e9s consumida \u00e9s el pa pag\u00e8s moreno, seguit pel pa blanc, la barra i les galetes d\u2019oli.<\/p>\n<p>Cal destacar que, segons l&#8217;Informe de consum alimentari a Espanya 2022 del Ministeri d&#8217;Agricultura, Pesca i Alimentaci\u00f3, el consum de pa a les Balears va ser de 27,29 quilos per persona, molt similar al de la mitjana espanyola, que va ser de 27,94 quilos.<\/p>\n<p>Atesa la not\u00edcia, des de Gastron\u00f2micament hem trobat convenient recordar el reportatge i debat que va fer TV3 sobre el pa tradicional i el pa de benzinera. El podeu veure a continuaci\u00f3.<\/p>\n<p><iframe title=\"video 3590751\" src=\"https:\/\/www.ccma.cat\/video\/embed\/3590751\/\" width=\"500px\" height=\"281px\" frameborder=\"0\" scrolling=\"no\" allowfullscreen=\"allowfullscreen\"><\/iframe><\/p>\n<p>Tamb\u00e9 \u00e9s recomanable el reportatge de recerca que va fer La Sexta en qu\u00e8en qu\u00e8 un metge especialista en intoler\u00e0ncies aliment\u00e0ries alerta del risc que suposa per a la salut menjar pa r\u00e0pid com el que es ven a les benzineries i a la majoria de supermercats. El podeu consultar a:\u00a0<a href=\"https:\/\/www.lasexta.com\/programas\/equipo-investigacion\/noticias\/engano-pan-lena-descubierto-equipo-investigacion-hacemos-horno-que-funciona-gasoil_2021120461ab5de627c459000166e77c.html\" target=\"_blank\" rel=\"nofollow noopener\">https:\/\/www.lasexta.com\/programas\/equipo-investigacion\/noticias\/engano-pan-lena-descubierto-equipo-investigacion-hacemos-horno-que-funciona-gasoil_2021120461ab5de627c459000166e77c.html<\/a><\/p>\n","protected":false},"excerpt":{"rendered":"<p>La gran majoria d&#8217;enquestats, m\u00e9s d&#8217;un 70%, assegura que compra el pa al forn<\/p>\n","protected":false},"author":1,"featured_media":85632,"comment_status":"open","ping_status":"closed","sticky":false,"template":"","format":"standard","meta":{"_acf_changed":false,"_swt_meta_header_display":false,"_swt_meta_footer_display":false,"_swt_meta_site_title_display":false,"_swt_meta_sticky_header":false,"_swt_meta_transparent_header":false,"footnotes":""},"categories":[1003,1477],"tags":[],"coauthors":[2053],"class_list":["post-85636","post","type-post","status-publish","format-standard","has-post-thumbnail","hentry","category-actualitat-es","category-reportatges-i-novetats-es"],"acf":{"gallery":null,"home_date":{"home_begin_date":null,"home_end_date":null}},"yoast_head":"<!-- This site is optimized with the Yoast SEO plugin v27.4 - https:\/\/yoast.com\/product\/yoast-seo-wordpress\/ -->\n<title>El pa moreno \u00e9s el m\u00e9s consumit entre els ciutadans de Balears - Gastron\u00f2micament<\/title>\n<meta name=\"description\" content=\"El pa moreno \u00e9s el m\u00e9s consumit entre els ciutadans de Balears Actualitat, Reportatges i novetats La gran majoria d&#039;enquestats, m\u00e9s d&#039;un 70%, assegura que compra el pa al forn\" \/>\n<meta name=\"robots\" content=\"index, follow, max-snippet:-1, max-image-preview:large, max-video-preview:-1\" \/>\n<link rel=\"canonical\" href=\"https:\/\/gastronomicament.cat\/es\/el-pa-moreno-es-el-mes-consumit-entre-els-ciutadans-de-balears\" \/>\n<meta property=\"og:locale\" content=\"es_ES\" \/>\n<meta property=\"og:type\" content=\"article\" \/>\n<meta property=\"og:title\" content=\"El pa moreno \u00e9s el m\u00e9s consumit entre els ciutadans de Balears - Gastron\u00f2micament\" \/>\n<meta property=\"og:description\" content=\"El pa moreno \u00e9s el m\u00e9s consumit entre els ciutadans de Balears Actualitat, Reportatges i novetats La gran majoria d&#039;enquestats, m\u00e9s d&#039;un 70%, assegura que compra el pa al forn\" \/>\n<meta property=\"og:url\" content=\"https:\/\/gastronomicament.cat\/es\/el-pa-moreno-es-el-mes-consumit-entre-els-ciutadans-de-balears\" \/>\n<meta property=\"og:site_name\" content=\"Gastron\u00f2micament\" \/>\n<meta property=\"article:published_time\" content=\"2023-10-25T07:52:27+00:00\" \/>\n<meta property=\"og:image\" content=\"https:\/\/gastronomicament.cat\/wp-content\/uploads\/2023\/10\/pa-moreno-mallorca-Balears.jpg\" \/>\n\t<meta property=\"og:image:width\" content=\"990\" \/>\n\t<meta property=\"og:image:height\" content=\"432\" \/>\n\t<meta property=\"og:image:type\" content=\"image\/jpeg\" \/>\n<meta name=\"author\" content=\"Redacci\u00f3\" \/>\n<meta name=\"twitter:card\" content=\"summary_large_image\" \/>\n<meta name=\"twitter:creator\" content=\"@gastronomicamen\" \/>\n<meta name=\"twitter:site\" content=\"@gastronomicamen\" \/>\n<meta name=\"twitter:label1\" content=\"Escrito por\" \/>\n\t<meta name=\"twitter:data1\" content=\"Redacci\u00f3\" \/>\n\t<meta name=\"twitter:label2\" content=\"Tiempo de lectura\" \/>\n\t<meta name=\"twitter:data2\" content=\"2 minutos\" \/>\n\t<meta name=\"twitter:label3\" content=\"Written by\" \/>\n\t<meta name=\"twitter:data3\" content=\"Redacci\u00f3\" \/>\n<script type=\"application\/ld+json\" class=\"yoast-schema-graph\">{\"@context\":\"https:\\\/\\\/schema.org\",\"@graph\":[{\"@type\":\"Article\",\"@id\":\"https:\\\/\\\/gastronomicament.cat\\\/es\\\/el-pa-moreno-es-el-mes-consumit-entre-els-ciutadans-de-balears#article\",\"isPartOf\":{\"@id\":\"https:\\\/\\\/gastronomicament.cat\\\/es\\\/el-pa-moreno-es-el-mes-consumit-entre-els-ciutadans-de-balears\"},\"author\":{\"name\":\"Redacci\u00f3\",\"@id\":\"https:\\\/\\\/gastronomicament.cat\\\/es\\\/#\\\/schema\\\/person\\\/a7c85c537a1ed62799a5b8e0f686a37f\"},\"headline\":\"El pa moreno \u00e9s el m\u00e9s consumit entre els ciutadans de Balears\",\"datePublished\":\"2023-10-25T07:52:27+00:00\",\"mainEntityOfPage\":{\"@id\":\"https:\\\/\\\/gastronomicament.cat\\\/es\\\/el-pa-moreno-es-el-mes-consumit-entre-els-ciutadans-de-balears\"},\"wordCount\":281,\"commentCount\":0,\"publisher\":{\"@id\":\"https:\\\/\\\/gastronomicament.cat\\\/es\\\/#organization\"},\"image\":{\"@id\":\"https:\\\/\\\/gastronomicament.cat\\\/es\\\/el-pa-moreno-es-el-mes-consumit-entre-els-ciutadans-de-balears#primaryimage\"},\"thumbnailUrl\":\"https:\\\/\\\/gastronomicament.cat\\\/wp-content\\\/uploads\\\/2023\\\/10\\\/pa-moreno-mallorca-Balears.jpg\",\"articleSection\":[\"Actualitat\",\"Reportatges i novetats\"],\"inLanguage\":\"es\",\"potentialAction\":[{\"@type\":\"CommentAction\",\"name\":\"Comment\",\"target\":[\"https:\\\/\\\/gastronomicament.cat\\\/es\\\/el-pa-moreno-es-el-mes-consumit-entre-els-ciutadans-de-balears#respond\"]}]},{\"@type\":\"WebPage\",\"@id\":\"https:\\\/\\\/gastronomicament.cat\\\/es\\\/el-pa-moreno-es-el-mes-consumit-entre-els-ciutadans-de-balears\",\"url\":\"https:\\\/\\\/gastronomicament.cat\\\/es\\\/el-pa-moreno-es-el-mes-consumit-entre-els-ciutadans-de-balears\",\"name\":\"El pa moreno \u00e9s el m\u00e9s consumit entre els ciutadans de Balears - Gastron\u00f2micament\",\"isPartOf\":{\"@id\":\"https:\\\/\\\/gastronomicament.cat\\\/es\\\/#website\"},\"primaryImageOfPage\":{\"@id\":\"https:\\\/\\\/gastronomicament.cat\\\/es\\\/el-pa-moreno-es-el-mes-consumit-entre-els-ciutadans-de-balears#primaryimage\"},\"image\":{\"@id\":\"https:\\\/\\\/gastronomicament.cat\\\/es\\\/el-pa-moreno-es-el-mes-consumit-entre-els-ciutadans-de-balears#primaryimage\"},\"thumbnailUrl\":\"https:\\\/\\\/gastronomicament.cat\\\/wp-content\\\/uploads\\\/2023\\\/10\\\/pa-moreno-mallorca-Balears.jpg\",\"datePublished\":\"2023-10-25T07:52:27+00:00\",\"description\":\"El pa moreno \u00e9s el m\u00e9s consumit entre els ciutadans de Balears Actualitat, Reportatges i novetats La gran majoria d'enquestats, m\u00e9s d'un 70%, assegura que compra el pa al forn\",\"inLanguage\":\"es\",\"potentialAction\":[{\"@type\":\"ReadAction\",\"target\":[\"https:\\\/\\\/gastronomicament.cat\\\/es\\\/el-pa-moreno-es-el-mes-consumit-entre-els-ciutadans-de-balears\"]}]},{\"@type\":\"ImageObject\",\"inLanguage\":\"es\",\"@id\":\"https:\\\/\\\/gastronomicament.cat\\\/es\\\/el-pa-moreno-es-el-mes-consumit-entre-els-ciutadans-de-balears#primaryimage\",\"url\":\"https:\\\/\\\/gastronomicament.cat\\\/wp-content\\\/uploads\\\/2023\\\/10\\\/pa-moreno-mallorca-Balears.jpg\",\"contentUrl\":\"https:\\\/\\\/gastronomicament.cat\\\/wp-content\\\/uploads\\\/2023\\\/10\\\/pa-moreno-mallorca-Balears.jpg\",\"width\":990,\"height\":432},{\"@type\":\"WebSite\",\"@id\":\"https:\\\/\\\/gastronomicament.cat\\\/es\\\/#website\",\"url\":\"https:\\\/\\\/gastronomicament.cat\\\/es\\\/\",\"name\":\"Gastron\u00f2micament\",\"description\":\"Portal de restaurants, receptes i actualitat gastron\u00f2mica\",\"publisher\":{\"@id\":\"https:\\\/\\\/gastronomicament.cat\\\/es\\\/#organization\"},\"potentialAction\":[{\"@type\":\"SearchAction\",\"target\":{\"@type\":\"EntryPoint\",\"urlTemplate\":\"https:\\\/\\\/gastronomicament.cat\\\/es\\\/?s={search_term_string}\"},\"query-input\":{\"@type\":\"PropertyValueSpecification\",\"valueRequired\":true,\"valueName\":\"search_term_string\"}}],\"inLanguage\":\"es\"},{\"@type\":\"Organization\",\"@id\":\"https:\\\/\\\/gastronomicament.cat\\\/es\\\/#organization\",\"name\":\"Gastron\u00f2micament\",\"url\":\"https:\\\/\\\/gastronomicament.cat\\\/es\\\/\",\"logo\":{\"@type\":\"ImageObject\",\"inLanguage\":\"es\",\"@id\":\"https:\\\/\\\/gastronomicament.cat\\\/es\\\/#\\\/schema\\\/logo\\\/image\\\/\",\"url\":\"https:\\\/\\\/gastronomicament.cat\\\/wp-content\\\/uploads\\\/2016\\\/09\\\/header-logo.jpg\",\"contentUrl\":\"https:\\\/\\\/gastronomicament.cat\\\/wp-content\\\/uploads\\\/2016\\\/09\\\/header-logo.jpg\",\"width\":277,\"height\":39,\"caption\":\"Gastron\u00f2micament\"},\"image\":{\"@id\":\"https:\\\/\\\/gastronomicament.cat\\\/es\\\/#\\\/schema\\\/logo\\\/image\\\/\"},\"sameAs\":[\"https:\\\/\\\/x.com\\\/gastronomicamen\"]},{\"@type\":\"Person\",\"@id\":\"https:\\\/\\\/gastronomicament.cat\\\/es\\\/#\\\/schema\\\/person\\\/a7c85c537a1ed62799a5b8e0f686a37f\",\"name\":\"Redacci\u00f3\",\"image\":{\"@type\":\"ImageObject\",\"inLanguage\":\"es\",\"@id\":\"https:\\\/\\\/secure.gravatar.com\\\/avatar\\\/9489a485c464fd611d33825daae651d13db70c4e74c65c94937a15a9d4c3ee14?s=96&d=mm&r=g69fea3cce3645dfa2166e7293e22955e\",\"url\":\"https:\\\/\\\/secure.gravatar.com\\\/avatar\\\/9489a485c464fd611d33825daae651d13db70c4e74c65c94937a15a9d4c3ee14?s=96&d=mm&r=g\",\"contentUrl\":\"https:\\\/\\\/secure.gravatar.com\\\/avatar\\\/9489a485c464fd611d33825daae651d13db70c4e74c65c94937a15a9d4c3ee14?s=96&d=mm&r=g\",\"caption\":\"Redacci\u00f3\"},\"sameAs\":[\"http:\\\/\\\/gastronomicament.cat\"],\"url\":\"https:\\\/\\\/gastronomicament.cat\\\/es\\\/author\\\/admin\"}]}<\/script>\n<!-- \/ Yoast SEO plugin. -->","yoast_head_json":{"title":"El pa moreno \u00e9s el m\u00e9s consumit entre els ciutadans de Balears - Gastron\u00f2micament","description":"El pa moreno \u00e9s el m\u00e9s consumit entre els ciutadans de Balears Actualitat, Reportatges i novetats La gran majoria d'enquestats, m\u00e9s d'un 70%, assegura que compra el pa al forn","robots":{"index":"index","follow":"follow","max-snippet":"max-snippet:-1","max-image-preview":"max-image-preview:large","max-video-preview":"max-video-preview:-1"},"canonical":"https:\/\/gastronomicament.cat\/es\/el-pa-moreno-es-el-mes-consumit-entre-els-ciutadans-de-balears","og_locale":"es_ES","og_type":"article","og_title":"El pa moreno \u00e9s el m\u00e9s consumit entre els ciutadans de Balears - Gastron\u00f2micament","og_description":"El pa moreno \u00e9s el m\u00e9s consumit entre els ciutadans de Balears Actualitat, Reportatges i novetats La gran majoria d'enquestats, m\u00e9s d'un 70%, assegura que compra el pa al forn","og_url":"https:\/\/gastronomicament.cat\/es\/el-pa-moreno-es-el-mes-consumit-entre-els-ciutadans-de-balears","og_site_name":"Gastron\u00f2micament","article_published_time":"2023-10-25T07:52:27+00:00","og_image":[{"width":990,"height":432,"url":"https:\/\/gastronomicament.cat\/wp-content\/uploads\/2023\/10\/pa-moreno-mallorca-Balears.jpg","type":"image\/jpeg"}],"author":"Redacci\u00f3","twitter_card":"summary_large_image","twitter_creator":"@gastronomicamen","twitter_site":"@gastronomicamen","twitter_misc":{"Escrito por":"Redacci\u00f3","Tiempo de lectura":"2 minutos","Written by":"Redacci\u00f3"},"schema":{"@context":"https:\/\/schema.org","@graph":[{"@type":"Article","@id":"https:\/\/gastronomicament.cat\/es\/el-pa-moreno-es-el-mes-consumit-entre-els-ciutadans-de-balears#article","isPartOf":{"@id":"https:\/\/gastronomicament.cat\/es\/el-pa-moreno-es-el-mes-consumit-entre-els-ciutadans-de-balears"},"author":{"name":"Redacci\u00f3","@id":"https:\/\/gastronomicament.cat\/es\/#\/schema\/person\/a7c85c537a1ed62799a5b8e0f686a37f"},"headline":"El pa moreno \u00e9s el m\u00e9s consumit entre els ciutadans de Balears","datePublished":"2023-10-25T07:52:27+00:00","mainEntityOfPage":{"@id":"https:\/\/gastronomicament.cat\/es\/el-pa-moreno-es-el-mes-consumit-entre-els-ciutadans-de-balears"},"wordCount":281,"commentCount":0,"publisher":{"@id":"https:\/\/gastronomicament.cat\/es\/#organization"},"image":{"@id":"https:\/\/gastronomicament.cat\/es\/el-pa-moreno-es-el-mes-consumit-entre-els-ciutadans-de-balears#primaryimage"},"thumbnailUrl":"https:\/\/gastronomicament.cat\/wp-content\/uploads\/2023\/10\/pa-moreno-mallorca-Balears.jpg","articleSection":["Actualitat","Reportatges i novetats"],"inLanguage":"es","potentialAction":[{"@type":"CommentAction","name":"Comment","target":["https:\/\/gastronomicament.cat\/es\/el-pa-moreno-es-el-mes-consumit-entre-els-ciutadans-de-balears#respond"]}]},{"@type":"WebPage","@id":"https:\/\/gastronomicament.cat\/es\/el-pa-moreno-es-el-mes-consumit-entre-els-ciutadans-de-balears","url":"https:\/\/gastronomicament.cat\/es\/el-pa-moreno-es-el-mes-consumit-entre-els-ciutadans-de-balears","name":"El pa moreno \u00e9s el m\u00e9s consumit entre els ciutadans de Balears - Gastron\u00f2micament","isPartOf":{"@id":"https:\/\/gastronomicament.cat\/es\/#website"},"primaryImageOfPage":{"@id":"https:\/\/gastronomicament.cat\/es\/el-pa-moreno-es-el-mes-consumit-entre-els-ciutadans-de-balears#primaryimage"},"image":{"@id":"https:\/\/gastronomicament.cat\/es\/el-pa-moreno-es-el-mes-consumit-entre-els-ciutadans-de-balears#primaryimage"},"thumbnailUrl":"https:\/\/gastronomicament.cat\/wp-content\/uploads\/2023\/10\/pa-moreno-mallorca-Balears.jpg","datePublished":"2023-10-25T07:52:27+00:00","description":"El pa moreno \u00e9s el m\u00e9s consumit entre els ciutadans de Balears Actualitat, Reportatges i novetats La gran majoria d'enquestats, m\u00e9s d'un 70%, assegura que compra el pa al forn","inLanguage":"es","potentialAction":[{"@type":"ReadAction","target":["https:\/\/gastronomicament.cat\/es\/el-pa-moreno-es-el-mes-consumit-entre-els-ciutadans-de-balears"]}]},{"@type":"ImageObject","inLanguage":"es","@id":"https:\/\/gastronomicament.cat\/es\/el-pa-moreno-es-el-mes-consumit-entre-els-ciutadans-de-balears#primaryimage","url":"https:\/\/gastronomicament.cat\/wp-content\/uploads\/2023\/10\/pa-moreno-mallorca-Balears.jpg","contentUrl":"https:\/\/gastronomicament.cat\/wp-content\/uploads\/2023\/10\/pa-moreno-mallorca-Balears.jpg","width":990,"height":432},{"@type":"WebSite","@id":"https:\/\/gastronomicament.cat\/es\/#website","url":"https:\/\/gastronomicament.cat\/es\/","name":"Gastron\u00f2micament","description":"Portal de restaurants, receptes i actualitat gastron\u00f2mica","publisher":{"@id":"https:\/\/gastronomicament.cat\/es\/#organization"},"potentialAction":[{"@type":"SearchAction","target":{"@type":"EntryPoint","urlTemplate":"https:\/\/gastronomicament.cat\/es\/?s={search_term_string}"},"query-input":{"@type":"PropertyValueSpecification","valueRequired":true,"valueName":"search_term_string"}}],"inLanguage":"es"},{"@type":"Organization","@id":"https:\/\/gastronomicament.cat\/es\/#organization","name":"Gastron\u00f2micament","url":"https:\/\/gastronomicament.cat\/es\/","logo":{"@type":"ImageObject","inLanguage":"es","@id":"https:\/\/gastronomicament.cat\/es\/#\/schema\/logo\/image\/","url":"https:\/\/gastronomicament.cat\/wp-content\/uploads\/2016\/09\/header-logo.jpg","contentUrl":"https:\/\/gastronomicament.cat\/wp-content\/uploads\/2016\/09\/header-logo.jpg","width":277,"height":39,"caption":"Gastron\u00f2micament"},"image":{"@id":"https:\/\/gastronomicament.cat\/es\/#\/schema\/logo\/image\/"},"sameAs":["https:\/\/x.com\/gastronomicamen"]},{"@type":"Person","@id":"https:\/\/gastronomicament.cat\/es\/#\/schema\/person\/a7c85c537a1ed62799a5b8e0f686a37f","name":"Redacci\u00f3","image":{"@type":"ImageObject","inLanguage":"es","@id":"https:\/\/secure.gravatar.com\/avatar\/9489a485c464fd611d33825daae651d13db70c4e74c65c94937a15a9d4c3ee14?s=96&d=mm&r=g69fea3cce3645dfa2166e7293e22955e","url":"https:\/\/secure.gravatar.com\/avatar\/9489a485c464fd611d33825daae651d13db70c4e74c65c94937a15a9d4c3ee14?s=96&d=mm&r=g","contentUrl":"https:\/\/secure.gravatar.com\/avatar\/9489a485c464fd611d33825daae651d13db70c4e74c65c94937a15a9d4c3ee14?s=96&d=mm&r=g","caption":"Redacci\u00f3"},"sameAs":["http:\/\/gastronomicament.cat"],"url":"https:\/\/gastronomicament.cat\/es\/author\/admin"}]}},"_links":{"self":[{"href":"https:\/\/gastronomicament.cat\/es\/wp-json\/wp\/v2\/posts\/85636","targetHints":{"allow":["GET"]}}],"collection":[{"href":"https:\/\/gastronomicament.cat\/es\/wp-json\/wp\/v2\/posts"}],"about":[{"href":"https:\/\/gastronomicament.cat\/es\/wp-json\/wp\/v2\/types\/post"}],"author":[{"embeddable":true,"href":"https:\/\/gastronomicament.cat\/es\/wp-json\/wp\/v2\/users\/1"}],"replies":[{"embeddable":true,"href":"https:\/\/gastronomicament.cat\/es\/wp-json\/wp\/v2\/comments?post=85636"}],"version-history":[{"count":0,"href":"https:\/\/gastronomicament.cat\/es\/wp-json\/wp\/v2\/posts\/85636\/revisions"}],"wp:featuredmedia":[{"embeddable":true,"href":"https:\/\/gastronomicament.cat\/es\/wp-json\/wp\/v2\/media\/85632"}],"wp:attachment":[{"href":"https:\/\/gastronomicament.cat\/es\/wp-json\/wp\/v2\/media?parent=85636"}],"wp:term":[{"taxonomy":"category","embeddable":true,"href":"https:\/\/gastronomicament.cat\/es\/wp-json\/wp\/v2\/categories?post=85636"},{"taxonomy":"post_tag","embeddable":true,"href":"https:\/\/gastronomicament.cat\/es\/wp-json\/wp\/v2\/tags?post=85636"},{"taxonomy":"author","embeddable":true,"href":"https:\/\/gastronomicament.cat\/es\/wp-json\/wp\/v2\/coauthors?post=85636"}],"curies":[{"name":"wp","href":"https:\/\/api.w.org\/{rel}","templated":true}]}}