{"id":87187,"date":"2024-02-07T09:27:26","date_gmt":"2024-02-07T08:27:26","guid":{"rendered":"https:\/\/gastronomicament.cat\/mes-de-20-cellers-de-les-balears-sexhibeixen-a-la-barcelona-wine-week"},"modified":"2024-02-07T09:27:26","modified_gmt":"2024-02-07T08:27:26","slug":"mes-de-20-cellers-de-les-balears-sexhibeixen-a-la-barcelona-wine-week","status":"publish","type":"post","link":"https:\/\/gastronomicament.cat\/es\/mes-de-20-cellers-de-les-balears-sexhibeixen-a-la-barcelona-wine-week","title":{"rendered":"M\u00e9s de 20 cellers de les Balears s&#8217;exhibeixen a la Barcelona Wine Week"},"content":{"rendered":"<p>Una de les fires de refer\u00e8ncia del sector vitivin\u00edcola de l&#8217;Estat espanyol i d&#8217;Europa, la\u00a0<strong>Barcelona Wine Week<\/strong>\u00a0(BWW), torna a tenir entre els seus participants els vins amb marques de qualitat de les Illes Balears que, any rere any, augmenten el seu prestigi i demanda tant als mercats estatals com als internacionals. Un total de 24 cellers de les Illes compartiran un espai com\u00fa organitzat per la Conselleria d&#8217;Agricultura, Pesca i Medi Natural, que ha finan\u00e7at fins al 55% del cost dels estands dels cellers.<\/p>\n<p><strong>Joan Llabr\u00e9s i Fernando Fern\u00e1ndez<\/strong>, directors generals de Qualitat Agroaliment\u00e0ria i Producte Local i el d\u2019Agricultura, Ramaderia i Desenvolupament Rural, respectivament, han assistit avui a la inauguraci\u00f3 de la BWW per mostrar el seu suport a tots els cellers de les Illes participants: 21 de Mallorca, un de Menorca i un d\u2019Eivissa. Aix\u00ed, hi ha representats vins de la DO Binissalem, la DO Pla i Llevant, Vi de la Terra de Mallorca, Vi de la Terra de Menorca i Vi de la Terra d\u2019Eivissa.<\/p>\n<p>La\u00a0<strong>fira<\/strong>, que\u00a0<strong>s\u2019allargar\u00e0 fins dimecres, 7 de febrer<\/strong>, ha rebut avui la visita del ministre d\u2019Agricultura, Pesca i Alimentaci\u00f3, Luis Planas, que ha visitat els cellers de les Balears acompanyat per Llabr\u00e9s i Fern\u00e1ndez. Segons el director general de Qualitat Agroaliment\u00e0ria i Producte local, \u00abla Direcci\u00f3 General ha donat resposta a una demanda del sector, que considera que la Barcelona Wine Week \u00e9s la fira vin\u00edcola m\u00e9s interessant pels nostres vinaters avui dia, per millorar la seva projecci\u00f3 comercial en l&#8217;\u00e0mbit estatal i internacional\u00bb. Per part seva, Fernando Fern\u00e1ndez ha afegit que \u00abel sector del vi a les Balears \u00e9s un sector madur i amb molta iniciativa. Est\u00e0 a m\u00e9s s\u00f2lidament estructurat amb productors, cellers i marques de qualitat que fan feina en una direcci\u00f3 que permet avan\u00e7ar en la seva consolidaci\u00f3 i desenvolupament\u00bb.<\/p>\n<p>Si b\u00e9 encara no es coneixen les dades de comercialitzaci\u00f3 dels vins amb marques de qualitat de les Balears a 2023, les dades de producci\u00f3 permeten aventurar unes bones xifres. \u00abCal recordar que\u00a0<strong>el ra\u00efm produ\u00eft el passat any ha perm\u00e8s l&#8217;elaboraci\u00f3 de 6,8 milions de litres de vi, un 7,7% m\u00e9s que l&#8217;any 2022<\/strong>. Es tracta d\u2019un m\u00e0xim hist\u00f2ric de producci\u00f3 de vi de qualitat diferenciada, amb una anyada que ha tingut una producci\u00f3 de ra\u00efm destacable i de bona qualitat\u00bb, ha explicat Joan Llabr\u00e9s. \u00abCal recordar que\u00a0<strong>m\u00e9s de la meitat de la superf\u00edcie de ra\u00efm de vinificaci\u00f3 est\u00e0 donada d\u2019alta en producci\u00f3 ecol\u00f2gica i una altra meitat en producci\u00f3 integrada<\/strong>. Aix\u00f2 demostra clarament la seva aposta per la sostenibilitat ambiental\u00bb, ha afegit el director general Fernando Fern\u00e1ndez.<\/p>\n<p>Els\u00a0<strong>cellers de Mallorca<\/strong>\u00a0que han anat a la fira s\u00f3n: Binigrau, Son Juliana, Sa Cabana, Ava vins, Son Prim, Son Vich, Can Axartell, Dalt Tur\u00f3, Ses Talaioles, Oliver Moragues, Pla de Buc, Mortitx, Santa Catarina, Blanca Terra (IGP Vi de la Terra Mallorca); Bodegas Bordoy, Miquel Oliver, Vins Miquel Gelabert i Butxet viticultors (DO Pla i Llevant) i Bodegas Jos\u00e9 Luis Ferrer, Finca Binigual i Can Fumat (DO Binissalem); de Menorca, Bodega Torralba (VT Menorca) i d\u2019Eivissa, Ojo de Ibiza i Bodega Can Rich (VT Eivissa).<\/p>\n<p>A la BWW,\u00a0<strong>tamb\u00e9 hi podem trobar\u00a0<\/strong>altres cellers de les Illes Balears com Can Majoral, Mesquida Mora, Ibizkus Wines i Can Xanet, que es localitzen a una secci\u00f3 espec\u00edfica dedicada als vins d\u2019elaboraci\u00f3 artesanal.<\/p>\n","protected":false},"excerpt":{"rendered":"<p>\u00c9s la fira vin\u00edcola m\u00e9s interessant per millorar la projecci\u00f3 comercial en \u00e0mbit estatal i internacional<\/p>\n","protected":false},"author":1,"featured_media":87179,"comment_status":"open","ping_status":"closed","sticky":false,"template":"","format":"gallery","meta":{"_acf_changed":false,"_swt_meta_header_display":false,"_swt_meta_footer_display":false,"_swt_meta_site_title_display":false,"_swt_meta_sticky_header":false,"_swt_meta_transparent_header":false,"footnotes":""},"categories":[1003,1477],"tags":[],"coauthors":[2053],"class_list":["post-87187","post","type-post","status-publish","format-gallery","has-post-thumbnail","hentry","category-actualitat-es","category-reportatges-i-novetats-es","post_format-post-format-gallery"],"acf":{"gallery":null,"home_date":{"home_begin_date":null,"home_end_date":null}},"yoast_head":"<!-- This site is optimized with the Yoast SEO plugin v27.4 - https:\/\/yoast.com\/product\/yoast-seo-wordpress\/ -->\n<title>M\u00e9s de 20 cellers de les Balears s&#039;exhibeixen a la Barcelona Wine Week - Gastron\u00f2micament<\/title>\n<meta name=\"description\" content=\"M\u00e9s de 20 cellers de les Balears s&#039;exhibeixen a la Barcelona Wine Week Actualitat, Reportatges i novetats \u00c9s la fira vin\u00edcola m\u00e9s interessant per millorar la projecci\u00f3 comercial en \u00e0mbit estatal i internacional\" \/>\n<meta name=\"robots\" content=\"index, follow, max-snippet:-1, max-image-preview:large, max-video-preview:-1\" \/>\n<link rel=\"canonical\" href=\"https:\/\/gastronomicament.cat\/es\/mes-de-20-cellers-de-les-balears-sexhibeixen-a-la-barcelona-wine-week\" \/>\n<meta property=\"og:locale\" content=\"es_ES\" \/>\n<meta property=\"og:type\" content=\"article\" \/>\n<meta property=\"og:title\" content=\"M\u00e9s de 20 cellers de les Balears s&#039;exhibeixen a la Barcelona Wine Week - Gastron\u00f2micament\" \/>\n<meta property=\"og:description\" content=\"M\u00e9s de 20 cellers de les Balears s&#039;exhibeixen a la Barcelona Wine Week Actualitat, Reportatges i novetats \u00c9s la fira vin\u00edcola m\u00e9s interessant per millorar la projecci\u00f3 comercial en \u00e0mbit estatal i internacional\" \/>\n<meta property=\"og:url\" content=\"https:\/\/gastronomicament.cat\/es\/mes-de-20-cellers-de-les-balears-sexhibeixen-a-la-barcelona-wine-week\" \/>\n<meta property=\"og:site_name\" content=\"Gastron\u00f2micament\" \/>\n<meta property=\"article:published_time\" content=\"2024-02-07T08:27:26+00:00\" \/>\n<meta property=\"og:image\" content=\"https:\/\/gastronomicament.cat\/wp-content\/uploads\/2024\/02\/Cellers-Mallorca-Barcelona-Wine-Week-2024-4.jpeg\" \/>\n\t<meta property=\"og:image:width\" content=\"1600\" \/>\n\t<meta property=\"og:image:height\" content=\"1200\" \/>\n\t<meta property=\"og:image:type\" content=\"image\/jpeg\" \/>\n<meta name=\"author\" content=\"Redacci\u00f3\" \/>\n<meta name=\"twitter:card\" content=\"summary_large_image\" \/>\n<meta name=\"twitter:creator\" content=\"@gastronomicamen\" \/>\n<meta name=\"twitter:site\" content=\"@gastronomicamen\" \/>\n<meta name=\"twitter:label1\" content=\"Escrito por\" \/>\n\t<meta name=\"twitter:data1\" content=\"Redacci\u00f3\" \/>\n\t<meta name=\"twitter:label2\" content=\"Tiempo de lectura\" \/>\n\t<meta name=\"twitter:data2\" content=\"4 minutos\" \/>\n\t<meta name=\"twitter:label3\" content=\"Written by\" \/>\n\t<meta name=\"twitter:data3\" content=\"Redacci\u00f3\" \/>\n<script type=\"application\/ld+json\" class=\"yoast-schema-graph\">{\"@context\":\"https:\\\/\\\/schema.org\",\"@graph\":[{\"@type\":\"Article\",\"@id\":\"https:\\\/\\\/gastronomicament.cat\\\/es\\\/mes-de-20-cellers-de-les-balears-sexhibeixen-a-la-barcelona-wine-week#article\",\"isPartOf\":{\"@id\":\"https:\\\/\\\/gastronomicament.cat\\\/es\\\/mes-de-20-cellers-de-les-balears-sexhibeixen-a-la-barcelona-wine-week\"},\"author\":{\"name\":\"Redacci\u00f3\",\"@id\":\"https:\\\/\\\/gastronomicament.cat\\\/es\\\/#\\\/schema\\\/person\\\/a7c85c537a1ed62799a5b8e0f686a37f\"},\"headline\":\"M\u00e9s de 20 cellers de les Balears s&#8217;exhibeixen a la Barcelona Wine Week\",\"datePublished\":\"2024-02-07T08:27:26+00:00\",\"mainEntityOfPage\":{\"@id\":\"https:\\\/\\\/gastronomicament.cat\\\/es\\\/mes-de-20-cellers-de-les-balears-sexhibeixen-a-la-barcelona-wine-week\"},\"wordCount\":602,\"commentCount\":0,\"publisher\":{\"@id\":\"https:\\\/\\\/gastronomicament.cat\\\/es\\\/#organization\"},\"image\":{\"@id\":\"https:\\\/\\\/gastronomicament.cat\\\/es\\\/mes-de-20-cellers-de-les-balears-sexhibeixen-a-la-barcelona-wine-week#primaryimage\"},\"thumbnailUrl\":\"https:\\\/\\\/gastronomicament.cat\\\/wp-content\\\/uploads\\\/2024\\\/02\\\/Cellers-Mallorca-Barcelona-Wine-Week-2024-4.jpeg\",\"articleSection\":[\"Actualitat\",\"Reportatges i novetats\"],\"inLanguage\":\"es\",\"potentialAction\":[{\"@type\":\"CommentAction\",\"name\":\"Comment\",\"target\":[\"https:\\\/\\\/gastronomicament.cat\\\/es\\\/mes-de-20-cellers-de-les-balears-sexhibeixen-a-la-barcelona-wine-week#respond\"]}]},{\"@type\":\"WebPage\",\"@id\":\"https:\\\/\\\/gastronomicament.cat\\\/es\\\/mes-de-20-cellers-de-les-balears-sexhibeixen-a-la-barcelona-wine-week\",\"url\":\"https:\\\/\\\/gastronomicament.cat\\\/es\\\/mes-de-20-cellers-de-les-balears-sexhibeixen-a-la-barcelona-wine-week\",\"name\":\"M\u00e9s de 20 cellers de les Balears s'exhibeixen a la Barcelona Wine Week - Gastron\u00f2micament\",\"isPartOf\":{\"@id\":\"https:\\\/\\\/gastronomicament.cat\\\/es\\\/#website\"},\"primaryImageOfPage\":{\"@id\":\"https:\\\/\\\/gastronomicament.cat\\\/es\\\/mes-de-20-cellers-de-les-balears-sexhibeixen-a-la-barcelona-wine-week#primaryimage\"},\"image\":{\"@id\":\"https:\\\/\\\/gastronomicament.cat\\\/es\\\/mes-de-20-cellers-de-les-balears-sexhibeixen-a-la-barcelona-wine-week#primaryimage\"},\"thumbnailUrl\":\"https:\\\/\\\/gastronomicament.cat\\\/wp-content\\\/uploads\\\/2024\\\/02\\\/Cellers-Mallorca-Barcelona-Wine-Week-2024-4.jpeg\",\"datePublished\":\"2024-02-07T08:27:26+00:00\",\"description\":\"M\u00e9s de 20 cellers de les Balears s'exhibeixen a la Barcelona Wine Week Actualitat, Reportatges i novetats \u00c9s la fira vin\u00edcola m\u00e9s interessant per millorar la projecci\u00f3 comercial en \u00e0mbit estatal i internacional\",\"inLanguage\":\"es\",\"potentialAction\":[{\"@type\":\"ReadAction\",\"target\":[\"https:\\\/\\\/gastronomicament.cat\\\/es\\\/mes-de-20-cellers-de-les-balears-sexhibeixen-a-la-barcelona-wine-week\"]}]},{\"@type\":\"ImageObject\",\"inLanguage\":\"es\",\"@id\":\"https:\\\/\\\/gastronomicament.cat\\\/es\\\/mes-de-20-cellers-de-les-balears-sexhibeixen-a-la-barcelona-wine-week#primaryimage\",\"url\":\"https:\\\/\\\/gastronomicament.cat\\\/wp-content\\\/uploads\\\/2024\\\/02\\\/Cellers-Mallorca-Barcelona-Wine-Week-2024-4.jpeg\",\"contentUrl\":\"https:\\\/\\\/gastronomicament.cat\\\/wp-content\\\/uploads\\\/2024\\\/02\\\/Cellers-Mallorca-Barcelona-Wine-Week-2024-4.jpeg\",\"width\":1600,\"height\":1200},{\"@type\":\"WebSite\",\"@id\":\"https:\\\/\\\/gastronomicament.cat\\\/es\\\/#website\",\"url\":\"https:\\\/\\\/gastronomicament.cat\\\/es\\\/\",\"name\":\"Gastron\u00f2micament\",\"description\":\"Portal de restaurants, receptes i actualitat gastron\u00f2mica\",\"publisher\":{\"@id\":\"https:\\\/\\\/gastronomicament.cat\\\/es\\\/#organization\"},\"potentialAction\":[{\"@type\":\"SearchAction\",\"target\":{\"@type\":\"EntryPoint\",\"urlTemplate\":\"https:\\\/\\\/gastronomicament.cat\\\/es\\\/?s={search_term_string}\"},\"query-input\":{\"@type\":\"PropertyValueSpecification\",\"valueRequired\":true,\"valueName\":\"search_term_string\"}}],\"inLanguage\":\"es\"},{\"@type\":\"Organization\",\"@id\":\"https:\\\/\\\/gastronomicament.cat\\\/es\\\/#organization\",\"name\":\"Gastron\u00f2micament\",\"url\":\"https:\\\/\\\/gastronomicament.cat\\\/es\\\/\",\"logo\":{\"@type\":\"ImageObject\",\"inLanguage\":\"es\",\"@id\":\"https:\\\/\\\/gastronomicament.cat\\\/es\\\/#\\\/schema\\\/logo\\\/image\\\/\",\"url\":\"https:\\\/\\\/gastronomicament.cat\\\/wp-content\\\/uploads\\\/2016\\\/09\\\/header-logo.jpg\",\"contentUrl\":\"https:\\\/\\\/gastronomicament.cat\\\/wp-content\\\/uploads\\\/2016\\\/09\\\/header-logo.jpg\",\"width\":277,\"height\":39,\"caption\":\"Gastron\u00f2micament\"},\"image\":{\"@id\":\"https:\\\/\\\/gastronomicament.cat\\\/es\\\/#\\\/schema\\\/logo\\\/image\\\/\"},\"sameAs\":[\"https:\\\/\\\/x.com\\\/gastronomicamen\"]},{\"@type\":\"Person\",\"@id\":\"https:\\\/\\\/gastronomicament.cat\\\/es\\\/#\\\/schema\\\/person\\\/a7c85c537a1ed62799a5b8e0f686a37f\",\"name\":\"Redacci\u00f3\",\"image\":{\"@type\":\"ImageObject\",\"inLanguage\":\"es\",\"@id\":\"https:\\\/\\\/secure.gravatar.com\\\/avatar\\\/9489a485c464fd611d33825daae651d13db70c4e74c65c94937a15a9d4c3ee14?s=96&d=mm&r=g69fea3cce3645dfa2166e7293e22955e\",\"url\":\"https:\\\/\\\/secure.gravatar.com\\\/avatar\\\/9489a485c464fd611d33825daae651d13db70c4e74c65c94937a15a9d4c3ee14?s=96&d=mm&r=g\",\"contentUrl\":\"https:\\\/\\\/secure.gravatar.com\\\/avatar\\\/9489a485c464fd611d33825daae651d13db70c4e74c65c94937a15a9d4c3ee14?s=96&d=mm&r=g\",\"caption\":\"Redacci\u00f3\"},\"sameAs\":[\"http:\\\/\\\/gastronomicament.cat\"],\"url\":\"https:\\\/\\\/gastronomicament.cat\\\/es\\\/author\\\/admin\"}]}<\/script>\n<!-- \/ Yoast SEO plugin. -->","yoast_head_json":{"title":"M\u00e9s de 20 cellers de les Balears s'exhibeixen a la Barcelona Wine Week - Gastron\u00f2micament","description":"M\u00e9s de 20 cellers de les Balears s'exhibeixen a la Barcelona Wine Week Actualitat, Reportatges i novetats \u00c9s la fira vin\u00edcola m\u00e9s interessant per millorar la projecci\u00f3 comercial en \u00e0mbit estatal i internacional","robots":{"index":"index","follow":"follow","max-snippet":"max-snippet:-1","max-image-preview":"max-image-preview:large","max-video-preview":"max-video-preview:-1"},"canonical":"https:\/\/gastronomicament.cat\/es\/mes-de-20-cellers-de-les-balears-sexhibeixen-a-la-barcelona-wine-week","og_locale":"es_ES","og_type":"article","og_title":"M\u00e9s de 20 cellers de les Balears s'exhibeixen a la Barcelona Wine Week - Gastron\u00f2micament","og_description":"M\u00e9s de 20 cellers de les Balears s'exhibeixen a la Barcelona Wine Week Actualitat, Reportatges i novetats \u00c9s la fira vin\u00edcola m\u00e9s interessant per millorar la projecci\u00f3 comercial en \u00e0mbit estatal i internacional","og_url":"https:\/\/gastronomicament.cat\/es\/mes-de-20-cellers-de-les-balears-sexhibeixen-a-la-barcelona-wine-week","og_site_name":"Gastron\u00f2micament","article_published_time":"2024-02-07T08:27:26+00:00","og_image":[{"width":1600,"height":1200,"url":"https:\/\/gastronomicament.cat\/wp-content\/uploads\/2024\/02\/Cellers-Mallorca-Barcelona-Wine-Week-2024-4.jpeg","type":"image\/jpeg"}],"author":"Redacci\u00f3","twitter_card":"summary_large_image","twitter_creator":"@gastronomicamen","twitter_site":"@gastronomicamen","twitter_misc":{"Escrito por":"Redacci\u00f3","Tiempo de lectura":"4 minutos","Written by":"Redacci\u00f3"},"schema":{"@context":"https:\/\/schema.org","@graph":[{"@type":"Article","@id":"https:\/\/gastronomicament.cat\/es\/mes-de-20-cellers-de-les-balears-sexhibeixen-a-la-barcelona-wine-week#article","isPartOf":{"@id":"https:\/\/gastronomicament.cat\/es\/mes-de-20-cellers-de-les-balears-sexhibeixen-a-la-barcelona-wine-week"},"author":{"name":"Redacci\u00f3","@id":"https:\/\/gastronomicament.cat\/es\/#\/schema\/person\/a7c85c537a1ed62799a5b8e0f686a37f"},"headline":"M\u00e9s de 20 cellers de les Balears s&#8217;exhibeixen a la Barcelona Wine Week","datePublished":"2024-02-07T08:27:26+00:00","mainEntityOfPage":{"@id":"https:\/\/gastronomicament.cat\/es\/mes-de-20-cellers-de-les-balears-sexhibeixen-a-la-barcelona-wine-week"},"wordCount":602,"commentCount":0,"publisher":{"@id":"https:\/\/gastronomicament.cat\/es\/#organization"},"image":{"@id":"https:\/\/gastronomicament.cat\/es\/mes-de-20-cellers-de-les-balears-sexhibeixen-a-la-barcelona-wine-week#primaryimage"},"thumbnailUrl":"https:\/\/gastronomicament.cat\/wp-content\/uploads\/2024\/02\/Cellers-Mallorca-Barcelona-Wine-Week-2024-4.jpeg","articleSection":["Actualitat","Reportatges i novetats"],"inLanguage":"es","potentialAction":[{"@type":"CommentAction","name":"Comment","target":["https:\/\/gastronomicament.cat\/es\/mes-de-20-cellers-de-les-balears-sexhibeixen-a-la-barcelona-wine-week#respond"]}]},{"@type":"WebPage","@id":"https:\/\/gastronomicament.cat\/es\/mes-de-20-cellers-de-les-balears-sexhibeixen-a-la-barcelona-wine-week","url":"https:\/\/gastronomicament.cat\/es\/mes-de-20-cellers-de-les-balears-sexhibeixen-a-la-barcelona-wine-week","name":"M\u00e9s de 20 cellers de les Balears s'exhibeixen a la Barcelona Wine Week - Gastron\u00f2micament","isPartOf":{"@id":"https:\/\/gastronomicament.cat\/es\/#website"},"primaryImageOfPage":{"@id":"https:\/\/gastronomicament.cat\/es\/mes-de-20-cellers-de-les-balears-sexhibeixen-a-la-barcelona-wine-week#primaryimage"},"image":{"@id":"https:\/\/gastronomicament.cat\/es\/mes-de-20-cellers-de-les-balears-sexhibeixen-a-la-barcelona-wine-week#primaryimage"},"thumbnailUrl":"https:\/\/gastronomicament.cat\/wp-content\/uploads\/2024\/02\/Cellers-Mallorca-Barcelona-Wine-Week-2024-4.jpeg","datePublished":"2024-02-07T08:27:26+00:00","description":"M\u00e9s de 20 cellers de les Balears s'exhibeixen a la Barcelona Wine Week Actualitat, Reportatges i novetats \u00c9s la fira vin\u00edcola m\u00e9s interessant per millorar la projecci\u00f3 comercial en \u00e0mbit estatal i internacional","inLanguage":"es","potentialAction":[{"@type":"ReadAction","target":["https:\/\/gastronomicament.cat\/es\/mes-de-20-cellers-de-les-balears-sexhibeixen-a-la-barcelona-wine-week"]}]},{"@type":"ImageObject","inLanguage":"es","@id":"https:\/\/gastronomicament.cat\/es\/mes-de-20-cellers-de-les-balears-sexhibeixen-a-la-barcelona-wine-week#primaryimage","url":"https:\/\/gastronomicament.cat\/wp-content\/uploads\/2024\/02\/Cellers-Mallorca-Barcelona-Wine-Week-2024-4.jpeg","contentUrl":"https:\/\/gastronomicament.cat\/wp-content\/uploads\/2024\/02\/Cellers-Mallorca-Barcelona-Wine-Week-2024-4.jpeg","width":1600,"height":1200},{"@type":"WebSite","@id":"https:\/\/gastronomicament.cat\/es\/#website","url":"https:\/\/gastronomicament.cat\/es\/","name":"Gastron\u00f2micament","description":"Portal de restaurants, receptes i actualitat gastron\u00f2mica","publisher":{"@id":"https:\/\/gastronomicament.cat\/es\/#organization"},"potentialAction":[{"@type":"SearchAction","target":{"@type":"EntryPoint","urlTemplate":"https:\/\/gastronomicament.cat\/es\/?s={search_term_string}"},"query-input":{"@type":"PropertyValueSpecification","valueRequired":true,"valueName":"search_term_string"}}],"inLanguage":"es"},{"@type":"Organization","@id":"https:\/\/gastronomicament.cat\/es\/#organization","name":"Gastron\u00f2micament","url":"https:\/\/gastronomicament.cat\/es\/","logo":{"@type":"ImageObject","inLanguage":"es","@id":"https:\/\/gastronomicament.cat\/es\/#\/schema\/logo\/image\/","url":"https:\/\/gastronomicament.cat\/wp-content\/uploads\/2016\/09\/header-logo.jpg","contentUrl":"https:\/\/gastronomicament.cat\/wp-content\/uploads\/2016\/09\/header-logo.jpg","width":277,"height":39,"caption":"Gastron\u00f2micament"},"image":{"@id":"https:\/\/gastronomicament.cat\/es\/#\/schema\/logo\/image\/"},"sameAs":["https:\/\/x.com\/gastronomicamen"]},{"@type":"Person","@id":"https:\/\/gastronomicament.cat\/es\/#\/schema\/person\/a7c85c537a1ed62799a5b8e0f686a37f","name":"Redacci\u00f3","image":{"@type":"ImageObject","inLanguage":"es","@id":"https:\/\/secure.gravatar.com\/avatar\/9489a485c464fd611d33825daae651d13db70c4e74c65c94937a15a9d4c3ee14?s=96&d=mm&r=g69fea3cce3645dfa2166e7293e22955e","url":"https:\/\/secure.gravatar.com\/avatar\/9489a485c464fd611d33825daae651d13db70c4e74c65c94937a15a9d4c3ee14?s=96&d=mm&r=g","contentUrl":"https:\/\/secure.gravatar.com\/avatar\/9489a485c464fd611d33825daae651d13db70c4e74c65c94937a15a9d4c3ee14?s=96&d=mm&r=g","caption":"Redacci\u00f3"},"sameAs":["http:\/\/gastronomicament.cat"],"url":"https:\/\/gastronomicament.cat\/es\/author\/admin"}]}},"_links":{"self":[{"href":"https:\/\/gastronomicament.cat\/es\/wp-json\/wp\/v2\/posts\/87187","targetHints":{"allow":["GET"]}}],"collection":[{"href":"https:\/\/gastronomicament.cat\/es\/wp-json\/wp\/v2\/posts"}],"about":[{"href":"https:\/\/gastronomicament.cat\/es\/wp-json\/wp\/v2\/types\/post"}],"author":[{"embeddable":true,"href":"https:\/\/gastronomicament.cat\/es\/wp-json\/wp\/v2\/users\/1"}],"replies":[{"embeddable":true,"href":"https:\/\/gastronomicament.cat\/es\/wp-json\/wp\/v2\/comments?post=87187"}],"version-history":[{"count":0,"href":"https:\/\/gastronomicament.cat\/es\/wp-json\/wp\/v2\/posts\/87187\/revisions"}],"wp:featuredmedia":[{"embeddable":true,"href":"https:\/\/gastronomicament.cat\/es\/wp-json\/wp\/v2\/media\/87179"}],"wp:attachment":[{"href":"https:\/\/gastronomicament.cat\/es\/wp-json\/wp\/v2\/media?parent=87187"}],"wp:term":[{"taxonomy":"category","embeddable":true,"href":"https:\/\/gastronomicament.cat\/es\/wp-json\/wp\/v2\/categories?post=87187"},{"taxonomy":"post_tag","embeddable":true,"href":"https:\/\/gastronomicament.cat\/es\/wp-json\/wp\/v2\/tags?post=87187"},{"taxonomy":"author","embeddable":true,"href":"https:\/\/gastronomicament.cat\/es\/wp-json\/wp\/v2\/coauthors?post=87187"}],"curies":[{"name":"wp","href":"https:\/\/api.w.org\/{rel}","templated":true}]}}