{"id":88061,"date":"2024-04-04T00:22:39","date_gmt":"2024-04-03T22:22:39","guid":{"rendered":"https:\/\/gastronomicament.cat\/denunciat-un-restaurant-de-palma-per-no-deixar-passar-a-dos-cecs-amb-el-se-ca-pigall"},"modified":"2024-04-04T00:23:32","modified_gmt":"2024-04-03T22:23:32","slug":"denunciat-un-restaurant-de-palma-per-no-deixar-passar-a-dos-cecs-amb-el-seu-ca-pigall","status":"publish","type":"post","link":"https:\/\/gastronomicament.cat\/es\/denunciat-un-restaurant-de-palma-per-no-deixar-passar-a-dos-cecs-amb-el-seu-ca-pigall","title":{"rendered":"Denunciat un restaurant de Palma per no deixar passar a dos cecs amb el seu ca pigall"},"content":{"rendered":"<p>El propietari d&#8217;un\u00a0<strong>restaurant\u00a0<\/strong>de\u00a0<strong>Palma\u00a0<\/strong>ha estat\u00a0<strong>denunciat\u00a0<\/strong>perqu\u00e8 no ha deixat passar al seu interior\u00a0<strong>dues persones cegues<\/strong>\u00a0amb el seu\u00a0<strong>ca pigall<\/strong>.<\/p>\n<p>Els fets varen tenir lloc dissabte passat, 30 de mar\u00e7, devers les 19.15 hores. Una parella va aturar-se a la terrassa d&#8217;un restaurant per fer-hi una consumici\u00f3. Quan varen voler entrar dins el negoci,\u00a0<strong>la propietat els ho va impedir perqu\u00e8 no deixa entrar animals a dins del restaurant<\/strong>. Les dues persones, d&#8217;una cinquantena d&#8217;anys,<strong>\u00a0li explicaren que els cans pigall\u00a0<\/strong>(Xelma, un pastor alemany de 10 a\u00f1ys, i Ures, labrador de 6 anys), s\u00f3n ensinistrats per ajudar-los i que\u00a0<strong>s\u00f3n una extensi\u00f3 de la seva persona\u00a0<\/strong>perqu\u00e8 no poden fer res sense ells. Tot i l&#8217;argument, la propietat s&#8217;hi neg\u00e0 novament.\u00a0<strong>Davant la vulneraci\u00f3 del seu dret<\/strong>, protegit per llei, les dues persones demanaren el\u00a0<strong>full de reclamacions<\/strong>. Com que tampoc no els el va voler lliurar, decidiren\u00a0<strong>telefonar\u00a0<\/strong>a la\u00a0<strong>Policia Local de Palma<\/strong>, que hi va intercedir i, finalment, pogueren\u00a0fer la queixa formalment.<\/p>\n<p>La normativa estableix que les persones amb discapacitat visual poden entrar a qualsevol espai, obert o tancat, amb el seu gos pigall.\u00a0Aquests animals sempre han d&#8217;estar assegurats i han d&#8217;anar fermats, amb arn\u00e8s o corretja i han de complir els requeriments sanitaris i el control veterinari corresponent.<\/p>\n<pre>Imatge: Policia Local de Palma<\/pre>\n<blockquote class=\"twitter-tweet\">\n<p dir=\"ltr\" lang=\"ca\">\u00a0Impedeixen l&#8217;entrada, en un local de Palma, a dues persones cegues per anar amb els seus cans guia.<\/p>\n<p>M\u00e9s informaci\u00f3 enlla\u00e7 adjunt:<a href=\"https:\/\/t.co\/gx8snNfrcf\">https:\/\/t.co\/gx8snNfrcf<\/a><\/p>\n<p>Normativa:<a href=\"https:\/\/t.co\/9mSBOLK118\">https:\/\/t.co\/9mSBOLK118<\/a> <a href=\"https:\/\/t.co\/cD4mNWcsd4\">pic.twitter.com\/cD4mNWcsd4<\/a><\/p>\n<p>\u2014 Policia de Palma (@policiadepalma) <a href=\"https:\/\/twitter.com\/policiadepalma\/status\/1775531022462914589?ref_src=twsrc%5Etfw\">April 3, 2024<\/a><\/p><\/blockquote>\n<p><script async src=\"https:\/\/platform.twitter.com\/widgets.js\" charset=\"utf-8\"><\/script><\/p>\n","protected":false},"excerpt":{"rendered":"<p>La Policia Local hi va haver d&#8217;intervenir perqu\u00e8 l&#8217;establiment es va negar a donar els fulls&hellip;<\/p>\n","protected":false},"author":1,"featured_media":88057,"comment_status":"open","ping_status":"closed","sticky":false,"template":"","format":"standard","meta":{"_acf_changed":false,"_swt_meta_header_display":false,"_swt_meta_footer_display":false,"_swt_meta_site_title_display":false,"_swt_meta_sticky_header":false,"_swt_meta_transparent_header":false,"footnotes":""},"categories":[1003,1477],"tags":[],"coauthors":[2053],"class_list":["post-88061","post","type-post","status-publish","format-standard","has-post-thumbnail","hentry","category-actualitat-es","category-reportatges-i-novetats-es"],"acf":{"gallery":null,"home_date":{"home_begin_date":null,"home_end_date":null}},"yoast_head":"<!-- This site is optimized with the Yoast SEO plugin v27.4 - https:\/\/yoast.com\/product\/yoast-seo-wordpress\/ -->\n<title>Denunciat un restaurant de Palma per no deixar passar a dos cecs amb el seu ca pigall - Gastron\u00f2micament<\/title>\n<meta name=\"description\" content=\"Denunciat un restaurant de Palma per no deixar passar a dos cecs amb el seu ca pigall Actualitat, Reportatges i novetats La Policia Local hi va haver d&#039;intervenir perqu\u00e8 l&#039;establiment es va negar a donar els fulls de reclamaci\u00f3\" \/>\n<meta name=\"robots\" content=\"index, follow, max-snippet:-1, max-image-preview:large, max-video-preview:-1\" \/>\n<link rel=\"canonical\" href=\"https:\/\/gastronomicament.cat\/es\/denunciat-un-restaurant-de-palma-per-no-deixar-passar-a-dos-cecs-amb-el-seu-ca-pigall\" \/>\n<meta property=\"og:locale\" content=\"es_ES\" \/>\n<meta property=\"og:type\" content=\"article\" \/>\n<meta property=\"og:title\" content=\"Denunciat un restaurant de Palma per no deixar passar a dos cecs amb el seu ca pigall - Gastron\u00f2micament\" \/>\n<meta property=\"og:description\" content=\"Denunciat un restaurant de Palma per no deixar passar a dos cecs amb el seu ca pigall Actualitat, Reportatges i novetats La Policia Local hi va haver d&#039;intervenir perqu\u00e8 l&#039;establiment es va negar a donar els fulls de reclamaci\u00f3\" \/>\n<meta property=\"og:url\" content=\"https:\/\/gastronomicament.cat\/es\/denunciat-un-restaurant-de-palma-per-no-deixar-passar-a-dos-cecs-amb-el-seu-ca-pigall\" \/>\n<meta property=\"og:site_name\" content=\"Gastron\u00f2micament\" \/>\n<meta property=\"article:published_time\" content=\"2024-04-03T22:22:39+00:00\" \/>\n<meta property=\"article:modified_time\" content=\"2024-04-03T22:23:32+00:00\" \/>\n<meta property=\"og:image\" content=\"https:\/\/gastronomicament.cat\/wp-content\/uploads\/2024\/04\/Denuncien-restaurant-Palma-cecs-ca-pigall.jpg\" \/>\n\t<meta property=\"og:image:width\" content=\"1920\" \/>\n\t<meta property=\"og:image:height\" content=\"1280\" \/>\n\t<meta property=\"og:image:type\" content=\"image\/jpeg\" \/>\n<meta name=\"author\" content=\"Redacci\u00f3\" \/>\n<meta name=\"twitter:card\" content=\"summary_large_image\" \/>\n<meta name=\"twitter:creator\" content=\"@gastronomicamen\" \/>\n<meta name=\"twitter:site\" content=\"@gastronomicamen\" \/>\n<meta name=\"twitter:label1\" content=\"Escrito por\" \/>\n\t<meta name=\"twitter:data1\" content=\"Redacci\u00f3\" \/>\n\t<meta name=\"twitter:label2\" content=\"Tiempo de lectura\" \/>\n\t<meta name=\"twitter:data2\" content=\"2 minutos\" \/>\n\t<meta name=\"twitter:label3\" content=\"Written by\" \/>\n\t<meta name=\"twitter:data3\" content=\"Redacci\u00f3\" \/>\n<script type=\"application\/ld+json\" class=\"yoast-schema-graph\">{\"@context\":\"https:\\\/\\\/schema.org\",\"@graph\":[{\"@type\":\"Article\",\"@id\":\"https:\\\/\\\/gastronomicament.cat\\\/es\\\/denunciat-un-restaurant-de-palma-per-no-deixar-passar-a-dos-cecs-amb-el-seu-ca-pigall#article\",\"isPartOf\":{\"@id\":\"https:\\\/\\\/gastronomicament.cat\\\/es\\\/denunciat-un-restaurant-de-palma-per-no-deixar-passar-a-dos-cecs-amb-el-seu-ca-pigall\"},\"author\":{\"name\":\"Redacci\u00f3\",\"@id\":\"https:\\\/\\\/gastronomicament.cat\\\/es\\\/#\\\/schema\\\/person\\\/a7c85c537a1ed62799a5b8e0f686a37f\"},\"headline\":\"Denunciat un restaurant de Palma per no deixar passar a dos cecs amb el seu ca pigall\",\"datePublished\":\"2024-04-03T22:22:39+00:00\",\"dateModified\":\"2024-04-03T22:23:32+00:00\",\"mainEntityOfPage\":{\"@id\":\"https:\\\/\\\/gastronomicament.cat\\\/es\\\/denunciat-un-restaurant-de-palma-per-no-deixar-passar-a-dos-cecs-amb-el-seu-ca-pigall\"},\"wordCount\":280,\"commentCount\":0,\"publisher\":{\"@id\":\"https:\\\/\\\/gastronomicament.cat\\\/es\\\/#organization\"},\"image\":{\"@id\":\"https:\\\/\\\/gastronomicament.cat\\\/es\\\/denunciat-un-restaurant-de-palma-per-no-deixar-passar-a-dos-cecs-amb-el-seu-ca-pigall#primaryimage\"},\"thumbnailUrl\":\"https:\\\/\\\/gastronomicament.cat\\\/wp-content\\\/uploads\\\/2024\\\/04\\\/Denuncien-restaurant-Palma-cecs-ca-pigall.jpg\",\"articleSection\":[\"Actualitat\",\"Reportatges i novetats\"],\"inLanguage\":\"es\",\"potentialAction\":[{\"@type\":\"CommentAction\",\"name\":\"Comment\",\"target\":[\"https:\\\/\\\/gastronomicament.cat\\\/es\\\/denunciat-un-restaurant-de-palma-per-no-deixar-passar-a-dos-cecs-amb-el-seu-ca-pigall#respond\"]}]},{\"@type\":\"WebPage\",\"@id\":\"https:\\\/\\\/gastronomicament.cat\\\/es\\\/denunciat-un-restaurant-de-palma-per-no-deixar-passar-a-dos-cecs-amb-el-seu-ca-pigall\",\"url\":\"https:\\\/\\\/gastronomicament.cat\\\/es\\\/denunciat-un-restaurant-de-palma-per-no-deixar-passar-a-dos-cecs-amb-el-seu-ca-pigall\",\"name\":\"Denunciat un restaurant de Palma per no deixar passar a dos cecs amb el seu ca pigall - Gastron\u00f2micament\",\"isPartOf\":{\"@id\":\"https:\\\/\\\/gastronomicament.cat\\\/es\\\/#website\"},\"primaryImageOfPage\":{\"@id\":\"https:\\\/\\\/gastronomicament.cat\\\/es\\\/denunciat-un-restaurant-de-palma-per-no-deixar-passar-a-dos-cecs-amb-el-seu-ca-pigall#primaryimage\"},\"image\":{\"@id\":\"https:\\\/\\\/gastronomicament.cat\\\/es\\\/denunciat-un-restaurant-de-palma-per-no-deixar-passar-a-dos-cecs-amb-el-seu-ca-pigall#primaryimage\"},\"thumbnailUrl\":\"https:\\\/\\\/gastronomicament.cat\\\/wp-content\\\/uploads\\\/2024\\\/04\\\/Denuncien-restaurant-Palma-cecs-ca-pigall.jpg\",\"datePublished\":\"2024-04-03T22:22:39+00:00\",\"dateModified\":\"2024-04-03T22:23:32+00:00\",\"description\":\"Denunciat un restaurant de Palma per no deixar passar a dos cecs amb el seu ca pigall Actualitat, Reportatges i novetats La Policia Local hi va haver d'intervenir perqu\u00e8 l'establiment es va negar a donar els fulls de reclamaci\u00f3\",\"inLanguage\":\"es\",\"potentialAction\":[{\"@type\":\"ReadAction\",\"target\":[\"https:\\\/\\\/gastronomicament.cat\\\/es\\\/denunciat-un-restaurant-de-palma-per-no-deixar-passar-a-dos-cecs-amb-el-seu-ca-pigall\"]}]},{\"@type\":\"ImageObject\",\"inLanguage\":\"es\",\"@id\":\"https:\\\/\\\/gastronomicament.cat\\\/es\\\/denunciat-un-restaurant-de-palma-per-no-deixar-passar-a-dos-cecs-amb-el-seu-ca-pigall#primaryimage\",\"url\":\"https:\\\/\\\/gastronomicament.cat\\\/wp-content\\\/uploads\\\/2024\\\/04\\\/Denuncien-restaurant-Palma-cecs-ca-pigall.jpg\",\"contentUrl\":\"https:\\\/\\\/gastronomicament.cat\\\/wp-content\\\/uploads\\\/2024\\\/04\\\/Denuncien-restaurant-Palma-cecs-ca-pigall.jpg\",\"width\":1920,\"height\":1280},{\"@type\":\"WebSite\",\"@id\":\"https:\\\/\\\/gastronomicament.cat\\\/es\\\/#website\",\"url\":\"https:\\\/\\\/gastronomicament.cat\\\/es\\\/\",\"name\":\"Gastron\u00f2micament\",\"description\":\"Portal de restaurants, receptes i actualitat gastron\u00f2mica\",\"publisher\":{\"@id\":\"https:\\\/\\\/gastronomicament.cat\\\/es\\\/#organization\"},\"potentialAction\":[{\"@type\":\"SearchAction\",\"target\":{\"@type\":\"EntryPoint\",\"urlTemplate\":\"https:\\\/\\\/gastronomicament.cat\\\/es\\\/?s={search_term_string}\"},\"query-input\":{\"@type\":\"PropertyValueSpecification\",\"valueRequired\":true,\"valueName\":\"search_term_string\"}}],\"inLanguage\":\"es\"},{\"@type\":\"Organization\",\"@id\":\"https:\\\/\\\/gastronomicament.cat\\\/es\\\/#organization\",\"name\":\"Gastron\u00f2micament\",\"url\":\"https:\\\/\\\/gastronomicament.cat\\\/es\\\/\",\"logo\":{\"@type\":\"ImageObject\",\"inLanguage\":\"es\",\"@id\":\"https:\\\/\\\/gastronomicament.cat\\\/es\\\/#\\\/schema\\\/logo\\\/image\\\/\",\"url\":\"https:\\\/\\\/gastronomicament.cat\\\/wp-content\\\/uploads\\\/2016\\\/09\\\/header-logo.jpg\",\"contentUrl\":\"https:\\\/\\\/gastronomicament.cat\\\/wp-content\\\/uploads\\\/2016\\\/09\\\/header-logo.jpg\",\"width\":277,\"height\":39,\"caption\":\"Gastron\u00f2micament\"},\"image\":{\"@id\":\"https:\\\/\\\/gastronomicament.cat\\\/es\\\/#\\\/schema\\\/logo\\\/image\\\/\"},\"sameAs\":[\"https:\\\/\\\/x.com\\\/gastronomicamen\"]},{\"@type\":\"Person\",\"@id\":\"https:\\\/\\\/gastronomicament.cat\\\/es\\\/#\\\/schema\\\/person\\\/a7c85c537a1ed62799a5b8e0f686a37f\",\"name\":\"Redacci\u00f3\",\"image\":{\"@type\":\"ImageObject\",\"inLanguage\":\"es\",\"@id\":\"https:\\\/\\\/secure.gravatar.com\\\/avatar\\\/9489a485c464fd611d33825daae651d13db70c4e74c65c94937a15a9d4c3ee14?s=96&d=mm&r=g69fea3cce3645dfa2166e7293e22955e\",\"url\":\"https:\\\/\\\/secure.gravatar.com\\\/avatar\\\/9489a485c464fd611d33825daae651d13db70c4e74c65c94937a15a9d4c3ee14?s=96&d=mm&r=g\",\"contentUrl\":\"https:\\\/\\\/secure.gravatar.com\\\/avatar\\\/9489a485c464fd611d33825daae651d13db70c4e74c65c94937a15a9d4c3ee14?s=96&d=mm&r=g\",\"caption\":\"Redacci\u00f3\"},\"sameAs\":[\"http:\\\/\\\/gastronomicament.cat\"],\"url\":\"https:\\\/\\\/gastronomicament.cat\\\/es\\\/author\\\/admin\"}]}<\/script>\n<!-- \/ Yoast SEO plugin. -->","yoast_head_json":{"title":"Denunciat un restaurant de Palma per no deixar passar a dos cecs amb el seu ca pigall - Gastron\u00f2micament","description":"Denunciat un restaurant de Palma per no deixar passar a dos cecs amb el seu ca pigall Actualitat, Reportatges i novetats La Policia Local hi va haver d'intervenir perqu\u00e8 l'establiment es va negar a donar els fulls de reclamaci\u00f3","robots":{"index":"index","follow":"follow","max-snippet":"max-snippet:-1","max-image-preview":"max-image-preview:large","max-video-preview":"max-video-preview:-1"},"canonical":"https:\/\/gastronomicament.cat\/es\/denunciat-un-restaurant-de-palma-per-no-deixar-passar-a-dos-cecs-amb-el-seu-ca-pigall","og_locale":"es_ES","og_type":"article","og_title":"Denunciat un restaurant de Palma per no deixar passar a dos cecs amb el seu ca pigall - Gastron\u00f2micament","og_description":"Denunciat un restaurant de Palma per no deixar passar a dos cecs amb el seu ca pigall Actualitat, Reportatges i novetats La Policia Local hi va haver d'intervenir perqu\u00e8 l'establiment es va negar a donar els fulls de reclamaci\u00f3","og_url":"https:\/\/gastronomicament.cat\/es\/denunciat-un-restaurant-de-palma-per-no-deixar-passar-a-dos-cecs-amb-el-seu-ca-pigall","og_site_name":"Gastron\u00f2micament","article_published_time":"2024-04-03T22:22:39+00:00","article_modified_time":"2024-04-03T22:23:32+00:00","og_image":[{"width":1920,"height":1280,"url":"https:\/\/gastronomicament.cat\/wp-content\/uploads\/2024\/04\/Denuncien-restaurant-Palma-cecs-ca-pigall.jpg","type":"image\/jpeg"}],"author":"Redacci\u00f3","twitter_card":"summary_large_image","twitter_creator":"@gastronomicamen","twitter_site":"@gastronomicamen","twitter_misc":{"Escrito por":"Redacci\u00f3","Tiempo de lectura":"2 minutos","Written by":"Redacci\u00f3"},"schema":{"@context":"https:\/\/schema.org","@graph":[{"@type":"Article","@id":"https:\/\/gastronomicament.cat\/es\/denunciat-un-restaurant-de-palma-per-no-deixar-passar-a-dos-cecs-amb-el-seu-ca-pigall#article","isPartOf":{"@id":"https:\/\/gastronomicament.cat\/es\/denunciat-un-restaurant-de-palma-per-no-deixar-passar-a-dos-cecs-amb-el-seu-ca-pigall"},"author":{"name":"Redacci\u00f3","@id":"https:\/\/gastronomicament.cat\/es\/#\/schema\/person\/a7c85c537a1ed62799a5b8e0f686a37f"},"headline":"Denunciat un restaurant de Palma per no deixar passar a dos cecs amb el seu ca pigall","datePublished":"2024-04-03T22:22:39+00:00","dateModified":"2024-04-03T22:23:32+00:00","mainEntityOfPage":{"@id":"https:\/\/gastronomicament.cat\/es\/denunciat-un-restaurant-de-palma-per-no-deixar-passar-a-dos-cecs-amb-el-seu-ca-pigall"},"wordCount":280,"commentCount":0,"publisher":{"@id":"https:\/\/gastronomicament.cat\/es\/#organization"},"image":{"@id":"https:\/\/gastronomicament.cat\/es\/denunciat-un-restaurant-de-palma-per-no-deixar-passar-a-dos-cecs-amb-el-seu-ca-pigall#primaryimage"},"thumbnailUrl":"https:\/\/gastronomicament.cat\/wp-content\/uploads\/2024\/04\/Denuncien-restaurant-Palma-cecs-ca-pigall.jpg","articleSection":["Actualitat","Reportatges i novetats"],"inLanguage":"es","potentialAction":[{"@type":"CommentAction","name":"Comment","target":["https:\/\/gastronomicament.cat\/es\/denunciat-un-restaurant-de-palma-per-no-deixar-passar-a-dos-cecs-amb-el-seu-ca-pigall#respond"]}]},{"@type":"WebPage","@id":"https:\/\/gastronomicament.cat\/es\/denunciat-un-restaurant-de-palma-per-no-deixar-passar-a-dos-cecs-amb-el-seu-ca-pigall","url":"https:\/\/gastronomicament.cat\/es\/denunciat-un-restaurant-de-palma-per-no-deixar-passar-a-dos-cecs-amb-el-seu-ca-pigall","name":"Denunciat un restaurant de Palma per no deixar passar a dos cecs amb el seu ca pigall - Gastron\u00f2micament","isPartOf":{"@id":"https:\/\/gastronomicament.cat\/es\/#website"},"primaryImageOfPage":{"@id":"https:\/\/gastronomicament.cat\/es\/denunciat-un-restaurant-de-palma-per-no-deixar-passar-a-dos-cecs-amb-el-seu-ca-pigall#primaryimage"},"image":{"@id":"https:\/\/gastronomicament.cat\/es\/denunciat-un-restaurant-de-palma-per-no-deixar-passar-a-dos-cecs-amb-el-seu-ca-pigall#primaryimage"},"thumbnailUrl":"https:\/\/gastronomicament.cat\/wp-content\/uploads\/2024\/04\/Denuncien-restaurant-Palma-cecs-ca-pigall.jpg","datePublished":"2024-04-03T22:22:39+00:00","dateModified":"2024-04-03T22:23:32+00:00","description":"Denunciat un restaurant de Palma per no deixar passar a dos cecs amb el seu ca pigall Actualitat, Reportatges i novetats La Policia Local hi va haver d'intervenir perqu\u00e8 l'establiment es va negar a donar els fulls de reclamaci\u00f3","inLanguage":"es","potentialAction":[{"@type":"ReadAction","target":["https:\/\/gastronomicament.cat\/es\/denunciat-un-restaurant-de-palma-per-no-deixar-passar-a-dos-cecs-amb-el-seu-ca-pigall"]}]},{"@type":"ImageObject","inLanguage":"es","@id":"https:\/\/gastronomicament.cat\/es\/denunciat-un-restaurant-de-palma-per-no-deixar-passar-a-dos-cecs-amb-el-seu-ca-pigall#primaryimage","url":"https:\/\/gastronomicament.cat\/wp-content\/uploads\/2024\/04\/Denuncien-restaurant-Palma-cecs-ca-pigall.jpg","contentUrl":"https:\/\/gastronomicament.cat\/wp-content\/uploads\/2024\/04\/Denuncien-restaurant-Palma-cecs-ca-pigall.jpg","width":1920,"height":1280},{"@type":"WebSite","@id":"https:\/\/gastronomicament.cat\/es\/#website","url":"https:\/\/gastronomicament.cat\/es\/","name":"Gastron\u00f2micament","description":"Portal de restaurants, receptes i actualitat gastron\u00f2mica","publisher":{"@id":"https:\/\/gastronomicament.cat\/es\/#organization"},"potentialAction":[{"@type":"SearchAction","target":{"@type":"EntryPoint","urlTemplate":"https:\/\/gastronomicament.cat\/es\/?s={search_term_string}"},"query-input":{"@type":"PropertyValueSpecification","valueRequired":true,"valueName":"search_term_string"}}],"inLanguage":"es"},{"@type":"Organization","@id":"https:\/\/gastronomicament.cat\/es\/#organization","name":"Gastron\u00f2micament","url":"https:\/\/gastronomicament.cat\/es\/","logo":{"@type":"ImageObject","inLanguage":"es","@id":"https:\/\/gastronomicament.cat\/es\/#\/schema\/logo\/image\/","url":"https:\/\/gastronomicament.cat\/wp-content\/uploads\/2016\/09\/header-logo.jpg","contentUrl":"https:\/\/gastronomicament.cat\/wp-content\/uploads\/2016\/09\/header-logo.jpg","width":277,"height":39,"caption":"Gastron\u00f2micament"},"image":{"@id":"https:\/\/gastronomicament.cat\/es\/#\/schema\/logo\/image\/"},"sameAs":["https:\/\/x.com\/gastronomicamen"]},{"@type":"Person","@id":"https:\/\/gastronomicament.cat\/es\/#\/schema\/person\/a7c85c537a1ed62799a5b8e0f686a37f","name":"Redacci\u00f3","image":{"@type":"ImageObject","inLanguage":"es","@id":"https:\/\/secure.gravatar.com\/avatar\/9489a485c464fd611d33825daae651d13db70c4e74c65c94937a15a9d4c3ee14?s=96&d=mm&r=g69fea3cce3645dfa2166e7293e22955e","url":"https:\/\/secure.gravatar.com\/avatar\/9489a485c464fd611d33825daae651d13db70c4e74c65c94937a15a9d4c3ee14?s=96&d=mm&r=g","contentUrl":"https:\/\/secure.gravatar.com\/avatar\/9489a485c464fd611d33825daae651d13db70c4e74c65c94937a15a9d4c3ee14?s=96&d=mm&r=g","caption":"Redacci\u00f3"},"sameAs":["http:\/\/gastronomicament.cat"],"url":"https:\/\/gastronomicament.cat\/es\/author\/admin"}]}},"_links":{"self":[{"href":"https:\/\/gastronomicament.cat\/es\/wp-json\/wp\/v2\/posts\/88061","targetHints":{"allow":["GET"]}}],"collection":[{"href":"https:\/\/gastronomicament.cat\/es\/wp-json\/wp\/v2\/posts"}],"about":[{"href":"https:\/\/gastronomicament.cat\/es\/wp-json\/wp\/v2\/types\/post"}],"author":[{"embeddable":true,"href":"https:\/\/gastronomicament.cat\/es\/wp-json\/wp\/v2\/users\/1"}],"replies":[{"embeddable":true,"href":"https:\/\/gastronomicament.cat\/es\/wp-json\/wp\/v2\/comments?post=88061"}],"version-history":[{"count":0,"href":"https:\/\/gastronomicament.cat\/es\/wp-json\/wp\/v2\/posts\/88061\/revisions"}],"wp:featuredmedia":[{"embeddable":true,"href":"https:\/\/gastronomicament.cat\/es\/wp-json\/wp\/v2\/media\/88057"}],"wp:attachment":[{"href":"https:\/\/gastronomicament.cat\/es\/wp-json\/wp\/v2\/media?parent=88061"}],"wp:term":[{"taxonomy":"category","embeddable":true,"href":"https:\/\/gastronomicament.cat\/es\/wp-json\/wp\/v2\/categories?post=88061"},{"taxonomy":"post_tag","embeddable":true,"href":"https:\/\/gastronomicament.cat\/es\/wp-json\/wp\/v2\/tags?post=88061"},{"taxonomy":"author","embeddable":true,"href":"https:\/\/gastronomicament.cat\/es\/wp-json\/wp\/v2\/coauthors?post=88061"}],"curies":[{"name":"wp","href":"https:\/\/api.w.org\/{rel}","templated":true}]}}