{"id":89350,"date":"2024-06-27T09:45:26","date_gmt":"2024-06-27T07:45:26","guid":{"rendered":"https:\/\/gastronomicament.cat\/?p=89350"},"modified":"2024-10-17T11:01:46","modified_gmt":"2024-10-17T09:01:46","slug":"el-restaurant-saddle-desembarca-a-mallorca","status":"publish","type":"post","link":"https:\/\/gastronomicament.cat\/es\/el-restaurant-saddle-desembarca-a-mallorca","title":{"rendered":"El restaurant Saddle desembarca a Mallorca"},"content":{"rendered":"<p>Aquest estiu,\u00a0<strong>Cap Rocat<\/strong>, una antiga fortalesa del segle XIX ara convertida en un hotel\u00a0exclusiu de 5 estrelles gran luxe, ubicat a la zona m\u00e9s privada de la Badia de Palma, acollir\u00e0 la proposta gastron\u00f2mica del\u00a0<strong>restaurant\u00a0Saddle<\/strong>, el cl\u00e0ssic contemporani\u00a0<strong>madrileny\u00a0<\/strong>guardonat amb\u00a0<strong>una estrella Michelin i dos sols Repsol<\/strong>.<\/p>\n<p>Amb el lema &#8216;Un llegat de sabor&#8217;, Saddle desembarca a\u00a0<strong>Mallorca\u00a0<\/strong>per crear una experi\u00e8ncia \u00fanica i genu\u00efna en la qual el producte local de temporada i la cultura gastron\u00f2mica mediterr\u00e0nia es posen al servei de la t\u00e8cnica i el receptari cl\u00e0ssic de Saddle durant un temps limitat.<\/p>\n<p><strong>Men\u00fa a quatre mans<\/strong><\/p>\n<p>Aquest viatge sensorial comen\u00e7a amb un\u00a0<strong>men\u00fa a quatre mans<\/strong>\u00a0que tindr\u00e0 lloc els\u00a0<strong>dies 28 i 29 de juny<\/strong>, concebut expressament per<strong>\u00a0Pablo Laya<\/strong>, xef executiu de Saddle, i\u00a0<strong>V\u00edctor Garc\u00eda<\/strong>, director gastron\u00f2mic de Cap Rocat i xef de La Fortaleza \u2013el restaurant gastron\u00f2mic de l&#8217;hotel, guardonat amb dos Sols Repsol\u2013.<\/p>\n<p>Ser\u00e0 un\u00a0<strong>men\u00fa\u00a0<\/strong>especial que fusionar\u00e0 amb mestria la cuina mediterr\u00e0nia i els cl\u00e0ssics contemporanis. Entre els plats,\u00a0<strong>hi destaquen<\/strong>: la\u00a0<strong>versi\u00f3 del tradicional variat mallorqu\u00ed\u00a0<\/strong>de benvinguda, una icona de La Fortalesa. Tamb\u00e9 hi haur\u00e0 plats com el cl\u00e0ssic de Saddle, el\u00a0<strong>t\u00e0rtar de gamba vermella de la Mediterr\u00e0nia amb els seus coralls amb all<\/strong>; les\u00a0<strong>sopes\u00a0<\/strong>de La Fortalesa; l&#8217;<strong>anf\u00f3s salvatge amb escabetx d&#8217;oliva<\/strong>\u00a0de Campo Real (Madrid), de Saddle; una versi\u00f3 de la\u00a0<strong>llagosta a l&#8217;estil de Formentera<\/strong>, de La Fortalesa); o la\u00a0<strong><em>fondue\u00a0<\/em>de\u00a0<em>comt\u00e9<\/em>, flor de carbass\u00f3, i\u00a0<em>beurre\u00a0<\/em>blanc de riesling<\/strong>, de Saddle, entre d&#8217;altres propostes. La seq\u00fc\u00e8ncia dol\u00e7a la posa l&#8217;exquisit\u00a0<em>souffl\u00e9\u00a0<\/em>de Grand Marnier, de Saddle. L&#8217;experi\u00e8ncia es\u00a0desenvolupar\u00e0 a l&#8217;espai singular i imponent de Cap Rocat, per a nom\u00e9s 30 comensals.<\/p>\n<p><strong>Saddle a Mallorca<\/strong><\/p>\n<p>Ara b\u00e9, la\u00a0<strong>cuina de Pablo Laya\u00a0<\/strong>es podr\u00e0 continuar tastant i degustant, ja que\u00a0<strong>Cap Rocat acollir\u00e0 un<em>\u00a0pop up<\/em><\/strong><em>\u00a0<\/em>(restaurant ef\u00edmer) de\u00a0<strong>Saddle\u00a0<\/strong>durant els\u00a0<strong>mesos de juliol i\u00a0agost<\/strong>, en el qual s&#8217;hi oferiran tant elaboracions cl\u00e0ssiques del restaurant madrileny, com d&#8217;altres que s\u00f3n un homenatge als gustos i a l&#8217;her\u00e8ncia balear.<\/p>\n<p>Per aquest motiu, el xef\u00a0<strong>Pablo Laya ha dissenyat un men\u00fa degustaci\u00f3<\/strong>, que estar\u00e0 disponible durant el servei de\u00a0<strong>sopar<\/strong>, el qual \u00e9s una<strong>\u00a0oda a la temporalitat i consta de 9 passes<\/strong>, entre els que es troben: el p\u00e2t\u00e9 en cro\u00fbte de Saddle, el cl\u00e0ssic t\u00e0rtar de gamba vermella de la Mediterr\u00e0nia, com tamb\u00e9 elaboracions de temporada com la mol\u00b7luscada de percebe, navalla, copinya fina i salsa d&#8217;herbes del litoral; l&#8217;anguila fumada amb tronxos de bleda i\u00a0<em>velout\u00e9\u00a0<\/em>ib\u00e8rica amb\u00a0<em>palo cortado<\/em>\u00a0o el xot de llet rostit a la graella amb alberg\u00ednia fumada i salsa d&#8217;herba-sana.<\/p>\n","protected":false},"excerpt":{"rendered":"<p>El seu xef, Pablo Laya, tamb\u00e9 cuinar\u00e0 amb V\u00edctor Garc\u00eda a l&#8217;hotel Cap Rocat<\/p>\n","protected":false},"author":1,"featured_media":89358,"comment_status":"open","ping_status":"closed","sticky":false,"template":"","format":"gallery","meta":{"_acf_changed":false,"_swt_meta_header_display":false,"_swt_meta_footer_display":false,"_swt_meta_site_title_display":false,"_swt_meta_sticky_header":false,"_swt_meta_transparent_header":false,"footnotes":""},"categories":[1003,1477],"tags":[],"coauthors":[2053],"class_list":["post-89350","post","type-post","status-publish","format-gallery","has-post-thumbnail","hentry","category-actualitat-es","category-reportatges-i-novetats-es","post_format-post-format-gallery"],"acf":{"gallery":null,"home_date":{"home_begin_date":null,"home_end_date":null}},"yoast_head":"<!-- This site is optimized with the Yoast SEO plugin v27.4 - https:\/\/yoast.com\/product\/yoast-seo-wordpress\/ -->\n<title>El restaurant Saddle desembarca a Mallorca - Gastron\u00f2micament<\/title>\n<meta name=\"description\" content=\"El restaurant Saddle desembarca a Mallorca Actualitat, Reportatges i novetats El seu xef, Pablo Laya, tamb\u00e9 cuinar\u00e0 amb V\u00edctor Garc\u00eda a l&#039;hotel Cap Rocat\" \/>\n<meta name=\"robots\" content=\"index, follow, max-snippet:-1, max-image-preview:large, max-video-preview:-1\" \/>\n<link rel=\"canonical\" href=\"https:\/\/gastronomicament.cat\/es\/el-restaurant-saddle-desembarca-a-mallorca\" \/>\n<meta property=\"og:locale\" content=\"es_ES\" \/>\n<meta property=\"og:type\" content=\"article\" \/>\n<meta property=\"og:title\" content=\"El restaurant Saddle desembarca a Mallorca - Gastron\u00f2micament\" \/>\n<meta property=\"og:description\" content=\"El restaurant Saddle desembarca a Mallorca Actualitat, Reportatges i novetats El seu xef, Pablo Laya, tamb\u00e9 cuinar\u00e0 amb V\u00edctor Garc\u00eda a l&#039;hotel Cap Rocat\" \/>\n<meta property=\"og:url\" content=\"https:\/\/gastronomicament.cat\/es\/el-restaurant-saddle-desembarca-a-mallorca\" \/>\n<meta property=\"og:site_name\" content=\"Gastron\u00f2micament\" \/>\n<meta property=\"article:published_time\" content=\"2024-06-27T07:45:26+00:00\" \/>\n<meta property=\"article:modified_time\" content=\"2024-10-17T09:01:46+00:00\" \/>\n<meta property=\"og:image\" content=\"https:\/\/gastronomicament.cat\/wp-content\/uploads\/2024\/06\/Cap-Rocat-hotel-scaled.jpg\" \/>\n\t<meta property=\"og:image:width\" content=\"2560\" \/>\n\t<meta property=\"og:image:height\" content=\"1707\" \/>\n\t<meta property=\"og:image:type\" content=\"image\/jpeg\" \/>\n<meta name=\"author\" content=\"Redacci\u00f3\" \/>\n<meta name=\"twitter:card\" content=\"summary_large_image\" \/>\n<meta name=\"twitter:creator\" content=\"@gastronomicamen\" \/>\n<meta name=\"twitter:site\" content=\"@gastronomicamen\" \/>\n<meta name=\"twitter:label1\" content=\"Escrito por\" \/>\n\t<meta name=\"twitter:data1\" content=\"Redacci\u00f3\" \/>\n\t<meta name=\"twitter:label2\" content=\"Tiempo de lectura\" \/>\n\t<meta name=\"twitter:data2\" content=\"3 minutos\" \/>\n\t<meta name=\"twitter:label3\" content=\"Written by\" \/>\n\t<meta name=\"twitter:data3\" content=\"Redacci\u00f3\" \/>\n<script type=\"application\/ld+json\" class=\"yoast-schema-graph\">{\"@context\":\"https:\\\/\\\/schema.org\",\"@graph\":[{\"@type\":\"Article\",\"@id\":\"https:\\\/\\\/gastronomicament.cat\\\/es\\\/el-restaurant-saddle-desembarca-a-mallorca#article\",\"isPartOf\":{\"@id\":\"https:\\\/\\\/gastronomicament.cat\\\/es\\\/el-restaurant-saddle-desembarca-a-mallorca\"},\"author\":{\"name\":\"Redacci\u00f3\",\"@id\":\"https:\\\/\\\/gastronomicament.cat\\\/es\\\/#\\\/schema\\\/person\\\/a7c85c537a1ed62799a5b8e0f686a37f\"},\"headline\":\"El restaurant Saddle desembarca a Mallorca\",\"datePublished\":\"2024-06-27T07:45:26+00:00\",\"dateModified\":\"2024-10-17T09:01:46+00:00\",\"mainEntityOfPage\":{\"@id\":\"https:\\\/\\\/gastronomicament.cat\\\/es\\\/el-restaurant-saddle-desembarca-a-mallorca\"},\"wordCount\":479,\"commentCount\":0,\"publisher\":{\"@id\":\"https:\\\/\\\/gastronomicament.cat\\\/es\\\/#organization\"},\"image\":{\"@id\":\"https:\\\/\\\/gastronomicament.cat\\\/es\\\/el-restaurant-saddle-desembarca-a-mallorca#primaryimage\"},\"thumbnailUrl\":\"https:\\\/\\\/gastronomicament.cat\\\/wp-content\\\/uploads\\\/2024\\\/06\\\/Cap-Rocat-hotel-scaled.jpg\",\"articleSection\":[\"Actualitat\",\"Reportatges i novetats\"],\"inLanguage\":\"es\",\"potentialAction\":[{\"@type\":\"CommentAction\",\"name\":\"Comment\",\"target\":[\"https:\\\/\\\/gastronomicament.cat\\\/es\\\/el-restaurant-saddle-desembarca-a-mallorca#respond\"]}]},{\"@type\":\"WebPage\",\"@id\":\"https:\\\/\\\/gastronomicament.cat\\\/es\\\/el-restaurant-saddle-desembarca-a-mallorca\",\"url\":\"https:\\\/\\\/gastronomicament.cat\\\/es\\\/el-restaurant-saddle-desembarca-a-mallorca\",\"name\":\"El restaurant Saddle desembarca a Mallorca - Gastron\u00f2micament\",\"isPartOf\":{\"@id\":\"https:\\\/\\\/gastronomicament.cat\\\/es\\\/#website\"},\"primaryImageOfPage\":{\"@id\":\"https:\\\/\\\/gastronomicament.cat\\\/es\\\/el-restaurant-saddle-desembarca-a-mallorca#primaryimage\"},\"image\":{\"@id\":\"https:\\\/\\\/gastronomicament.cat\\\/es\\\/el-restaurant-saddle-desembarca-a-mallorca#primaryimage\"},\"thumbnailUrl\":\"https:\\\/\\\/gastronomicament.cat\\\/wp-content\\\/uploads\\\/2024\\\/06\\\/Cap-Rocat-hotel-scaled.jpg\",\"datePublished\":\"2024-06-27T07:45:26+00:00\",\"dateModified\":\"2024-10-17T09:01:46+00:00\",\"description\":\"El restaurant Saddle desembarca a Mallorca Actualitat, Reportatges i novetats El seu xef, Pablo Laya, tamb\u00e9 cuinar\u00e0 amb V\u00edctor Garc\u00eda a l'hotel Cap Rocat\",\"inLanguage\":\"es\",\"potentialAction\":[{\"@type\":\"ReadAction\",\"target\":[\"https:\\\/\\\/gastronomicament.cat\\\/es\\\/el-restaurant-saddle-desembarca-a-mallorca\"]}]},{\"@type\":\"ImageObject\",\"inLanguage\":\"es\",\"@id\":\"https:\\\/\\\/gastronomicament.cat\\\/es\\\/el-restaurant-saddle-desembarca-a-mallorca#primaryimage\",\"url\":\"https:\\\/\\\/gastronomicament.cat\\\/wp-content\\\/uploads\\\/2024\\\/06\\\/Cap-Rocat-hotel-scaled.jpg\",\"contentUrl\":\"https:\\\/\\\/gastronomicament.cat\\\/wp-content\\\/uploads\\\/2024\\\/06\\\/Cap-Rocat-hotel-scaled.jpg\",\"width\":2560,\"height\":1707},{\"@type\":\"WebSite\",\"@id\":\"https:\\\/\\\/gastronomicament.cat\\\/es\\\/#website\",\"url\":\"https:\\\/\\\/gastronomicament.cat\\\/es\\\/\",\"name\":\"Gastron\u00f2micament\",\"description\":\"Portal de restaurants, receptes i actualitat gastron\u00f2mica\",\"publisher\":{\"@id\":\"https:\\\/\\\/gastronomicament.cat\\\/es\\\/#organization\"},\"potentialAction\":[{\"@type\":\"SearchAction\",\"target\":{\"@type\":\"EntryPoint\",\"urlTemplate\":\"https:\\\/\\\/gastronomicament.cat\\\/es\\\/?s={search_term_string}\"},\"query-input\":{\"@type\":\"PropertyValueSpecification\",\"valueRequired\":true,\"valueName\":\"search_term_string\"}}],\"inLanguage\":\"es\"},{\"@type\":\"Organization\",\"@id\":\"https:\\\/\\\/gastronomicament.cat\\\/es\\\/#organization\",\"name\":\"Gastron\u00f2micament\",\"url\":\"https:\\\/\\\/gastronomicament.cat\\\/es\\\/\",\"logo\":{\"@type\":\"ImageObject\",\"inLanguage\":\"es\",\"@id\":\"https:\\\/\\\/gastronomicament.cat\\\/es\\\/#\\\/schema\\\/logo\\\/image\\\/\",\"url\":\"https:\\\/\\\/gastronomicament.cat\\\/wp-content\\\/uploads\\\/2016\\\/09\\\/header-logo.jpg\",\"contentUrl\":\"https:\\\/\\\/gastronomicament.cat\\\/wp-content\\\/uploads\\\/2016\\\/09\\\/header-logo.jpg\",\"width\":277,\"height\":39,\"caption\":\"Gastron\u00f2micament\"},\"image\":{\"@id\":\"https:\\\/\\\/gastronomicament.cat\\\/es\\\/#\\\/schema\\\/logo\\\/image\\\/\"},\"sameAs\":[\"https:\\\/\\\/x.com\\\/gastronomicamen\"]},{\"@type\":\"Person\",\"@id\":\"https:\\\/\\\/gastronomicament.cat\\\/es\\\/#\\\/schema\\\/person\\\/a7c85c537a1ed62799a5b8e0f686a37f\",\"name\":\"Redacci\u00f3\",\"image\":{\"@type\":\"ImageObject\",\"inLanguage\":\"es\",\"@id\":\"https:\\\/\\\/secure.gravatar.com\\\/avatar\\\/9489a485c464fd611d33825daae651d13db70c4e74c65c94937a15a9d4c3ee14?s=96&d=mm&r=g69fea3cce3645dfa2166e7293e22955e\",\"url\":\"https:\\\/\\\/secure.gravatar.com\\\/avatar\\\/9489a485c464fd611d33825daae651d13db70c4e74c65c94937a15a9d4c3ee14?s=96&d=mm&r=g\",\"contentUrl\":\"https:\\\/\\\/secure.gravatar.com\\\/avatar\\\/9489a485c464fd611d33825daae651d13db70c4e74c65c94937a15a9d4c3ee14?s=96&d=mm&r=g\",\"caption\":\"Redacci\u00f3\"},\"sameAs\":[\"http:\\\/\\\/gastronomicament.cat\"],\"url\":\"https:\\\/\\\/gastronomicament.cat\\\/es\\\/author\\\/admin\"}]}<\/script>\n<!-- \/ Yoast SEO plugin. -->","yoast_head_json":{"title":"El restaurant Saddle desembarca a Mallorca - Gastron\u00f2micament","description":"El restaurant Saddle desembarca a Mallorca Actualitat, Reportatges i novetats El seu xef, Pablo Laya, tamb\u00e9 cuinar\u00e0 amb V\u00edctor Garc\u00eda a l'hotel Cap Rocat","robots":{"index":"index","follow":"follow","max-snippet":"max-snippet:-1","max-image-preview":"max-image-preview:large","max-video-preview":"max-video-preview:-1"},"canonical":"https:\/\/gastronomicament.cat\/es\/el-restaurant-saddle-desembarca-a-mallorca","og_locale":"es_ES","og_type":"article","og_title":"El restaurant Saddle desembarca a Mallorca - Gastron\u00f2micament","og_description":"El restaurant Saddle desembarca a Mallorca Actualitat, Reportatges i novetats El seu xef, Pablo Laya, tamb\u00e9 cuinar\u00e0 amb V\u00edctor Garc\u00eda a l'hotel Cap Rocat","og_url":"https:\/\/gastronomicament.cat\/es\/el-restaurant-saddle-desembarca-a-mallorca","og_site_name":"Gastron\u00f2micament","article_published_time":"2024-06-27T07:45:26+00:00","article_modified_time":"2024-10-17T09:01:46+00:00","og_image":[{"width":2560,"height":1707,"url":"https:\/\/gastronomicament.cat\/wp-content\/uploads\/2024\/06\/Cap-Rocat-hotel-scaled.jpg","type":"image\/jpeg"}],"author":"Redacci\u00f3","twitter_card":"summary_large_image","twitter_creator":"@gastronomicamen","twitter_site":"@gastronomicamen","twitter_misc":{"Escrito por":"Redacci\u00f3","Tiempo de lectura":"3 minutos","Written by":"Redacci\u00f3"},"schema":{"@context":"https:\/\/schema.org","@graph":[{"@type":"Article","@id":"https:\/\/gastronomicament.cat\/es\/el-restaurant-saddle-desembarca-a-mallorca#article","isPartOf":{"@id":"https:\/\/gastronomicament.cat\/es\/el-restaurant-saddle-desembarca-a-mallorca"},"author":{"name":"Redacci\u00f3","@id":"https:\/\/gastronomicament.cat\/es\/#\/schema\/person\/a7c85c537a1ed62799a5b8e0f686a37f"},"headline":"El restaurant Saddle desembarca a Mallorca","datePublished":"2024-06-27T07:45:26+00:00","dateModified":"2024-10-17T09:01:46+00:00","mainEntityOfPage":{"@id":"https:\/\/gastronomicament.cat\/es\/el-restaurant-saddle-desembarca-a-mallorca"},"wordCount":479,"commentCount":0,"publisher":{"@id":"https:\/\/gastronomicament.cat\/es\/#organization"},"image":{"@id":"https:\/\/gastronomicament.cat\/es\/el-restaurant-saddle-desembarca-a-mallorca#primaryimage"},"thumbnailUrl":"https:\/\/gastronomicament.cat\/wp-content\/uploads\/2024\/06\/Cap-Rocat-hotel-scaled.jpg","articleSection":["Actualitat","Reportatges i novetats"],"inLanguage":"es","potentialAction":[{"@type":"CommentAction","name":"Comment","target":["https:\/\/gastronomicament.cat\/es\/el-restaurant-saddle-desembarca-a-mallorca#respond"]}]},{"@type":"WebPage","@id":"https:\/\/gastronomicament.cat\/es\/el-restaurant-saddle-desembarca-a-mallorca","url":"https:\/\/gastronomicament.cat\/es\/el-restaurant-saddle-desembarca-a-mallorca","name":"El restaurant Saddle desembarca a Mallorca - Gastron\u00f2micament","isPartOf":{"@id":"https:\/\/gastronomicament.cat\/es\/#website"},"primaryImageOfPage":{"@id":"https:\/\/gastronomicament.cat\/es\/el-restaurant-saddle-desembarca-a-mallorca#primaryimage"},"image":{"@id":"https:\/\/gastronomicament.cat\/es\/el-restaurant-saddle-desembarca-a-mallorca#primaryimage"},"thumbnailUrl":"https:\/\/gastronomicament.cat\/wp-content\/uploads\/2024\/06\/Cap-Rocat-hotel-scaled.jpg","datePublished":"2024-06-27T07:45:26+00:00","dateModified":"2024-10-17T09:01:46+00:00","description":"El restaurant Saddle desembarca a Mallorca Actualitat, Reportatges i novetats El seu xef, Pablo Laya, tamb\u00e9 cuinar\u00e0 amb V\u00edctor Garc\u00eda a l'hotel Cap Rocat","inLanguage":"es","potentialAction":[{"@type":"ReadAction","target":["https:\/\/gastronomicament.cat\/es\/el-restaurant-saddle-desembarca-a-mallorca"]}]},{"@type":"ImageObject","inLanguage":"es","@id":"https:\/\/gastronomicament.cat\/es\/el-restaurant-saddle-desembarca-a-mallorca#primaryimage","url":"https:\/\/gastronomicament.cat\/wp-content\/uploads\/2024\/06\/Cap-Rocat-hotel-scaled.jpg","contentUrl":"https:\/\/gastronomicament.cat\/wp-content\/uploads\/2024\/06\/Cap-Rocat-hotel-scaled.jpg","width":2560,"height":1707},{"@type":"WebSite","@id":"https:\/\/gastronomicament.cat\/es\/#website","url":"https:\/\/gastronomicament.cat\/es\/","name":"Gastron\u00f2micament","description":"Portal de restaurants, receptes i actualitat gastron\u00f2mica","publisher":{"@id":"https:\/\/gastronomicament.cat\/es\/#organization"},"potentialAction":[{"@type":"SearchAction","target":{"@type":"EntryPoint","urlTemplate":"https:\/\/gastronomicament.cat\/es\/?s={search_term_string}"},"query-input":{"@type":"PropertyValueSpecification","valueRequired":true,"valueName":"search_term_string"}}],"inLanguage":"es"},{"@type":"Organization","@id":"https:\/\/gastronomicament.cat\/es\/#organization","name":"Gastron\u00f2micament","url":"https:\/\/gastronomicament.cat\/es\/","logo":{"@type":"ImageObject","inLanguage":"es","@id":"https:\/\/gastronomicament.cat\/es\/#\/schema\/logo\/image\/","url":"https:\/\/gastronomicament.cat\/wp-content\/uploads\/2016\/09\/header-logo.jpg","contentUrl":"https:\/\/gastronomicament.cat\/wp-content\/uploads\/2016\/09\/header-logo.jpg","width":277,"height":39,"caption":"Gastron\u00f2micament"},"image":{"@id":"https:\/\/gastronomicament.cat\/es\/#\/schema\/logo\/image\/"},"sameAs":["https:\/\/x.com\/gastronomicamen"]},{"@type":"Person","@id":"https:\/\/gastronomicament.cat\/es\/#\/schema\/person\/a7c85c537a1ed62799a5b8e0f686a37f","name":"Redacci\u00f3","image":{"@type":"ImageObject","inLanguage":"es","@id":"https:\/\/secure.gravatar.com\/avatar\/9489a485c464fd611d33825daae651d13db70c4e74c65c94937a15a9d4c3ee14?s=96&d=mm&r=g69fea3cce3645dfa2166e7293e22955e","url":"https:\/\/secure.gravatar.com\/avatar\/9489a485c464fd611d33825daae651d13db70c4e74c65c94937a15a9d4c3ee14?s=96&d=mm&r=g","contentUrl":"https:\/\/secure.gravatar.com\/avatar\/9489a485c464fd611d33825daae651d13db70c4e74c65c94937a15a9d4c3ee14?s=96&d=mm&r=g","caption":"Redacci\u00f3"},"sameAs":["http:\/\/gastronomicament.cat"],"url":"https:\/\/gastronomicament.cat\/es\/author\/admin"}]}},"_links":{"self":[{"href":"https:\/\/gastronomicament.cat\/es\/wp-json\/wp\/v2\/posts\/89350","targetHints":{"allow":["GET"]}}],"collection":[{"href":"https:\/\/gastronomicament.cat\/es\/wp-json\/wp\/v2\/posts"}],"about":[{"href":"https:\/\/gastronomicament.cat\/es\/wp-json\/wp\/v2\/types\/post"}],"author":[{"embeddable":true,"href":"https:\/\/gastronomicament.cat\/es\/wp-json\/wp\/v2\/users\/1"}],"replies":[{"embeddable":true,"href":"https:\/\/gastronomicament.cat\/es\/wp-json\/wp\/v2\/comments?post=89350"}],"version-history":[{"count":0,"href":"https:\/\/gastronomicament.cat\/es\/wp-json\/wp\/v2\/posts\/89350\/revisions"}],"wp:featuredmedia":[{"embeddable":true,"href":"https:\/\/gastronomicament.cat\/es\/wp-json\/wp\/v2\/media\/89358"}],"wp:attachment":[{"href":"https:\/\/gastronomicament.cat\/es\/wp-json\/wp\/v2\/media?parent=89350"}],"wp:term":[{"taxonomy":"category","embeddable":true,"href":"https:\/\/gastronomicament.cat\/es\/wp-json\/wp\/v2\/categories?post=89350"},{"taxonomy":"post_tag","embeddable":true,"href":"https:\/\/gastronomicament.cat\/es\/wp-json\/wp\/v2\/tags?post=89350"},{"taxonomy":"author","embeddable":true,"href":"https:\/\/gastronomicament.cat\/es\/wp-json\/wp\/v2\/coauthors?post=89350"}],"curies":[{"name":"wp","href":"https:\/\/api.w.org\/{rel}","templated":true}]}}