{"id":89392,"date":"2024-07-01T09:07:12","date_gmt":"2024-07-01T07:07:12","guid":{"rendered":"https:\/\/gastronomicament.cat\/la-tertulia-cafe-teatre-de-palma-abaixa-la-persiana"},"modified":"2024-07-01T12:08:01","modified_gmt":"2024-07-01T10:08:01","slug":"la-tertulia-cafe-teatre-de-palma-abaixa-la-persiana","status":"publish","type":"post","link":"https:\/\/gastronomicament.cat\/es\/la-tertulia-cafe-teatre-de-palma-abaixa-la-persiana","title":{"rendered":"La Tert\u00falia Caf\u00e8 Teatre de Palma abaixa la persiana"},"content":{"rendered":"<p>La ciutat de\u00a0<strong>Palma\u00a0<\/strong>perd un dels espais referents. No sols es tracta d&#8217;una cafeteria, sin\u00f3 de tot un centre c\u00edvic i social que ha estat un punt de trobada per a ve\u00efnats i ve\u00efnades\u00a0de la barriada de\u00a0<strong>Bons Aires<\/strong>.<\/p>\n<p>El dia de Sant Pere, el 29 de juny de 2024,\u00a0<strong>Marina Zuazaga, Pau Rodr\u00edguez i Rafel Serrano<\/strong>\u00a0han posat el punt final al seu projecte personal:\u00a0<a href=\"https:\/\/gastronomicament.cat\/es\/restaurant\/cafe-la-tertulia\" target=\"_blank\" rel=\"noopener\"><strong>La Tert\u00falia Caf\u00e8 Teatre<\/strong><\/a>. Han estat nou anys intensos perqu\u00e8 els seus llonguets, variats i coques han anat acompanyats de sessions de teatre, concerts, vespres d&#8217;humor, cants de sibil\u00b7la, recitals de poesia, llonguetades per fer cr\u00e9ixer l&#8217;Orgull Llonguet, clubs de lectura, xerrades amb amics inacabables, converses que han arreglat el m\u00f3n i molt\u00edssimes activitats m\u00e9s que han fet que aquest bar hagi estat\u00a0<strong>un referent<\/strong>.<\/p>\n<p>Tots tres, es varen acomiadar amb la mateixa alegria i bon rotllo que els ha caracteritzat, concretament amb una festa de gaireb\u00e9 12 hores, en la qual no hi faltaren els punxadiscos Burbaia i DJ Aparicio.<\/p>\n<p>Marina Zuazaga explica que parteixen molt satisfets, perqu\u00e8 \u00ab<strong>hem fet tot all\u00f2 que ens hem proposat, que era ser molt m\u00e9s que un bar, \u00e9s a dir, ser un punt de trobada i un referent cultural<\/strong>\u00ab.<\/p>\n<p><strong>Cuidar el caliu de la seva llar<br \/>\n<\/strong>Aix\u00ed com hi ha restaurants de cuina d&#8217;autor, amb una cuinera o amb un cuiner amb el seu nom a qui els comensals volen saludar; a La Tert\u00falia la gent tamb\u00e9 demanava per ells, especialment per na Marina i en Pau, que hi eren cada dia.<\/p>\n<p>Ara b\u00e9, darrerament, la seva pres\u00e8ncia no era tan regular: \u00abel motiu \u00e9s que fa dos anys, en Pau i jo f\u00f3rem pares d&#8217;una nina -comenta Zuazaga. Com que La Tert\u00falia obre el vespre, per cuidar-la no hi pod\u00edem ser tots dos i un havia de quedar a casa amb ella. Ara hem canviat les prioritats, ja que volem gaudir del temps tots tres plegats. Tot i aix\u00f2, estam molt satisfets de la feina feta per la resta de personal, per\u00f2 ara volem tancar una etapa per estar plegats amb la nostra filla i potenciar el caliu de la nostra llar\u00bb.<\/p>\n<p><strong>I el futur?<\/strong> Tots dos apunten que all\u00f2 m\u00e9s gran que els ha passat a la vida despr\u00e9s de la seva filla, \u00e9s La Tert\u00falia. Sobre qu\u00e8 faran ara? Tots dos fa anys que compatibilitzaven\u00a0la feina de restauradors amb altres treballs. Pel que fa al local, es posar\u00e0 en trasp\u00e0s per si alg\u00fa\u00a0vol continuar la tasca iniciada fa gaireb\u00e9 una d\u00e8cada.<\/p>\n<pre style=\"background: white;\"><span style=\"font-family: 'Arial','sans-serif'; color: #222222;\">Imatges: Tarek Serraj<\/span><\/pre>\n","protected":false},"excerpt":{"rendered":"<p>Durant 9 anys ha estat un dels referents culturals i socials del barri de Blanquerna<\/p>\n","protected":false},"author":1,"featured_media":89404,"comment_status":"open","ping_status":"closed","sticky":false,"template":"","format":"gallery","meta":{"_acf_changed":false,"_swt_meta_header_display":false,"_swt_meta_footer_display":false,"_swt_meta_site_title_display":false,"_swt_meta_sticky_header":false,"_swt_meta_transparent_header":false,"footnotes":""},"categories":[1003,1477],"tags":[],"coauthors":[2053],"class_list":["post-89392","post","type-post","status-publish","format-gallery","has-post-thumbnail","hentry","category-actualitat-es","category-reportatges-i-novetats-es","post_format-post-format-gallery"],"acf":{"gallery":null,"home_date":{"home_begin_date":null,"home_end_date":null}},"yoast_head":"<!-- This site is optimized with the Yoast SEO plugin v27.4 - https:\/\/yoast.com\/product\/yoast-seo-wordpress\/ -->\n<title>La Tert\u00falia Caf\u00e8 Teatre de Palma abaixa la persiana - Gastron\u00f2micament<\/title>\n<meta name=\"description\" content=\"La Tert\u00falia Caf\u00e8 Teatre de Palma abaixa la persiana Actualitat, Reportatges i novetats Durant 9 anys ha estat un dels referents culturals i socials del barri de Blanquerna\" \/>\n<meta name=\"robots\" content=\"index, follow, max-snippet:-1, max-image-preview:large, max-video-preview:-1\" \/>\n<link rel=\"canonical\" href=\"https:\/\/gastronomicament.cat\/es\/la-tertulia-cafe-teatre-de-palma-abaixa-la-persiana\" \/>\n<meta property=\"og:locale\" content=\"es_ES\" \/>\n<meta property=\"og:type\" content=\"article\" \/>\n<meta property=\"og:title\" content=\"La Tert\u00falia Caf\u00e8 Teatre de Palma abaixa la persiana - Gastron\u00f2micament\" \/>\n<meta property=\"og:description\" content=\"La Tert\u00falia Caf\u00e8 Teatre de Palma abaixa la persiana Actualitat, Reportatges i novetats Durant 9 anys ha estat un dels referents culturals i socials del barri de Blanquerna\" \/>\n<meta property=\"og:url\" content=\"https:\/\/gastronomicament.cat\/es\/la-tertulia-cafe-teatre-de-palma-abaixa-la-persiana\" \/>\n<meta property=\"og:site_name\" content=\"Gastron\u00f2micament\" \/>\n<meta property=\"article:published_time\" content=\"2024-07-01T07:07:12+00:00\" \/>\n<meta property=\"article:modified_time\" content=\"2024-07-01T10:08:01+00:00\" \/>\n<meta property=\"og:image\" content=\"https:\/\/gastronomicament.cat\/wp-content\/uploads\/2024\/07\/La-Tertulia-Palma-Cafe-Teatre-Blanquerna.jpg\" \/>\n\t<meta property=\"og:image:width\" content=\"2115\" \/>\n\t<meta property=\"og:image:height\" content=\"1090\" \/>\n\t<meta property=\"og:image:type\" content=\"image\/jpeg\" \/>\n<meta name=\"author\" content=\"Redacci\u00f3\" \/>\n<meta name=\"twitter:card\" content=\"summary_large_image\" \/>\n<meta name=\"twitter:creator\" content=\"@gastronomicamen\" \/>\n<meta name=\"twitter:site\" content=\"@gastronomicamen\" \/>\n<meta name=\"twitter:label1\" content=\"Escrito por\" \/>\n\t<meta name=\"twitter:data1\" content=\"Redacci\u00f3\" \/>\n\t<meta name=\"twitter:label2\" content=\"Tiempo de lectura\" \/>\n\t<meta name=\"twitter:data2\" content=\"3 minutos\" \/>\n\t<meta name=\"twitter:label3\" content=\"Written by\" \/>\n\t<meta name=\"twitter:data3\" content=\"Redacci\u00f3\" \/>\n<script type=\"application\/ld+json\" class=\"yoast-schema-graph\">{\"@context\":\"https:\\\/\\\/schema.org\",\"@graph\":[{\"@type\":\"Article\",\"@id\":\"https:\\\/\\\/gastronomicament.cat\\\/es\\\/la-tertulia-cafe-teatre-de-palma-abaixa-la-persiana#article\",\"isPartOf\":{\"@id\":\"https:\\\/\\\/gastronomicament.cat\\\/es\\\/la-tertulia-cafe-teatre-de-palma-abaixa-la-persiana\"},\"author\":{\"name\":\"Redacci\u00f3\",\"@id\":\"https:\\\/\\\/gastronomicament.cat\\\/es\\\/#\\\/schema\\\/person\\\/a7c85c537a1ed62799a5b8e0f686a37f\"},\"headline\":\"La Tert\u00falia Caf\u00e8 Teatre de Palma abaixa la persiana\",\"datePublished\":\"2024-07-01T07:07:12+00:00\",\"dateModified\":\"2024-07-01T10:08:01+00:00\",\"mainEntityOfPage\":{\"@id\":\"https:\\\/\\\/gastronomicament.cat\\\/es\\\/la-tertulia-cafe-teatre-de-palma-abaixa-la-persiana\"},\"wordCount\":450,\"commentCount\":0,\"publisher\":{\"@id\":\"https:\\\/\\\/gastronomicament.cat\\\/es\\\/#organization\"},\"image\":{\"@id\":\"https:\\\/\\\/gastronomicament.cat\\\/es\\\/la-tertulia-cafe-teatre-de-palma-abaixa-la-persiana#primaryimage\"},\"thumbnailUrl\":\"https:\\\/\\\/gastronomicament.cat\\\/wp-content\\\/uploads\\\/2024\\\/07\\\/La-Tertulia-Palma-Cafe-Teatre-Blanquerna.jpg\",\"articleSection\":[\"Actualitat\",\"Reportatges i novetats\"],\"inLanguage\":\"es\",\"potentialAction\":[{\"@type\":\"CommentAction\",\"name\":\"Comment\",\"target\":[\"https:\\\/\\\/gastronomicament.cat\\\/es\\\/la-tertulia-cafe-teatre-de-palma-abaixa-la-persiana#respond\"]}]},{\"@type\":\"WebPage\",\"@id\":\"https:\\\/\\\/gastronomicament.cat\\\/es\\\/la-tertulia-cafe-teatre-de-palma-abaixa-la-persiana\",\"url\":\"https:\\\/\\\/gastronomicament.cat\\\/es\\\/la-tertulia-cafe-teatre-de-palma-abaixa-la-persiana\",\"name\":\"La Tert\u00falia Caf\u00e8 Teatre de Palma abaixa la persiana - Gastron\u00f2micament\",\"isPartOf\":{\"@id\":\"https:\\\/\\\/gastronomicament.cat\\\/es\\\/#website\"},\"primaryImageOfPage\":{\"@id\":\"https:\\\/\\\/gastronomicament.cat\\\/es\\\/la-tertulia-cafe-teatre-de-palma-abaixa-la-persiana#primaryimage\"},\"image\":{\"@id\":\"https:\\\/\\\/gastronomicament.cat\\\/es\\\/la-tertulia-cafe-teatre-de-palma-abaixa-la-persiana#primaryimage\"},\"thumbnailUrl\":\"https:\\\/\\\/gastronomicament.cat\\\/wp-content\\\/uploads\\\/2024\\\/07\\\/La-Tertulia-Palma-Cafe-Teatre-Blanquerna.jpg\",\"datePublished\":\"2024-07-01T07:07:12+00:00\",\"dateModified\":\"2024-07-01T10:08:01+00:00\",\"description\":\"La Tert\u00falia Caf\u00e8 Teatre de Palma abaixa la persiana Actualitat, Reportatges i novetats Durant 9 anys ha estat un dels referents culturals i socials del barri de Blanquerna\",\"inLanguage\":\"es\",\"potentialAction\":[{\"@type\":\"ReadAction\",\"target\":[\"https:\\\/\\\/gastronomicament.cat\\\/es\\\/la-tertulia-cafe-teatre-de-palma-abaixa-la-persiana\"]}]},{\"@type\":\"ImageObject\",\"inLanguage\":\"es\",\"@id\":\"https:\\\/\\\/gastronomicament.cat\\\/es\\\/la-tertulia-cafe-teatre-de-palma-abaixa-la-persiana#primaryimage\",\"url\":\"https:\\\/\\\/gastronomicament.cat\\\/wp-content\\\/uploads\\\/2024\\\/07\\\/La-Tertulia-Palma-Cafe-Teatre-Blanquerna.jpg\",\"contentUrl\":\"https:\\\/\\\/gastronomicament.cat\\\/wp-content\\\/uploads\\\/2024\\\/07\\\/La-Tertulia-Palma-Cafe-Teatre-Blanquerna.jpg\",\"width\":2115,\"height\":1090},{\"@type\":\"WebSite\",\"@id\":\"https:\\\/\\\/gastronomicament.cat\\\/es\\\/#website\",\"url\":\"https:\\\/\\\/gastronomicament.cat\\\/es\\\/\",\"name\":\"Gastron\u00f2micament\",\"description\":\"Portal de restaurants, receptes i actualitat gastron\u00f2mica\",\"publisher\":{\"@id\":\"https:\\\/\\\/gastronomicament.cat\\\/es\\\/#organization\"},\"potentialAction\":[{\"@type\":\"SearchAction\",\"target\":{\"@type\":\"EntryPoint\",\"urlTemplate\":\"https:\\\/\\\/gastronomicament.cat\\\/es\\\/?s={search_term_string}\"},\"query-input\":{\"@type\":\"PropertyValueSpecification\",\"valueRequired\":true,\"valueName\":\"search_term_string\"}}],\"inLanguage\":\"es\"},{\"@type\":\"Organization\",\"@id\":\"https:\\\/\\\/gastronomicament.cat\\\/es\\\/#organization\",\"name\":\"Gastron\u00f2micament\",\"url\":\"https:\\\/\\\/gastronomicament.cat\\\/es\\\/\",\"logo\":{\"@type\":\"ImageObject\",\"inLanguage\":\"es\",\"@id\":\"https:\\\/\\\/gastronomicament.cat\\\/es\\\/#\\\/schema\\\/logo\\\/image\\\/\",\"url\":\"https:\\\/\\\/gastronomicament.cat\\\/wp-content\\\/uploads\\\/2016\\\/09\\\/header-logo.jpg\",\"contentUrl\":\"https:\\\/\\\/gastronomicament.cat\\\/wp-content\\\/uploads\\\/2016\\\/09\\\/header-logo.jpg\",\"width\":277,\"height\":39,\"caption\":\"Gastron\u00f2micament\"},\"image\":{\"@id\":\"https:\\\/\\\/gastronomicament.cat\\\/es\\\/#\\\/schema\\\/logo\\\/image\\\/\"},\"sameAs\":[\"https:\\\/\\\/x.com\\\/gastronomicamen\"]},{\"@type\":\"Person\",\"@id\":\"https:\\\/\\\/gastronomicament.cat\\\/es\\\/#\\\/schema\\\/person\\\/a7c85c537a1ed62799a5b8e0f686a37f\",\"name\":\"Redacci\u00f3\",\"image\":{\"@type\":\"ImageObject\",\"inLanguage\":\"es\",\"@id\":\"https:\\\/\\\/secure.gravatar.com\\\/avatar\\\/9489a485c464fd611d33825daae651d13db70c4e74c65c94937a15a9d4c3ee14?s=96&d=mm&r=g69fea3cce3645dfa2166e7293e22955e\",\"url\":\"https:\\\/\\\/secure.gravatar.com\\\/avatar\\\/9489a485c464fd611d33825daae651d13db70c4e74c65c94937a15a9d4c3ee14?s=96&d=mm&r=g\",\"contentUrl\":\"https:\\\/\\\/secure.gravatar.com\\\/avatar\\\/9489a485c464fd611d33825daae651d13db70c4e74c65c94937a15a9d4c3ee14?s=96&d=mm&r=g\",\"caption\":\"Redacci\u00f3\"},\"sameAs\":[\"http:\\\/\\\/gastronomicament.cat\"],\"url\":\"https:\\\/\\\/gastronomicament.cat\\\/es\\\/author\\\/admin\"}]}<\/script>\n<!-- \/ Yoast SEO plugin. -->","yoast_head_json":{"title":"La Tert\u00falia Caf\u00e8 Teatre de Palma abaixa la persiana - Gastron\u00f2micament","description":"La Tert\u00falia Caf\u00e8 Teatre de Palma abaixa la persiana Actualitat, Reportatges i novetats Durant 9 anys ha estat un dels referents culturals i socials del barri de Blanquerna","robots":{"index":"index","follow":"follow","max-snippet":"max-snippet:-1","max-image-preview":"max-image-preview:large","max-video-preview":"max-video-preview:-1"},"canonical":"https:\/\/gastronomicament.cat\/es\/la-tertulia-cafe-teatre-de-palma-abaixa-la-persiana","og_locale":"es_ES","og_type":"article","og_title":"La Tert\u00falia Caf\u00e8 Teatre de Palma abaixa la persiana - Gastron\u00f2micament","og_description":"La Tert\u00falia Caf\u00e8 Teatre de Palma abaixa la persiana Actualitat, Reportatges i novetats Durant 9 anys ha estat un dels referents culturals i socials del barri de Blanquerna","og_url":"https:\/\/gastronomicament.cat\/es\/la-tertulia-cafe-teatre-de-palma-abaixa-la-persiana","og_site_name":"Gastron\u00f2micament","article_published_time":"2024-07-01T07:07:12+00:00","article_modified_time":"2024-07-01T10:08:01+00:00","og_image":[{"width":2115,"height":1090,"url":"https:\/\/gastronomicament.cat\/wp-content\/uploads\/2024\/07\/La-Tertulia-Palma-Cafe-Teatre-Blanquerna.jpg","type":"image\/jpeg"}],"author":"Redacci\u00f3","twitter_card":"summary_large_image","twitter_creator":"@gastronomicamen","twitter_site":"@gastronomicamen","twitter_misc":{"Escrito por":"Redacci\u00f3","Tiempo de lectura":"3 minutos","Written by":"Redacci\u00f3"},"schema":{"@context":"https:\/\/schema.org","@graph":[{"@type":"Article","@id":"https:\/\/gastronomicament.cat\/es\/la-tertulia-cafe-teatre-de-palma-abaixa-la-persiana#article","isPartOf":{"@id":"https:\/\/gastronomicament.cat\/es\/la-tertulia-cafe-teatre-de-palma-abaixa-la-persiana"},"author":{"name":"Redacci\u00f3","@id":"https:\/\/gastronomicament.cat\/es\/#\/schema\/person\/a7c85c537a1ed62799a5b8e0f686a37f"},"headline":"La Tert\u00falia Caf\u00e8 Teatre de Palma abaixa la persiana","datePublished":"2024-07-01T07:07:12+00:00","dateModified":"2024-07-01T10:08:01+00:00","mainEntityOfPage":{"@id":"https:\/\/gastronomicament.cat\/es\/la-tertulia-cafe-teatre-de-palma-abaixa-la-persiana"},"wordCount":450,"commentCount":0,"publisher":{"@id":"https:\/\/gastronomicament.cat\/es\/#organization"},"image":{"@id":"https:\/\/gastronomicament.cat\/es\/la-tertulia-cafe-teatre-de-palma-abaixa-la-persiana#primaryimage"},"thumbnailUrl":"https:\/\/gastronomicament.cat\/wp-content\/uploads\/2024\/07\/La-Tertulia-Palma-Cafe-Teatre-Blanquerna.jpg","articleSection":["Actualitat","Reportatges i novetats"],"inLanguage":"es","potentialAction":[{"@type":"CommentAction","name":"Comment","target":["https:\/\/gastronomicament.cat\/es\/la-tertulia-cafe-teatre-de-palma-abaixa-la-persiana#respond"]}]},{"@type":"WebPage","@id":"https:\/\/gastronomicament.cat\/es\/la-tertulia-cafe-teatre-de-palma-abaixa-la-persiana","url":"https:\/\/gastronomicament.cat\/es\/la-tertulia-cafe-teatre-de-palma-abaixa-la-persiana","name":"La Tert\u00falia Caf\u00e8 Teatre de Palma abaixa la persiana - Gastron\u00f2micament","isPartOf":{"@id":"https:\/\/gastronomicament.cat\/es\/#website"},"primaryImageOfPage":{"@id":"https:\/\/gastronomicament.cat\/es\/la-tertulia-cafe-teatre-de-palma-abaixa-la-persiana#primaryimage"},"image":{"@id":"https:\/\/gastronomicament.cat\/es\/la-tertulia-cafe-teatre-de-palma-abaixa-la-persiana#primaryimage"},"thumbnailUrl":"https:\/\/gastronomicament.cat\/wp-content\/uploads\/2024\/07\/La-Tertulia-Palma-Cafe-Teatre-Blanquerna.jpg","datePublished":"2024-07-01T07:07:12+00:00","dateModified":"2024-07-01T10:08:01+00:00","description":"La Tert\u00falia Caf\u00e8 Teatre de Palma abaixa la persiana Actualitat, Reportatges i novetats Durant 9 anys ha estat un dels referents culturals i socials del barri de Blanquerna","inLanguage":"es","potentialAction":[{"@type":"ReadAction","target":["https:\/\/gastronomicament.cat\/es\/la-tertulia-cafe-teatre-de-palma-abaixa-la-persiana"]}]},{"@type":"ImageObject","inLanguage":"es","@id":"https:\/\/gastronomicament.cat\/es\/la-tertulia-cafe-teatre-de-palma-abaixa-la-persiana#primaryimage","url":"https:\/\/gastronomicament.cat\/wp-content\/uploads\/2024\/07\/La-Tertulia-Palma-Cafe-Teatre-Blanquerna.jpg","contentUrl":"https:\/\/gastronomicament.cat\/wp-content\/uploads\/2024\/07\/La-Tertulia-Palma-Cafe-Teatre-Blanquerna.jpg","width":2115,"height":1090},{"@type":"WebSite","@id":"https:\/\/gastronomicament.cat\/es\/#website","url":"https:\/\/gastronomicament.cat\/es\/","name":"Gastron\u00f2micament","description":"Portal de restaurants, receptes i actualitat gastron\u00f2mica","publisher":{"@id":"https:\/\/gastronomicament.cat\/es\/#organization"},"potentialAction":[{"@type":"SearchAction","target":{"@type":"EntryPoint","urlTemplate":"https:\/\/gastronomicament.cat\/es\/?s={search_term_string}"},"query-input":{"@type":"PropertyValueSpecification","valueRequired":true,"valueName":"search_term_string"}}],"inLanguage":"es"},{"@type":"Organization","@id":"https:\/\/gastronomicament.cat\/es\/#organization","name":"Gastron\u00f2micament","url":"https:\/\/gastronomicament.cat\/es\/","logo":{"@type":"ImageObject","inLanguage":"es","@id":"https:\/\/gastronomicament.cat\/es\/#\/schema\/logo\/image\/","url":"https:\/\/gastronomicament.cat\/wp-content\/uploads\/2016\/09\/header-logo.jpg","contentUrl":"https:\/\/gastronomicament.cat\/wp-content\/uploads\/2016\/09\/header-logo.jpg","width":277,"height":39,"caption":"Gastron\u00f2micament"},"image":{"@id":"https:\/\/gastronomicament.cat\/es\/#\/schema\/logo\/image\/"},"sameAs":["https:\/\/x.com\/gastronomicamen"]},{"@type":"Person","@id":"https:\/\/gastronomicament.cat\/es\/#\/schema\/person\/a7c85c537a1ed62799a5b8e0f686a37f","name":"Redacci\u00f3","image":{"@type":"ImageObject","inLanguage":"es","@id":"https:\/\/secure.gravatar.com\/avatar\/9489a485c464fd611d33825daae651d13db70c4e74c65c94937a15a9d4c3ee14?s=96&d=mm&r=g69fea3cce3645dfa2166e7293e22955e","url":"https:\/\/secure.gravatar.com\/avatar\/9489a485c464fd611d33825daae651d13db70c4e74c65c94937a15a9d4c3ee14?s=96&d=mm&r=g","contentUrl":"https:\/\/secure.gravatar.com\/avatar\/9489a485c464fd611d33825daae651d13db70c4e74c65c94937a15a9d4c3ee14?s=96&d=mm&r=g","caption":"Redacci\u00f3"},"sameAs":["http:\/\/gastronomicament.cat"],"url":"https:\/\/gastronomicament.cat\/es\/author\/admin"}]}},"_links":{"self":[{"href":"https:\/\/gastronomicament.cat\/es\/wp-json\/wp\/v2\/posts\/89392","targetHints":{"allow":["GET"]}}],"collection":[{"href":"https:\/\/gastronomicament.cat\/es\/wp-json\/wp\/v2\/posts"}],"about":[{"href":"https:\/\/gastronomicament.cat\/es\/wp-json\/wp\/v2\/types\/post"}],"author":[{"embeddable":true,"href":"https:\/\/gastronomicament.cat\/es\/wp-json\/wp\/v2\/users\/1"}],"replies":[{"embeddable":true,"href":"https:\/\/gastronomicament.cat\/es\/wp-json\/wp\/v2\/comments?post=89392"}],"version-history":[{"count":0,"href":"https:\/\/gastronomicament.cat\/es\/wp-json\/wp\/v2\/posts\/89392\/revisions"}],"wp:featuredmedia":[{"embeddable":true,"href":"https:\/\/gastronomicament.cat\/es\/wp-json\/wp\/v2\/media\/89404"}],"wp:attachment":[{"href":"https:\/\/gastronomicament.cat\/es\/wp-json\/wp\/v2\/media?parent=89392"}],"wp:term":[{"taxonomy":"category","embeddable":true,"href":"https:\/\/gastronomicament.cat\/es\/wp-json\/wp\/v2\/categories?post=89392"},{"taxonomy":"post_tag","embeddable":true,"href":"https:\/\/gastronomicament.cat\/es\/wp-json\/wp\/v2\/tags?post=89392"},{"taxonomy":"author","embeddable":true,"href":"https:\/\/gastronomicament.cat\/es\/wp-json\/wp\/v2\/coauthors?post=89392"}],"curies":[{"name":"wp","href":"https:\/\/api.w.org\/{rel}","templated":true}]}}