{"id":92449,"date":"2024-11-21T09:45:17","date_gmt":"2024-11-21T08:45:17","guid":{"rendered":"https:\/\/gastronomicament.cat\/sebastia-ordines-la-gent-espera-amb-delit-la-festa-del-vi-novell-de-santa-maria-del-cami"},"modified":"2024-11-21T09:52:55","modified_gmt":"2024-11-21T08:52:55","slug":"sebastia-ordines-la-gent-espera-amb-delit-la-festa-del-vi-novell-de-santa-maria-del-cami","status":"publish","type":"post","link":"https:\/\/gastronomicament.cat\/es\/sebastia-ordines-la-gent-espera-amb-delit-la-festa-del-vi-novell-de-santa-maria-del-cami","title":{"rendered":"Sebasti\u00e0 Ordines: \u00abLa gent espera amb delit la Festa del Vi Novell de Santa Maria del Cam\u00ed\u00bb"},"content":{"rendered":"<p>Les branques de pi penjades a les fa\u00e7anes indiquen on es ven vi. A Mallorca, un dels pobles amb m\u00e9s tradici\u00f3 vin\u00edcola \u00e9s Santa Maria del Cam\u00ed, que el proper 30 de novembre celebra la Festa del Vi Novell, amb centenars de persones que gaudeixen de vi, m\u00fasica i molt bon ambient.<\/p>\n<p><strong>Per qu\u00e8 \u00e9s tan exitosa?<br \/>\n<\/strong>La gent espera amb delit la Festa del Vi Novell perqu\u00e8 \u00e9s on s&#8217;enceta i es tasta per primera vegada el vi de l&#8217;any elaborat a tot Mallorca. A m\u00e9s, \u00e9s la\u00a0<strong>primera festa que, per primera vegada a l&#8217;illa,\u00a0va combinar\u00a0m\u00fasica, festa i vi<\/strong>.<\/p>\n<p><strong>Quan tendr\u00e0\u00a0lloc?<br \/>\n<\/strong>El dissabte 30 de novembre a vespre, a la Pla\u00e7a Nova. No solament es podr\u00e0 tastar el vi, tamb\u00e9 hi haur\u00e0 m\u00fasica amb\u00a0<strong>Bernat Fiol\u00a0<\/strong>i\u00a0<strong>Joan Garau<\/strong>, el\u00a0<strong>Grup Albor\u00a0<\/strong>i\u00a0<strong>Xanguito<\/strong>, unes actuacions que s&#8217;acompanyaran de la bona cuina del poble, at\u00e8s que els restaurants oferiran plats especials. Sens dubte \u00e9s una \u00e9s una injecci\u00f3 econ\u00f2mica per als bars i cafeteries de Santa Maria del Cam\u00ed.<\/p>\n<p><strong>Els sus\u00a0de la festa \u00e9s dia 23 de novembre.<br \/>\n<\/strong>Aix\u00ed \u00e9s. La festa ha crescut any rere any i cada vegada hi trobam m\u00e9s actes. El programa d&#8217;actes comen\u00e7a el\u00a0<strong>dissabte 23 de novembre<\/strong>, quan els cellers anam a cercar brots de pi del pinar de Son Lla\u00fct, els quals penjam als carrers principal i a la fa\u00e7ana de l&#8217;Ajuntament per anunciar que d&#8217;aqu\u00ed a una setmana el vi novell ja ser\u00e0 aqu\u00ed. Despr\u00e9s de<strong>\u00a0penjar els brots de pi<\/strong>, hi haur\u00e0 una<strong>\u00a0festa infantil amb jocs relacionats amb el m\u00f3n de la vinya i el vi<\/strong>, en la qual s&#8217;han implicat associacions de pares i mares, agrupacions d&#8217;escoltes i clubs d&#8217;esplai.<\/p>\n<p><strong>Quines altres activitats hi ha previstes?<br \/>\n<\/strong>S&#8217;ha organitzat activitats fins dia 2 de desembre. Hi haur\u00e0\u00a0<strong>demostracions\u00a0<\/strong>de\u00a0<strong>cuina\u00a0<\/strong>en directe,\u00a0<strong>tasts\u00a0<\/strong>de vins,\u00a0<strong>visites\u00a0<\/strong>a\u00a0<strong>cellers<\/strong>,\u00a0<strong>microteatre<\/strong>,\u00a0<strong>mercat\u00a0<\/strong>d&#8217;<strong>artesania<\/strong>, a m\u00e9s del\u00a0<strong>dinar\u00a0<\/strong>de\u00a0<strong>burballes\u00a0<\/strong>i dels\u00a0<strong>premis Brot de Pi<\/strong>, que enguany rebran la vinatera i exregidora Marilena Borr\u00e0s Coll, l&#8217;editor Miquel \u00c0ngel Adrover Vidal i el Restaurant Mol\u00ed des Torrent.<\/p>\n<p><strong>Per qu\u00e8 \u00e9s tan bo el vi que es fa a Santa Maria del Cam\u00ed?<br \/>\n<\/strong>Tenim una\u00a0<strong>terra extraordin\u00e0ria per al cultiu de la vinya<\/strong>\u00a0i fer un bon ra\u00efm. Cal tenir en compte que sense un bon ra\u00efm no podem fer un bon vi. El bon ra\u00efm nom\u00e9s d&#8217;aconsegueix\u00a0de dues maneres. D&#8217;una banda, amb\u00a0<strong>bona terra<\/strong>\u00a0i, d&#8217;altra banda, amb\u00a0<strong>bons pagesos<\/strong>\u00a0que cultivin\u00a0aquestes vinyes. A Santa Maria tenim totes dues coses i, si dins el celler no espenyam la feina que s&#8217;ha fet a foravila,\u00a0<strong>sempre farem un vi excel\u00b7lent<\/strong>.<\/p>\n<p><strong>\u00c9s una iniciativa dels cellers que t\u00e9 el suport de l&#8217;Ajuntament.<br \/>\n<\/strong>Aix\u00ed \u00e9s. \u00c9s un entesa dels set cellers santamariers en benefici d&#8217;un b\u00e9 com\u00fa que \u00e9s\u00a0el vi novell que, al cap i a la fi, un aliment que ens identifica com a poble. Basta mirar que les plaques dels noms dels carrers estan il\u00b7lustrats amb ra\u00efm\u00a0 i a cada banda de cada portal de l&#8217;esgl\u00e9sia de Santa Maria hi tamb\u00e9 hi trobam\u00a0un ra\u00efm.<\/p>\n<p><strong>Voleu fer una convidada?<br \/>\n<\/strong>Veniu! Hi passareu una\u00a0<strong>estona divertida, desenfrenada, amb bona m\u00fasica i bon vi<\/strong>, hi heu de venir a Santa Maria. A m\u00e9s, donareu suport al producte local. Pensau que la millor manera d&#8217;ajudar els pagesos i els vinaters del poble \u00e9s consumint els seus productes. D&#8217;aquesta manera, Santa Maria del Cam\u00ed continuar\u00e0 essent com \u00e9s i\u00a0mantendr\u00e0\u00a0la seva idiosincr\u00e0sia i els costums que la caracteritzen com a poble agr\u00edcola.<\/p>\n<p>Consultau el\u00a0<a href=\"https:\/\/gastronomicament.cat\/wp-content\/uploads\/2024\/11\/Programa-Vi-Novell-2024-1_241114_080011.pdf\" target=\"_blank\" rel=\"noopener\"><strong>programa de la Festa del Vi Novell de Santa Maria del Cam\u00ed 2024 aqu\u00ed<\/strong>.<\/a><\/p>\n","protected":false},"excerpt":{"rendered":"<p>Cuina en directe, tasts de vins, visites a cellers i microteatre s\u00f3n alguns dels actes que&hellip;<\/p>\n","protected":false},"author":1,"featured_media":92445,"comment_status":"open","ping_status":"closed","sticky":false,"template":"","format":"gallery","meta":{"_acf_changed":false,"_swt_meta_header_display":false,"_swt_meta_footer_display":false,"_swt_meta_site_title_display":false,"_swt_meta_sticky_header":false,"_swt_meta_transparent_header":false,"footnotes":""},"categories":[1003,1477],"tags":[],"coauthors":[2053],"class_list":["post-92449","post","type-post","status-publish","format-gallery","has-post-thumbnail","hentry","category-actualitat-es","category-reportatges-i-novetats-es","post_format-post-format-gallery"],"acf":{"gallery":null,"home_date":{"home_begin_date":null,"home_end_date":null}},"yoast_head":"<!-- This site is optimized with the Yoast SEO plugin v27.4 - https:\/\/yoast.com\/product\/yoast-seo-wordpress\/ -->\n<title>Sebasti\u00e0 Ordines: &quot;La gent espera amb delit la Festa del Vi Novell de Santa Maria del Cam\u00ed&quot; - Gastron\u00f2micament<\/title>\n<meta name=\"description\" content=\"Sebasti\u00e0 Ordines: &quot;La gent espera amb delit la Festa del Vi Novell de Santa Maria del Cam\u00ed&quot; Actualitat, Reportatges i novetats Cuina en directe, tasts de vins, visites a cellers i microteatre s\u00f3n alguns dels actes que conformen el programa d&#039;activitats organitzades fins dia 2 de desembre\" \/>\n<meta name=\"robots\" content=\"index, follow, max-snippet:-1, max-image-preview:large, max-video-preview:-1\" \/>\n<link rel=\"canonical\" href=\"https:\/\/gastronomicament.cat\/es\/sebastia-ordines-la-gent-espera-amb-delit-la-festa-del-vi-novell-de-santa-maria-del-cami\" \/>\n<meta property=\"og:locale\" content=\"es_ES\" \/>\n<meta property=\"og:type\" content=\"article\" \/>\n<meta property=\"og:title\" content=\"Sebasti\u00e0 Ordines: &quot;La gent espera amb delit la Festa del Vi Novell de Santa Maria del Cam\u00ed&quot; - Gastron\u00f2micament\" \/>\n<meta property=\"og:description\" content=\"Sebasti\u00e0 Ordines: &quot;La gent espera amb delit la Festa del Vi Novell de Santa Maria del Cam\u00ed&quot; Actualitat, Reportatges i novetats Cuina en directe, tasts de vins, visites a cellers i microteatre s\u00f3n alguns dels actes que conformen el programa d&#039;activitats organitzades fins dia 2 de desembre\" \/>\n<meta property=\"og:url\" content=\"https:\/\/gastronomicament.cat\/es\/sebastia-ordines-la-gent-espera-amb-delit-la-festa-del-vi-novell-de-santa-maria-del-cami\" \/>\n<meta property=\"og:site_name\" content=\"Gastron\u00f2micament\" \/>\n<meta property=\"article:published_time\" content=\"2024-11-21T08:45:17+00:00\" \/>\n<meta property=\"article:modified_time\" content=\"2024-11-21T08:52:55+00:00\" \/>\n<meta property=\"og:image\" content=\"https:\/\/gastronomicament.cat\/wp-content\/uploads\/2024\/11\/Festa-vi-Novell-Santa-Maria-del-Cami-2024.jpg\" \/>\n\t<meta property=\"og:image:width\" content=\"1190\" \/>\n\t<meta property=\"og:image:height\" content=\"608\" \/>\n\t<meta property=\"og:image:type\" content=\"image\/jpeg\" \/>\n<meta name=\"author\" content=\"Redacci\u00f3\" \/>\n<meta name=\"twitter:card\" content=\"summary_large_image\" \/>\n<meta name=\"twitter:creator\" content=\"@gastronomicamen\" \/>\n<meta name=\"twitter:site\" content=\"@gastronomicamen\" \/>\n<meta name=\"twitter:label1\" content=\"Escrito por\" \/>\n\t<meta name=\"twitter:data1\" content=\"Redacci\u00f3\" \/>\n\t<meta name=\"twitter:label2\" content=\"Tiempo de lectura\" \/>\n\t<meta name=\"twitter:data2\" content=\"4 minutos\" \/>\n\t<meta name=\"twitter:label3\" content=\"Written by\" \/>\n\t<meta name=\"twitter:data3\" content=\"Redacci\u00f3\" \/>\n<script type=\"application\/ld+json\" class=\"yoast-schema-graph\">{\"@context\":\"https:\\\/\\\/schema.org\",\"@graph\":[{\"@type\":\"Article\",\"@id\":\"https:\\\/\\\/gastronomicament.cat\\\/es\\\/sebastia-ordines-la-gent-espera-amb-delit-la-festa-del-vi-novell-de-santa-maria-del-cami#article\",\"isPartOf\":{\"@id\":\"https:\\\/\\\/gastronomicament.cat\\\/es\\\/sebastia-ordines-la-gent-espera-amb-delit-la-festa-del-vi-novell-de-santa-maria-del-cami\"},\"author\":{\"name\":\"Redacci\u00f3\",\"@id\":\"https:\\\/\\\/gastronomicament.cat\\\/es\\\/#\\\/schema\\\/person\\\/a7c85c537a1ed62799a5b8e0f686a37f\"},\"headline\":\"Sebasti\u00e0 Ordines: \u00abLa gent espera amb delit la Festa del Vi Novell de Santa Maria del Cam\u00ed\u00bb\",\"datePublished\":\"2024-11-21T08:45:17+00:00\",\"dateModified\":\"2024-11-21T08:52:55+00:00\",\"mainEntityOfPage\":{\"@id\":\"https:\\\/\\\/gastronomicament.cat\\\/es\\\/sebastia-ordines-la-gent-espera-amb-delit-la-festa-del-vi-novell-de-santa-maria-del-cami\"},\"wordCount\":653,\"commentCount\":0,\"publisher\":{\"@id\":\"https:\\\/\\\/gastronomicament.cat\\\/es\\\/#organization\"},\"image\":{\"@id\":\"https:\\\/\\\/gastronomicament.cat\\\/es\\\/sebastia-ordines-la-gent-espera-amb-delit-la-festa-del-vi-novell-de-santa-maria-del-cami#primaryimage\"},\"thumbnailUrl\":\"https:\\\/\\\/gastronomicament.cat\\\/wp-content\\\/uploads\\\/2024\\\/11\\\/Festa-vi-Novell-Santa-Maria-del-Cami-2024.jpg\",\"articleSection\":[\"Actualitat\",\"Reportatges i novetats\"],\"inLanguage\":\"es\",\"potentialAction\":[{\"@type\":\"CommentAction\",\"name\":\"Comment\",\"target\":[\"https:\\\/\\\/gastronomicament.cat\\\/es\\\/sebastia-ordines-la-gent-espera-amb-delit-la-festa-del-vi-novell-de-santa-maria-del-cami#respond\"]}]},{\"@type\":\"WebPage\",\"@id\":\"https:\\\/\\\/gastronomicament.cat\\\/es\\\/sebastia-ordines-la-gent-espera-amb-delit-la-festa-del-vi-novell-de-santa-maria-del-cami\",\"url\":\"https:\\\/\\\/gastronomicament.cat\\\/es\\\/sebastia-ordines-la-gent-espera-amb-delit-la-festa-del-vi-novell-de-santa-maria-del-cami\",\"name\":\"Sebasti\u00e0 Ordines: \\\"La gent espera amb delit la Festa del Vi Novell de Santa Maria del Cam\u00ed\\\" - Gastron\u00f2micament\",\"isPartOf\":{\"@id\":\"https:\\\/\\\/gastronomicament.cat\\\/es\\\/#website\"},\"primaryImageOfPage\":{\"@id\":\"https:\\\/\\\/gastronomicament.cat\\\/es\\\/sebastia-ordines-la-gent-espera-amb-delit-la-festa-del-vi-novell-de-santa-maria-del-cami#primaryimage\"},\"image\":{\"@id\":\"https:\\\/\\\/gastronomicament.cat\\\/es\\\/sebastia-ordines-la-gent-espera-amb-delit-la-festa-del-vi-novell-de-santa-maria-del-cami#primaryimage\"},\"thumbnailUrl\":\"https:\\\/\\\/gastronomicament.cat\\\/wp-content\\\/uploads\\\/2024\\\/11\\\/Festa-vi-Novell-Santa-Maria-del-Cami-2024.jpg\",\"datePublished\":\"2024-11-21T08:45:17+00:00\",\"dateModified\":\"2024-11-21T08:52:55+00:00\",\"description\":\"Sebasti\u00e0 Ordines: \\\"La gent espera amb delit la Festa del Vi Novell de Santa Maria del Cam\u00ed\\\" Actualitat, Reportatges i novetats Cuina en directe, tasts de vins, visites a cellers i microteatre s\u00f3n alguns dels actes que conformen el programa d'activitats organitzades fins dia 2 de desembre\",\"inLanguage\":\"es\",\"potentialAction\":[{\"@type\":\"ReadAction\",\"target\":[\"https:\\\/\\\/gastronomicament.cat\\\/es\\\/sebastia-ordines-la-gent-espera-amb-delit-la-festa-del-vi-novell-de-santa-maria-del-cami\"]}]},{\"@type\":\"ImageObject\",\"inLanguage\":\"es\",\"@id\":\"https:\\\/\\\/gastronomicament.cat\\\/es\\\/sebastia-ordines-la-gent-espera-amb-delit-la-festa-del-vi-novell-de-santa-maria-del-cami#primaryimage\",\"url\":\"https:\\\/\\\/gastronomicament.cat\\\/wp-content\\\/uploads\\\/2024\\\/11\\\/Festa-vi-Novell-Santa-Maria-del-Cami-2024.jpg\",\"contentUrl\":\"https:\\\/\\\/gastronomicament.cat\\\/wp-content\\\/uploads\\\/2024\\\/11\\\/Festa-vi-Novell-Santa-Maria-del-Cami-2024.jpg\",\"width\":1190,\"height\":608},{\"@type\":\"WebSite\",\"@id\":\"https:\\\/\\\/gastronomicament.cat\\\/es\\\/#website\",\"url\":\"https:\\\/\\\/gastronomicament.cat\\\/es\\\/\",\"name\":\"Gastron\u00f2micament\",\"description\":\"Portal de restaurants, receptes i actualitat gastron\u00f2mica\",\"publisher\":{\"@id\":\"https:\\\/\\\/gastronomicament.cat\\\/es\\\/#organization\"},\"potentialAction\":[{\"@type\":\"SearchAction\",\"target\":{\"@type\":\"EntryPoint\",\"urlTemplate\":\"https:\\\/\\\/gastronomicament.cat\\\/es\\\/?s={search_term_string}\"},\"query-input\":{\"@type\":\"PropertyValueSpecification\",\"valueRequired\":true,\"valueName\":\"search_term_string\"}}],\"inLanguage\":\"es\"},{\"@type\":\"Organization\",\"@id\":\"https:\\\/\\\/gastronomicament.cat\\\/es\\\/#organization\",\"name\":\"Gastron\u00f2micament\",\"url\":\"https:\\\/\\\/gastronomicament.cat\\\/es\\\/\",\"logo\":{\"@type\":\"ImageObject\",\"inLanguage\":\"es\",\"@id\":\"https:\\\/\\\/gastronomicament.cat\\\/es\\\/#\\\/schema\\\/logo\\\/image\\\/\",\"url\":\"https:\\\/\\\/gastronomicament.cat\\\/wp-content\\\/uploads\\\/2016\\\/09\\\/header-logo.jpg\",\"contentUrl\":\"https:\\\/\\\/gastronomicament.cat\\\/wp-content\\\/uploads\\\/2016\\\/09\\\/header-logo.jpg\",\"width\":277,\"height\":39,\"caption\":\"Gastron\u00f2micament\"},\"image\":{\"@id\":\"https:\\\/\\\/gastronomicament.cat\\\/es\\\/#\\\/schema\\\/logo\\\/image\\\/\"},\"sameAs\":[\"https:\\\/\\\/x.com\\\/gastronomicamen\"]},{\"@type\":\"Person\",\"@id\":\"https:\\\/\\\/gastronomicament.cat\\\/es\\\/#\\\/schema\\\/person\\\/a7c85c537a1ed62799a5b8e0f686a37f\",\"name\":\"Redacci\u00f3\",\"image\":{\"@type\":\"ImageObject\",\"inLanguage\":\"es\",\"@id\":\"https:\\\/\\\/secure.gravatar.com\\\/avatar\\\/9489a485c464fd611d33825daae651d13db70c4e74c65c94937a15a9d4c3ee14?s=96&d=mm&r=g69fea3cce3645dfa2166e7293e22955e\",\"url\":\"https:\\\/\\\/secure.gravatar.com\\\/avatar\\\/9489a485c464fd611d33825daae651d13db70c4e74c65c94937a15a9d4c3ee14?s=96&d=mm&r=g\",\"contentUrl\":\"https:\\\/\\\/secure.gravatar.com\\\/avatar\\\/9489a485c464fd611d33825daae651d13db70c4e74c65c94937a15a9d4c3ee14?s=96&d=mm&r=g\",\"caption\":\"Redacci\u00f3\"},\"sameAs\":[\"http:\\\/\\\/gastronomicament.cat\"],\"url\":\"https:\\\/\\\/gastronomicament.cat\\\/es\\\/author\\\/admin\"}]}<\/script>\n<!-- \/ Yoast SEO plugin. -->","yoast_head_json":{"title":"Sebasti\u00e0 Ordines: \"La gent espera amb delit la Festa del Vi Novell de Santa Maria del Cam\u00ed\" - Gastron\u00f2micament","description":"Sebasti\u00e0 Ordines: \"La gent espera amb delit la Festa del Vi Novell de Santa Maria del Cam\u00ed\" Actualitat, Reportatges i novetats Cuina en directe, tasts de vins, visites a cellers i microteatre s\u00f3n alguns dels actes que conformen el programa d'activitats organitzades fins dia 2 de desembre","robots":{"index":"index","follow":"follow","max-snippet":"max-snippet:-1","max-image-preview":"max-image-preview:large","max-video-preview":"max-video-preview:-1"},"canonical":"https:\/\/gastronomicament.cat\/es\/sebastia-ordines-la-gent-espera-amb-delit-la-festa-del-vi-novell-de-santa-maria-del-cami","og_locale":"es_ES","og_type":"article","og_title":"Sebasti\u00e0 Ordines: \"La gent espera amb delit la Festa del Vi Novell de Santa Maria del Cam\u00ed\" - Gastron\u00f2micament","og_description":"Sebasti\u00e0 Ordines: \"La gent espera amb delit la Festa del Vi Novell de Santa Maria del Cam\u00ed\" Actualitat, Reportatges i novetats Cuina en directe, tasts de vins, visites a cellers i microteatre s\u00f3n alguns dels actes que conformen el programa d'activitats organitzades fins dia 2 de desembre","og_url":"https:\/\/gastronomicament.cat\/es\/sebastia-ordines-la-gent-espera-amb-delit-la-festa-del-vi-novell-de-santa-maria-del-cami","og_site_name":"Gastron\u00f2micament","article_published_time":"2024-11-21T08:45:17+00:00","article_modified_time":"2024-11-21T08:52:55+00:00","og_image":[{"width":1190,"height":608,"url":"https:\/\/gastronomicament.cat\/wp-content\/uploads\/2024\/11\/Festa-vi-Novell-Santa-Maria-del-Cami-2024.jpg","type":"image\/jpeg"}],"author":"Redacci\u00f3","twitter_card":"summary_large_image","twitter_creator":"@gastronomicamen","twitter_site":"@gastronomicamen","twitter_misc":{"Escrito por":"Redacci\u00f3","Tiempo de lectura":"4 minutos","Written by":"Redacci\u00f3"},"schema":{"@context":"https:\/\/schema.org","@graph":[{"@type":"Article","@id":"https:\/\/gastronomicament.cat\/es\/sebastia-ordines-la-gent-espera-amb-delit-la-festa-del-vi-novell-de-santa-maria-del-cami#article","isPartOf":{"@id":"https:\/\/gastronomicament.cat\/es\/sebastia-ordines-la-gent-espera-amb-delit-la-festa-del-vi-novell-de-santa-maria-del-cami"},"author":{"name":"Redacci\u00f3","@id":"https:\/\/gastronomicament.cat\/es\/#\/schema\/person\/a7c85c537a1ed62799a5b8e0f686a37f"},"headline":"Sebasti\u00e0 Ordines: \u00abLa gent espera amb delit la Festa del Vi Novell de Santa Maria del Cam\u00ed\u00bb","datePublished":"2024-11-21T08:45:17+00:00","dateModified":"2024-11-21T08:52:55+00:00","mainEntityOfPage":{"@id":"https:\/\/gastronomicament.cat\/es\/sebastia-ordines-la-gent-espera-amb-delit-la-festa-del-vi-novell-de-santa-maria-del-cami"},"wordCount":653,"commentCount":0,"publisher":{"@id":"https:\/\/gastronomicament.cat\/es\/#organization"},"image":{"@id":"https:\/\/gastronomicament.cat\/es\/sebastia-ordines-la-gent-espera-amb-delit-la-festa-del-vi-novell-de-santa-maria-del-cami#primaryimage"},"thumbnailUrl":"https:\/\/gastronomicament.cat\/wp-content\/uploads\/2024\/11\/Festa-vi-Novell-Santa-Maria-del-Cami-2024.jpg","articleSection":["Actualitat","Reportatges i novetats"],"inLanguage":"es","potentialAction":[{"@type":"CommentAction","name":"Comment","target":["https:\/\/gastronomicament.cat\/es\/sebastia-ordines-la-gent-espera-amb-delit-la-festa-del-vi-novell-de-santa-maria-del-cami#respond"]}]},{"@type":"WebPage","@id":"https:\/\/gastronomicament.cat\/es\/sebastia-ordines-la-gent-espera-amb-delit-la-festa-del-vi-novell-de-santa-maria-del-cami","url":"https:\/\/gastronomicament.cat\/es\/sebastia-ordines-la-gent-espera-amb-delit-la-festa-del-vi-novell-de-santa-maria-del-cami","name":"Sebasti\u00e0 Ordines: \"La gent espera amb delit la Festa del Vi Novell de Santa Maria del Cam\u00ed\" - Gastron\u00f2micament","isPartOf":{"@id":"https:\/\/gastronomicament.cat\/es\/#website"},"primaryImageOfPage":{"@id":"https:\/\/gastronomicament.cat\/es\/sebastia-ordines-la-gent-espera-amb-delit-la-festa-del-vi-novell-de-santa-maria-del-cami#primaryimage"},"image":{"@id":"https:\/\/gastronomicament.cat\/es\/sebastia-ordines-la-gent-espera-amb-delit-la-festa-del-vi-novell-de-santa-maria-del-cami#primaryimage"},"thumbnailUrl":"https:\/\/gastronomicament.cat\/wp-content\/uploads\/2024\/11\/Festa-vi-Novell-Santa-Maria-del-Cami-2024.jpg","datePublished":"2024-11-21T08:45:17+00:00","dateModified":"2024-11-21T08:52:55+00:00","description":"Sebasti\u00e0 Ordines: \"La gent espera amb delit la Festa del Vi Novell de Santa Maria del Cam\u00ed\" Actualitat, Reportatges i novetats Cuina en directe, tasts de vins, visites a cellers i microteatre s\u00f3n alguns dels actes que conformen el programa d'activitats organitzades fins dia 2 de desembre","inLanguage":"es","potentialAction":[{"@type":"ReadAction","target":["https:\/\/gastronomicament.cat\/es\/sebastia-ordines-la-gent-espera-amb-delit-la-festa-del-vi-novell-de-santa-maria-del-cami"]}]},{"@type":"ImageObject","inLanguage":"es","@id":"https:\/\/gastronomicament.cat\/es\/sebastia-ordines-la-gent-espera-amb-delit-la-festa-del-vi-novell-de-santa-maria-del-cami#primaryimage","url":"https:\/\/gastronomicament.cat\/wp-content\/uploads\/2024\/11\/Festa-vi-Novell-Santa-Maria-del-Cami-2024.jpg","contentUrl":"https:\/\/gastronomicament.cat\/wp-content\/uploads\/2024\/11\/Festa-vi-Novell-Santa-Maria-del-Cami-2024.jpg","width":1190,"height":608},{"@type":"WebSite","@id":"https:\/\/gastronomicament.cat\/es\/#website","url":"https:\/\/gastronomicament.cat\/es\/","name":"Gastron\u00f2micament","description":"Portal de restaurants, receptes i actualitat gastron\u00f2mica","publisher":{"@id":"https:\/\/gastronomicament.cat\/es\/#organization"},"potentialAction":[{"@type":"SearchAction","target":{"@type":"EntryPoint","urlTemplate":"https:\/\/gastronomicament.cat\/es\/?s={search_term_string}"},"query-input":{"@type":"PropertyValueSpecification","valueRequired":true,"valueName":"search_term_string"}}],"inLanguage":"es"},{"@type":"Organization","@id":"https:\/\/gastronomicament.cat\/es\/#organization","name":"Gastron\u00f2micament","url":"https:\/\/gastronomicament.cat\/es\/","logo":{"@type":"ImageObject","inLanguage":"es","@id":"https:\/\/gastronomicament.cat\/es\/#\/schema\/logo\/image\/","url":"https:\/\/gastronomicament.cat\/wp-content\/uploads\/2016\/09\/header-logo.jpg","contentUrl":"https:\/\/gastronomicament.cat\/wp-content\/uploads\/2016\/09\/header-logo.jpg","width":277,"height":39,"caption":"Gastron\u00f2micament"},"image":{"@id":"https:\/\/gastronomicament.cat\/es\/#\/schema\/logo\/image\/"},"sameAs":["https:\/\/x.com\/gastronomicamen"]},{"@type":"Person","@id":"https:\/\/gastronomicament.cat\/es\/#\/schema\/person\/a7c85c537a1ed62799a5b8e0f686a37f","name":"Redacci\u00f3","image":{"@type":"ImageObject","inLanguage":"es","@id":"https:\/\/secure.gravatar.com\/avatar\/9489a485c464fd611d33825daae651d13db70c4e74c65c94937a15a9d4c3ee14?s=96&d=mm&r=g69fea3cce3645dfa2166e7293e22955e","url":"https:\/\/secure.gravatar.com\/avatar\/9489a485c464fd611d33825daae651d13db70c4e74c65c94937a15a9d4c3ee14?s=96&d=mm&r=g","contentUrl":"https:\/\/secure.gravatar.com\/avatar\/9489a485c464fd611d33825daae651d13db70c4e74c65c94937a15a9d4c3ee14?s=96&d=mm&r=g","caption":"Redacci\u00f3"},"sameAs":["http:\/\/gastronomicament.cat"],"url":"https:\/\/gastronomicament.cat\/es\/author\/admin"}]}},"_links":{"self":[{"href":"https:\/\/gastronomicament.cat\/es\/wp-json\/wp\/v2\/posts\/92449","targetHints":{"allow":["GET"]}}],"collection":[{"href":"https:\/\/gastronomicament.cat\/es\/wp-json\/wp\/v2\/posts"}],"about":[{"href":"https:\/\/gastronomicament.cat\/es\/wp-json\/wp\/v2\/types\/post"}],"author":[{"embeddable":true,"href":"https:\/\/gastronomicament.cat\/es\/wp-json\/wp\/v2\/users\/1"}],"replies":[{"embeddable":true,"href":"https:\/\/gastronomicament.cat\/es\/wp-json\/wp\/v2\/comments?post=92449"}],"version-history":[{"count":0,"href":"https:\/\/gastronomicament.cat\/es\/wp-json\/wp\/v2\/posts\/92449\/revisions"}],"wp:featuredmedia":[{"embeddable":true,"href":"https:\/\/gastronomicament.cat\/es\/wp-json\/wp\/v2\/media\/92445"}],"wp:attachment":[{"href":"https:\/\/gastronomicament.cat\/es\/wp-json\/wp\/v2\/media?parent=92449"}],"wp:term":[{"taxonomy":"category","embeddable":true,"href":"https:\/\/gastronomicament.cat\/es\/wp-json\/wp\/v2\/categories?post=92449"},{"taxonomy":"post_tag","embeddable":true,"href":"https:\/\/gastronomicament.cat\/es\/wp-json\/wp\/v2\/tags?post=92449"},{"taxonomy":"author","embeddable":true,"href":"https:\/\/gastronomicament.cat\/es\/wp-json\/wp\/v2\/coauthors?post=92449"}],"curies":[{"name":"wp","href":"https:\/\/api.w.org\/{rel}","templated":true}]}}